{"id":2743,"date":"2010-04-29T00:02:12","date_gmt":"2010-04-29T04:02:12","guid":{"rendered":"http:\/\/www.lecarrefourdesopinions.ca\/?p=2743"},"modified":"2010-09-08T15:01:08","modified_gmt":"2010-09-08T19:01:08","slug":"donner-l%e2%80%99exemple-2","status":"publish","type":"post","link":"http:\/\/www.lecarrefourdesopinions.ca\/?p=2743","title":{"rendered":"Donner l\u2019exemple"},"content":{"rendered":"<p><strong>Donner l\u2019exemple<\/strong><\/p>\n<p><em><a href=\"http:\/\/www.lecarrefourdesopinions.ca\/wp-content\/uploads\/2010\/04\/photo-Catherine-K1.jpg\"><img loading=\"lazy\" decoding=\"async\" class=\"alignleft size-thumbnail wp-image-2744\" title=\"photo Catherine K\" src=\"http:\/\/www.lecarrefourdesopinions.ca\/wp-content\/uploads\/2010\/04\/photo-Catherine-K1-131x107.jpg\" alt=\"\" width=\"131\" height=\"107\" \/><\/a> <span style=\"color: #800000;\">Par Catherine Kozminski<\/span> <\/em><\/p>\n<p style=\"text-align: justify;\">Il y a quelques jours, je roulais sur l\u2019autoroute 132 Ouest en direction du c\u00e9gep o\u00f9 j\u2019enseigne depuis plus de trois ans. Il \u00e9tait tr\u00e8s pr\u00e9cis\u00e9ment 9h11 et mon cours allait commencer \u00e0 9h30. Il faut que je l\u2019avoue, j\u2019allais \u00eatre en retard. Ayant l\u2019habitude de courir du matin jusqu\u2019au soir, que ce soit en pr\u00e9parant le petit-d\u00e9jeuner des enfants, mes cours de la journ\u00e9e, le repas du soir, en pliant du linge entre deux copies d\u2019examen, je per\u00e7ois souvent ma vie comme une piste de course o\u00f9 la ligne d\u2019arriv\u00e9e correspond \u00e0 l\u2019heure du coucher. J\u2019ai en aversion la plus totale les gens qui sont en retard, qui se plaignent pour un rien, qui sont d\u00e9sorganis\u00e9s ou qui oublient dans l\u2019instant ce que l\u2019on vient de leur confier. \u00c9tant d\u2019une grande rigidit\u00e9, je m\u2019impose une rigueur \u00e0 l\u2019ouvrage que seule l\u2019arriv\u00e9e des enfants en fin de journ\u00e9e est en mesure de freiner durant quelques heures. Bref, quand je me regarde droit dans les yeux le matin, avant de partir, tout est pr\u00eat, \u00e0 l\u2019ordre, planifi\u00e9. Je dois donner l\u2019exemple \u00e0 mes \u00e9tudiants, \u00e0 mes enfants et je me donne rarement le droit \u00e0 l\u2019erreur, sinon que vont-ils penser, qu\u2019adviendra-t-il de leurs rep\u00e8res professionnels ou parentaux ? Du moins, voil\u00e0 le fruit de mes pens\u00e9es des derni\u00e8res ann\u00e9es jusqu\u2019\u00e0 ce que je sois mise \u00e0 rude \u00e9preuve dans mon c\u0153ur de maman et d\u2019\u00eatre humain, impuissante face \u00e0 l\u2019adversit\u00e9, face \u00e0 la maladie de ma fille. Mes rep\u00e8res ne seront plus jamais les m\u00eames. Maintenant, les deux mains sur le volant, je me demande en quoi consiste r\u00e9ellement le fait de donner l\u2019exemple autour de soi. Qu\u2019est-ce qu\u2019un mod\u00e8le ? Qu\u2019est-ce r\u00e9ellement que l\u2019inspiration ?<\/p>\n<p style=\"text-align: justify;\">\n<p style=\"text-align: justify;\">En voyant les voitures ralentir face aux panneaux indiquant une diminution de la limite de vitesse, j\u2019ai brutalement pris conscience que ma perception du r\u00f4le social que je m\u2019imposais \u00e9tait biais\u00e9e par des st\u00e9r\u00e9otypes de r\u00f4le auxquels je tentais par tous les moyens possibles de m\u2019identifier, ceux de la femme parfaite qui allie sans probl\u00e8me le travail \u00e0 sa famille ou vice versa. Le probl\u00e8me, c\u2019est qu\u2019en voulant donner l\u2019exemple aux autres, j\u2019ai projet\u00e9 l\u2019image de celle qui s\u2019oublie, que rien n\u2019arr\u00eate, que rien n\u2019\u00e9tonne, comme si tout \u00e9tait pr\u00e9vu d\u2019avance. H\u00e9 bien non, justement ! Je me suis alors rem\u00e9mor\u00e9 l\u2019ouvrage que je redoutais tant de poss\u00e9der, <em>\u00c9loge de la lenteur <\/em>de Carl Honor\u00e9. Horreur ! Je n\u2019ai que 32 ans et j\u2019ai d\u00e9j\u00e0 besoin de ralentir ? Oui, c\u2019est bien cela, ralentir. Apprendre \u00e0 ne rien faire. Rire des impr\u00e9vus, des al\u00e9as de nos existences d\u2019angoiss\u00e9s, comprendre qu\u2019il n\u2019y a pas toujours de r\u00e9ponse \u00e0 nos questions. Dans quel monde sommes-nous, dites-moi, \u00e0 la recherche, aveugles, de notre nombril que l\u2019on appelle commun\u00e9ment \u00ab\u00a0le bonheur\u00a0\u00bb ? Non, je ne suis pas dans ma crise de la trentaine. Je ne souffre pas non plus d\u2019\u00e9puisement professionnel. En roulant sur la 132, ce matin-l\u00e0, j\u2019ai compris que lorsque l\u2019on veut donner l\u2019exemple, il faut faire tout ce que l\u2019on peut pour ne pas \u00eatre parfait, mais surtout accepter cette r\u00e9alit\u00e9. Comme le dit si bien Yacine Bellik, \u00ab\u00a0le <a href=\"http:\/\/www.evene.fr\/citations\/mot.php?mot=bonheur\">bonheur<\/a> n&rsquo;est pas dans la <a href=\"http:\/\/www.evene.fr\/citations\/mot.php?mot=recherche\">recherche<\/a> de la <a href=\"http:\/\/www.evene.fr\/citations\/mot.php?mot=perfection\">perfection<\/a>, mais dans la <a href=\"http:\/\/www.evene.fr\/citations\/mot.php?mot=tolerance\">tol\u00e9rance<\/a> de l&rsquo;<a href=\"http:\/\/www.evene.fr\/citations\/mot.php?mot=imperfection\">imperfection<\/a> \u00bb. Sur ces pens\u00e9es, je suis arriv\u00e9e \u00e0 mon cours pour la premi\u00e8re fois de ma carri\u00e8re avec trois minutes de retard. Bah ! Une fois n\u2019est pas coutume.<\/p>\n<p style=\"text-align: justify;\"><a href=\"http:\/\/www.lecarrefourdesopinions.ca\/wp-content\/uploads\/2010\/04\/pub-livre-Catherine3.jpg\"><img loading=\"lazy\" decoding=\"async\" class=\"alignleft size-full wp-image-2747\" title=\"pub livre Catherine\" src=\"http:\/\/www.lecarrefourdesopinions.ca\/wp-content\/uploads\/2010\/04\/pub-livre-Catherine3.jpg\" alt=\"\" width=\"602\" height=\"599\" srcset=\"http:\/\/www.lecarrefourdesopinions.ca\/wp-content\/uploads\/2010\/04\/pub-livre-Catherine3.jpg 602w, http:\/\/www.lecarrefourdesopinions.ca\/wp-content\/uploads\/2010\/04\/pub-livre-Catherine3-300x298.jpg 300w, http:\/\/www.lecarrefourdesopinions.ca\/wp-content\/uploads\/2010\/04\/pub-livre-Catherine3-400x398.jpg 400w\" sizes=\"auto, (max-width: 602px) 100vw, 602px\" \/><\/a><\/p>\n<script type=\"text\/javascript\">\n\nvar addthis_config = {\"data_track_clickback\":false,\"data_track_addressbar\":false,\"data_track_textcopy\":false};\n<\/script><script type=\"text\/javascript\" src=\"\/\/s7.addthis.com\/js\/250\/addthis_widget.js#pubid=a457a6d63fb9e6ccabdde4110343bd85\"><\/script>","protected":false},"excerpt":{"rendered":"<p>Donner l\u2019exemple<\/p>\n<p> <span style=\"color: #800000;\">Par Catherine Kozminski<\/span> <\/p>\n<p style=\"text-align: justify;\">Il y a quelques jours, je roulais sur l\u2019autoroute 132 Ouest en direction du c\u00e9gep o\u00f9 j\u2019enseigne depuis plus de trois ans. Il \u00e9tait tr\u00e8s pr\u00e9cis\u00e9ment 9h11 et mon cours allait commencer &hellip;<\/p>\n","protected":false},"author":1,"featured_media":0,"comment_status":"open","ping_status":"open","sticky":false,"template":"","format":"standard","meta":{"footnotes":""},"categories":[8],"tags":[],"class_list":["post-2743","post","type-post","status-publish","format-standard","hentry","category-reserve"],"_links":{"self":[{"href":"http:\/\/www.lecarrefourdesopinions.ca\/index.php?rest_route=\/wp\/v2\/posts\/2743","targetHints":{"allow":["GET"]}}],"collection":[{"href":"http:\/\/www.lecarrefourdesopinions.ca\/index.php?rest_route=\/wp\/v2\/posts"}],"about":[{"href":"http:\/\/www.lecarrefourdesopinions.ca\/index.php?rest_route=\/wp\/v2\/types\/post"}],"author":[{"embeddable":true,"href":"http:\/\/www.lecarrefourdesopinions.ca\/index.php?rest_route=\/wp\/v2\/users\/1"}],"replies":[{"embeddable":true,"href":"http:\/\/www.lecarrefourdesopinions.ca\/index.php?rest_route=%2Fwp%2Fv2%2Fcomments&post=2743"}],"version-history":[{"count":5,"href":"http:\/\/www.lecarrefourdesopinions.ca\/index.php?rest_route=\/wp\/v2\/posts\/2743\/revisions"}],"predecessor-version":[{"id":3510,"href":"http:\/\/www.lecarrefourdesopinions.ca\/index.php?rest_route=\/wp\/v2\/posts\/2743\/revisions\/3510"}],"wp:attachment":[{"href":"http:\/\/www.lecarrefourdesopinions.ca\/index.php?rest_route=%2Fwp%2Fv2%2Fmedia&parent=2743"}],"wp:term":[{"taxonomy":"category","embeddable":true,"href":"http:\/\/www.lecarrefourdesopinions.ca\/index.php?rest_route=%2Fwp%2Fv2%2Fcategories&post=2743"},{"taxonomy":"post_tag","embeddable":true,"href":"http:\/\/www.lecarrefourdesopinions.ca\/index.php?rest_route=%2Fwp%2Fv2%2Ftags&post=2743"}],"curies":[{"name":"wp","href":"https:\/\/api.w.org\/{rel}","templated":true}]}}