{"id":2731,"date":"2010-04-29T00:05:42","date_gmt":"2010-04-29T04:05:42","guid":{"rendered":"http:\/\/www.lecarrefourdesopinions.ca\/?p=2731"},"modified":"2010-09-08T15:31:48","modified_gmt":"2010-09-08T19:31:48","slug":"troisieme-proposition-optimale","status":"publish","type":"post","link":"http:\/\/www.lecarrefourdesopinions.ca\/?p=2731","title":{"rendered":"Troisi\u00e8me proposition optimale"},"content":{"rendered":"<p><strong>Troisi\u00e8me proposition optimale\u00a0: Suppression des Commissions scolaires<\/strong><\/p>\n<p>&nbsp;<\/p>\n<p><em><a href=\"http:\/\/www.lecarrefourdesopinions.ca\/wp-content\/uploads\/2010\/04\/photo-Michel-Frankland-21.jpg\"><img loading=\"lazy\" decoding=\"async\" class=\"alignleft size-thumbnail wp-image-2732\" title=\"photo Michel Frankland 2\" src=\"http:\/\/www.lecarrefourdesopinions.ca\/wp-content\/uploads\/2010\/04\/photo-Michel-Frankland-21-134x107.jpg\" alt=\"\" width=\"134\" height=\"107\" \/><\/a> <span style=\"color: #800000;\">Par Michel Frankland <\/span><\/em><\/p>\n<p><em> <\/em><\/p>\n<p><span style=\"color: #ff0000;\">Les commissions scolaires ne sont non seulement pas utiles ; <strong>elles nuisent<\/strong><\/span>.<\/p>\n<p>&nbsp;<\/p>\n<p style=\"text-align: justify;\">En 1947 est cr\u00e9\u00e9e la F\u00e9d\u00e9ration des Commissions scolaires. L\u2019\u00e9poque se trouve \u00e0 l\u2019autre bout de la cha\u00eene dans l\u2019axe de la dimension des administrations publiques. Aujourd\u2019hui, tout le monde et son p\u00e8re en a ras-le-bol du caract\u00e8re \u00e9norme de l\u2019administration publique. On a m\u00eame vu, fin avril, Jean Charest et son \u00e9quipe minist\u00e9rielle travailler le dimanche afin de r\u00e9duire les frais de l\u2019\u00e9tat.\u00a0 L\u2019op\u00e9ration n\u2019est pas que m\u00e9diatique\u00a0 ; l\u2019\u00e9quipe lib\u00e9ral aboutit \u00e0 des r\u00e9sultats. Mais on est en droit de leur demander pourquoi ils n\u2019ont pas proc\u00e9d\u00e9 avant \u00e0 une situation tellement urgente qu\u2019elle appelle tout \u00e0 coup le labeur dominical\u2026<\/p>\n<p style=\"text-align: justify;\">\n<p style=\"text-align: justify;\">En 1947, c\u2019\u00e9tait l\u2019exc\u00e8s minceur. Le minist\u00e8re de l\u2019Instruction publique s\u2019av\u00e8re bien maigre. Un embryon administratif. Il ne satisfait pas \u00e0 la gestion de la chose scolaire. Il fallait une extension sp\u00e9cifique \u00e0 l\u2019\u00e9ducation.<\/p>\n<p style=\"text-align: justify;\">\n<p style=\"text-align: justify;\">Mais aujourd\u2019hui, deux aspects de la Cit\u00e9 moderne rendent caduques les Commissions scolaires. D\u2019une part, l\u2019exc\u00e8s administratif rappel\u00e9 plus haut. Je ne justifie en rien l\u2019exc\u00e8s. Je rappelle simplement que le minist\u00e8re de l\u2019\u00e9ducation dispose amplement des ressources administratives qui manquaient au minist\u00e8re de l\u2019Instruction publique. En d\u2019autres mots, l\u2019immense majorit\u00e9 des citoyens d\u2019aujourd\u2019hui jugeraient ridicule la cr\u00e9ation de Commissions scolaires. Deuxi\u00e8me aspect de notre \u00e9poque\u00a0: la surabondance des moyens de communications. Le PDG d\u2019une \u00e9cole peut instantan\u00e9ment rejoindre l\u2019administrateur auquel il veut parler. Il a acc\u00e8s rapidement \u00e0 toute l\u2019information dont il a besoin. Qu\u2019il s\u2019agisse de statistiques sur la r\u00e9ussite des \u00e9tablissements, le ratio ma\u00eetre \u00e9l\u00e8ves, les causes d\u2019\u00e9checs, les dates de r\u00e9union des PDG, etc.<\/p>\n<p style=\"text-align: justify;\">\n<p style=\"text-align: justify;\">Je n\u2019ai pas fait d\u2019enqu\u00eate syst\u00e9matique. J\u2019ai simplement communiqu\u00e9 avec quelques administrateurs d\u2019\u00e9cole et quelques profs. Leur jugement est unanime\u00a0: il exprime un rejet profond des Commissions scolaires. Je leur ai demand\u00e9 \u00e0 chacun s\u2019ils croyaient repr\u00e9senter l\u2019opinion de leurs coll\u00e8gues. J\u2019ai re\u00e7u un oui spontan\u00e9.<\/p>\n<p style=\"text-align: justify;\">\n<p style=\"text-align: justify;\">Je me suis donc enquis aupr\u00e8s des Commissions scolaires. Caroline Lemieux exerce la fonction de relation avec la presse. Les CS op\u00e8rent un budget de 9 milliards. La grosse part va au paiement des professeurs. Oui, mais le budget d\u2019op\u00e9ration de la CS comme entit\u00e9 distincte ? Elle me r\u00e9pond que les chiffres sont ici et l\u00e0. Il n\u2019y a pas de dossier sur ce montant. Je tombe en bas de ma chaise. \u00abComment ?! Pas de bilan pr\u00e9cis des Commissions scolaires ? C\u2019est hallucinant, madame !\u00bb Elle finit par me dire que le budget se situe \u00e0 environ 5 % du 9 milliards. Soit\u00a0 environ 450 millions. \u00abEnviron\u00bb. Comment se fait-il que ce budget ne soit pas publi\u00e9 clairement. Et qu\u2019il soit d\u2019\u00abenviron\u00bb ce montant\u00a0?\u00a0! Vous trouvez la r\u00e9ponse inad\u00e9quate\u00a0? Louche\u00a0? Bien s\u00fbr. Pourquoi cette attitude de cache-cache\u00a0? Comme payeurs de taxe, nous exigeons plus de transparence et de pr\u00e9cisions.<\/p>\n<p style=\"text-align: justify;\">\n<p style=\"text-align: justify;\">Revenons \u00e0 la pertinence des commissions scolaires. La r\u00e9ponse des quelques PDG d\u2019\u00e9cole que j\u2019ai consult\u00e9s touche \u00e0 leur propre mandat. Ils ont \u00e9t\u00e9 nomm\u00e9s \u00e0 cette fonction parce qu\u2019on juge qu\u2019ils ont le talent pour administrer. Ils n\u2019ont pas besoin des CS.\u00a0 Une comparaison ma frapp\u00e9 chez l\u2019un deux\u00a0: \u00ables Commissions scolaires sont comme un corset qui nous emp\u00eache de fonctionner comme du monde.\u00bb Et cette enseignante qui s\u2019est \u00e9cri\u00e9e\u00a0: \u00abLes Commissions scolaires, c\u2019est un z\u00e9ro\u00a0!\u00bb<\/p>\n<p style=\"text-align: justify;\">\n<p style=\"text-align: justify;\">Vous voulez une preuve additionnelle du caract\u00e8re obsol\u00e8te des CS\u00a0? Qui, de l\u2019\u00e9cole publique ou de l\u2019\u00e9cole priv\u00e9e, obtient les meilleurs r\u00e9sultats\u00a0? Poser la question, c\u2019est y r\u00e9pondre. On, les \u00e9coles priv\u00e9es n\u2019ont pas de Commissions scolaires. Les c\u00e9geps non plus, d\u2019ailleurs. Ni les universit\u00e9s. Si les Commissions scolaires jouaient un r\u00f4le pertinent, on les aurait \u00e9tendues aux autres niveaux. En tout cas au c\u00e9geps publics\u00a0!<\/p>\n<p style=\"text-align: justify;\">\n<p style=\"text-align: justify;\">Les Commissions scolaires constituent un anachronisme. Elles avaient un sens en 1947\u00a0; elles constituent aujourd\u2019hui un obstacle \u00e0 une saine gestion par les PDG d\u2019\u00e9cole. En plus de co\u00fbter un demi milliard par ann\u00e9e au contribuable.<\/p>\n<p style=\"text-align: justify;\">\n<p style=\"text-align: justify;\">\n<p style=\"text-align: justify;\">D\u2019o\u00f9 la troisi\u00e8me proposition optimale\u00a0:<\/p>\n<p style=\"text-align: justify;\"><strong>IL CONVIENT DE SE D\u00c9BARRASSER AU PLUS VITE DES COMMISSIONS SCOLAIRES.<\/strong><\/p>\n<p style=\"text-align: justify;\">\n<p style=\"text-align: justify;\">\n<p style=\"text-align: justify;\"><strong><br \/><\/strong><\/p>\n<p style=\"text-align: justify;\">\n<p style=\"text-align: justify;\">\n<p style=\"text-align: justify;\"><strong><br \/><\/strong><\/p>\n<p style=\"text-align: justify;\">\n<p style=\"text-align: justify;\">\n<p><strong>Michel Frankland<\/strong><br \/> site de bridge jug\u00e9 incontournable par les experts<br \/> <a href=\"http:\/\/pages.videotron.ca\/lepeuple\/\"><strong>http:\/\/pages.videotron.ca\/lepeuple\/<\/strong><\/a><\/p>\n<p>_____________________________________________________________________<\/p>\n<p><strong>Christine Schwab<\/strong><br \/> psychologue comp\u00e9tente et extr\u00eamement honn\u00eate avec ses clients<br \/> (pas de prolongation inutile de traitement)<br \/> <a href=\"http:\/\/www.cschwab.net\/\"><strong>www.cschwab.net<\/strong><\/a><\/p>\n<p>_______________________________________________________________<\/p>\n<p><strong>Henri Cohen<\/strong><br \/> Un expert en pollution domestique et industrielle,<br \/> <a href=\"http:\/\/www.coblair.com\/\"><strong>www.coblair.com<\/strong><\/a><\/p>\n<p>&nbsp;<\/p>\n<p style=\"text-align: justify;\"><strong> <\/strong><\/p>\n<p style=\"text-align: justify;\">\n<p>&nbsp;<\/p>\n<script type=\"text\/javascript\">\n\nvar addthis_config = {\"data_track_clickback\":false,\"data_track_addressbar\":false,\"data_track_textcopy\":false};\n<\/script><script type=\"text\/javascript\" src=\"\/\/s7.addthis.com\/js\/250\/addthis_widget.js#pubid=a457a6d63fb9e6ccabdde4110343bd85\"><\/script>","protected":false},"excerpt":{"rendered":"<p>Troisi\u00e8me proposition optimale\u00a0: Suppression des Commissions scolaires<\/p>\n<p>&nbsp;<\/p>\n<p> <span style=\"color: #800000;\">Par Michel Frankland <\/span><\/p>\n<\/p>\n<p><span style=\"color: #ff0000;\">Les commissions scolaires ne sont non seulement pas utiles ; elles nuisent<\/span>.<\/p>\n<p>&nbsp;<\/p>\n<p style=\"text-align: justify;\">En 1947 est cr\u00e9\u00e9e la F\u00e9d\u00e9ration des Commissions scolaires. L\u2019\u00e9poque se &hellip;<\/p>\n","protected":false},"author":1,"featured_media":0,"comment_status":"open","ping_status":"open","sticky":false,"template":"","format":"standard","meta":{"footnotes":""},"categories":[8],"tags":[],"class_list":["post-2731","post","type-post","status-publish","format-standard","hentry","category-reserve"],"_links":{"self":[{"href":"http:\/\/www.lecarrefourdesopinions.ca\/index.php?rest_route=\/wp\/v2\/posts\/2731","targetHints":{"allow":["GET"]}}],"collection":[{"href":"http:\/\/www.lecarrefourdesopinions.ca\/index.php?rest_route=\/wp\/v2\/posts"}],"about":[{"href":"http:\/\/www.lecarrefourdesopinions.ca\/index.php?rest_route=\/wp\/v2\/types\/post"}],"author":[{"embeddable":true,"href":"http:\/\/www.lecarrefourdesopinions.ca\/index.php?rest_route=\/wp\/v2\/users\/1"}],"replies":[{"embeddable":true,"href":"http:\/\/www.lecarrefourdesopinions.ca\/index.php?rest_route=%2Fwp%2Fv2%2Fcomments&post=2731"}],"version-history":[{"count":5,"href":"http:\/\/www.lecarrefourdesopinions.ca\/index.php?rest_route=\/wp\/v2\/posts\/2731\/revisions"}],"predecessor-version":[{"id":3519,"href":"http:\/\/www.lecarrefourdesopinions.ca\/index.php?rest_route=\/wp\/v2\/posts\/2731\/revisions\/3519"}],"wp:attachment":[{"href":"http:\/\/www.lecarrefourdesopinions.ca\/index.php?rest_route=%2Fwp%2Fv2%2Fmedia&parent=2731"}],"wp:term":[{"taxonomy":"category","embeddable":true,"href":"http:\/\/www.lecarrefourdesopinions.ca\/index.php?rest_route=%2Fwp%2Fv2%2Fcategories&post=2731"},{"taxonomy":"post_tag","embeddable":true,"href":"http:\/\/www.lecarrefourdesopinions.ca\/index.php?rest_route=%2Fwp%2Fv2%2Ftags&post=2731"}],"curies":[{"name":"wp","href":"https:\/\/api.w.org\/{rel}","templated":true}]}}