{"id":2315,"date":"2010-04-22T00:02:39","date_gmt":"2010-04-22T04:02:39","guid":{"rendered":"http:\/\/www.lecarrefourdesopinions.ca\/?p=2315"},"modified":"2010-09-08T14:59:17","modified_gmt":"2010-09-08T18:59:17","slug":"frantz-louis-temoin-de-l%e2%80%99ame-haitienne","status":"publish","type":"post","link":"http:\/\/www.lecarrefourdesopinions.ca\/?p=2315","title":{"rendered":"FRANTZ  LOUIS, T\u00c9MOIN DE  L\u2019\u00c2ME HA\u00cfTIENNE"},"content":{"rendered":"<p><strong>FRANTZ\u00a0 LOUIS, T\u00c9MOIN DE\u00a0 L\u2019\u00c2ME HA\u00cfTIENNE<\/strong><\/p>\n<p><a href=\"http:\/\/www.lecarrefourdesopinions.ca\/wp-content\/uploads\/2010\/04\/yves-Alavo.jpg\"><img loading=\"lazy\" decoding=\"async\" class=\"alignleft size-thumbnail wp-image-2316\" title=\"yves Alavo\" src=\"http:\/\/www.lecarrefourdesopinions.ca\/wp-content\/uploads\/2010\/04\/yves-Alavo-112x107.jpg\" alt=\"\" width=\"112\" height=\"107\" \/><\/a> <span style=\"color: #0000ff;\"><em>Par Yves Alavo <\/em><\/span><\/p>\n<p style=\"text-align: justify;\"><strong> <\/strong><\/p>\n<p style=\"text-align: justify;\">\n<p style=\"text-align: justify;\">N\u00e9 \u00e0 Port-au-Prince, Ha\u00efti, il y a quelques d\u00e9cennies, mais son \u00e9nergie le garde jeune, Frantz Louis est un t\u00e9moin vivant d\u2019une p\u00e9riode tr\u00e8s f\u00e9conde en rebondissements sociaux et culturels.\u00a0 Une histoire dont son art enracin\u00e9 t\u00e9moigne avec vigueur.<\/p>\n<p style=\"text-align: justify;\">\n<p style=\"text-align: justify;\">La d\u00e9marche de Frantz Louis est assez singuli\u00e8re et originale.\u00a0 Il d\u00e9cida de se mettre \u00e0 la pratique de la peinture artistique en s\u2019associant \u00e0 une \u00e9cole de peintres sp\u00e9cialistes de l\u2019art na\u00eff.\u00a0 C\u2019est avec ce groupe de peintres qu\u2019il a poursuivi son apprentissage pendant que son fr\u00e8re reconnu pour ses talents de dessinateur \u00e9tait l\u2019artiste notoire de la famille. Cette d\u00e9cision confirmait, sans ambages, que la famille Louis poss\u00e8de un authentique talent artistique.\u00a0 Cette disposition n\u2019\u00e9tait pas n\u00e9gligeable pour le jeune Frantz qui voulait \u00eatre un artiste \u00e0 tout prix malgr\u00e9 l\u2019opposition de ses parents qui souhaitaient le voir embrasser une profession lib\u00e9rale.<\/p>\n<p style=\"text-align: justify;\">\n<p style=\"text-align: justify;\">D\u00e8s l\u2019\u00e2ge de 16 ans, il peint ses premi\u00e8res toiles qui repr\u00e9sentent des sc\u00e8nes de march\u00e9 et de paysages, des th\u00e8mes tr\u00e8s d\u00e9velopp\u00e9s dans son environnement direct.\u00a0 Il faut souligner que ce choix reposait sur des r\u00e9f\u00e9rences traditionnelles et sur la vitalit\u00e9 du march\u00e9 de l\u2019art en Ha\u00efti durant cette \u00e9poque.<\/p>\n<p style=\"text-align: justify;\">\n<p style=\"text-align: justify;\">\u00c0 son arriv\u00e9e au Qu\u00e9bec-Canada, Frantz Louis continue sur sa lanc\u00e9e avec la t\u00e9nacit\u00e9 de l\u2019autodidacte et la volont\u00e9 de l\u2019artiste solitaire qui travaille avec acharnement, maintient une discipline constante et r\u00e9ussit \u00e0 s\u2019exprimer avec une ma\u00eetrise sans pareille.\u00a0 Depuis, il poursuit all\u00e8grement son parcours, en se nourrissant des exp\u00e9riences de la vie, des \u00e9v\u00e9nements qui le touchent, de l\u2019entourage qu\u2019il se choisit.<\/p>\n<p style=\"text-align: justify;\">\n<p style=\"text-align: justify;\">Dans ses \u0153uvres, il nous offre les sc\u00e8nes champ\u00eatres qui ont meubl\u00e9 son enfance, telles que \u00ab <em>Jeudi saint \u00e0 la campagne<\/em>, <em>Fin de journ\u00e9e \u00e0 la montagne<\/em>, <em>Kombite la Kaye<\/em>, mais aussi \u00ab <em>March\u00e9 infini<\/em>, <em>Les Trois s\u0153urs<\/em> \u00bb.\u00a0 <em>March\u00e9 infini<\/em> est une \u0153uvre au caract\u00e8re spatial incroyable qui met en relief le g\u00e9nie pictural de Frantz Louis.\u00a0 Les d\u00e9tails qui composent cette toile et les couleurs sont cisel\u00e9s en <a href=\"http:\/\/www.lecarrefourdesopinions.ca\/wp-content\/uploads\/2010\/04\/Frantz-Louis.PhotoRedukto_7.jpg\"><img loading=\"lazy\" decoding=\"async\" class=\"alignleft size-thumbnail wp-image-2317\" title=\"Frantz Louis.PhotoRedukto_7\" src=\"http:\/\/www.lecarrefourdesopinions.ca\/wp-content\/uploads\/2010\/04\/Frantz-Louis.PhotoRedukto_7-134x100.jpg\" alt=\"\" width=\"134\" height=\"100\" \/><\/a>milliers de motifs cr\u00e9ant un effet optique d\u2019une telle harmonie qui donne avec beaut\u00e9 l\u2019ampleur de la ma\u00eetrise technique et du g\u00e9nie de l\u2019usage des couleurs et des formes qui sont les principales caract\u00e9ristiques de la signature de Frantz Louis.<\/p>\n<p style=\"text-align: justify;\">\n<p style=\"text-align: justify;\">Ensuite, dans sa d\u00e9couverte des styles artistiques, Frantz Louis s\u2019ouvre \u00e0 la tendance\u00a0 dominante de cette p\u00e9riode qui donne plus de place au surr\u00e9alisme.\u00a0 Cette d\u00e9marche qui proc\u00e8de plus de la recherche ne l\u2019\u00e9loigne pas de l\u2019art na\u00eff, pour autant, m\u00eame si ses \u0153uvres du moment marquent un point de rupture dans son parcours stylistique.\u00a0 Frantz Louis cr\u00e9e avec \u00e9nergie et d\u00e9termination de nombreuses peintures sorties du plus profond de son inconscient et qui trouvent un \u00e9cho dans le milieu professionnel comme <em>Octogone<\/em> <em>mystique, Interpellation, La Montagne sacr\u00e9e, Nature en \u00e9veil <\/em>etc<em>. <\/em><\/p>\n<p style=\"text-align: justify;\">\n<p style=\"text-align: justify;\">Bien que Frantz Louis fasse partie des peintres dits na\u00effs, ce qui lui a permis de participer \u00e0 deux grandes expositions collectives au Qu\u00e9bec, en 1996\u00a0 avec la Galerie Jeannine Blais \u00ab\u00a0concours <a href=\"http:\/\/www.lecarrefourdesopinions.ca\/wp-content\/uploads\/2010\/04\/Frantz.Louis-devant-ses-oeuvres.jpg\"><img loading=\"lazy\" decoding=\"async\" class=\"alignright size-thumbnail wp-image-2319\" title=\"Frantz.Louis devant ses oeuvres\" src=\"http:\/\/www.lecarrefourdesopinions.ca\/wp-content\/uploads\/2010\/04\/Frantz.Louis-devant-ses-oeuvres-134x107.jpg\" alt=\"\" width=\"134\" height=\"107\" \/><\/a>international d\u2019art Na\u00eff \u00bb et aussi avec le mus\u00e9e de la Civilisation de la Ville de Qu\u00e9bec.\u00a0 Toutefois, son \u0153uvre se d\u00e9marque dans sa mani\u00e8re singuli\u00e8re par rapport \u00e0 ses coll\u00e8gues, de saisir les sujets, de mettre en lumi\u00e8re le relief et les couleurs jusque dans les plus subtils d\u00e9tails.\u00a0 Cette mani\u00e8re Frantz Louis est remarqu\u00e9e dans la composition des tableaux et le choix des couleurs utilis\u00e9es qui surprennent presque tout le monde.<\/p>\n<p style=\"text-align: justify;\">\n<p style=\"text-align: justify;\">\n<p style=\"text-align: justify;\">Sans faire abstraction de ses questionnements ainsi que de son sens mystique personnel, de sa mani\u00e8re respectueuse d\u2019\u00eatre observateur, de mener une vie de cr\u00e9ateur Frantz Louis est tr\u00e8s discret au sein de la colonie artistique de chez nous.\u00a0 L\u2019artiste \u00e0 la stature \u00e9lanc\u00e9e nous prouve son immense capacit\u00e9 de faire passer, via ses \u0153uvres, ses \u00e9lans int\u00e9rieurs qui t\u00e9moignent de ses pr\u00e9occupations et de sa vision globale.<\/p>\n<p>&nbsp;<\/p>\n<p style=\"text-align: justify;\">Le parcours artistique de Frantz Louis est fait de tournants d\u00e9cisifs qu\u2019il qualifie lui-m\u00eame de \u00ab<em>r\u00e9elles<\/em> <em>r\u00e9volutions<\/em>\u00bb, toutefois elles se cloisonnent essentiellement dans la direction d\u2019une recherche de plus en plus imposante qui classe l\u2019artiste comme membre d\u2019un groupe restreint de personnalit\u00e9s artistiques qui ont fa\u00e7onn\u00e9 avec brio notre univers pictural collectif.\u00a0 Frantz Louis m\u00e9rite, sans aucun doute, une reconnaissance \u00e0 plusieurs \u00e9gards, de la part de nos institutions culturelles de haut niveau.\u00a0 Tant sa d\u00e9marche esth\u00e9tique que sa production artistique professionnelle de tr\u00e8s grande qualit\u00e9, s\u2019imposent avec \u00e9clats par leur qualit\u00e9 exceptionnelle et leur originalit\u00e9.<\/p>\n<p>&nbsp;<\/p>\n<p style=\"text-align: justify;\">La production picturale de Frantz Louis r\u00e9alis\u00e9e sur une p\u00e9riode de plus de trente ans d\u2019une vie consacr\u00e9e \u00e0 la peinture, dit avec \u00e9loquence le travail acharn\u00e9 et les recherches rigoureuses sur le plan technique, mais aussi sur le plan philosophique, qui sont sous-jacents \u00e0 sa production d\u2019\u0153uvres surtout celles dites surr\u00e9alistes.\u00a0 Souhaitons-lui succ\u00e8s et enfin la reconnaissance qu\u2019il m\u00e9rite.<\/p>\n<p style=\"text-align: justify;\">\n<p style=\"text-align: justify;\"><strong><span style=\"text-decoration: underline;\"> <\/span><\/strong><\/p>\n<p style=\"text-align: justify;\"><strong><span style=\"text-decoration: underline;\">QUELQUES EXPOSITIONS<\/span><\/strong><\/p>\n<p style=\"text-align: justify;\">\n<p style=\"text-align: justify;\">F\u00e9vrier 2009<\/p>\n<p style=\"text-align: justify;\">Au bureau du d\u00e9put\u00e9 de Papineau, M Justin P. J. Trudeau, Montr\u00e9al *<em>Trajectoire<\/em><\/p>\n<p style=\"text-align: justify;\">Caf\u00e9 Internet \u2013la biblioth\u00e8que d\u2019Ahuntsic, Montr\u00e9al <em>*Parcours<\/em><\/p>\n<p style=\"text-align: justify;\">Mars 2009 Au bureau du d\u00e9put\u00e9 Laurier-Papineau, M Justin P. J Trudeau, Montr\u00e9al<\/p>\n<p style=\"text-align: justify;\">F\u00e9vrier 2009<\/p>\n<p style=\"text-align: justify;\">Les deux boutiques de Georges Laoun, Opticien Montr\u00e9al *<em>L\u2019Union fait l\u2019esth\u00e9tique<\/em><\/p>\n<p style=\"text-align: justify;\">F\u00e9vrier 2009 La biblioth\u00e8que \u00c9mile-Nelligan, Laval *<em>Trait d\u2019Union<\/em><\/p>\n<p style=\"text-align: justify;\">23 ao\u00fbt 2008 Mus\u00e9e McCord, Montr\u00e9al, Foire internationale du livre et des \u0153uvres ha\u00eftiens<\/p>\n<p style=\"text-align: justify;\">F\u00e9vrier 2008 Biblioth\u00e8que Sylvain Garneau, Sainte-Rose *<em>Peinture d\u2019ailleurs<\/em><\/p>\n<p style=\"text-align: justify;\">F\u00e9vrier 2008 Premier SOUK de Saint Michel, Centre Yves-Th\u00e9riault, Montr\u00e9al<\/p>\n<p style=\"text-align: justify;\">Mars-avril 2007 La biblioth\u00e8que Alain-Grandbois *<em>Art\u00a0: Source de vie<\/em><\/p>\n<p style=\"text-align: justify;\">F\u00e9vrier 2007 Hall d\u2019entr\u00e9e du 419, St.-Roch, Complexe William Hingston\u00a0 *<em>Art\u00a0: Source de vie<\/em><\/p>\n<p style=\"text-align: justify;\">F\u00e9vrier 2007 Bella Arte galerie Inc. *<em>Plurialit\u00e9 dans l\u2019art<\/em><\/p>\n<p style=\"text-align: justify;\">F\u00e9vrier 2007 La biblioth\u00e8que Marius-Barbot. <em>*Tendances<\/em><\/p>\n<p style=\"text-align: justify;\">Ao\u00fbt 2004\u00a0\u00a0\u00a0\u00a0\u00a0\u00a0\u00a0\u00a0\u00a0\u00a0\u00a0\u00a0\u00a0\u00a0 Centre de loisirs de la ville Saint-Laurent <em>\u2013L\u2019union fait l\u2019esth\u00e9tique<\/em><\/p>\n<p style=\"text-align: justify;\">F\u00e9vrier 2004\u00a0\u00a0\u00a0\u00a0\u00a0\u00a0\u00a0\u00a0\u00a0\u00a0\u00a0 La Biblioth\u00e8que de Kirkland<em> \u2013Chemin faisant<\/em><\/p>\n<p style=\"text-align: justify;\">F\u00e9vrier 2004\u00a0\u00a0\u00a0\u00a0\u00a0\u00a0\u00a0\u00a0\u00a0\u00a0 Galerie Mozaik-Art<\/p>\n<p style=\"text-align: justify;\">Juin- Juillet 2003\u00a0\u00a0 Galerie Port-Maurice &#8211;<em>D\u2019Ha\u00efti \u00e0 Montr\u00e9al, le parcours d\u2019une peinture<\/em><\/p>\n<p style=\"text-align: justify;\">Mai 2003\u00a0\u00a0\u00a0\u00a0\u00a0\u00a0\u00a0\u00a0\u00a0\u00a0\u00a0\u00a0\u00a0\u00a0\u00a0 Exposition et lancement du livre \u2013<em>Peintres ha\u00eftiens vivant au Canada<\/em><\/p>\n<p style=\"text-align: justify;\">2002\u00a0\u00a0\u00a0\u00a0\u00a0\u00a0\u00a0\u00a0\u00a0\u00a0\u00a0\u00a0\u00a0\u00a0\u00a0\u00a0\u00a0\u00a0\u00a0\u00a0\u00a0\u00a0 -Groupe BLP Inc.<\/p>\n<p style=\"text-align: justify;\">18 au 21 mai 2000 -Complexe Desjardins <strong>-Salon africain et cr\u00e9ole<\/strong><\/p>\n<p style=\"text-align: justify;\">\n<p style=\"text-align: justify;\">FRANTZ LOUIS<\/p>\n<p style=\"text-align: justify;\">Artiste peintre 450-926-0694<\/p>\n<p style=\"text-align: justify;\">\n<p style=\"text-align: justify;\">\n<p style=\"text-align: justify;\">\n<p style=\"text-align: justify;\">\n<p style=\"text-align: justify;\">\n<p style=\"text-align: justify;\">\n<p style=\"text-align: justify;\">\n<p style=\"text-align: justify;\">\n<p style=\"text-align: justify;\">\n<p style=\"text-align: justify;\">\n<p style=\"text-align: justify;\">\n<p style=\"text-align: justify;\">\n<p style=\"text-align: justify;\">\n<p style=\"text-align: justify;\">\n<p style=\"text-align: justify;\">***********************************************<\/p>\n<p style=\"text-align: justify;\">Pour d\u00e9couvrir quelques oeuvres de Frantz Louis, cliquez sur le lien suivant<\/p>\n<p><a href=\"..\/..\/..\/..\/..\/?p=2611\">Galerie de tableau du peintre Frantz Louis<\/a><\/p>\n<p>&nbsp;<\/p>\n<p>&nbsp;<\/p>\n<p><a href=\"..\/..\/..\/..\/..\/?p=2611\"><br \/><\/a><\/p>\n<p style=\"text-align: justify;\">\n<script type=\"text\/javascript\">\n\nvar addthis_config = {\"data_track_clickback\":false,\"data_track_addressbar\":false,\"data_track_textcopy\":false};\n<\/script><script type=\"text\/javascript\" src=\"\/\/s7.addthis.com\/js\/250\/addthis_widget.js#pubid=a457a6d63fb9e6ccabdde4110343bd85\"><\/script>","protected":false},"excerpt":{"rendered":"<p>FRANTZ\u00a0 LOUIS, T\u00c9MOIN DE\u00a0 L\u2019\u00c2ME HA\u00cfTIENNE<\/p>\n<p> <span style=\"color: #0000ff;\">Par Yves Alavo <\/span><\/p>\n<p style=\"text-align: justify;\">\n<p style=\"text-align: justify;\">\n<p style=\"text-align: justify;\">N\u00e9 \u00e0 Port-au-Prince, Ha\u00efti, il y a quelques d\u00e9cennies, mais son \u00e9nergie le garde jeune, Frantz Louis est un t\u00e9moin vivant d\u2019une p\u00e9riode tr\u00e8s f\u00e9conde en rebondissements sociaux &hellip;<\/p>\n","protected":false},"author":1,"featured_media":0,"comment_status":"open","ping_status":"open","sticky":false,"template":"","format":"standard","meta":{"footnotes":""},"categories":[8],"tags":[],"class_list":["post-2315","post","type-post","status-publish","format-standard","hentry","category-reserve"],"_links":{"self":[{"href":"http:\/\/www.lecarrefourdesopinions.ca\/index.php?rest_route=\/wp\/v2\/posts\/2315","targetHints":{"allow":["GET"]}}],"collection":[{"href":"http:\/\/www.lecarrefourdesopinions.ca\/index.php?rest_route=\/wp\/v2\/posts"}],"about":[{"href":"http:\/\/www.lecarrefourdesopinions.ca\/index.php?rest_route=\/wp\/v2\/types\/post"}],"author":[{"embeddable":true,"href":"http:\/\/www.lecarrefourdesopinions.ca\/index.php?rest_route=\/wp\/v2\/users\/1"}],"replies":[{"embeddable":true,"href":"http:\/\/www.lecarrefourdesopinions.ca\/index.php?rest_route=%2Fwp%2Fv2%2Fcomments&post=2315"}],"version-history":[{"count":5,"href":"http:\/\/www.lecarrefourdesopinions.ca\/index.php?rest_route=\/wp\/v2\/posts\/2315\/revisions"}],"predecessor-version":[{"id":2682,"href":"http:\/\/www.lecarrefourdesopinions.ca\/index.php?rest_route=\/wp\/v2\/posts\/2315\/revisions\/2682"}],"wp:attachment":[{"href":"http:\/\/www.lecarrefourdesopinions.ca\/index.php?rest_route=%2Fwp%2Fv2%2Fmedia&parent=2315"}],"wp:term":[{"taxonomy":"category","embeddable":true,"href":"http:\/\/www.lecarrefourdesopinions.ca\/index.php?rest_route=%2Fwp%2Fv2%2Fcategories&post=2315"},{"taxonomy":"post_tag","embeddable":true,"href":"http:\/\/www.lecarrefourdesopinions.ca\/index.php?rest_route=%2Fwp%2Fv2%2Ftags&post=2315"}],"curies":[{"name":"wp","href":"https:\/\/api.w.org\/{rel}","templated":true}]}}