{"id":16874,"date":"2025-02-09T13:38:46","date_gmt":"2025-02-09T18:38:46","guid":{"rendered":"https:\/\/www.lecarrefourdesopinions.ca\/?p=16874"},"modified":"2025-02-09T15:06:38","modified_gmt":"2025-02-09T20:06:38","slug":"une-mise-au-point-comparative","status":"publish","type":"post","link":"http:\/\/www.lecarrefourdesopinions.ca\/?p=16874","title":{"rendered":"Une mise au point comparative &#8230;."},"content":{"rendered":"<p><span style=\"font-size: x-large;\"><b>Une mise au point comparative quant \u00e0 l\u2019authenticit\u00e9 des faits av\u00e9r\u00e9s qui renforcent mes deux pr\u00e9c\u00e9dents articles,<\/b><\/span><\/p>\n<p><span style=\"color: #800000;\"><em>par Christian Martin<\/em><\/span><\/p>\n<p><span style=\"font-size: x-large;\"><b><a href=\"https:\/\/www.lecarrefourdesopinions.ca\/?p=16857\">https:\/\/www.lecarrefourdesopinions.ca\/?p=16857<\/a> Une option la dollarisation : Viable ou non? 02-01-2025<\/b><\/span><\/p>\n<p><span style=\"font-size: x-large;\"><b><a href=\"https:\/\/www.lecarrefourdesopinions.ca\/?p=16872\">https:\/\/www.lecarrefourdesopinions.ca\/?p=16872<\/a> Les adjectifs \u00ab bilat\u00e9raux \u00bb ou \u00ab synallagmatiques \u00bb 04-02-2025<\/b><\/span><\/p>\n<p><span style=\"font-size: x-large;\"><b>La guerre commerciale? La faute de Trudeau!<\/b><\/span><span style=\"font-size: x-large;\"> De Nathalie Elgrably : Vendredi, 7 f\u00e9vrier 2025 Journal de Montr\u00e8al. <a href=\"https:\/\/www.journaldemontreal.com\">https:\/\/www.journaldemontreal.com<\/a> \/2025\/02\/07\/<\/span><\/p>\n<p><span style=\"font-size: x-large;\">Extraits\u00a0: <\/span><span style=\"font-size: x-large;\"><i>\u00ab\u00a0Trudeau a poursuivi une obsession id\u00e9ologique plut\u00f4t qu\u2019une politique d\u2019immigration responsable. Et en transformant le Canada en passoire, il a facilit\u00e9 l\u2019entr\u00e9e de clandestins aux \u00c9tats-Unis\u2026.\u00a0Pour prot\u00e9ger son pays, Trump demande \u00e0 Ottawa de renforcer la fronti\u00e8re terrestre canado-am\u00e9ricaine\u2026. En demandant une surveillance accrue de la fronti\u00e8re terrestre, Trump veut indirectement forcer le Canada \u00e0 r\u00e9viser sa politique d\u2019immigration. \u00c0 cet \u00e9gard, il a parfaitement raison!..\u00a0C\u2019est Trudeau qui a mis le Canada dans le p\u00e9trin. N\u2019allons pas imaginer qu\u2019il nous en extirpera!\u00a0\u00bb<\/i><\/span><\/p>\n<p><span style=\"font-size: x-large;\"><b>Par ailleurs, quant \u00e0 la question de l\u2019\u00e9radication du Fentanyl<\/b><\/span> <span style=\"font-size: x-large;\"><b>\u00e9voqu\u00e9e par Trump<\/b><\/span><span style=\"font-size: x-large;\">:<\/span><\/p>\n<p><span style=\"font-size: x-large;\">Trudeau parle de 1% seulement mais alors que devient les 99% ???<\/span><\/p>\n<p><span style=\"font-size: x-large;\">Dane Lloyd (@DaneLloydMP) a post\u00e9 \u00e0 5:53 p.m. on jeu., d\u00e9c. 12, 2024 :<\/span><\/p>\n<p><span style=\"font-size: x-large;\"><span lang=\"en-CA\">SHOCKING<\/span><\/span><\/p>\n<p><span style=\"font-size: x-large;\"><span lang=\"en-CA\">RCMP confirms that there are 4,000 separate organized crime groups operating in Canada.<\/span><\/span><\/p>\n<p><span style=\"font-size: x-large;\"><span lang=\"en-CA\">A substantial number of these are profiting from poisonous fentanyl.<\/span><\/span><\/p>\n<p><span style=\"font-size: x-large;\"><span lang=\"en-CA\">Justin Trudeau\u2019s soft-on-crime policies have made Canada a destination for international drug traffickers. <a href=\"https:\/\/t.co\/T6wtvKNMvb\">https:\/\/t.co\/T6wtvKNMvb<\/a> <\/span><\/span><\/p>\n<p><span style=\"font-size: x-large;\"><span lang=\"en-CA\"><a href=\"https:\/\/x.com\/DaneLloydMP\/status\/1867342017467924813?t=HJtpYo_UMMYiLUAiVYPpbw&amp;s=03\">https:\/\/x.com\/DaneLloydMP\/status\/1867342017467924813?t=HJtpYo_UMMYiLUAiVYPpbw&amp;s=03<\/a> <\/span><\/span><\/p>\n<p><span style=\"font-size: x-large;\"><b>De Mathieu Bock-C\u00f4t\u00e9: <\/b><\/span><\/p>\n<p><span style=\"font-size: x-large;\">Justin Trudeau: <\/span><span style=\"font-size: x-large;\"><b>le \u00ab plus mauvais \u00bb premier ministre de l\u2019histoire\u00a0:<!-- --><!-- --><\/b><\/span><\/p>\n<p><span style=\"font-size: x-large;\"><a href=\"https:\/\/www.journaldemontreal.com\/2024\/12\/03\/justin-trudeau-le-plus-mauvais-premier-ministre-canadienne\">https:\/\/www.journaldemontreal.com\/2024\/12\/03\/justin-trudeau-le-plus-mauvais-premier-ministre-canadienne<\/a> <\/span><\/p>\n<p><span style=\"font-size: x-large;\"><b>Prochaine \u00e9lection<\/b><\/span><span style=\"font-size: x-large;\">\u00a0:<\/span><\/p>\n<p><span style=\"font-size: x-large;\">Le PLC propose de soutenir Mark Carney, dont le cursus est remarquable\u00a0:\u00a0<\/span><span style=\"font-size: x-large;\"><i>\u00ab\u00a0Mark Joseph Carney, n\u00e9 le 16 mars 1965 \u00e0 Fort Smith, est un \u00e9conomiste, financier et banquier central canadien, britannique et irlandais.\u00a0\u00bb <\/i><\/span><\/p>\n<p><span style=\"font-size: x-large;\"><b>Par contre, <\/b><\/span><span style=\"font-size: x-large;\"><i>deux notes sombres \u00e0 son tableau et ce, non les moindres:<\/i><\/span><\/p>\n<ol>\n<li><span style=\"font-size: x-large;\"><i>Mark Carney confirme qu\u2019il est WOKISTE et fier de l\u2019\u00eatre\u00a0:<\/i><\/span> <span style=\"font-size: x-large;\">Carney says he\u2019s campaigning on \u2018woke\u2019 ideology!<\/span><\/li>\n<\/ol>\n<p><span style=\"font-size: x-large;\"><a href=\"https:\/\/www.westernstandard.news\/news\/watch-carney-says-hes-campaigning-on-woke-ideology\/61931\">https:\/\/www.westernstandard.news\/news\/watch-carney-says-hes-campaigning-on-woke-ideology\/61931<\/a> <\/span><\/p>\n<p><span style=\"font-size: x-large;\">en contradiction avec la politique de Trump qui bannit le wokisme<\/span><\/p>\n<ol start=\"2\">\n<li><span style=\"font-size: x-large;\"><i>DIXIT\u00a0:<\/i><\/span> <span style=\"font-size: x-large;\">L&rsquo;ancienne Premi\u00e8re ministre britannique Liz Truss\u00a0affirme \u00ab\u00a0qu&rsquo;il a mis en place des politiques d\u00e9sastreuses de \u00ab\u00a0Net Z\u00e9ro\u00a0\u00bb, conduisant le Royaume-Uni \u00e0 la faillite.<\/span><\/li>\n<\/ol>\n<p><span style=\"font-size: x-large;\"><b>Voir ci-dessous les extraits<\/b><\/span><span style=\"font-size: x-large;\">\u00a0:<\/span><\/p>\n<p><span style=\"font-size: x-large;\"><a href=\"https:\/\/www.instagram.com\/sergiosenatore1\/reel\/DFFp7XYxu-t\/?hl=en\">https:\/\/www.instagram.com\/sergiosenatore1\/reel\/DFFp7XYxu-t\/?hl=en<\/a> <\/span><\/p>\n<p>\u201c<span style=\"font-size: x-large;\"><span lang=\"en-CA\">I strongly recommend not backing Mark Carney for his policies on Net Zero. It was disastrous for Britain. It would be disastrous for Canada.<\/span><\/span><\/p>\n<p><span style=\"font-size: x-large;\"><span lang=\"en-CA\"><i><a href=\"https:\/\/t.co\/v6MZxMzfcN\">https:\/\/t.co\/v6MZxMzfcN<\/a> <\/i><\/span><\/span><\/p>\n<p><span style=\"font-size: x-large;\"><span lang=\"en-CA\"><i><a href=\"https:\/\/x.com\/QuebecVeritas\/status\/1888033130352681348\">https:\/\/x.com\/QuebecVeritas\/status\/1888033130352681348<\/a> <\/i><\/span><\/span><\/p>\n<p><span style=\"font-size: x-large;\">L&rsquo;ancienne Premi\u00e8re ministre britannique Liz Truss met en garde contre le fait de soutenir Mark Carney.<\/span><\/p>\n<p><span style=\"font-size: x-large;\">\u00c7a a \u00e9t\u00e9 un d\u00e9sastre pour la Grande-Bretagne. Ce sera un d\u00e9sastre pour le Canada\u00a0\u00bb&#8230;<\/span><\/p>\n<p><span style=\"font-size: x-large;\">Elle affirme que sous son mandat, trop d&rsquo;argent a \u00e9t\u00e9 imprim\u00e9, qu&rsquo;il a commis des erreurs majeures et<\/span><\/p>\n<p><span style=\"font-size: x-large;\">qu&rsquo;il a mis en place des politiques d\u00e9sastreuses de \u00ab\u00a0Net Z\u00e9ro\u00a0\u00bb, conduisant le Royaume-Uni \u00e0 la faillite.<\/span><\/p>\n<p>&nbsp;<\/p>\n<script type=\"text\/javascript\">\n\nvar addthis_config = {\"data_track_clickback\":false,\"data_track_addressbar\":false,\"data_track_textcopy\":false};\n<\/script><script type=\"text\/javascript\" src=\"\/\/s7.addthis.com\/js\/250\/addthis_widget.js#pubid=a457a6d63fb9e6ccabdde4110343bd85\"><\/script>","protected":false},"excerpt":{"rendered":"<p><span style=\"font-size: x-large;\">Une mise au point comparative quant \u00e0 l\u2019authenticit\u00e9 des faits av\u00e9r\u00e9s qui renforcent mes deux pr\u00e9c\u00e9dents articles,<\/span><\/p>\n<p><span style=\"color: #800000;\">par Christian Martin<\/span><\/p>\n<p><span style=\"font-size: x-large;\">https:\/\/www.lecarrefourdesopinions.ca\/?p=16857 Une option la dollarisation : Viable ou non? 02-01-2025<\/span><\/p>\n<p><span style=\"font-size: x-large;\">https:\/\/www.lecarrefourdesopinions.ca\/?p=16872 Les adjectifs \u00ab bilat\u00e9raux \u00bb ou <\/span>&hellip;<\/p>\n","protected":false},"author":1,"featured_media":0,"comment_status":"open","ping_status":"open","sticky":false,"template":"","format":"standard","meta":{"footnotes":""},"categories":[1],"tags":[],"class_list":["post-16874","post","type-post","status-publish","format-standard","hentry","category-accueil"],"_links":{"self":[{"href":"http:\/\/www.lecarrefourdesopinions.ca\/index.php?rest_route=\/wp\/v2\/posts\/16874","targetHints":{"allow":["GET"]}}],"collection":[{"href":"http:\/\/www.lecarrefourdesopinions.ca\/index.php?rest_route=\/wp\/v2\/posts"}],"about":[{"href":"http:\/\/www.lecarrefourdesopinions.ca\/index.php?rest_route=\/wp\/v2\/types\/post"}],"author":[{"embeddable":true,"href":"http:\/\/www.lecarrefourdesopinions.ca\/index.php?rest_route=\/wp\/v2\/users\/1"}],"replies":[{"embeddable":true,"href":"http:\/\/www.lecarrefourdesopinions.ca\/index.php?rest_route=%2Fwp%2Fv2%2Fcomments&post=16874"}],"version-history":[{"count":2,"href":"http:\/\/www.lecarrefourdesopinions.ca\/index.php?rest_route=\/wp\/v2\/posts\/16874\/revisions"}],"predecessor-version":[{"id":16876,"href":"http:\/\/www.lecarrefourdesopinions.ca\/index.php?rest_route=\/wp\/v2\/posts\/16874\/revisions\/16876"}],"wp:attachment":[{"href":"http:\/\/www.lecarrefourdesopinions.ca\/index.php?rest_route=%2Fwp%2Fv2%2Fmedia&parent=16874"}],"wp:term":[{"taxonomy":"category","embeddable":true,"href":"http:\/\/www.lecarrefourdesopinions.ca\/index.php?rest_route=%2Fwp%2Fv2%2Fcategories&post=16874"},{"taxonomy":"post_tag","embeddable":true,"href":"http:\/\/www.lecarrefourdesopinions.ca\/index.php?rest_route=%2Fwp%2Fv2%2Ftags&post=16874"}],"curies":[{"name":"wp","href":"https:\/\/api.w.org\/{rel}","templated":true}]}}