{"id":16590,"date":"2022-03-28T13:08:47","date_gmt":"2022-03-28T17:08:47","guid":{"rendered":"http:\/\/www.lecarrefourdesopinions.ca\/?p=16590"},"modified":"2022-03-28T13:08:47","modified_gmt":"2022-03-28T17:08:47","slug":"mckinsey-company-le-denominateur-commun-de-la-politique-liberticide-canada-quebec-france","status":"publish","type":"post","link":"http:\/\/www.lecarrefourdesopinions.ca\/?p=16590","title":{"rendered":"McKinsey &#038; Company\u00a0: Le D\u00e9nominateur commun de la politique liberticide Canada \/Qu\u00e9bec France!"},"content":{"rendered":"<p><span style=\"font-size: medium;\"><b>McKinsey &amp; Company\u00a0: Le D\u00e9nominateur commun de la politique liberticide Canada \/Qu\u00e9bec France!<\/b><\/span><\/p>\n<p><span style=\"color: #800000;\"><em>par Christian Martin<\/em><\/span><\/p>\n<p><span style=\"font-size: medium;\">Je m\u2019\u00e9tonnais tout au long de ces deux ann\u00e9es de pand\u00e9mie, du copi\u00e9-coll\u00e9 de la politique sanitaire du Qu\u00e9bec et du Canada \u00e0 partir de celles, liberticides, de la France.<\/span><\/p>\n<p><span style=\"font-size: medium;\">Et voil\u00e0 qu\u2019aujourd\u2019hui nous est r\u00e9v\u00e9l\u00e9 <b>le d\u00e9nominateur commun<\/b> (voir lien ci-dessous). Ce d\u00e9nominateur qui a permis d\u2019institutionnaliser aussi bien en Europe qu\u2019en Nord Am\u00e9rique, la m\u00eame politique organis\u00e9e et uniforme. Grassement pay\u00e9es, ces \u00e9tudes leur ont permis d\u2019acc\u00e9der aux donn\u00e9es les plus confidentielles des pays concern\u00e9s\u00a0:<\/span><\/p>\n<p><span style=\"font-size: medium;\"><a href=\"https:\/\/youtu.be\/Xr8z_EQVhas\">https:\/\/youtu.be\/Xr8z_EQVhas<\/a> <\/span><\/p>\n<p><span style=\"font-size: medium;\">Titre de ce Vid\u00e9o; AFFAIRE MCKINSEY : SCANDALE, MENSONGES ET \u00c9VASION FISCALE<\/span><\/p>\n<p><span style=\"font-size: medium;\">Au Qu\u00e9bec! \u00a0 Les constantes diffusions t\u00e9l\u00e9vis\u00e9es <\/span><span style=\"font-size: medium;\"><b>paternalistes<\/b><\/span><span style=\"font-size: medium;\"> se voulaient une volont\u00e9 d\u2019enrayer rapidement la pand\u00e9mie. Elles nous \u00e9taient pr\u00e9sent\u00e9es comme des conseils, puis <\/span><span style=\"font-size: medium;\"><b>des d\u00e9cisions gouvernementales<\/b><\/span><span style=\"font-size: medium;\"> avant de devenir des injonctions et des obligations. Une politique devenue rapidement radicale comme en France, avec la mise en place du passe-vaccinal et passe-sanitaire qui sont des mesures inconstitutionnelles engendrant socialement une sorte d\u2019apartheid pour les non-vaccin\u00e9s. <a href=\"https:\/\/www.ledroit.com\/2022\/01\/14\/langle-constitutionnel-dune-contribution-sante-1161aabc1e597aa7781123be11f96331\">https:\/\/www.ledroit.com\/2022\/01\/14\/langle-constitutionnel-dune-contribution-sante-1161aabc1e597aa7781123be11f96331<\/a> Extrait: <\/span><span style=\"font-size: medium;\"><i>\u00ab Ici, le gouvernement Legault n\u2019oblige pas les gens \u00e0 se faire vacciner, il d\u00e9tourne les pr\u00e9ceptes d\u2019une garantie constitutionnelle telle que le droit \u00e0 la libert\u00e9 en mettant en place une directive incitative. En d\u2019autres mots, faites-vous vacciner ou payez. \u00bb<\/i><\/span><\/p>\n<p><span style=\"font-size: medium;\"><b>Le D\u00e9nominateur commun de la politique liberticide Canada \/Qu\u00e9bec\/ France!<\/b><\/span><\/p>\n<p><span style=\"font-size: medium;\">Dans le cadre contractuel avec M McKinsey &amp; Company, ce qui d\u00e9passe mon entendement, c\u2019est que tous ces contrats consentis \u00e0 une firme de conseil sont sans appel d\u2019offre sous pr\u00e9texte d\u2019urgence sanitaire\u00a0:<\/span><\/p>\n<p><span style=\"font-size: medium;\"><a href=\"https:\/\/www.lapresse.ca\/affaires\/economie\/2021-08-03\/relance-post-pandemie\/quebec-debourse-5-millions-pour-un-regard-externe.php\">https:\/\/www.lapresse.ca\/affaires\/economie\/2021-08-03\/relance-post-pandemie\/quebec-debourse-5-millions-pour-un-regard-externe.php<\/a> Extrait: \u00ab\u00a0Le contrat accord\u00e9 sans appel d&rsquo;offre par Qu\u00e9bec \u00e0 la firme McKinsey fait sourciller\u2026 Qu\u00e9bec d\u00e9bourse 5 millions pour un \u00ab regard externe \u00bb<\/span><\/p>\n<p><span style=\"font-size: medium;\"><i>\u00ab\u2009Il me semble assez incroyable de penser qu\u2019il n\u2019y a pas de personnel [\u00e0 l\u2019interne] capable de faire ce genre d\u2019analyse-l\u00e0\u2009\u00bb, r\u00e9agit Line Lamarre, pr\u00e9sidente du Syndicat des professionnelles et professionnels du gouvernement du Qu\u00e9bec (SPGQ) en entrevue. Elle ajoute que ce type de contrat illustre le probl\u00e8me plus large du recours \u00e0 la sous-traitance par le gouvernement du Qu\u00e9bec. En octobre, le SPGQ qualifiait le ph\u00e9nom\u00e8ne de \u00ab v\u00e9ritable fl\u00e9au end\u00e9mique \u00bb et se disait \u00ab estomaqu\u00e9 par les co\u00fbts. \u00bb (Voir lien ci-dessous et autres extraits)<\/i><\/span><\/p>\n<p><span style=\"font-size: medium;\"><i><a href=\"https:\/\/pivot.quebec\/2021\/11\/24\/mckinsey-a-quoi-ont-servi-les-millions-payes-par-quebec-a-un-consultant-pendant-la-pandemie\/\">https:\/\/pivot.quebec\/2021\/11\/24\/mckinsey-a-quoi-ont-servi-les-millions-payes-par-quebec-a-un-consultant-pendant-la-pandemie\/<\/a> . Extraits\u00a0: \u00ab\u00a0La pand\u00e9mie a \u00e9t\u00e9 lucrative pour McKinsey &amp; Company. La firme de consultants aux 130 bureaux r\u00e9partis sur les cinq continents a \u00e9t\u00e9 embauch\u00e9e par de nombreuses administrations \u2013 dont le gouvernement du Qu\u00e9bec \u2013 pour apporter des conseils de gestion durant la crise sanitaire. Au Qu\u00e9bec, la facture pourrait s\u2019\u00e9lever \u00e0 plus de 6 millions $. Quels conseils le gouvernement a-t-il re\u00e7u de la part de la firme priv\u00e9e? C\u2019est confidentiel, nous a r\u00e9pondu le gouvernement. Le co\u00fbt est-il justifi\u00e9 ? Difficile \u00e0 dire tant que le gouvernement retient l\u2019information. Mais un peu partout, journalistes et v\u00e9rificateurs g\u00e9n\u00e9raux critiquent les factures sal\u00e9es que leurs administrations ont r\u00e9gl\u00e9es \u00e0 des consultants priv\u00e9s\u2026\u00a0<\/i><\/span><span style=\"font-size: medium;\"><i><b>\u00ab Il faut mettre de c\u00f4t\u00e9 les r\u00e8gles ordinaires pour aller plus vite, \u00bb a d\u00e9clar\u00e9 le premier ministre<\/b><\/i><\/span><span style=\"font-size: medium;\"><i> lorsque le gouvernement a d\u00e9cr\u00e9t\u00e9 l\u2019\u00e9tat d\u2019urgence sanitaire en mars 2020. C\u2019est donc sans passer par le processus d\u2019appel d\u2019offres classique que McKinsey a obtenu deux contrats avec le gouvernement du Qu\u00e9bec.<\/i><\/span><\/p>\n<p><span style=\"font-size: medium;\"><i>Lorsque nous lui avons demand\u00e9, le gouvernement a refus\u00e9 de d\u00e9voiler les conseils et avis donn\u00e9s par l\u2019entreprise dans le cadre du premier contrat sur la lev\u00e9e des mesures sanitaires. \u00ab\u2009Les avis et les recommandations fournis par un consultant dans le cadre d\u2019un processus d\u00e9cisionnel sont confidentiels\u2009\u00bb, nous a r\u00e9pondu Antoine Tousignant, porte-parole du minist\u00e8re du Conseil ex\u00e9cutif.Nous avons re\u00e7u le m\u00eame genre de r\u00e9ponse de la part du minist\u00e8re de l\u2019\u00c9conomie et de l\u2019Innovation.\u00a0\u00bb<\/i><\/span><\/p>\n<p><span style=\"font-size: medium;\"><b>En consid\u00e9rant les pr\u00e9misses ci-dessus\u00a0: Consultez ci-dessous les liens o\u00f9 la v\u00e9rit\u00e9 fait surface.<\/b><\/span><\/p>\n<p><span style=\"font-size: medium;\">L\u2019affaire McKinsey a \u00e9t\u00e9 d\u00e9clar\u00e9e en France comme un scandale par certains<i>. \u00ab\u00a0le porte-parole du gouvernement Gabriel Attal a estim\u00e9 que l&rsquo;affaire du cabinet de conseil McKinsey n&rsquo;\u00e9tait pas un scandale d&rsquo;Etat\u00a0\u00bb Google. <\/i><b>Toutefois.<\/b><i> <\/i><i><b>\u00ab\u00a0Le S\u00e9nat saisit la justice pour suspicion de faux t\u00e9moignage\u00a0\u00bb <\/b><\/i><i>Voir liens ci-dessous\u00a0: France\/ USA \/Qu\u00e9bec\u00a0:<\/i><\/span><\/p>\n<p><span style=\"font-size: medium;\"><a href=\"https:\/\/www.publicsenat.fr\/article\/parlementaire\/cabinet-mckinsey-le-senat-saisit-la-justice-pour-suspicion-de-faux-temoignage\">https:\/\/www.publicsenat.fr\/article\/parlementaire\/cabinet-mckinsey-le-senat-saisit-la-justice-pour-suspicion-de-faux-temoignage<\/a> <\/span><span style=\"font-size: medium;\"><i>Extrait: \u00ab\u00a0Le communiqu\u00e9 est tomb\u00e9 \u00e0 la mi-journ\u00e9e vendredi. En application de l\u2019article 40 du code de proc\u00e9dure p\u00e9nale, le S\u00e9nat a saisi la justice pour une suspicion de faux t\u00e9moignage devant la commission d\u2019enqu\u00eate sur l\u2019influence croissante des cabinets de conseil sur les politiques publiques \u00bb.<\/i><\/span><\/p>\n<p><span style=\"font-size: medium;\"><b><a href=\"https:\/\/www.leparisien.fr\/economie\/cabinet-de-conseil-cinq-minutes-pour-comprendre-la-polemique-autour-de-mckinsey-25-03-2022-QY7XHI5TUVEFHL3YBNQWCALMEQ.php\">https:\/\/www.leparisien.fr\/economie\/cabinet-de-conseil-cinq-minutes-pour-comprendre-la-polemique-autour-de-mckinsey-25-03-2022-QY7XHI5TUVEFHL3YBNQWCALMEQ.php<\/a> <\/b><\/span><span style=\"font-size: medium;\">Extrait<\/span><span style=\"font-size: medium;\"><b>;<\/b><\/span><\/p>\n<p><span style=\"font-size: medium;\"><i>\u00ab\u00a0McKinsey, principal cabinet de conseil pour la gestion de la crise sanitaire, a empoch\u00e9 plus de 12 millions d\u2019euros pour ces missions mais n\u2019a d\u00e9clar\u00e9 aucun b\u00e9n\u00e9fice en France ces dix derni\u00e8res ann\u00e9es.\u00a0\u00bb<\/i><\/span><\/p>\n<p><span style=\"font-size: medium;\"><i><a href=\"https:\/\/www.capital.fr\/economie-politique\/vaccin-le-cabinet-de-conseil-du-gouvernement-empetre-dans-un-scandale-sanitaire-aux-etats-unis-1390302\">https:\/\/www.capital.fr\/economie-politique\/vaccin-le-cabinet-de-conseil-du-gouvernement-empetre-dans-un-scandale-sanitaire-aux-etats-unis-1390302<\/a> <\/i><\/span><span style=\"font-size: medium;\">Extrait: <\/span><span style=\"font-size: medium;\"><i>\u00ab\u00a0Le cabinet de conseil am\u00e9ricain McKinsey, qui collabore avec le minist\u00e8re de la Sant\u00e9 sur la strat\u00e9gie et la logistique de la campagne de vaccination, est au c\u0153ur d\u2019un scandale de sant\u00e9 publique aux USA.\u00bb<\/i><\/span><\/p>\n<p><span style=\"font-size: medium;\"><a href=\"https:\/\/tribunaldelinfaux.com\/2022\/01\/08\/la-caq-mckinsey-et-la-transparence\/\">https:\/\/tribunaldelinfaux.com\/2022\/01\/08\/la-caq-mckinsey-et-la-transparence\/<\/a> Extrait\u00a0: <\/span><span style=\"font-size: medium;\"><i><b>\u00ab\u00a0CAQ\u00a0: Un gouvernement tr\u00e8s peu transparent<\/b><\/i><\/span><span style=\"font-size: medium;\"><i>; La CAQ r\u00e9p\u00e8te souvent qu\u2019elle a \u00e9t\u00e9 tr\u00e8s transparente depuis le d\u00e9but. Pourtant, les notes de ses rencontres avec McKinsey sont introuvables et les courriels obtenus gr\u00e2ce \u00e0 une demande d\u2019acc\u00e8s \u00e0 l\u2019information sont d\u2019une opacit\u00e9 troublante : presque tout ce qui pourrait \u00eatre pertinent est caviard\u00e9.\u00a0\u00bb<\/i><\/span><\/p>\n<script type=\"text\/javascript\">\n\nvar addthis_config = {\"data_track_clickback\":false,\"data_track_addressbar\":false,\"data_track_textcopy\":false};\n<\/script><script type=\"text\/javascript\" src=\"\/\/s7.addthis.com\/js\/250\/addthis_widget.js#pubid=a457a6d63fb9e6ccabdde4110343bd85\"><\/script>","protected":false},"excerpt":{"rendered":"<p><span style=\"font-size: medium;\">McKinsey &amp; Company\u00a0: Le D\u00e9nominateur commun de la politique liberticide Canada \/Qu\u00e9bec France!<\/span><\/p>\n<p><span style=\"color: #800000;\">par Christian Martin<\/span><\/p>\n<p><span style=\"font-size: medium;\">Je m\u2019\u00e9tonnais tout au long de ces deux ann\u00e9es de pand\u00e9mie, du copi\u00e9-coll\u00e9 de la politique sanitaire du Qu\u00e9bec et <\/span>&hellip;<\/p>\n","protected":false},"author":1,"featured_media":0,"comment_status":"open","ping_status":"open","sticky":false,"template":"","format":"standard","meta":{"footnotes":""},"categories":[1],"tags":[],"class_list":["post-16590","post","type-post","status-publish","format-standard","hentry","category-accueil"],"_links":{"self":[{"href":"http:\/\/www.lecarrefourdesopinions.ca\/index.php?rest_route=\/wp\/v2\/posts\/16590","targetHints":{"allow":["GET"]}}],"collection":[{"href":"http:\/\/www.lecarrefourdesopinions.ca\/index.php?rest_route=\/wp\/v2\/posts"}],"about":[{"href":"http:\/\/www.lecarrefourdesopinions.ca\/index.php?rest_route=\/wp\/v2\/types\/post"}],"author":[{"embeddable":true,"href":"http:\/\/www.lecarrefourdesopinions.ca\/index.php?rest_route=\/wp\/v2\/users\/1"}],"replies":[{"embeddable":true,"href":"http:\/\/www.lecarrefourdesopinions.ca\/index.php?rest_route=%2Fwp%2Fv2%2Fcomments&post=16590"}],"version-history":[{"count":1,"href":"http:\/\/www.lecarrefourdesopinions.ca\/index.php?rest_route=\/wp\/v2\/posts\/16590\/revisions"}],"predecessor-version":[{"id":16591,"href":"http:\/\/www.lecarrefourdesopinions.ca\/index.php?rest_route=\/wp\/v2\/posts\/16590\/revisions\/16591"}],"wp:attachment":[{"href":"http:\/\/www.lecarrefourdesopinions.ca\/index.php?rest_route=%2Fwp%2Fv2%2Fmedia&parent=16590"}],"wp:term":[{"taxonomy":"category","embeddable":true,"href":"http:\/\/www.lecarrefourdesopinions.ca\/index.php?rest_route=%2Fwp%2Fv2%2Fcategories&post=16590"},{"taxonomy":"post_tag","embeddable":true,"href":"http:\/\/www.lecarrefourdesopinions.ca\/index.php?rest_route=%2Fwp%2Fv2%2Ftags&post=16590"}],"curies":[{"name":"wp","href":"https:\/\/api.w.org\/{rel}","templated":true}]}}