{"id":16355,"date":"2021-08-23T14:31:55","date_gmt":"2021-08-23T18:31:55","guid":{"rendered":"http:\/\/www.lecarrefourdesopinions.ca\/?p=16355"},"modified":"2021-08-23T14:31:55","modified_gmt":"2021-08-23T18:31:55","slug":"les-resultats-sont-ils-clairs-livermectine-peut-il-reduire-la-forme-grave-de-la-maladie","status":"publish","type":"post","link":"http:\/\/www.lecarrefourdesopinions.ca\/?p=16355","title":{"rendered":"Les r\u00e9sultats sont-ils clairs? L&rsquo;Ivermectine peut-il r\u00e9duire la forme grave de la maladie?"},"content":{"rendered":"<p><span style=\"font-size: large;\"><b>Les r\u00e9sultats sont-ils clairs? L&rsquo;Ivermectine peut-il r\u00e9duire la forme grave de la maladie?<\/b><\/span><\/p>\n<p><span style=\"color: #800000;\"><em>envoy\u00e9 par Christian Martin<\/em><\/span><\/p>\n<p lang=\"fr-CA\"><span style=\"font-size: x-large;\">Extrait \u00ab\u00a0<i>D\u00e9fendre l\u2019ivermectine il y a 6 mois, c\u2019\u00e9tait \u00eatre complotiste. Aujourd\u2019hui, c\u2019est l\u2019institutpasteur qui met en avant ses effets b\u00e9n\u00e9fiques sur les formes graves du #Covid_19, ces m\u00eames effets qui sont le pr\u00e9texte \u00e0 la vaccination obligatoire.\u00a0<\/i>\u00bb Voir lien ci-dessous<\/span><\/p>\n<p><span style=\"font-size: x-large;\"><span lang=\"fr-CA\"><a href=\"https:\/\/www.lefigaro.fr\/sciences\/covid-19-l-ivermectine-traitement-miracle-ou-enieme-fausse-piste-20210715\">https:\/\/www.lefigaro.fr\/sciences\/covid-19-l-ivermectine-traitement-miracle-ou-enieme-fausse-piste-20210715<\/a> <\/span><\/span><\/p>\n<p lang=\"fr-CA\"><span style=\"font-size: x-large;\">Extrait <i>\u00ab\u00a0l&rsquo;utilisation d&rsquo;ivermectine au d\u00e9but de l&rsquo;\u00e9volution clinique peut r\u00e9duire le nombre de patients \u00e9voluant vers une maladie grave. La s\u00e9curit\u00e9 apparente et le faible co\u00fbt sugg\u00e8rent que l&rsquo;ivermectine est susceptible d&rsquo;avoir un impact significatif sur la pand\u00e9mie de SRAS-CoV-2 dans le monde.\u00a0\u00bb<\/i><\/span><\/p>\n<p lang=\"fr-CA\"><span style=\"font-size: x-large;\">Voir lien ci-dessous:<\/span><\/p>\n<p><span style=\"font-size: x-large;\"><span lang=\"fr-CA\"><a href=\"https:\/\/www.francesoir.fr\/societe-sante\/ivermectine-une-nouvelle-meta-analyse-conclue-son-efficacite\">https:\/\/www.francesoir.fr\/societe-sante\/ivermectine-une-nouvelle-meta-analyse-conclue-son-efficacite<\/a> <\/span><\/span><\/p>\n<p lang=\"fr-CA\">\n<script type=\"text\/javascript\">\n\nvar addthis_config = {\"data_track_clickback\":false,\"data_track_addressbar\":false,\"data_track_textcopy\":false};\n<\/script><script type=\"text\/javascript\" src=\"\/\/s7.addthis.com\/js\/250\/addthis_widget.js#pubid=a457a6d63fb9e6ccabdde4110343bd85\"><\/script>","protected":false},"excerpt":{"rendered":"<p><span style=\"font-size: large;\">Les r\u00e9sultats sont-ils clairs? L&rsquo;Ivermectine peut-il r\u00e9duire la forme grave de la maladie?<\/span><\/p>\n<p><span style=\"color: #800000;\">envoy\u00e9 par Christian Martin<\/span><\/p>\n<p lang=\"fr-CA\"><span style=\"font-size: x-large;\">Extrait \u00ab\u00a0D\u00e9fendre l\u2019ivermectine il y a 6 mois, c\u2019\u00e9tait \u00eatre complotiste. Aujourd\u2019hui, c\u2019est l\u2019institutpasteur qui met en avant ses <\/span>&hellip;<\/p>\n","protected":false},"author":1,"featured_media":0,"comment_status":"open","ping_status":"open","sticky":false,"template":"","format":"standard","meta":{"footnotes":""},"categories":[1],"tags":[],"class_list":["post-16355","post","type-post","status-publish","format-standard","hentry","category-accueil"],"_links":{"self":[{"href":"http:\/\/www.lecarrefourdesopinions.ca\/index.php?rest_route=\/wp\/v2\/posts\/16355","targetHints":{"allow":["GET"]}}],"collection":[{"href":"http:\/\/www.lecarrefourdesopinions.ca\/index.php?rest_route=\/wp\/v2\/posts"}],"about":[{"href":"http:\/\/www.lecarrefourdesopinions.ca\/index.php?rest_route=\/wp\/v2\/types\/post"}],"author":[{"embeddable":true,"href":"http:\/\/www.lecarrefourdesopinions.ca\/index.php?rest_route=\/wp\/v2\/users\/1"}],"replies":[{"embeddable":true,"href":"http:\/\/www.lecarrefourdesopinions.ca\/index.php?rest_route=%2Fwp%2Fv2%2Fcomments&post=16355"}],"version-history":[{"count":1,"href":"http:\/\/www.lecarrefourdesopinions.ca\/index.php?rest_route=\/wp\/v2\/posts\/16355\/revisions"}],"predecessor-version":[{"id":16356,"href":"http:\/\/www.lecarrefourdesopinions.ca\/index.php?rest_route=\/wp\/v2\/posts\/16355\/revisions\/16356"}],"wp:attachment":[{"href":"http:\/\/www.lecarrefourdesopinions.ca\/index.php?rest_route=%2Fwp%2Fv2%2Fmedia&parent=16355"}],"wp:term":[{"taxonomy":"category","embeddable":true,"href":"http:\/\/www.lecarrefourdesopinions.ca\/index.php?rest_route=%2Fwp%2Fv2%2Fcategories&post=16355"},{"taxonomy":"post_tag","embeddable":true,"href":"http:\/\/www.lecarrefourdesopinions.ca\/index.php?rest_route=%2Fwp%2Fv2%2Ftags&post=16355"}],"curies":[{"name":"wp","href":"https:\/\/api.w.org\/{rel}","templated":true}]}}