{"id":16234,"date":"2021-05-15T11:04:33","date_gmt":"2021-05-15T15:04:33","guid":{"rendered":"http:\/\/www.lecarrefourdesopinions.ca\/?p=16234"},"modified":"2021-05-15T11:08:19","modified_gmt":"2021-05-15T15:08:19","slug":"peut-etre-un-peu-chaotique-au-lieu-de-peut-etre-un-chaotique","status":"publish","type":"post","link":"http:\/\/www.lecarrefourdesopinions.ca\/?p=16234","title":{"rendered":"Peut-\u00eatre un peu chaotique au lieu de Peut-\u00eatre un chaotique."},"content":{"rendered":"<p><span style=\"font-size: x-large;\">Peut-\u00eatre un peu chaotique au lieu de Peut-\u00eatre un chaotique&#8230;.. Merci!<\/span><\/p>\n<p><em><span style=\"color: #800000;\">Envoy\u00e9 par Christian Martin<\/span><\/em><\/p>\n<blockquote><p><span style=\"color: #0000a0;\"><span style=\"font-size: large;\">Sujet: Covid-19<\/span><\/span>. <span style=\"font-size: x-large;\">Regadez l&rsquo;int\u00e9gralit\u00e9 de cette interview, cela vaut le coup !<\/span><span style=\"font-size: x-large;\"> Peut-\u00eatre un peu chaotique et r\u00e9p\u00e9titve, <\/span><span style=\"font-size: x-large;\">mais tr\u00e8s instructive \u00e0 mesure qu&rsquo;elle progresse<\/span><span style=\"font-size: x-large;\">;<\/span><\/p><\/blockquote>\n<ul>\n<li>\n<blockquote><p><span style=\"font-size: xx-large;\">Fabrice Di Vizio pulv\u00e9rise tout le monde\u00a0!<\/span><a href=\"https:\/\/youtu.be\/F-We8M7h_bU\"> <span style=\"font-size: xx-large;\">https:\/\/youtu.be\/F-We8M7h_bU<\/span><\/a><\/p><\/blockquote>\n<\/li>\n<\/ul>\n<div id=\"info\" dir=\"LTR\">\n<blockquote>\n<\/blockquote>\n<\/div>\n<div id=\"content\" dir=\"LTR\">\n<div id=\"description\" dir=\"LTR\">\n<blockquote><p>Apr\u00e8s bient\u00f4t un an et demi de crise du Covid-19, les Fran\u00e7ais subissent le masque obligatoire et le couvre-feu. Dans quelques semaines, l\u2019attirail liberticide de la macronie va s\u2019\u00e9tendre avec le passeport sanitaire. Dans le m\u00eame temps, la vaccination avance au rythme des campagnes de communications des m\u00e9dias du Syst\u00e8me. Fabrice Di Vizio, avocat sp\u00e9cialiste des questions de sant\u00e9, avocat du professeur Didier Raoult, du collectif de soignants C19, ainsi que d&rsquo;associations de victimes du Covid-19, livre une critique acerbe de la s\u00e9quence que nous vivons. Retrouvez-nous sur : <a href=\"https:\/\/www.youtube.com\/redirect?event=video_description&amp;redir_token=QUFFLUhqazZZVXBrV3QydkYxR3ozY3kxOXk1NDVwOUluUXxBQ3Jtc0tsWDdTVExKU3JPZXpsdnlWY1BDcmlGc3lNMU9LZ1Z4aHZkYkkzb0trQW9CN2JNT0Z4TkNIcXpwSWVQejNMMGduaVJiNEFsaXdVXzRvSC0zUTdISXdncUQ5RElPck1zdkx5bDhISGhybEI3cktpbmhncw&amp;q=https%3A%2F%2Fwww.tvlibertes.com%2F\" target=\"_blank\" rel=\"noopener\">https:\/\/www.tvlibertes.com\/<\/a> <a href=\"https:\/\/www.youtube.com\/redirect?event=video_description&amp;redir_token=QUFFLUhqbVV5ZjM0YWVNdEE2MHAwTUdhc1o0VTRCd0l0QXxBQ3Jtc0tsdU84ODhybVQyQ3hKRW1YbGthV05qMkJPSVQxVWFKdTNYSDlWcDlKR1E4c09oanVjMFR6c1A3TlJnODNjbldGbmVsNENGdEZuZXNJODlVZUlCUEY0TUV6Y1BJbTEyUmVXS2dzR1BDbG15Wm1sb0FGaw&amp;q=https%3A%2F%2Fwww.facebook.com%2Ftvlibertes%2F\" target=\"_blank\" rel=\"noopener\">https:\/\/www.facebook.com\/tvlibertes\/<\/a> <a href=\"https:\/\/www.youtube.com\/redirect?event=video_description&amp;redir_token=QUFFLUhqbDR2SDJOLTliS0xyV2EtdjZmV3U4RWhfUDQzd3xBQ3Jtc0trQV9JSXFNSWZoZzM2bHpmRm9HMURKYzBUR0dKaEZLTGlYWDRneThCcFItYUpRM21IM3FHY1NxYndaUnlVY2I4MllVZEo2T0VuYTVxbE5lY0VIeVQ3clhDVWRHWkFReUllS0NpS1F4aTlGNVl6ZnpjSQ&amp;q=https%3A%2F%2Ftwitter.com%2Ftvlofficiel%3Flang%3Dfr\" target=\"_blank\" rel=\"noopener\">https:\/\/twitter.com\/tvlofficiel?lang=fr<\/a><\/p><\/blockquote>\n<\/div>\n<\/div>\n<p><span style=\"font-size: xx-large;\"><b>Mon point de vue<\/b><\/span><\/p>\n<p><span style=\"font-size: xx-large;\">En ce qui me concerne, cette interview exceptionnelle de premier ordre\u00a0 met en \u00e9vidence, la port\u00e9e d\u2019un jugement rationnel soit\u00a0:<\/span><\/p>\n<ul>\n<li>\n<blockquote><p><span style=\"font-size: xx-large;\"><b>Le Gros bon sens<\/b><\/span><\/p><\/blockquote>\n<\/li>\n<\/ul>\n<p><span style=\"font-size: xx-large;\">Ainsi, je rejoins sur la notion du gros bon sens, l\u2019article de Richard Joly \u00a0(<i>Publi\u00e9 le 16\/09\/2011 \u00e0 11:34, mis \u00e0 jour le 16\/09\/2011) <\/i>dont voici le lien<\/span><\/p>\n<p><span style=\"font-size: xx-large;\"><a href=\"https:\/\/www.lesaffaires.com\/blogues\/-joly\/le-gros-bon-sens\/534963\">https:\/\/www.lesaffaires.com\/blogues\/-joly\/le-gros-bon-sens\/534963<\/a> \u00a0<\/span><span style=\"font-size: xx-large;\"><i>Voir ci- dessous un Extrait\u00a0:<\/i><\/span><\/p>\n<p><span style=\"font-size: xx-large;\">\u00ab Le bon sens, tout le monde en a besoin, peu l&rsquo;ont, et chacun croit l&rsquo;avoir \u00bb &#8211; Benjamin Franklin.<\/span><\/p>\n<p><span style=\"font-size: xx-large;\"><i>\u00ab\u00a0Le gros bon sens, ou ce qu\u2019on d\u00e9finit de fa\u00e7on plus g\u00e9n\u00e9rale comme \u00e9tant le jugement, est la comp\u00e9tence la plus recherch\u00e9e \u2026\u2026.\u00a0\u00bb<\/i><\/span><\/p>\n<blockquote><p><span style=\"font-size: xx-large;\"><b>Pour info:<\/b><\/span><\/p><\/blockquote>\n<p><span style=\"font-size: xx-large;\"><i>Voir ci-dessous qui est Ma\u00eetre Fabrice DI VIZIO\u00a0;<\/i><\/span><\/p>\n<p><span style=\"font-size: xx-large;\"><i><a href=\"https:\/\/www.divizio.fr\/nous-rejoindre\/\">https:\/\/www.divizio.fr\/nous-rejoindre\/<\/a> <\/i><\/span><\/p>\n<p><span style=\"font-size: xx-large;\"><i>\u00ab\u00a0Ma\u00eetre Fabrice DI VIZIO avocat sp\u00e9cialis\u00e9 dans l&rsquo;accompagnement des professionnels de sant\u00e9 tout au long de leur carri\u00e8re : l&rsquo;installation, l&rsquo;association, le passage en soci\u00e9t\u00e9, la d\u00e9fense face \u00e0 la CPAM, l&rsquo;anticipation des risques\u00a0\u00bb<\/i><\/span><\/p>\n<blockquote>\n<\/blockquote>\n<script type=\"text\/javascript\">\n\nvar addthis_config = {\"data_track_clickback\":false,\"data_track_addressbar\":false,\"data_track_textcopy\":false};\n<\/script><script type=\"text\/javascript\" src=\"\/\/s7.addthis.com\/js\/250\/addthis_widget.js#pubid=a457a6d63fb9e6ccabdde4110343bd85\"><\/script>","protected":false},"excerpt":{"rendered":"<p><span style=\"font-size: x-large;\">Peut-\u00eatre un peu chaotique au lieu de Peut-\u00eatre un chaotique&#8230;.. Merci!<\/span><\/p>\n<p><span style=\"color: #800000;\">Envoy\u00e9 par Christian Martin<\/span><\/p>\n<blockquote>\n<p><span style=\"color: #0000a0;\"><span style=\"font-size: large;\">Sujet: Covid-19<\/span><\/span>. <span style=\"font-size: x-large;\">Regadez l&rsquo;int\u00e9gralit\u00e9 de cette interview, cela vaut le coup !<\/span><span style=\"font-size: x-large;\"> Peut-\u00eatre un peu chaotique et r\u00e9p\u00e9titve, <\/span><span style=\"font-size: x-large;\">mais tr\u00e8s instructive <\/span><\/p>\n<p>&hellip;<\/p><\/blockquote>\n","protected":false},"author":1,"featured_media":0,"comment_status":"open","ping_status":"open","sticky":false,"template":"","format":"standard","meta":{"footnotes":""},"categories":[1],"tags":[],"class_list":["post-16234","post","type-post","status-publish","format-standard","hentry","category-accueil"],"_links":{"self":[{"href":"http:\/\/www.lecarrefourdesopinions.ca\/index.php?rest_route=\/wp\/v2\/posts\/16234","targetHints":{"allow":["GET"]}}],"collection":[{"href":"http:\/\/www.lecarrefourdesopinions.ca\/index.php?rest_route=\/wp\/v2\/posts"}],"about":[{"href":"http:\/\/www.lecarrefourdesopinions.ca\/index.php?rest_route=\/wp\/v2\/types\/post"}],"author":[{"embeddable":true,"href":"http:\/\/www.lecarrefourdesopinions.ca\/index.php?rest_route=\/wp\/v2\/users\/1"}],"replies":[{"embeddable":true,"href":"http:\/\/www.lecarrefourdesopinions.ca\/index.php?rest_route=%2Fwp%2Fv2%2Fcomments&post=16234"}],"version-history":[{"count":2,"href":"http:\/\/www.lecarrefourdesopinions.ca\/index.php?rest_route=\/wp\/v2\/posts\/16234\/revisions"}],"predecessor-version":[{"id":16236,"href":"http:\/\/www.lecarrefourdesopinions.ca\/index.php?rest_route=\/wp\/v2\/posts\/16234\/revisions\/16236"}],"wp:attachment":[{"href":"http:\/\/www.lecarrefourdesopinions.ca\/index.php?rest_route=%2Fwp%2Fv2%2Fmedia&parent=16234"}],"wp:term":[{"taxonomy":"category","embeddable":true,"href":"http:\/\/www.lecarrefourdesopinions.ca\/index.php?rest_route=%2Fwp%2Fv2%2Fcategories&post=16234"},{"taxonomy":"post_tag","embeddable":true,"href":"http:\/\/www.lecarrefourdesopinions.ca\/index.php?rest_route=%2Fwp%2Fv2%2Ftags&post=16234"}],"curies":[{"name":"wp","href":"https:\/\/api.w.org\/{rel}","templated":true}]}}