{"id":16228,"date":"2021-05-12T13:24:48","date_gmt":"2021-05-12T17:24:48","guid":{"rendered":"http:\/\/www.lecarrefourdesopinions.ca\/?p=16228"},"modified":"2021-05-12T13:24:48","modified_gmt":"2021-05-12T17:24:48","slug":"cest-un-nouveau-message-des-generaux-de-france-encore-plus-puissant-que-le-precedent","status":"publish","type":"post","link":"http:\/\/www.lecarrefourdesopinions.ca\/?p=16228","title":{"rendered":"C\u2019est un nouveau message des G\u00e9n\u00e9raux\u00a0 de France\u00a0 encore plus puissant que le pr\u00e9c\u00e9dent\u2026"},"content":{"rendered":"<p><span style=\"font-size: medium;\"><b>Sujet: C\u2019est un nouveau message des G\u00e9n\u00e9raux\u00a0 de France\u00a0 encore plus puissant que le pr\u00e9c\u00e9dent\u2026<\/b><\/span><\/p>\n<p><span style=\"font-size: small; color: #800000;\"><i>envoy\u00e9 par Christian Martin<\/i><\/span><\/p>\n<p><span style=\"font-size: medium;\">Valeurs Actuelles: A partager dixit Valeurs Actuelles.<\/span><\/p>\n<p><span style=\"font-size: medium;\"><a href=\"https:\/\/www.valeursactuelles.com\/societe\/exclusif-signez-la-nouvelle-tribune-des-militaires\/\">https:\/\/www.valeursactuelles.com\/societe\/exclusif-signez-la-nouvelle-tribune-des-militaires\/<\/a> <\/span><\/p>\n<p>&nbsp;<\/p>\n<p><span style=\"font-size: medium;\"><b>Dans ces conditions, <\/b>c\u2019est \u00e0 nous, qui sommes r\u00e9cemment entr\u00e9s dans la carri\u00e8re, d\u2019entrer dans l\u2019ar\u00e8ne pour avoir simplement l\u2019honneur d\u2019y dire la v\u00e9rit\u00e9&#8230;&#8230;<\/span><\/p>\n<p><span style=\"font-size: medium;\"><b>Quote:<\/b><\/span><\/p>\n<p><span style=\"font-size: medium;\"><b>Mon point de vue:<\/b><\/span><\/p>\n<p><span style=\"font-size: medium;\">1) <b>C\u2019est un nouveau message des G\u00e9n\u00e9raux\u00a0 de France\u00a0 encore plus puissant que le pr\u00e9c\u00e9dent<\/b> qui touche \u00e0 la fois en plein c\u0153ur la fibre patriotique\u00a0 engendrant l\u2019esprit combatif bas\u00e9 sur la raison qui elle- m\u00eame s&rsquo;appuie sur la v\u00e9rit\u00e9 des faits ind\u00e9niables.<\/span><\/p>\n<p><span style=\"font-size: medium;\">C\u2019est ainsi que je me r\u00e9f\u00e8re \u00e0 Montaigne un philosophe de la renaissance, une des principales racines de notre culture, histoire\u00a0 et culture que ces mondialistes cherchent \u00e0 d\u00e9truire. \u00ab Montaigne est humaniste mais aussi sceptique par rapport \u00e0 cette conception de l&rsquo;homme. &#8230; C&rsquo;est pourquoi il met au contre de tout questionnement sur l&rsquo;univers, la nature ou l&rsquo;homme, une individualit\u00e9 particuli\u00e8re : sa conscience ou sa perception personnelle du monde.14 oct. 2017 Google \u00bb<\/span><\/p>\n<p><span style=\"font-size: medium;\">Voir ci- dessous aussi un Extrait du dernier livre de Bernard S\u00e8ve, (Montaigne). Des r\u00e8gles publi\u00e9s par\u00a0 La Vie des id\u00e9es \u00ab Coll\u00e8ge de France \u00bb Le 27 novembre 2007.<\/span><\/p>\n<p><span style=\"font-size: medium;\">\u00ab La raison est toujours pr\u00e9sent\u00e9e par Montaigne comme une \u00ab facult\u00e9 \u00bb de second temps : la raison raisonne sur des choses qui sont d\u00e9j\u00e0 l\u00e0, et en s\u2019appuyant sur des principes qu\u2019elle n\u2019a pas elle-m\u00eame pos\u00e9s\u2026.<\/span><\/p>\n<p>\u00a0<span style=\"font-size: medium;\">\u00ab L\u2019esprit se distingue donc d\u2019abord de la raison comme une op\u00e9ration \u00ab premi\u00e8re \u00bb d\u2019une op\u00e9ration \u00ab seconde \u00bb. Montaigne.<\/span><\/p>\n<p><span style=\"font-size: medium;\">2) <b>Je voudrais donc pour ma part confirmer que:<\/b><\/span><\/p>\n<ul>\n<li>\n<p><span style=\"font-size: medium;\">ma carri\u00e8re m\u2019a conduit au Qu\u00e9bec o\u00f9 je demeure depuis 1982 et que j\u2019ai adopt\u00e9 comme point final de ma vie. En quittant la Guadeloupe j\u2019avais d\u00e9j\u00e0 \u00e9t\u00e9 frapp\u00e9 par la politique d\u2019alors qui pr\u00f4nait des id\u00e9es de collectivisme contraire \u00e0 l\u2019Int\u00e9r\u00eat de l\u2019homme. J\u2019ai bien lu Karl Marx socialiste et communiste prussien. J\u2019ai qualifi\u00e9 ses id\u00e9es de v\u0153ux pieux contraires \u00e0 la nature humaine bas\u00e9e principalement sur l\u2019Int\u00e9r\u00eat de l\u2019homme. Dans les ann\u00e9es 60 la France pour se d\u00e9barrasser de ces professeurs qui infestaient l\u2019\u00e9ducation nationale par leurs id\u00e9aux marxistes-l\u00e9ninistes, elle les a d\u00e9vers\u00e9s dans les Don Tom. Ces derniers d\u00e9j\u00e0 \u00e0 cette <b>\u00e9poque crachaient leurs venins en pratiquant une propagande de racisme en vue de d\u00e9stabiliser la r\u00e9gion des Antilles aux\u00a0 \u00e9lections locales.<\/b><\/span><\/p>\n<\/li>\n<li>\n<p>\u00a0<span style=\"font-size: medium;\">J\u2019ai \u00e9t\u00e9 une victime de l\u2019un de ces profs malfaisants m\u00e9tropolitains qui \u00e9tait un envieux, mal v\u00eatu et mal propre\u00a0 aux pens\u00e9es malsaines. J\u2019\u00e9tais en 4i\u00e8me et je n\u2019entre pas dans les d\u00e9tails, cela est trop long. Toutefois, j\u2019ai eu l\u2019occasion de remercier une derni\u00e8re fois au t\u00e9l\u00e9phone mon prof de Fran\u00e7ais (Martiniquais) Joseph Jos tout juste avant son d\u00e9c\u00e8s (d\u00e9c\u00e9d\u00e9 le 18 02 2018), il m\u2019avait d\u00e9fendu au conseil de discipline <\/span><span style=\"font-size: medium;\"><b>en le traitant de menteur devant tous les membres du conseil.<\/b><\/span><span style=\"font-size: medium;\"> J\u2019ai donc obtenu le tableau d\u2019honneur et les encouragements du conseil alors que ce pervers en demandait la suppression.<\/span><\/p>\n<\/li>\n<\/ul>\n<p><span style=\"font-size: medium;\">Aujourd\u2019hui je suis effar\u00e9 de voir la France plong\u00e9e dans le chaos, d&rsquo;une criminalit\u00e9 \u00abpernicieuse\u00bb en plus du racisme fer de lance des mondialistes qui veulent d\u00e9construire l\u2019histoire et la culture de France.\u00a0 Et de voir aussi les manifestations de grandes ampleurs qui sont le reflet d&rsquo;un m\u00e9contentement \u00e9conomico-social.<\/span><\/p>\n<p><span style=\"font-size: medium;\">Cela \u00e9tant dit, j\u2019approuve Les G\u00e9n\u00e9raux et militaires, <b>dignes d\u00e9fenseurs de la France <\/b>qui ont lanc\u00e9 une alerte aux gouvernants, celle du chaos actuel dans lequel la France se trouve qui\u00a0 pourrait conduire vers une guerre civile !<\/span><\/p>\n<script type=\"text\/javascript\">\n\nvar addthis_config = {\"data_track_clickback\":false,\"data_track_addressbar\":false,\"data_track_textcopy\":false};\n<\/script><script type=\"text\/javascript\" src=\"\/\/s7.addthis.com\/js\/250\/addthis_widget.js#pubid=a457a6d63fb9e6ccabdde4110343bd85\"><\/script>","protected":false},"excerpt":{"rendered":"<p><span style=\"font-size: medium;\">Sujet: C\u2019est un nouveau message des G\u00e9n\u00e9raux\u00a0 de France\u00a0 encore plus puissant que le pr\u00e9c\u00e9dent\u2026<\/span><\/p>\n<p><span style=\"font-size: small; color: #800000;\">envoy\u00e9 par Christian Martin<\/span><\/p>\n<p><span style=\"font-size: medium;\">Valeurs Actuelles: A partager dixit Valeurs Actuelles.<\/span><\/p>\n<p><span style=\"font-size: medium;\">https:\/\/www.valeursactuelles.com\/societe\/exclusif-signez-la-nouvelle-tribune-des-militaires\/ <\/span><\/p>\n<p>&nbsp;<\/p>\n<p><span style=\"font-size: medium;\">Dans ces conditions, c\u2019est \u00e0 nous, qui sommes r\u00e9cemment <\/span>&hellip;<\/p>\n","protected":false},"author":1,"featured_media":0,"comment_status":"open","ping_status":"open","sticky":false,"template":"","format":"standard","meta":{"footnotes":""},"categories":[1],"tags":[],"class_list":["post-16228","post","type-post","status-publish","format-standard","hentry","category-accueil"],"_links":{"self":[{"href":"http:\/\/www.lecarrefourdesopinions.ca\/index.php?rest_route=\/wp\/v2\/posts\/16228","targetHints":{"allow":["GET"]}}],"collection":[{"href":"http:\/\/www.lecarrefourdesopinions.ca\/index.php?rest_route=\/wp\/v2\/posts"}],"about":[{"href":"http:\/\/www.lecarrefourdesopinions.ca\/index.php?rest_route=\/wp\/v2\/types\/post"}],"author":[{"embeddable":true,"href":"http:\/\/www.lecarrefourdesopinions.ca\/index.php?rest_route=\/wp\/v2\/users\/1"}],"replies":[{"embeddable":true,"href":"http:\/\/www.lecarrefourdesopinions.ca\/index.php?rest_route=%2Fwp%2Fv2%2Fcomments&post=16228"}],"version-history":[{"count":1,"href":"http:\/\/www.lecarrefourdesopinions.ca\/index.php?rest_route=\/wp\/v2\/posts\/16228\/revisions"}],"predecessor-version":[{"id":16229,"href":"http:\/\/www.lecarrefourdesopinions.ca\/index.php?rest_route=\/wp\/v2\/posts\/16228\/revisions\/16229"}],"wp:attachment":[{"href":"http:\/\/www.lecarrefourdesopinions.ca\/index.php?rest_route=%2Fwp%2Fv2%2Fmedia&parent=16228"}],"wp:term":[{"taxonomy":"category","embeddable":true,"href":"http:\/\/www.lecarrefourdesopinions.ca\/index.php?rest_route=%2Fwp%2Fv2%2Fcategories&post=16228"},{"taxonomy":"post_tag","embeddable":true,"href":"http:\/\/www.lecarrefourdesopinions.ca\/index.php?rest_route=%2Fwp%2Fv2%2Ftags&post=16228"}],"curies":[{"name":"wp","href":"https:\/\/api.w.org\/{rel}","templated":true}]}}