{"id":16205,"date":"2021-05-05T10:18:05","date_gmt":"2021-05-05T14:18:05","guid":{"rendered":"http:\/\/www.lecarrefourdesopinions.ca\/?p=16205"},"modified":"2021-05-05T10:18:05","modified_gmt":"2021-05-05T14:18:05","slug":"racismes-mondialistes-et-deconstructions","status":"publish","type":"post","link":"http:\/\/www.lecarrefourdesopinions.ca\/?p=16205","title":{"rendered":"Racismes, Mondialistes et D\u00e9constructions"},"content":{"rendered":"<p lang=\"fr-CA\"><span style=\"font-size: medium;\"><b>Racismes, Mondialistes et D\u00e9constructions<\/b><\/span><\/p>\n<p lang=\"fr-CA\"><span style=\"font-size: medium; color: #800000;\"><i>par Christian Martin<\/i><\/span><\/p>\n<p lang=\"fr-CA\"><span style=\"font-size: medium;\"><b>\u00ab De la mont\u00e9e de l\u2019extr\u00eame d\u00e9mesur\u00e9e assortie d\u2019un enrobement, le tout et son contraire, en passant par la malignit\u00e9, la manipulation aboutissant au contr\u00f4le et \u00e0 la r\u00e9signation des assujettis \u00bb Christian<\/b><\/span><\/p>\n<p lang=\"fr-CA\"><span style=\"font-size: medium;\"><b>Avant-propos<\/b><\/span><\/p>\n<p lang=\"fr-CA\"><span style=\"font-size: medium;\"><b>Certains me disaient : \u00ab si nous en sommes l\u00e0, c&rsquo;est parce que depuis des d\u00e9cennies, nous n&rsquo;avons pas eu les couilles pour nous faire respecter\u00a0\u00bb<\/b><\/span><\/p>\n<p lang=\"fr-CA\"><span style=\"font-size: medium;\"><b>Je crois personnellement que si les causes r\u00e9elles du racisme ne sont pas bien analys\u00e9es, nous devenons aveugles et faisons le jeu justement des mondialistes qui infectent la pens\u00e9e d\u2019aujourd\u2019hui.<\/b><\/span><\/p>\n<p lang=\"fr-CA\"><span style=\"font-size: medium;\"><b>L\u00e0 je fais r\u00e9f\u00e9rence \u00e0 Marc Aur\u00e8le philosophe sto\u00efcien qui disait \u00ab La meilleure fa\u00e7on de se venger d\u2019un ennemi, c\u2019est de ne pas lui ressembler \u00bb<\/b><\/span><\/p>\n<p lang=\"fr-CA\"><span style=\"font-size: medium;\"><b>De proposer de \u00ab remettre les pendules \u00e0 l\u2019heure \u00bb, est-ce une solution att\u00e9nuante? Le pass\u00e9 est le pass\u00e9. La vie, la culture, et le vivre ensemble sont tributaires de l\u2019\u00e9volution de l\u2019homme et en particulier du choix politique adopt\u00e9, avec ses bonnes ou mauvaises d\u00e9cisions.<\/b><\/span><\/p>\n<p><span style=\"font-size: medium;\"><span lang=\"fr-CA\"><b>Apr\u00e8s 18 ans de multiculturalisme au sein du Carrefour des communaut\u00e9s du Qu\u00e9bec (CCQ), <\/b><\/span><\/span><a href=\"http:\/\/www.ccqc.quebec\/\"><span style=\"font-size: medium;\">http:\/\/www.ccqc.quebec\/<\/span><\/a><span style=\"font-size: medium;\"><span lang=\"fr-CA\"><b> que j\u2019ai fond\u00e9 en 2001 suite \u00e0 mon d\u00e9saccord avec le parti lib\u00e9ral qui voulait diluer dans les comt\u00e9s, la commission des communaut\u00e9s culturelles dont j\u2019\u00e9tais le pr\u00e9sident.<\/b><\/span><\/span><\/p>\n<p lang=\"fr-CA\"><span style=\"font-size: medium;\"><b>La devise alors de notre association adopt\u00e9e \u00e0 l\u2019unanimit\u00e9, au regard de la diversit\u00e9, par l\u2019ensemble des membres, (plus de quarante personnes quittant le parti lib\u00e9ral avec moi,) \u00e9tait\/ est \u00ab se faire conna\u00eetre &amp; se faire reconna\u00eetre \u00bb au sein de la soci\u00e9t\u00e9 d\u2019accueil.<\/b><\/span><\/p>\n<p lang=\"fr-CA\"><span style=\"font-size: medium;\"><b>J\u2019avais donc pris conscience que la dilution de cette commission annulait la repr\u00e9sentativit\u00e9 des communaut\u00e9s alors que le multiculturalisme d\u00e9velopp\u00e9 par l\u2019ex-premier Ministre du Canada Eliot Trudeau assurait le communautarisme, ce que la France ne reconnaissait pas et qui toujours ne reconna\u00eet pas les communaut\u00e9s mais plut\u00f4t l\u2019inter-culturalisme, soit en fait une id\u00e9ologie n&rsquo;offrant pas spontan\u00e9ment de valeur \u00e0 chacune des cultures \u00e0 l&rsquo;int\u00e9rieur d&rsquo;une m\u00eame soci\u00e9t\u00e9.<\/b><\/span><\/p>\n<p lang=\"fr-CA\"><span style=\"font-size: medium;\"><b>J\u2019ai pu partager bien des opinons avec des gens venant de tous les pays du monde. Ce partage dans un contexte o\u00f9 les nouveaux arrivants au Qu\u00e9bec, qu\u2019ils soient sur le plan \u00e9conomique, dans le cadre du regroupement de la famille ou des r\u00e9fugi\u00e9s politiques m\u2019ont permis de r\u00e9aliser qu\u2019il y avait \u00e0 l\u2019\u00e9poque \u00ab une niche \u00bb bas\u00e9e sur le partage des opinions.<\/b><\/span><\/p>\n<p><span style=\"font-size: medium;\"><span lang=\"fr-CA\"><b>Apr\u00e8s avoir cr\u00e9\u00e9 Le CCQ, j\u2019ai fond\u00e9 en 2007 le journal \u00ab le Carrefour des opinions \u00bb qui a \u00e9t\u00e9 ensuite transform\u00e9 en \u00ab Blog \u00bb : <\/b><\/span><\/span><a href=\"https:\/\/www.lecarrefourdesopinions.ca\/\"><span style=\"font-size: medium;\">https:\/\/www.lecarrefourdesopinions.ca<\/span><\/a><b> <\/b><\/p>\n<p lang=\"fr-CA\"><span style=\"font-size: medium;\"><b>Racisme, droits et devoirs, d\u00e9construction le subterfuge.<\/b><\/span><\/p>\n<p lang=\"fr-CA\"><span style=\"font-size: medium;\"><b>Vous savez le racisme existe depuis la nuit des temps, je me souviens alors adolescent de mon premier voyage en 1959 pour Antigua o\u00f9 j\u2019ai d\u00e9couvert qu\u2019il y avait des clubs de tennis r\u00e9serv\u00e9s pour des blancs, des noirs et des mul\u00e2tres et la vie l\u00e0-bas \u00e9tait aussi \u00e9videmment bas\u00e9e sur les classes sociales , de riches ou des pauvres, et pourtant \u00ab tout ce soi-disant beau monde \u00bb vivait en pleine harmonie.<\/b><\/span><\/p>\n<p><span style=\"font-size: medium;\"><span lang=\"fr-CA\"><b>Adopter un nouveau venu est certes une difficult\u00e9 primaire, caus\u00e9e par des tabous, l\u2019\u00e9ducation et les diff\u00e9rentes religions. Lors d\u2019un de mes Galas en 2003 pour la remise des m\u00e9dailles des arts et m\u00e9tiers, reconnaissance du rayonnement du multiculturalisme, cr\u00e9e en 2001, j\u2019avais \u00e0 ma table d\u2019honneur une des plus grandes figures du Qu\u00e9bec un pr\u00e9sident de la plus grande coop\u00e9rative de financement du Qu\u00e9bec, assis \u00e0 mon c\u00f4t\u00e9 gauche, il se pencha vers moi et il m\u2019a dit avec courage<\/b><\/span><span lang=\"fr-CA\"><i><b>:\u00ab Je voudrais vous dire Monsieur Martin qu\u2019aujourd\u2019hui que par devant l\u2019ampleur de ce gala au Ritz Carlton et la repr\u00e9sentativit\u00e9 imposante de la diversit\u00e9,j\u2019ai vu des immigrants commer\u00e7ants, m\u00e9decins, des avocats des chirurgiens, et des com\u00e9diens ,tous d\u2019origine de diff\u00e9rents pays et tous d\u2019une \u00e9ducation remarquable aussi je tiens \u00e0 vous dire que je retire ce que je pensais des immigrants, je les associais \u00e0 des sous-sols d\u2019\u00e9glises \u00bb(<\/b><\/i><\/span><span lang=\"fr-CA\"><b>Voulant dire : Seconde classe d\u2019homme, un questionnement donc sur l\u2019apport effectif de ces gens venus d\u2019ailleurs.)<\/b><\/span><\/span><\/p>\n<p lang=\"fr-CA\"><span style=\"font-size: medium;\"><b>Par rapport \u00e0 cette affirmation reconnaissante de mon invit\u00e9, il faut pr\u00e9ciser que notre association d\u00e9veloppait un sentiment d\u2019appartenance au Canada\/Qu\u00e9bec et ainsi a pu d\u00e9velopper de nombreux prix valorisant \u00e0 la fois le travail et les relations de commerce international gr\u00e2ce aux contacts des nouveaux arrivants avec leurs pays d\u2019origine. (Un atout non n\u00e9gligeable \u00e0 l\u2019import\/export).<\/b><\/span><\/p>\n<p lang=\"fr-CA\"><span style=\"font-size: medium;\"><b>La grande diff\u00e9rence entre la France et le Canda \/Qu\u00e9bec en mati\u00e8re d\u2019immigration l\u00e9gale n\u2019entre pas qui veut au Canada. Il faut un visa d\u2019immigrant, il y a des quotas afin de r\u00e9guler le nombre des entrants. <\/b><\/span><\/p>\n<p lang=\"fr-CA\"><a name=\"_GoBack\"><\/a><span style=\"font-size: medium;\"><b>L\u2019immigration en France a toujours \u00e9t\u00e9 une passoire. L\u2019afflux des migrants, un ph\u00e9nom\u00e8ne actuel et nouveau, qui sont des entrants ill\u00e9gaux que je qualifie d\u2019Inva sionistes en grand nombre, d\u2019un monde \u00e0 l\u2019autre provoque une d\u00e9stabilisation compl\u00e8te du pays envahi, tant sur le plan de la s\u00e9curit\u00e9, social qu\u2019\u00e9conomique. Ils sont soutenus comme vous le savez par les mondialistes.<\/b><\/span><\/p>\n<p lang=\"fr-CA\"><span style=\"font-size: medium;\"><b>La proposition que nous avions sugg\u00e9r\u00e9e \u00e0 la ministre charg\u00e9e de l\u2019immigration \u00e9tait tout d\u2019abord de ne pas \u00e9tablir de simple quotas mais qu\u2019ils soient \u00e9tablis en fonction de l\u2019\u00e9valuation du march\u00e9 de l\u2019emploi favorisant ainsi les postes qui sont r\u00e9ellement \u00e0 pourvoir. Par ailleurs, et surtout que le solliciteur puisse signer une chartre sorte de d\u00e9claration de l\u2019immigrant de respecter les valeurs, coutumes, traditions culturelles et de vie du pays d\u2019accueil. Je pense que nous avons contribu\u00e9 ainsi \u00e0 am\u00e9liorer consid\u00e9rablement les devoirs des entrants face au pays d\u2019accueil.<\/b><\/span><\/p>\n<p lang=\"fr-CA\"><span style=\"font-size: medium;\"><b>Respecter les droits du citoyen certes mais le citoyen doit aussi assumer ses devoirs envers son pays d\u2019accueil. Ici, il y a une auto route \u00e0 double sens. Autrement, comme disent certains avec agressivit\u00e9, si cela ne vous convient pas vous pouvez ou devez envisager un retour \u00e0 votre source d\u2019origine par une autoroute \u00e0 sens unique sans retour.<\/b><\/span><\/p>\n<p lang=\"fr-CA\"><span style=\"font-size: medium;\"><b>Les mondialistes instaurant la peur en pr\u00eachant \u00abLa D\u00e9construction de l&rsquo;histoire via le racisme comme le fer de lance.\u00bb provoquent in\u00e9vitablement une contre r\u00e9action celle de brandir la menace aux immigrants du retour au pays d\u2019origine, qui semble \u00eatre du \u00ab gros bons sens \u00bb mais qui contribue plut\u00f4t \u00e0 mettre de l\u2019huile sur le feu.<\/b><\/span><\/p>\n<p lang=\"fr-CA\"><span style=\"font-size: medium;\"><b>Se cantonner \u00e0 dire seulement \u00ab r\u00e9-immigrer dans votre pays et arr\u00eater de nous casser les couilles \u00bb est une affirmation limit\u00e9e sans tenir compte des immigrants venus du monde entier.Il existe au Qu\u00e9bec des diasporas exemple; Ha\u00eftienne, tr\u00e8s cultiv\u00e9e qui contribue \u00e0 son appartenance au Qu\u00e9bec. Pourquoi viser le Communautarisme en particulier? <\/b><\/span><\/p>\n<p lang=\"fr-CA\"><span style=\"font-size: medium;\"><b>Je crois que tous nous n\u2019appr\u00e9cions pas la question de la d\u00e9construction de l\u2019histoire. C\u2019est un subterfuge, un moyen de cr\u00e9er une diversion grave aboutissant \u00e0 un chaos \u00e9conomico-social. L\u2019histoire est l\u2019histoire. Elle fait partie de notre pass\u00e9e \u00e0 la fois glorieux et triste reconnaissant les morts de toutes les guerres.<\/b><\/span><\/p>\n<p lang=\"fr-CA\"><span style=\"font-size: medium;\"><b>Posez- vous la question? Ces mondialistes peuvent- ils d\u00e9construire Les civilisations Gr\u00e9co-Romaine, \u00c9gyptienne, civilisation Arabe qui s&rsquo;\u00e9tend d&rsquo;Oman \u00e0 la Mauritanie ; cela comprend la majorit\u00e9 des habitants de la p\u00e9ninsule arabique, du Machrek et du Maghreb qui \u00e9taient aussi des esclavagistes notoires!<\/b><\/span><\/p>\n<p lang=\"fr-CA\"><span style=\"font-size: medium;\"><b>La notion d\u2019esclave base de la haine actuelle semble depuis des d\u00e9cennies s\u2019en limiter \u00e0 la Race noire alors qu\u2019initialement il y avait des esclaves de toutes races, Blancs, Noirs, et Jaunes provenant de guerres tribales tout aussi bien en Europe qu\u2019en Afrique et Asie.<\/b><\/span><\/p>\n<p lang=\"fr-CA\"><span style=\"font-size: medium;\"><b>Mo\u00efse lib\u00e8re le peuple Juif de l\u2019esclavage maintenu par le Pharaon dit \u00ab Le Pharaon de l\u2019oppression \u00bb son nom n\u2019\u00e9tait pas d\u00e9voil\u00e9 dans les textes ou encore appel\u00e9 simplement\u00ab Pharaon, Roi d\u2019\u00c9gypte \u00bb.<\/b><\/span><\/p>\n<p lang=\"fr-CA\"><span style=\"font-size: medium;\"><b>Le peuple Juif lib\u00e9r\u00e9 \u00e9tait-il de race noire?<\/b><\/span><\/p>\n<p lang=\"fr-CA\"><span style=\"font-size: medium;\"><b>Conclusion<\/b><\/span><\/p>\n<p lang=\"fr-CA\"><span style=\"font-size: medium;\"><b>Cela \u00e9tant dit, La col\u00e8re crue, (brutale, agressive et tr\u00e8s expressive) des \u00abBlack lives matters\u00bb dans ces villes am\u00e9ricaines n&rsquo;annonce rien de bon pour l&rsquo;avenir multiculturel du Qu\u00e9bec ou de l\u2019inter-culturalisme de la France. <\/b><\/span><\/p>\n<p lang=\"fr-CA\"><span style=\"font-size: medium;\"><b>Il y a donc actuellement danger en la demeure : Aussi deux niveaux de discussions s\u2019imposent!<\/b><\/span><\/p>\n<p><a href=\"https:\/\/iris-recherche.qc.ca\/blogue\/qu-est-ce-que-le-racisme-systemique\"><span style=\"font-size: medium;\">https:\/\/iris-recherche.qc.ca\/blogue\/qu-est-ce-que-le-racisme-systemique<\/span><\/a><b> <\/b><\/p>\n<p><span style=\"font-size: medium;\"><span lang=\"fr-CA\"><b>Il est important de comprendre la complexit\u00e9, ici et l\u00e0 du racisme par ce lien avant de passer au deuxi\u00e8me stade; la grande propagande anti-blanc colonialiste qui propage une id\u00e9e de vengeance soit : \u00abLa D\u00e9construction de l&rsquo;histoire via le racisme comme le fer de lance.\u00bb et, d\u2019un autre c\u00f4t\u00e9, le racisme structurel dans les commentaires dixit Wikip\u00e9dia, que certains d\u2019entres vous n\u2019ont peut-\u00eatre pas not\u00e9 \u00ab <\/b><\/span><span lang=\"fr-CA\"><i><b>&#8230;des chercheurs en sciences sociales, qui rappellent l&rsquo;importance du contexte historique et font une distinction conceptuelle entre le racisme des dominants inscrit dans l&rsquo;organisation sociale, il est syst\u00e9mique ou structurel, et l\u2019existence de certains comportements individuels ou de groupes relevant de la haine raciale (injure raciste, harc\u00e8lement, agression, appel \u00e0 la haine ou \u00e0 la violence, etc.).Ces auteurs consid\u00e8rent que la notion de racismes anti-Blancs n&rsquo;est pas pertinente dans des soci\u00e9t\u00e9s o\u00f9 les Blancs sont en position de domination \u00bb <\/b><\/i><\/span><span lang=\"fr-CA\"><b>Cette derni\u00e8re affirmation soulign\u00e9e rejoint la notion de majorit\u00e9 qui ne saurait \u00eatre domin\u00e9 par la minorit\u00e9.<\/b><\/span><\/span><\/p>\n<p lang=\"fr-CA\"><span style=\"font-size: medium;\"><b>L\u2019Invasion migratoires des fronti\u00e8res actuelles Sud-Nord n\u2019explique pas la mouvance des peuples traditionnelles mais plut\u00f4t une alliance des mondialistes pour une d\u00e9stabilisation organis\u00e9e des \u00e9tats souverains \u00e0 la fois, afin d\u2019exercer le contr\u00f4le des peuples soit, \u00ab l\u2019asservissement de l\u2019homme par un collectivisme plan\u00e9taire \u00bb et en m\u00eame temps cr\u00e9er, une nouvelle forme d\u2019esclavage des peuples, soit : l\u2019asservissement conditionn\u00e9 et contr\u00f4l\u00e9 par la technologie \u00e0 distance, une num\u00e9risation des stockages des fichiers num\u00e9riques pr\u00e9sent\u00e9s comme une facilit\u00e9 d\u2019\u00e9limination du papier. Cela fait des ann\u00e9es que l\u2019id\u00e9e de l\u2019\u00e9limination papier fait son effet mais ces fichiers maintenant se transforment en fichiers espions de votre vie priv\u00e9e.<\/b><\/span><\/p>\n<p lang=\"fr-CA\"><span style=\"font-size: medium;\"><b>En tout \u00e9tat de cause, on ne dirait pas que nous sommes en 2021 !<\/b><\/span><\/p>\n<p lang=\"fr-CA\"><span style=\"font-size: medium;\"><b>Faire revivre la haine collective d\u2019un groupe par rapport \u00e0 un autre est une aberration sans nom.<\/b><\/span><\/p>\n<p lang=\"fr-CA\"><span style=\"font-size: medium;\"><b>Sommes-nous donc toujours du temps des guerres de religions ou de la domination de l\u2019Homme par l\u2019Homme ou encore du collectivisme dominant qui s\u2019est toujours av\u00e9r\u00e9 incompatible avec l\u2019Int\u00e9r\u00eat de l\u2019homme ??<\/b><\/span><\/p>\n<p lang=\"fr-CA\"><span style=\"font-size: medium;\"><b>Salut, A+<\/b><\/span><\/p>\n<p>&nbsp;<\/p>\n<script type=\"text\/javascript\">\n\nvar addthis_config = {\"data_track_clickback\":false,\"data_track_addressbar\":false,\"data_track_textcopy\":false};\n<\/script><script type=\"text\/javascript\" src=\"\/\/s7.addthis.com\/js\/250\/addthis_widget.js#pubid=a457a6d63fb9e6ccabdde4110343bd85\"><\/script>","protected":false},"excerpt":{"rendered":"<p lang=\"fr-CA\"><span style=\"font-size: medium;\">Racismes, Mondialistes et D\u00e9constructions<\/span><\/p>\n<p lang=\"fr-CA\"><span style=\"font-size: medium; color: #800000;\">par Christian Martin<\/span><\/p>\n<p lang=\"fr-CA\"><span style=\"font-size: medium;\">\u00ab De la mont\u00e9e de l\u2019extr\u00eame d\u00e9mesur\u00e9e assortie d\u2019un enrobement, le tout et son contraire, en passant par la malignit\u00e9, la manipulation aboutissant au contr\u00f4le et \u00e0 la r\u00e9signation des <\/span>&hellip;<\/p>\n","protected":false},"author":1,"featured_media":0,"comment_status":"open","ping_status":"open","sticky":false,"template":"","format":"standard","meta":{"footnotes":""},"categories":[1],"tags":[],"class_list":["post-16205","post","type-post","status-publish","format-standard","hentry","category-accueil"],"_links":{"self":[{"href":"http:\/\/www.lecarrefourdesopinions.ca\/index.php?rest_route=\/wp\/v2\/posts\/16205","targetHints":{"allow":["GET"]}}],"collection":[{"href":"http:\/\/www.lecarrefourdesopinions.ca\/index.php?rest_route=\/wp\/v2\/posts"}],"about":[{"href":"http:\/\/www.lecarrefourdesopinions.ca\/index.php?rest_route=\/wp\/v2\/types\/post"}],"author":[{"embeddable":true,"href":"http:\/\/www.lecarrefourdesopinions.ca\/index.php?rest_route=\/wp\/v2\/users\/1"}],"replies":[{"embeddable":true,"href":"http:\/\/www.lecarrefourdesopinions.ca\/index.php?rest_route=%2Fwp%2Fv2%2Fcomments&post=16205"}],"version-history":[{"count":1,"href":"http:\/\/www.lecarrefourdesopinions.ca\/index.php?rest_route=\/wp\/v2\/posts\/16205\/revisions"}],"predecessor-version":[{"id":16206,"href":"http:\/\/www.lecarrefourdesopinions.ca\/index.php?rest_route=\/wp\/v2\/posts\/16205\/revisions\/16206"}],"wp:attachment":[{"href":"http:\/\/www.lecarrefourdesopinions.ca\/index.php?rest_route=%2Fwp%2Fv2%2Fmedia&parent=16205"}],"wp:term":[{"taxonomy":"category","embeddable":true,"href":"http:\/\/www.lecarrefourdesopinions.ca\/index.php?rest_route=%2Fwp%2Fv2%2Fcategories&post=16205"},{"taxonomy":"post_tag","embeddable":true,"href":"http:\/\/www.lecarrefourdesopinions.ca\/index.php?rest_route=%2Fwp%2Fv2%2Ftags&post=16205"}],"curies":[{"name":"wp","href":"https:\/\/api.w.org\/{rel}","templated":true}]}}