{"id":15957,"date":"2020-09-04T16:51:05","date_gmt":"2020-09-04T20:51:05","guid":{"rendered":"http:\/\/www.lecarrefourdesopinions.ca\/?p=15957"},"modified":"2020-09-12T13:10:05","modified_gmt":"2020-09-12T17:10:05","slug":"president-francais-hors-de-lui","status":"publish","type":"post","link":"http:\/\/www.lecarrefourdesopinions.ca\/?p=15957","title":{"rendered":"Pr\u00e9sident fran\u00e7ais hors de lui?"},"content":{"rendered":"<p><span style=\"font-size: large;\"><b>Pr\u00e9sident fran\u00e7ais hors de lui?<\/b><\/span><\/p>\n<p><span style=\"font-size: small; color: #800000;\"><i>Envoy\u00e9 par Christian Martin<\/i><\/span><\/p>\n<p><span style=\"font-size: large;\">Suite aux r\u00e9v\u00e9lations par un journaliste fran\u00e7ais de sa rencontre avec un dirigeant du Hezbollah.<br \/><\/span><br \/><span style=\"font-size: large;\">Voici quelques extraits des commentaires de Sputniknews.<\/span><\/p>\n<p><span style=\"font-size: large;\"><i>&lt;&lt;Le journaliste a en effet r\u00e9v\u00e9l\u00e9 les dessous <a href=\"https:\/\/fr.sputniknews.com\/international\/202008311044349741-malgre-laccord-de-principe-du-hezbollah-le-nouveau-pacte-de-macron-pour-le-liban-mission-impossible\/\" target=\"_blank\" rel=\"noopener noreferrer\">d\u2019une rencontre<\/a> tr\u00e8s discr\u00e8te entre Emmanuel Macron et Mohammed Raad, chef du bloc parlementaire du Hezbollah.<\/i><\/span><\/p>\n<p><span style=\"font-size: large;\"><i>Des \u00e9changes lors d\u2019une rencontre qu\u2019Emmanuel Macron, au vu de sa r\u00e9action, aurait pr\u00e9f\u00e9r\u00e9 garder secrets. Mais pourquoi?&gt;&gt; voir ci dessous le lien et les extraits:<\/i><\/span><\/p>\n<p>&nbsp;<\/p>\n<p><span style=\"font-size: large;\"><b><a href=\"https:\/\/fr.sputniknews.com\/international\/202009031044370480-rencontre-entre-macron-et-le-hezbollah-au-liban-le-parti-de-dieu-desormais-frequentable\/\">https:\/\/fr.sputniknews.com\/international\/202009031044370480-rencontre-entre-macron-et-le-hezbollah-au-liban-le-parti-de-dieu-desormais-frequentable\/<\/a> <\/b><\/span><\/p>\n<p>&lt;&lt;Pourquoi les r\u00e9v\u00e9lations par un journaliste fran\u00e7ais d\u2019une rencontre entre un dirigeant du Hezbollah et Emmanuel Macron ont-elles mis le Pr\u00e9sident fran\u00e7ais hors de lui? Avec Fran\u00e7ois Costantini, sp\u00e9cialiste du Proche-Orient, Sputnik t\u00e2che d\u2019y r\u00e9pondre.<\/p>\n<p>&nbsp;<\/p>\n<p>\u00ab<em>Ce que vous avez fait l\u00e0, compte tenu de la sensibilit\u00e9 du sujet, compte tenu de ce que vous savez de l\u2019histoire de ce pays, est irresponsable! Irresponsable pour la France! Irresponsable pour les int\u00e9ress\u00e9s ici et grave d\u2019un point de vue d\u00e9ontologique!<\/em>\u00bb Mais qu\u2019a fait le grand reporter du Figaro Georges Malbrunot\u00a0pour m\u00e9riter<a href=\"https:\/\/fr.sputniknews.com\/international\/202009021044364334-emmanuel-macron-sen-prend-a-un-journaliste-du-figaro-apres-un-article-sur-le-hezbollah---video\/\" target=\"_blank\" rel=\"noopener noreferrer\"> une telle soufflante<\/a>, en public, du Pr\u00e9sident de la R\u00e9publique? A priori, son m\u00e9tier.<\/p>\n<p>Le journaliste a en effet r\u00e9v\u00e9l\u00e9 les dessous <a href=\"https:\/\/fr.sputniknews.com\/international\/202008311044349741-malgre-laccord-de-principe-du-hezbollah-le-nouveau-pacte-de-macron-pour-le-liban-mission-impossible\/\" target=\"_blank\" rel=\"noopener noreferrer\">d\u2019une rencontre<\/a> tr\u00e8s discr\u00e8te entre Emmanuel Macron et Mohammed Raad, chef du bloc parlementaire du Hezbollah. Des \u00e9changes lors d\u2019une rencontre qu\u2019Emmanuel Macron, au vu de sa r\u00e9action, aurait pr\u00e9f\u00e9r\u00e9 garder secrets. Mais pourquoi?&gt;&gt;<\/p>\n<p>&nbsp;<\/p>\n<p><b>Le Hezbollah, un lourd historique de violences<\/b><\/p>\n<p>&lt;&lt; Si la publication du journaliste du Figaro d\u00e9range autant le Pr\u00e9sident fran\u00e7ais, c\u2019est parce que le Hezbollah n\u2019est pas un acteur comme les autres au Liban. Ainsi le \u00abParti de Dieu\u00bb est-il une entit\u00e9 consid\u00e9r\u00e9e comme terroriste par des alli\u00e9s proches de la France, notamment l\u2019Allemagne ou les \u00c9tats-Unis, que ce soit sa branche politique ou militaire. Seule cette derni\u00e8re est d\u2019ailleurs jug\u00e9e comme une organisation terroriste par l\u2019Union europ\u00e9enne.\u00a0<\/p>\n<p>&nbsp;<\/p>\n<p>Aujourd\u2019hui parti politique ancr\u00e9 au Liban, le Hezbollah d\u00e9tient toutefois un lourd passif d\u2019activit\u00e9s terroristes, en particulier \u00e0 l\u2019\u00e9gard de la France: le 23 octobre 1983 \u00e0 Beyrouth, l\u2019attentat suicide dit \u00abdu Drakkar\u00bb, revendiqu\u00e9 par un groupe affili\u00e9 au Hezbollah, a tu\u00e9 58 parachutistes fran\u00e7ais. Entre 1985 et 1986, l\u2019organisation a men\u00e9 une s\u00e9rie d\u2019attentats sur le sol fran\u00e7ais qui a fait une dizaine de victimes.&gt;&gt;<\/p>\n<script type=\"text\/javascript\">\n\nvar addthis_config = {\"data_track_clickback\":false,\"data_track_addressbar\":false,\"data_track_textcopy\":false};\n<\/script><script type=\"text\/javascript\" src=\"\/\/s7.addthis.com\/js\/250\/addthis_widget.js#pubid=a457a6d63fb9e6ccabdde4110343bd85\"><\/script>","protected":false},"excerpt":{"rendered":"<p><span style=\"font-size: large;\">Pr\u00e9sident fran\u00e7ais hors de lui?<\/span><\/p>\n<p><span style=\"font-size: small; color: #800000;\">Envoy\u00e9 par Christian Martin<\/span><\/p>\n<p><span style=\"font-size: large;\">Suite aux r\u00e9v\u00e9lations par un journaliste fran\u00e7ais de sa rencontre avec un dirigeant du Hezbollah.<\/span><span style=\"font-size: large;\">Voici quelques extraits des commentaires de Sputniknews.<\/span><\/p>\n<p><span style=\"font-size: large;\">&lt;&lt;Le journaliste a en effet r\u00e9v\u00e9l\u00e9 <\/span>&hellip;<\/p>\n","protected":false},"author":1,"featured_media":0,"comment_status":"open","ping_status":"open","sticky":false,"template":"","format":"standard","meta":{"footnotes":""},"categories":[1],"tags":[],"class_list":["post-15957","post","type-post","status-publish","format-standard","hentry","category-accueil"],"_links":{"self":[{"href":"http:\/\/www.lecarrefourdesopinions.ca\/index.php?rest_route=\/wp\/v2\/posts\/15957","targetHints":{"allow":["GET"]}}],"collection":[{"href":"http:\/\/www.lecarrefourdesopinions.ca\/index.php?rest_route=\/wp\/v2\/posts"}],"about":[{"href":"http:\/\/www.lecarrefourdesopinions.ca\/index.php?rest_route=\/wp\/v2\/types\/post"}],"author":[{"embeddable":true,"href":"http:\/\/www.lecarrefourdesopinions.ca\/index.php?rest_route=\/wp\/v2\/users\/1"}],"replies":[{"embeddable":true,"href":"http:\/\/www.lecarrefourdesopinions.ca\/index.php?rest_route=%2Fwp%2Fv2%2Fcomments&post=15957"}],"version-history":[{"count":2,"href":"http:\/\/www.lecarrefourdesopinions.ca\/index.php?rest_route=\/wp\/v2\/posts\/15957\/revisions"}],"predecessor-version":[{"id":15960,"href":"http:\/\/www.lecarrefourdesopinions.ca\/index.php?rest_route=\/wp\/v2\/posts\/15957\/revisions\/15960"}],"wp:attachment":[{"href":"http:\/\/www.lecarrefourdesopinions.ca\/index.php?rest_route=%2Fwp%2Fv2%2Fmedia&parent=15957"}],"wp:term":[{"taxonomy":"category","embeddable":true,"href":"http:\/\/www.lecarrefourdesopinions.ca\/index.php?rest_route=%2Fwp%2Fv2%2Fcategories&post=15957"},{"taxonomy":"post_tag","embeddable":true,"href":"http:\/\/www.lecarrefourdesopinions.ca\/index.php?rest_route=%2Fwp%2Fv2%2Ftags&post=15957"}],"curies":[{"name":"wp","href":"https:\/\/api.w.org\/{rel}","templated":true}]}}