{"id":15775,"date":"2020-03-21T15:30:04","date_gmt":"2020-03-21T19:30:04","guid":{"rendered":"http:\/\/www.lecarrefourdesopinions.ca\/?p=15775"},"modified":"2020-03-21T15:30:04","modified_gmt":"2020-03-21T19:30:04","slug":"15775","status":"publish","type":"post","link":"http:\/\/www.lecarrefourdesopinions.ca\/?p=15775","title":{"rendered":""},"content":{"rendered":"<p style=\"text-align: center;\">Chers Tous<\/p>\n<p style=\"text-align: center;\"><strong>Edition Sp\u00e9ciale<\/strong><\/p>\n<p><em><span style=\"color: #800000;\">Par Christian Martin<\/span><\/em><\/p>\n<p>&nbsp;<\/p>\n<p>\u00a0Chers\u00a0 pourraient \u00eatre sceptiques de mes commentaires et observations de ma Chronique bas\u00e9e sur mon v\u00e9cu des maladies et exp\u00e9riences de traitements.<\/p>\n<p>Vous avez toutefois constat\u00e9 que je suis favorable, d\u00e8s confirmation du test positif, au traitement pr\u00e9ventif du Covid19 soit :<\/p>\n<p>Par un antibiotique plus quinine renforc\u00e9e par de la vitamine C, et \u00e0 la prise de la vitamine A 1250 ui dans de l&rsquo;om\u00e9ga 3.<\/p>\n<p>Ce cocktail de m\u00e9dicaments sugg\u00e9r\u00e9 sans engagement et responsabilit\u00e9 de part tel que dit et cit\u00e9 dans mon pr\u00e9c\u00e9dent courriel d&rsquo;hier: On 3\/20\/2020 12:27 PM et,<\/p>\n<p>dans ma Chronique que j&rsquo;ai commenc\u00e9 \u00e0 distribuer le 06 03 2020 au sein de ma famille incluant un ami, je disais avoir \u00e9t\u00e9 soign\u00e9 comme suit:<\/p>\n<p>Enfant et adulte soign\u00e9 dans les trois cas ci-dessous cit\u00e9s :<\/p>\n<ul>\n<li><strong>1.\u00a0\u00a0 <\/strong>En premier lieu, enfant par des piq\u00fbres de quinine contre la malaria puis par la C\u00e9quinyl en comprim\u00e9 contre <strong>la grippe influenza en 1957<\/strong>, dite Asiatique. Vous remarquerez qu\u2019ici j\u2019ai \u00e9t\u00e9 soign\u00e9 par la quinine pour <strong>une maladie<\/strong> <strong>parasitaire et une maladie virale.<\/strong><\/li>\n<\/ul>\n<ul>\n<li>2.\u00a0\u00a0 Adulte, encore tout r\u00e9cemment, ayant \u00e9t\u00e9 piqu\u00e9 par une tique et trait\u00e9 par deux comprim\u00e9s de Doxycycline dit (T\u00e9tracycline), suivi de dix jours de Cefadroxil antibiotique \u00e0 large spectre de type Cephalosporin, contre la maladie bact\u00e9rienne de Lyme \u00e0 titre pr\u00e9ventif.<\/li>\n<\/ul>\n<p>Il faut noter par ailleurs que l\u00e0 encore, la tique, ces acariens qui se nourrissent de sang peuvent transmettre des virus, des bact\u00e9ries et des parasites<\/p>\n<p>A noter aussi que la Doxycycline dit (T\u00e9tracycline) m&rsquo;a \u00e9t\u00e9 prescrite :<\/p>\n<p>Apr\u00e8s bien des recherches je suis maintenant en mesure <strong>de vous prouver que j&rsquo;ai tout \u00e0 fait \u00e9t\u00e9 soign\u00e9 par la C\u00e9quinyl.<\/strong><\/p>\n<p>Ma m\u00e9moire ne peut me faire d\u00e9faut quant aux traitements par la quinine (j&rsquo;ai m\u00eame \u00e9t\u00e9 op\u00e9r\u00e9 au Qu\u00e9bec d&rsquo;un kyste d\u00fb \u00e0 la quinine).<\/p>\n<p>Ai-je \u00e9t\u00e9 mordu par un serpent dit Quinine qualifi\u00e9e de v\u00e9n\u00e9neuse par Madame Buzyn et pourtant j\u2019ai maintenant 74 ans\u00a0? Entendre dire aussi \u00e0 la t\u00e9l\u00e9 France que les anti-inflammatoires vendus sur les tablettes des Pharmacies sont \u00e0 d\u00e9conseiller et accepter l\u2019aspirine et recommander le Parac\u00e9tamol est-ce une aberration \u00e9tant donn\u00e9 que ces deux derniers sont aussi des anti- inflammatoires\u00a0?<\/p>\n<p>Encore une fois, il est souvent dit <strong><em>\u00able tout et son contraire\u00bb<\/em><\/strong> est-ce une nouvelle m\u00e9thode de propagande?<\/p>\n<p>Par ailleurs, j\u2019ai toujours compris de mes m\u00e9decins que les l\u2019anti inflammatoires facilitent l\u2019action des antibiotiques.<\/p>\n<p>Cela \u00e9tant dit, vous avez ici la preuve <strong>en Photo, la bo\u00eete de C\u00e9quinyl <\/strong>que d\u2019ailleurs, je reconnais sans h\u00e9sitation.<\/p>\n<p>Par ailleurs, d\u00e8s que les sympt\u00f4mes de grippe apparaissaient dans les ann\u00e9es suivantes, mes parents me disaient : N\u2019oublie pas de prendre ta C\u00e9quinyl.<\/p>\n<p>\u00a0<a href=\"http:\/\/www.ub.edu\/pharmakoteka\/node\/26117\">http:\/\/www.ub.edu\/pharmakoteka\/node\/26117<\/a><\/p>\n<p>\u00a0Vous pouvez de visu constater que c&rsquo;est une m\u00e9dication\u00a0 indiqu\u00e9e sur la bo\u00eete:<\/p>\n<p><strong>Anti-grippe \u00e0 base vitamine C + Quinine activ\u00e9e.<\/strong><\/p>\n<p>\u00a0Alors les amis, le Papi n&rsquo;est pas si Fou que \u00e7a .Le travail de l&rsquo;esprit vous voyez repousse l&rsquo;Alzheimer<\/p>\n<p>\u00a0Merci! Encore de votre attention et consid\u00e9ration.<\/p>\n<p>\u00a0Meilleures pens\u00e9es \u00e0 Tous<\/p>\n<p>Christian<\/p>\n<script type=\"text\/javascript\">\n\nvar addthis_config = {\"data_track_clickback\":false,\"data_track_addressbar\":false,\"data_track_textcopy\":false};\n<\/script><script type=\"text\/javascript\" src=\"\/\/s7.addthis.com\/js\/250\/addthis_widget.js#pubid=a457a6d63fb9e6ccabdde4110343bd85\"><\/script>","protected":false},"excerpt":{"rendered":"<p style=\"text-align: center;\">Chers Tous<\/p>\n<p style=\"text-align: center;\">Edition Sp\u00e9ciale<\/p>\n<p><span style=\"color: #800000;\">Par Christian Martin<\/span><\/p>\n<p>&nbsp;<\/p>\n<p>\u00a0Chers\u00a0 pourraient \u00eatre sceptiques de mes commentaires et observations de ma Chronique bas\u00e9e sur mon v\u00e9cu des maladies et exp\u00e9riences de traitements.<\/p>\n<p>Vous avez toutefois constat\u00e9 que je suis &hellip;<\/p>\n","protected":false},"author":1,"featured_media":0,"comment_status":"open","ping_status":"open","sticky":false,"template":"","format":"standard","meta":{"footnotes":""},"categories":[1],"tags":[],"class_list":["post-15775","post","type-post","status-publish","format-standard","hentry","category-accueil"],"_links":{"self":[{"href":"http:\/\/www.lecarrefourdesopinions.ca\/index.php?rest_route=\/wp\/v2\/posts\/15775","targetHints":{"allow":["GET"]}}],"collection":[{"href":"http:\/\/www.lecarrefourdesopinions.ca\/index.php?rest_route=\/wp\/v2\/posts"}],"about":[{"href":"http:\/\/www.lecarrefourdesopinions.ca\/index.php?rest_route=\/wp\/v2\/types\/post"}],"author":[{"embeddable":true,"href":"http:\/\/www.lecarrefourdesopinions.ca\/index.php?rest_route=\/wp\/v2\/users\/1"}],"replies":[{"embeddable":true,"href":"http:\/\/www.lecarrefourdesopinions.ca\/index.php?rest_route=%2Fwp%2Fv2%2Fcomments&post=15775"}],"version-history":[{"count":1,"href":"http:\/\/www.lecarrefourdesopinions.ca\/index.php?rest_route=\/wp\/v2\/posts\/15775\/revisions"}],"predecessor-version":[{"id":15776,"href":"http:\/\/www.lecarrefourdesopinions.ca\/index.php?rest_route=\/wp\/v2\/posts\/15775\/revisions\/15776"}],"wp:attachment":[{"href":"http:\/\/www.lecarrefourdesopinions.ca\/index.php?rest_route=%2Fwp%2Fv2%2Fmedia&parent=15775"}],"wp:term":[{"taxonomy":"category","embeddable":true,"href":"http:\/\/www.lecarrefourdesopinions.ca\/index.php?rest_route=%2Fwp%2Fv2%2Fcategories&post=15775"},{"taxonomy":"post_tag","embeddable":true,"href":"http:\/\/www.lecarrefourdesopinions.ca\/index.php?rest_route=%2Fwp%2Fv2%2Ftags&post=15775"}],"curies":[{"name":"wp","href":"https:\/\/api.w.org\/{rel}","templated":true}]}}