{"id":15773,"date":"2020-03-19T15:46:28","date_gmt":"2020-03-19T19:46:28","guid":{"rendered":"http:\/\/www.lecarrefourdesopinions.ca\/?p=15773"},"modified":"2020-03-19T15:46:28","modified_gmt":"2020-03-19T19:46:28","slug":"les-masques-tombent","status":"publish","type":"post","link":"http:\/\/www.lecarrefourdesopinions.ca\/?p=15773","title":{"rendered":"Les masques tombent"},"content":{"rendered":"<p align=\"CENTER\"><span style=\"font-size: medium;\"><span lang=\"fr-CA\">Les masques tombent<\/span><\/span><\/p>\n<p><span style=\"font-size: small; color: #800000;\"><i><span lang=\"fr-CA\">par Agnes Devarieux<\/span><\/i><\/span><\/p>\n<p><a name=\"_GoBack\"><\/a><span style=\"font-size: medium;\"><span lang=\"fr-CA\">Nous entendons beaucoup de gens s\u2019\u00e9mouvoir face au coronavirus qui nous frappe de plein fouet. Prenons un peu de recul ensemble et posons-nous juste quelques questions. <\/span><\/span><\/p>\n<p><span style=\"font-size: medium;\"><span lang=\"fr-CA\">Quand <\/span><\/span><\/p>\n<ol>\n<li>\n<p><span style=\"font-size: medium;\"><span lang=\"fr-CA\">Avons-nous pris des nouvelles de nos parents?<\/span><\/span><\/p>\n<\/li>\n<li>\n<p><span style=\"font-size: medium;\"><span lang=\"fr-CA\">Avons-nous v\u00e9rifi\u00e9 l\u2019\u00e9tat de leur approvisionnement\u00a0: \u00e9picerie, besoins en m\u00e9dicaments, de leur moral dans le contexte actuel ?<\/span><\/span><\/p>\n<\/li>\n<li>\n<p><span style=\"font-size: medium;\"><span lang=\"fr-CA\">Leur avons-nous propos\u00e9 de l\u2019aide pour l\u2019approvisionnement afin de leur \u00e9viter \u00e0 sortir<\/span><\/span><\/p>\n<\/li>\n<li>\n<p><span style=\"font-size: medium;\"><span lang=\"fr-CA\">Leur avons-nous dit que nous les aimons et que nous nous soucions d\u2019eux et de leur bien-\u00eatre<\/span><\/span><\/p>\n<\/li>\n<li>\n<p><span style=\"font-size: medium;\"><span lang=\"fr-CA\">Les avons-nous assur\u00e9s de notre soutien?<\/span><\/span><\/p>\n<\/li>\n<\/ol>\n<p><span style=\"font-size: medium;\"><span lang=\"fr-CA\">Apr\u00e8s avoir r\u00e9pondu en \u00e2me et conscience \u00e0 ces questions, vous sentez-vous toujours capables de condamner et d\u2019accuser les gouvernements.<\/span><\/span><\/p>\n<p><span style=\"font-size: medium;\"><span lang=\"fr-CA\">Le virus nous renvoie en pleine face le reflet de notre soci\u00e9t\u00e9. Si nous ne nous sommes pas souci\u00e9s de nos anciens avec lesquels nous sommes li\u00e9s par un lien tr\u00e8s fort\u00a0:<\/span><\/span><\/p>\n<ul>\n<li>\n<p><span style=\"font-size: medium;\"><span lang=\"fr-CA\">celui que l\u2019on d\u00e9signe par le lien du sang,<\/span><\/span><\/p>\n<\/li>\n<li>\n<p><span style=\"font-size: medium;\"><span lang=\"fr-CA\">celui de la reconnaissance du ventre\u00a0: ceux qui vous ont nourri<\/span><\/span><\/p>\n<\/li>\n<li>\n<p><span style=\"font-size: medium;\"><span lang=\"fr-CA\">celui de l\u2019attachement filial envers ceux qui vous ont prot\u00e9g\u00e9, r\u00e9confort\u00e9 dans les temps difficiles que vous n\u2019avez pas manqu\u00e9 d\u2019affronter dans votre courte vie.<\/span><\/span><\/p>\n<\/li>\n<\/ul>\n<p><span style=\"font-size: medium;\"><span lang=\"fr-CA\">Alors comment pouvez-vous vous attendre \u00e0 ce que vos gouvernements prennent soin de vous. Ils n\u2019ont ni le lien du sang, ni celui de la reconnaissance, ni l\u2019attachement filial. <\/span><\/span><\/p>\n<p><span style=\"font-size: medium;\"><span lang=\"fr-CA\">J\u2019aimerais que ceux qui se lamentent de ne pouvoir visiter leurs vieux parents me disent \u00e0 quand remonte leur derni\u00e8re visite, leur dernier appel, leur dernier message d\u2019amour et d\u2019affection qu\u2019ils ont envoy\u00e9 \u00e0 leurs parents. Est-ce que la r\u00e9ciproque est vraie? A quand date le dernier message re\u00e7u de ces parents, de la derni\u00e8re aide re\u00e7ue d\u2019eux \u2013 qu\u2019elle soit mat\u00e9rielle ou affective ?<\/span><\/span><\/p>\n<p><span style=\"font-size: medium;\"><span lang=\"fr-CA\">Comment nous \u00e9tonner du comportement de nos dirigeants, alors qu\u2019ils sont le reflet de notre soci\u00e9t\u00e9. Nous avons choisi le clinquant, le bien para\u00eetre, le faire-semblant, les masques sociaux. Il est temps de nous r\u00e9veiller et de nous r\u00e9jouir que les masques tombent. Nous avons les gouvernements que l\u2019on m\u00e9rite. Heureusement, il y a des exceptions dont fait partie Monsieur Legault et je lui souhaite une longe vie en sant\u00e9 afin que nous gardions le seul mod\u00e8le dont nous disposons actuellement\u00a0: celui du bon p\u00e8re de famille.<\/span><\/span><\/p>\n<p><span style=\"font-size: medium;\"><span lang=\"fr-CA\">Qu\u2019est-ce qui est prioritaire dans nos vies\u00a0: notre bien-\u00eatre personnel, nos petites satisfactions ou ceux de ceux qu\u2019on aime.<\/span><\/span><\/p>\n<p><span style=\"font-size: medium;\"><span lang=\"fr-CA\">Je n\u2019ai pas la pr\u00e9tention de r\u00e9pondre \u00e0 votre place. En ce qui me concerne, il y a longtemps que mon choix est fait.<\/span><\/span><\/p>\n<p><span style=\"font-size: medium;\"><span lang=\"fr-CA\">Ce virus est la chance qui nous est offerte. De nous regarder \u00e0 visage d\u00e9couvert. A nous de d\u00e9cider de ce que nous en ferons.<\/span><\/span><\/p>\n<script type=\"text\/javascript\">\n\nvar addthis_config = {\"data_track_clickback\":false,\"data_track_addressbar\":false,\"data_track_textcopy\":false};\n<\/script><script type=\"text\/javascript\" src=\"\/\/s7.addthis.com\/js\/250\/addthis_widget.js#pubid=a457a6d63fb9e6ccabdde4110343bd85\"><\/script>","protected":false},"excerpt":{"rendered":"<p align=\"CENTER\"><span style=\"font-size: medium;\"><span lang=\"fr-CA\">Les masques tombent<\/span><\/span><\/p>\n<p><span style=\"font-size: small; color: #800000;\"><span lang=\"fr-CA\">par Agnes Devarieux<\/span><\/span><\/p>\n<p><span style=\"font-size: medium;\"><span lang=\"fr-CA\">Nous entendons beaucoup de gens s\u2019\u00e9mouvoir face au coronavirus qui nous frappe de plein fouet. Prenons un peu de recul ensemble et posons-nous juste quelques questions. <\/span><\/span><\/p>\n<p><span style=\"font-size: medium;\"><span lang=\"fr-CA\">Quand <\/span><\/span><\/p>\n<ol>\n<li>\n<p><span style=\"font-size: medium;\"><span lang=\"fr-CA\">Avons-nous pris des nouvelles <\/span><\/span><\/p>\n<\/li>\n<p>&hellip;<\/ol>\n","protected":false},"author":1,"featured_media":0,"comment_status":"open","ping_status":"open","sticky":false,"template":"","format":"standard","meta":{"footnotes":""},"categories":[1],"tags":[],"class_list":["post-15773","post","type-post","status-publish","format-standard","hentry","category-accueil"],"_links":{"self":[{"href":"http:\/\/www.lecarrefourdesopinions.ca\/index.php?rest_route=\/wp\/v2\/posts\/15773","targetHints":{"allow":["GET"]}}],"collection":[{"href":"http:\/\/www.lecarrefourdesopinions.ca\/index.php?rest_route=\/wp\/v2\/posts"}],"about":[{"href":"http:\/\/www.lecarrefourdesopinions.ca\/index.php?rest_route=\/wp\/v2\/types\/post"}],"author":[{"embeddable":true,"href":"http:\/\/www.lecarrefourdesopinions.ca\/index.php?rest_route=\/wp\/v2\/users\/1"}],"replies":[{"embeddable":true,"href":"http:\/\/www.lecarrefourdesopinions.ca\/index.php?rest_route=%2Fwp%2Fv2%2Fcomments&post=15773"}],"version-history":[{"count":1,"href":"http:\/\/www.lecarrefourdesopinions.ca\/index.php?rest_route=\/wp\/v2\/posts\/15773\/revisions"}],"predecessor-version":[{"id":15774,"href":"http:\/\/www.lecarrefourdesopinions.ca\/index.php?rest_route=\/wp\/v2\/posts\/15773\/revisions\/15774"}],"wp:attachment":[{"href":"http:\/\/www.lecarrefourdesopinions.ca\/index.php?rest_route=%2Fwp%2Fv2%2Fmedia&parent=15773"}],"wp:term":[{"taxonomy":"category","embeddable":true,"href":"http:\/\/www.lecarrefourdesopinions.ca\/index.php?rest_route=%2Fwp%2Fv2%2Fcategories&post=15773"},{"taxonomy":"post_tag","embeddable":true,"href":"http:\/\/www.lecarrefourdesopinions.ca\/index.php?rest_route=%2Fwp%2Fv2%2Ftags&post=15773"}],"curies":[{"name":"wp","href":"https:\/\/api.w.org\/{rel}","templated":true}]}}