{"id":15430,"date":"2018-12-05T14:43:39","date_gmt":"2018-12-05T19:43:39","guid":{"rendered":"http:\/\/www.lecarrefourdesopinions.ca\/?p=15430"},"modified":"2018-12-05T14:44:56","modified_gmt":"2018-12-05T19:44:56","slug":"le-divorce","status":"publish","type":"post","link":"http:\/\/www.lecarrefourdesopinions.ca\/?p=15430","title":{"rendered":"Le divorce"},"content":{"rendered":"<p style=\"text-align: center;\"><span style=\"font-size: large;\"><strong>Le divorce<\/strong><\/span><\/p>\n<p style=\"text-align: left;\"><span style=\"color: #800000;\"><em>par Agn\u00e8s D\u00e8varieux\u00a0\u00a0<\/em><\/span><\/p>\n<p>Le pouvoir et les medias, aveugles, ont non seulement surestim\u00e9 leur pouvoir et p\u00e9ch\u00e9 par orgueil, mais aussi sous-estim\u00e9 leurs concitoyens.<\/p>\n<p>Il y a une tendance av\u00e9r\u00e9e depuis quelques ann\u00e9es et qui s\u2019est accentu\u00e9e\u00a0: la pens\u00e9e unique. Le citoyen qui n\u2019adh\u00e8re pas \u00e0 cette pens\u00e9e est un arri\u00e9r\u00e9, un ignare, et il faut lui expliquer afin qu\u2019il comprenne. Ainsi la France a-t-elle \u00e0 sa t\u00eate un Pr\u00e9sident qui se veut p\u00e9dagogue. La p\u00e9dagogie est un leitmotiv qui revient autant dans ses discours que de ceux de son entourage.<\/p>\n<p>Il en r\u00e9sulte un divorce entre le pouvoir, les medias et le peuple.<\/p>\n<p>&nbsp;<\/p>\n<p><strong>Le pouvoir<\/strong><\/p>\n<p>Les gouvernements se succ\u00e8dent, ainsi que les entourloupes, les compromissions, les mensonges. Manipul\u00e9, tromp\u00e9, le citoyen moyen se d\u00e9solidarise de ses \u00e9lus, des partis politiques et des syndicats suppos\u00e9s d\u00e9fendre ses int\u00e9r\u00eats. Il est alors vilipend\u00e9. Il lui est reproch\u00e9 son d\u00e9sint\u00e9r\u00eat de la politique d\u2019o\u00f9 un taux d\u2019abstention croissant aux \u00e9lections et une r\u00e9ticence \u00e0 adh\u00e9rer aux partis politiques et \u00e0 s\u2019affilier \u00e0 un syndicat. Le citoyen se m\u00e9fie de ceux qui pr\u00e9tendent d\u00e9fendre ses int\u00e9r\u00eats. Leur quotidien difficile en est la preuve<\/p>\n<p>&nbsp;<\/p>\n<p><strong>Les medias\u00a0:<\/strong><\/p>\n<p>La manipulation des chiffres concernant le ch\u00f4mage, la dette, le nombre de migrants, et j\u2019en passe. Les medias n\u2019informent plus, elles expliquent, elles commentent. La couverture des \u00e9lections commence une heure avant le d\u00e9but du d\u00e9pouillement et se poursuit pendant des jours avec les explications \u00e0 n\u2019en plus finir. Le petit peuple est trop simplet pour comprendre de lui-m\u00eame. Son quotidien ne p\u00e8se pas lourd d\u2019o\u00f9 l\u2019effarement et l\u2019incompr\u00e9hension g\u00e9n\u00e9rale lorsque les r\u00e9sultats des \u00e9lections contredisent de plus en plus souvent les pr\u00e9visions des sondages r\u00e9alis\u00e9s.<\/p>\n<p>&nbsp;<\/p>\n<p>Pouvoir et media s\u2019alarment\u00a0: moins de votants, moins de lecteurs. Ils d\u00e9plorent le d\u00e9sint\u00e9r\u00eat manifest\u00e9 qui menacent leur pouvoir mais ils ne s\u2019interrogent pas sur les causes r\u00e9elles de cette m\u00e9fiance et de ce d\u00e9sint\u00e9r\u00eat.<\/p>\n<p align=\"JUSTIFY\"><strong>Le mouvement des gilets jaunes <\/strong>est un indice que le divorce est consomm\u00e9. Quand dans un couple, il n\u2019y a plus de dialogue ou qu\u2019aucun changement ne suit les dol\u00e9ances exprim\u00e9es, c\u2019est l\u2019explosion et le divorce assur\u00e9.<\/p>\n<p align=\"JUSTIFY\">\n<p align=\"JUSTIFY\">Ce mouvement est une vraie claque aux medias et aux politiques. Il d\u00e9montre que contrairement \u00e0 l\u2019id\u00e9e v\u00e9hicul\u00e9e, le peuple n\u2019est pas indiff\u00e9rent \u00e0 la politique. Il est d\u00e9sesp\u00e9r\u00e9 car non \u00e9cout\u00e9. Il n\u2019aime pas qu\u2019on se moque de lui. Le gouvernement a beau dire\u00a0: \u00abOn vous entend, nous ne sommes pas sourds\u00bb. Il leur est r\u00e9pondu \u00abOn maintient le cap\u00bb, et quand des concessions sont faites, elles sont faites du bout des l\u00e8vres en remettant le probl\u00e8me \u00e0 plus tard.<\/p>\n<p align=\"JUSTIFY\">Eh oui\u00a0:<\/p>\n<ul>\n<li>\n<p align=\"JUSTIFY\">Les gilets jaunes n\u2019ont pas de repr\u00e9sentants car ils se m\u00e9fient de toute r\u00e9cup\u00e9ration politique. Ils ont d\u00e9j\u00e0 \u00e9t\u00e9 trop souvent bern\u00e9s.<\/p>\n<\/li>\n<li>\n<p align=\"JUSTIFY\">Ils ont mille et une revendications. Ils disent en gros au Gouvernement\u00a0: \u00ab Rien ne va plus\u00bb<\/p>\n<\/li>\n<\/ul>\n<p align=\"JUSTIFY\"><a name=\"_GoBack\"><\/a>Quelles seront les cons\u00e9quences et les r\u00e9percussions en France et partout en Europe puisqu\u2019on assiste actuellement \u00e0 une contagion jaune dans les pays de l\u2019Union europ\u00e9enne?<\/p>\n<script type=\"text\/javascript\">\n\nvar addthis_config = {\"data_track_clickback\":false,\"data_track_addressbar\":false,\"data_track_textcopy\":false};\n<\/script><script type=\"text\/javascript\" src=\"\/\/s7.addthis.com\/js\/250\/addthis_widget.js#pubid=a457a6d63fb9e6ccabdde4110343bd85\"><\/script>","protected":false},"excerpt":{"rendered":"<p style=\"text-align: center;\"><span style=\"font-size: large;\">Le divorce<\/span><\/p>\n<p style=\"text-align: left;\"><span style=\"color: #800000;\">par Agn\u00e8s D\u00e8varieux\u00a0\u00a0<\/span><\/p>\n<p>Le pouvoir et les medias, aveugles, ont non seulement surestim\u00e9 leur pouvoir et p\u00e9ch\u00e9 par orgueil, mais aussi sous-estim\u00e9 leurs concitoyens.<\/p>\n<p>Il y a une tendance av\u00e9r\u00e9e depuis quelques ann\u00e9es et qui &hellip;<\/p>\n","protected":false},"author":1,"featured_media":0,"comment_status":"open","ping_status":"open","sticky":false,"template":"","format":"standard","meta":{"footnotes":""},"categories":[1],"tags":[],"class_list":["post-15430","post","type-post","status-publish","format-standard","hentry","category-accueil"],"_links":{"self":[{"href":"http:\/\/www.lecarrefourdesopinions.ca\/index.php?rest_route=\/wp\/v2\/posts\/15430","targetHints":{"allow":["GET"]}}],"collection":[{"href":"http:\/\/www.lecarrefourdesopinions.ca\/index.php?rest_route=\/wp\/v2\/posts"}],"about":[{"href":"http:\/\/www.lecarrefourdesopinions.ca\/index.php?rest_route=\/wp\/v2\/types\/post"}],"author":[{"embeddable":true,"href":"http:\/\/www.lecarrefourdesopinions.ca\/index.php?rest_route=\/wp\/v2\/users\/1"}],"replies":[{"embeddable":true,"href":"http:\/\/www.lecarrefourdesopinions.ca\/index.php?rest_route=%2Fwp%2Fv2%2Fcomments&post=15430"}],"version-history":[{"count":2,"href":"http:\/\/www.lecarrefourdesopinions.ca\/index.php?rest_route=\/wp\/v2\/posts\/15430\/revisions"}],"predecessor-version":[{"id":15432,"href":"http:\/\/www.lecarrefourdesopinions.ca\/index.php?rest_route=\/wp\/v2\/posts\/15430\/revisions\/15432"}],"wp:attachment":[{"href":"http:\/\/www.lecarrefourdesopinions.ca\/index.php?rest_route=%2Fwp%2Fv2%2Fmedia&parent=15430"}],"wp:term":[{"taxonomy":"category","embeddable":true,"href":"http:\/\/www.lecarrefourdesopinions.ca\/index.php?rest_route=%2Fwp%2Fv2%2Fcategories&post=15430"},{"taxonomy":"post_tag","embeddable":true,"href":"http:\/\/www.lecarrefourdesopinions.ca\/index.php?rest_route=%2Fwp%2Fv2%2Ftags&post=15430"}],"curies":[{"name":"wp","href":"https:\/\/api.w.org\/{rel}","templated":true}]}}