{"id":15229,"date":"2018-06-16T13:01:57","date_gmt":"2018-06-16T17:01:57","guid":{"rendered":"http:\/\/www.lecarrefourdesopinions.ca\/?p=15229"},"modified":"2018-06-16T13:01:57","modified_gmt":"2018-06-16T17:01:57","slug":"du-prince-ou-du-sujet-qui-etait-aux-affaires","status":"publish","type":"post","link":"http:\/\/www.lecarrefourdesopinions.ca\/?p=15229","title":{"rendered":"Du Prince ou du Sujet, qui \u00e9tait \u00ab aux Affaires \u00bb"},"content":{"rendered":"<p align=\"CENTER\"><em><span style=\"color: #632423;\"><span style=\"font-family: Arial, sans-serif;\"><span style=\"font-size: large;\">Du Prince ou du Sujet, qui \u00e9tait \u00ab\u00a0aux Affaires\u00a0\u00bb.<\/span><\/span><\/span><\/em><span style=\"color: #632423;\">\u00a0\u00a0\u00a0\u00a0 <\/span><\/p>\n<p align=\"JUSTIFY\"><img loading=\"lazy\" decoding=\"async\" class=\"alignnone size-full wp-image-14741\" title=\"Eric\" src=\"http:\/\/www.lecarrefourdesopinions.ca\/wp-content\/uploads\/2018\/03\/Eric1.jpg\" alt=\"\" width=\"134\" height=\"107\" \/><\/p>\n<p align=\"JUSTIFY\"><span style=\"color: #632423;\"><span style=\"font-family: 'Comic Sans MS';\"><span style=\"font-size: large;\">\u00c9ric EG Nogard<\/span><\/span><\/span><\/p>\n<p align=\"JUSTIFY\"><em><span style=\"color: #c00000;\"><span style=\"font-size: large;\">Chroniqueur<\/span><\/span><\/em><span style=\"color: #c00000;\"><span style=\"font-size: large;\">.<\/span><\/span><\/p>\n<p align=\"CENTER\">\n<p align=\"CENTER\"><span style=\"color: #632423;\"><span style=\"font-size: large;\">*** \u00a0\u00a0\u00a0\u00a0***\u00a0\u00a0\u00a0\u00a0 ***<\/span><\/span><\/p>\n<p align=\"CENTER\"><span style=\"color: #632423;\"><span style=\"font-size: large;\">***\u00a0\u00a0\u00a0\u00a0 ***\u00a0\u00a0\u00a0\u00a0 ***<\/span><\/span><\/p>\n<p align=\"CENTER\">\n<p align=\"JUSTIFY\">\n<p><em><span style=\"color: #000099;\"><span style=\"font-size: large;\">Du Prince ou du Sujet, qui \u00e9tait \u00ab\u00a0aux Affaires\u00a0\u00bb.<\/span><\/span><\/em><\/p>\n<p align=\"JUSTIFY\">\n<p align=\"JUSTIFY\">\n<p align=\"JUSTIFY\">\n<p align=\"JUSTIFY\"><span style=\"font-family: 'Comic Sans MS';\"><span style=\"font-size: large;\">Depuis sa sortie des Choux et pour peu qu\u2019on se rappelle.<\/span><\/span><\/p>\n<p align=\"JUSTIFY\">\n<p align=\"JUSTIFY\"><span style=\"font-family: 'Comic Sans MS';\"><span style=\"font-size: large;\">Depuis qu\u2019est venue au Monde notre Cinqui\u00e8me R\u00e9publique dont monsieur MACRON est aujourd\u2019hui le JUPITER\u2026<\/span><\/span><\/p>\n<p align=\"JUSTIFY\">\n<p align=\"CENTER\"><img loading=\"lazy\" decoding=\"async\" class=\"alignnone size-large wp-image-15230\" title=\"F1   Le Genie Fran\u00e7ais aurait il mute  tout simplement\" src=\"http:\/\/www.lecarrefourdesopinions.ca\/wp-content\/uploads\/2018\/06\/F1-Le-Genie-Fran\u00e7ais-aurait-il-mute-tout-simplement-1024x330.jpg\" alt=\"\" width=\"450\" height=\"145\" \/><\/p>\n<p align=\"CENTER\"><strong><span style=\"font-size: large;\">F1\u00a0: <\/span><\/strong><em><span style=\"color: #c00000;\"><span style=\"font-size: large;\">Le G\u00e9nie Fran\u00e7ais aurait-il mut\u00e9, tout simplement.<\/span><\/span><\/em><\/p>\n<p align=\"JUSTIFY\">\n<p align=\"JUSTIFY\">\n<p align=\"JUSTIFY\"><span style=\"font-family: 'Comic Sans MS';\"><span style=\"font-size: large;\">Qui, du Prince ou de ses Sujets, a eu en main les r\u00eanes des Affaires de l\u2019\u00c9tat, comme Tonton Fran\u00e7ois, le MITTERRAND bien s\u00fbr, aimait tant \u00e0 le dire.<\/span><\/span><\/p>\n<p align=\"JUSTIFY\">\n<p align=\"JUSTIFY\">\n<p align=\"JUSTIFY\"><strong><span style=\"font-size: large;\">Et depuis l\u2019av\u00e8nement de cette Cinqui\u00e8me R\u00e9publique, qui d\u2019autre que le Chef de l\u2019\u00c9tat Fran\u00e7ais, que tambour battant ou qu\u2019en tapinois, a autant trait\u00e9 les Fran\u00e7ais comme s\u2019ils \u00e9taient moins capables que les animaux de basse-cour, de g\u00e9rer le peu de grain qu\u2019on leur jette en mani\u00e8re de charit\u00e9.<\/span><\/strong><\/p>\n<p align=\"JUSTIFY\">\n<p align=\"JUSTIFY\"><span style=\"font-size: large;\">Le G\u00e9nie Cr\u00e9ateur des Fran\u00e7ais ayant migr\u00e9, pourrait-on croire, sauf \u00e0 se dire qu\u2019il a chang\u00e9 de Sp\u00e9cialit\u00e9\u2026 de Sp\u00e9cificit\u00e9, de peur de reconna\u00eetre le sort qu\u2019on lui a fait.<\/span><\/p>\n<p align=\"JUSTIFY\">\n<p align=\"CENTER\"><img loading=\"lazy\" decoding=\"async\" class=\"alignnone size-full wp-image-15231\" title=\"F2   Tout comme la Couronne de France\" src=\"http:\/\/www.lecarrefourdesopinions.ca\/wp-content\/uploads\/2018\/06\/F2-Tout-comme-la-Couronne-de-France.jpg\" alt=\"\" width=\"595\" height=\"372\" srcset=\"http:\/\/www.lecarrefourdesopinions.ca\/wp-content\/uploads\/2018\/06\/F2-Tout-comme-la-Couronne-de-France.jpg 595w, http:\/\/www.lecarrefourdesopinions.ca\/wp-content\/uploads\/2018\/06\/F2-Tout-comme-la-Couronne-de-France-300x187.jpg 300w, http:\/\/www.lecarrefourdesopinions.ca\/wp-content\/uploads\/2018\/06\/F2-Tout-comme-la-Couronne-de-France-400x250.jpg 400w\" sizes=\"auto, (max-width: 595px) 100vw, 595px\" \/><\/p>\n<p align=\"CENTER\"><strong><span style=\"font-size: large;\">F2\u00a0: <\/span><\/strong><em><span style=\"color: #c00000;\"><span style=\"font-size: large;\">Tout comme la Couronne de France.<\/span><\/span><\/em><\/p>\n<p align=\"CENTER\">\n<p align=\"JUSTIFY\">\n<p align=\"JUSTIFY\"><span style=\"font-size: large;\">Et, depuis l\u2019av\u00e8nement de cette Cinqui\u00e8me R\u00e9publique, qui d\u2019autre que le Chef de l\u2019\u00c9tat Fran\u00e7ais, que tambours battant, qu\u2019en tapinois, aura autant \u00ab\u00a0encadr\u00e9\u00a0\u00bb le cerveau et la main du Fran\u00e7ais comme aucune Ma\u00eetresse de jadis n\u2019aura guid\u00e9 celle du potache en classe d\u2019apprentissage de l\u2019\u00c9criture.<\/span><\/p>\n<p align=\"JUSTIFY\">\n<p align=\"JUSTIFY\">\n<p align=\"JUSTIFY\"><strong><span style=\"font-size: large;\">Et c\u2019est ainsi que, une \u00e0 une, les barriques ont chavir\u00e9 cul en l\u2019air et la cl\u00e9 sous la porte, faisant une n\u00e9cessit\u00e9 d\u2019un Assistanat <\/span><\/strong><em><span style=\"font-family: Arial, sans-serif;\"><span style=\"font-size: large;\">never known before<\/span><\/span><\/em><strong> <\/strong><strong><span style=\"font-size: large;\">et si propre \u00e0 la venue des Vautours si prompts \u00e0 offrir leur \u00ab\u00a0D\u00e9votion\u00a0\u00bb dans le geste du semeur\u2026 du Grain Public, aux n\u00e9cessiteux de plus en plus nombreux, de plus en plus d\u00e9munis, de plus en plus infantilis\u00e9s\u2026 et enfin Culpabilis\u00e9s, rendus Responsables de Crimes commis par d\u2019autres toujours Prot\u00e9g\u00e9s par le Sursis dans l\u2019Application de leur Condamnation.<\/span><\/strong><\/p>\n<p align=\"JUSTIFY\">\n<p align=\"JUSTIFY\"><span style=\"font-size: large;\">L\u2019\u00c9tat s\u2019en trouve gangren\u00e9, son cocher en qu\u00eate de Coupables s\u2019insurge, se r\u00e9fugiant derri\u00e8re des \u00ab\u00a0ONS\u00a0\u00bb d\u2019une Loyaut\u00e9 Approximative\u2026 notons que nul n\u2019a cherch\u00e9 \u00e0 le faire avant lui, et pour cause, il fallait de l\u2019audace et il n\u2019en manque pas\u2026 ce qui n\u2019a gu\u00e8re \u00e9t\u00e9 le cas avant lui.<\/span><\/p>\n<p align=\"JUSTIFY\">\n<p align=\"JUSTIFY\">\n<p align=\"JUSTIFY\"><strong><span style=\"font-size: large;\">Et le voil\u00e0 en qu\u00eate de Coupables\u2026 Orl\u00e9ans, Beaugency, notre Dame de Clery\u2026 prenez garde \u00e0 Vous\u2026 Vous pourriez payer pour les autres, dans la Chasse aux Filous qui s\u2019annonce.<\/span><\/strong><\/p>\n<p align=\"JUSTIFY\">\n<p align=\"JUSTIFY\"><span style=\"font-size: large;\">Il n\u2019y a ni meilleure \u00e9crevisse, ni meilleure anguille qu\u2019un Filou pour vous glisser entre les doigts.<\/span><\/p>\n<p align=\"JUSTIFY\">\n<p style=\"text-align: center;\" align=\"JUSTIFY\"><img loading=\"lazy\" decoding=\"async\" class=\"alignnone size-large wp-image-15232\" title=\"F3   Qui donc serait ce   ON     Quels   ONS   ne s en sortent pas dans cette peche en eau trouble\" src=\"http:\/\/www.lecarrefourdesopinions.ca\/wp-content\/uploads\/2018\/06\/F3-Qui-donc-serait-ce-ON-Quels-ONS-ne-s-en-sortent-pas-dans-cette-peche-en-eau-trouble-1024x418.png\" alt=\"\" width=\"450\" height=\"183\" \/><\/p>\n<p align=\"CENTER\"><strong><span style=\"font-size: large;\">F3\u00a0: <\/span><\/strong><em><span style=\"color: #c00000;\"><span style=\"font-size: large;\">Qui donc serait ce \u00ab\u00a0ON\u00a0\u00bb.<\/span><\/span><\/em><\/p>\n<p align=\"CENTER\"><em><span style=\"color: #c00000;\"><span style=\"font-size: large;\">Quels \u00ab\u00a0ONS\u00a0\u00bb ne s\u2019en sortent pas dans cette p\u00eache en eau trouble.<\/span><\/span><\/em><\/p>\n<p align=\"JUSTIFY\">\n<p align=\"JUSTIFY\">\n<p align=\"JUSTIFY\">\u00a0\u00a0\u00a0\u00a0\u00a0\u00a0\u00a0\u00a0 \u00a0\u00a0\u00a0\u00a0\u00a0\u00a0\u00a0\u00a0 <span style=\"font-size: large;\">\u00ab <\/span><em><span style=\"font-size: large;\">Notre Syst\u00e8me Social n\u2019est pas bon\u2026<\/span><\/em><\/p>\n<p align=\"JUSTIFY\"><em>\u00a0\u00a0\u00a0\u00a0\u00a0\u00a0\u00a0\u00a0 \u00a0\u00a0\u00a0\u00a0\u00a0\u00a0\u00a0\u00a0 <\/em><em><span style=\"font-size: large;\">On y met trop de pognon\u2026<\/span><\/em><\/p>\n<p align=\"JUSTIFY\"><em>\u00a0\u00a0\u00a0\u00a0\u00a0\u00a0\u00a0\u00a0 \u00a0\u00a0\u00a0\u00a0\u00a0\u00a0\u00a0\u00a0 <\/em><em><span style=\"font-size: large;\">On d\u00e9responsabilise\u2026<\/span><\/em><\/p>\n<p align=\"JUSTIFY\"><em>\u00a0\u00a0\u00a0\u00a0\u00a0\u00a0\u00a0\u00a0 \u00a0\u00a0\u00a0\u00a0\u00a0\u00a0\u00a0\u00a0 <\/em><em><span style=\"font-size: large;\">On est dans le Curatif\u2026<\/span><\/em><\/p>\n<p align=\"JUSTIFY\"><em>\u00a0\u00a0\u00a0\u00a0\u00a0\u00a0\u00a0\u00a0 \u00a0\u00a0\u00a0\u00a0\u00a0\u00a0\u00a0\u00a0 <\/em><em><span style=\"font-size: large;\">On a foutu le pays dans une Sacr\u00e9 Panade\u2026\u00a0\u00bb\u00a0\u00a0\u00a0<\/span><\/em><\/p>\n<p align=\"JUSTIFY\">\n<p align=\"JUSTIFY\">\n<p align=\"JUSTIFY\"><strong><span style=\"font-size: large;\">En Somme, ON, On, on\u2026mais qui serait ce ON, d\u2019o\u00f9 viendrait tout le Mal, Monsieur le Pr\u00e9sident, et dont vous venez de Juger la Copie.<\/span><\/strong><\/p>\n<p align=\"JUSTIFY\">\n<p align=\"CENTER\"><img loading=\"lazy\" decoding=\"async\" class=\"alignnone size-large wp-image-15233\" title=\"F4   Fichez le   ON\" src=\"http:\/\/www.lecarrefourdesopinions.ca\/wp-content\/uploads\/2018\/06\/F4-Fichez-le-ON-1024x556.jpg\" alt=\"\" width=\"450\" height=\"244\" srcset=\"http:\/\/www.lecarrefourdesopinions.ca\/wp-content\/uploads\/2018\/06\/F4-Fichez-le-ON-1024x556.jpg 1024w, http:\/\/www.lecarrefourdesopinions.ca\/wp-content\/uploads\/2018\/06\/F4-Fichez-le-ON-300x163.jpg 300w, http:\/\/www.lecarrefourdesopinions.ca\/wp-content\/uploads\/2018\/06\/F4-Fichez-le-ON-400x217.jpg 400w, http:\/\/www.lecarrefourdesopinions.ca\/wp-content\/uploads\/2018\/06\/F4-Fichez-le-ON.jpg 1712w\" sizes=\"auto, (max-width: 450px) 100vw, 450px\" \/><\/p>\n<p align=\"CENTER\"><strong><span style=\"font-size: large;\">F4\u00a0: <\/span><\/strong><em><span style=\"color: #c00000;\"><span style=\"font-size: large;\">Fichez le \u00ab\u00a0ON\u00a0\u00bb\u00a0!<\/span><\/span><\/em><\/p>\n<p align=\"CENTER\">\n<p align=\"JUSTIFY\">\n<p align=\"JUSTIFY\"><span style=\"font-size: large;\">Qui du Prince ou de ses Sujets serait le Cocher \u00e0 qui la diligence doit aujourd\u2019hui de se trouver les fers en l\u2019air, tout au fond du foss\u00e9\u2026 et pour quelles Carences, et pour combien de temps.<\/span><\/p>\n<p align=\"JUSTIFY\">\n<p align=\"CENTER\"><img loading=\"lazy\" decoding=\"async\" class=\"alignnone size-full wp-image-15234\" title=\"_____et_le_pain____pas_le_vin___Et_surtout_pas_le__= vin   On peu s\u2019en procurer    Faut etre Responsable\" src=\"http:\/\/www.lecarrefourdesopinions.ca\/wp-content\/uploads\/2018\/06\/et_le_pain____pas_le_vin___Et_surtout_pas_le__-vin-On-peu-s\u2019en-procurer-Faut-etre-Responsable.jpg\" alt=\"\" width=\"600\" height=\"494\" srcset=\"http:\/\/www.lecarrefourdesopinions.ca\/wp-content\/uploads\/2018\/06\/et_le_pain____pas_le_vin___Et_surtout_pas_le__-vin-On-peu-s\u2019en-procurer-Faut-etre-Responsable.jpg 600w, http:\/\/www.lecarrefourdesopinions.ca\/wp-content\/uploads\/2018\/06\/et_le_pain____pas_le_vin___Et_surtout_pas_le__-vin-On-peu-s\u2019en-procurer-Faut-etre-Responsable-300x247.jpg 300w, http:\/\/www.lecarrefourdesopinions.ca\/wp-content\/uploads\/2018\/06\/et_le_pain____pas_le_vin___Et_surtout_pas_le__-vin-On-peu-s\u2019en-procurer-Faut-etre-Responsable-400x329.jpg 400w\" sizes=\"auto, (max-width: 600px) 100vw, 600px\" \/><\/p>\n<p align=\"CENTER\"><strong><span style=\"font-size: large;\">F5\u00a0: <\/span><\/strong><em><span style=\"color: #c00000;\"><span style=\"font-size: large;\">\u2026 et le pain\u2026 pas le vin,<\/span><\/span><\/em><\/p>\n<p align=\"CENTER\"><em><span style=\"color: #c00000;\"><span style=\"font-size: large;\">Et surtout pas le vin,<\/span><\/span><\/em><\/p>\n<p align=\"CENTER\"><em><span style=\"color: #c00000;\"><span style=\"font-size: large;\">On peu s\u2019en procurer\u2026 Faut \u00eatre Responsable\u00a0!<\/span><\/span><\/em><\/p>\n<p align=\"JUSTIFY\">\n<p align=\"JUSTIFY\">\n<p align=\"JUSTIFY\"><strong><span style=\"font-family: 'Comic Sans MS';\"><span style=\"font-size: large;\">D\u00e8s-lors, qui du Prince ou de ses Sujets doit se retrousser les manches pour remettre la France sur les rails qui ont fait sa gloire et sa L\u00e9gende\u2026 le G\u00e9nie et l\u2019Effort des Fran\u00e7ais.<\/span><\/span><\/strong><\/p>\n<p align=\"JUSTIFY\">\n<p align=\"JUSTIFY\"><span style=\"font-family: 'Comic Sans MS';\"><span style=\"font-size: large;\">Alors,<\/span><\/span><\/p>\n<p align=\"JUSTIFY\">\n<p align=\"JUSTIFY\"><span style=\"font-family: 'Comic Sans MS';\"><span style=\"font-size: large;\">Dites seulement qui est ce \u00ab\u00a0On\u00a0\u00bb qui la Naufrage\u2026<\/span><\/span><\/p>\n<p align=\"JUSTIFY\"><span style=\"font-family: 'Comic Sans MS';\"><span style=\"font-size: large;\">Et la France sera gu\u00e9rie.<\/span><\/span><\/p>\n<p align=\"JUSTIFY\"><span style=\"font-family: 'Comic Sans MS';\"><span style=\"font-size: large;\">Les Fran\u00e7ais s\u2019y engagent\u2026<\/span><\/span><\/p>\n<p align=\"JUSTIFY\"><span style=\"font-family: 'Comic Sans MS';\"><span style=\"font-size: large;\">Monsieur le Pr\u00e9sident.<\/span><\/span><\/p>\n<p align=\"JUSTIFY\">\n<p align=\"JUSTIFY\"><span style=\"font-size: large;\">\u00c9ric EG Nogard<\/span><\/p>\n<p align=\"JUSTIFY\"><em><span style=\"color: #c00000;\"><span style=\"font-size: large;\">Chroniqueur<\/span><\/span><\/em><span style=\"color: #c00000;\"><span style=\"font-size: large;\">.<\/span><\/span><\/p>\n<p align=\"JUSTIFY\"><span style=\"color: #c00000;\">\u00a0<\/span><\/p>\n<p align=\"CENTER\"><strong><span style=\"font-size: large;\">***\u00a0\u00a0\u00a0\u00a0 ***\u00a0\u00a0\u00a0\u00a0 ***<\/span><\/strong><\/p>\n<p align=\"CENTER\"><strong><span style=\"color: #ff0000;\">Ne Peut \u00eatre reproduit &#8211; m\u00eame partiellement &#8211;\u00a0 sans l\u2019autorisation de l\u2019Auteur.<\/span><\/strong><\/p>\n<p align=\"CENTER\"><strong>\u00a0<\/strong><\/p>\n<p align=\"CENTER\"><strong><span style=\"font-size: large;\">***\u00a0\u00a0\u00a0\u00a0 ***\u00a0\u00a0\u00a0\u00a0 ***<\/span><\/strong><\/p>\n<p align=\"CENTER\">\n<p align=\"CENTER\"><strong><span style=\"color: #ff0000;\"><span style=\"font-size: large;\">Nota : <\/span><\/span><\/strong><span style=\"color: #000000;\"><span style=\"font-size: large;\">Nous ne traitons que de Faits et de Noms rendus Publics.<\/span><\/span><\/p>\n<p align=\"CENTER\"><span style=\"color: #000000;\">\u00a0<\/span><\/p>\n<p align=\"CENTER\"><span style=\"color: #000000;\"><span style=\"font-size: large;\">***\u00a0\u00a0\u00a0\u00a0 ***\u00a0\u00a0\u00a0\u00a0 ***<\/span><\/span><\/p>\n<p align=\"JUSTIFY\">\n<p align=\"JUSTIFY\"><strong><span style=\"text-decoration: underline;\">Liens Sugg\u00e9r\u00e9s\u00a0:<\/span><\/strong><\/p>\n<ul type=\"DISC\">\n<li>\n<p align=\"JUSTIFY\"><a href=\"http:\/\/www.etatsgenerauxdeloutremer.fr\/reflexions\">http:\/\/www.etatsgenerauxdeloutremer.fr\/reflexions<\/a><\/p>\n<\/li>\n<\/ul>\n<p align=\"CENTER\">\n<script type=\"text\/javascript\">\n\nvar addthis_config = {\"data_track_clickback\":false,\"data_track_addressbar\":false,\"data_track_textcopy\":false};\n<\/script><script type=\"text\/javascript\" src=\"\/\/s7.addthis.com\/js\/250\/addthis_widget.js#pubid=a457a6d63fb9e6ccabdde4110343bd85\"><\/script>","protected":false},"excerpt":{"rendered":"<p align=\"CENTER\"><span style=\"color: #632423;\"><span style=\"font-family: Arial, sans-serif;\"><span style=\"font-size: large;\">Du Prince ou du Sujet, qui \u00e9tait \u00ab\u00a0aux Affaires\u00a0\u00bb.<\/span><\/span><\/span><span style=\"color: #632423;\">\u00a0\u00a0\u00a0\u00a0 <\/span><\/p>\n<p align=\"JUSTIFY\">\n<p align=\"JUSTIFY\"><span style=\"color: #632423;\"><span style=\"font-family: 'Comic Sans MS';\"><span style=\"font-size: large;\">\u00c9ric EG Nogard<\/span><\/span><\/span><\/p>\n<p align=\"JUSTIFY\"><span style=\"color: #c00000;\"><span style=\"font-size: large;\">Chroniqueur<\/span><\/span><span style=\"color: #c00000;\"><span style=\"font-size: large;\">.<\/span><\/span><\/p>\n<p align=\"CENTER\">\n<p align=\"CENTER\"><span style=\"color: #632423;\"><span style=\"font-size: large;\">*** \u00a0\u00a0\u00a0\u00a0***\u00a0\u00a0\u00a0\u00a0 ***<\/span><\/span><\/p>\n<p align=\"CENTER\"><span style=\"color: #632423;\"><span style=\"font-size: large;\">***\u00a0\u00a0\u00a0\u00a0 ***\u00a0\u00a0\u00a0\u00a0 ***<\/span><\/span><\/p>\n<p align=\"CENTER\">\n<p align=\"JUSTIFY\">\n<p><span style=\"color: #000099;\"><span style=\"font-size: large;\">Du Prince ou du Sujet, qui \u00e9tait \u00ab\u00a0aux Affaires\u00a0\u00bb.<\/span><\/span><\/p>\n<p align=\"JUSTIFY\">\n<p align=\"JUSTIFY\">\n<p align=\"JUSTIFY\">\n<p align=\"JUSTIFY\"><span style=\"font-family: 'Comic Sans MS';\"><span style=\"font-size: large;\">Depuis sa sortie des <\/span><\/span>&hellip;<\/p>\n","protected":false},"author":1,"featured_media":0,"comment_status":"open","ping_status":"open","sticky":false,"template":"","format":"standard","meta":{"footnotes":""},"categories":[1],"tags":[],"class_list":["post-15229","post","type-post","status-publish","format-standard","hentry","category-accueil"],"_links":{"self":[{"href":"http:\/\/www.lecarrefourdesopinions.ca\/index.php?rest_route=\/wp\/v2\/posts\/15229","targetHints":{"allow":["GET"]}}],"collection":[{"href":"http:\/\/www.lecarrefourdesopinions.ca\/index.php?rest_route=\/wp\/v2\/posts"}],"about":[{"href":"http:\/\/www.lecarrefourdesopinions.ca\/index.php?rest_route=\/wp\/v2\/types\/post"}],"author":[{"embeddable":true,"href":"http:\/\/www.lecarrefourdesopinions.ca\/index.php?rest_route=\/wp\/v2\/users\/1"}],"replies":[{"embeddable":true,"href":"http:\/\/www.lecarrefourdesopinions.ca\/index.php?rest_route=%2Fwp%2Fv2%2Fcomments&post=15229"}],"version-history":[{"count":1,"href":"http:\/\/www.lecarrefourdesopinions.ca\/index.php?rest_route=\/wp\/v2\/posts\/15229\/revisions"}],"predecessor-version":[{"id":15235,"href":"http:\/\/www.lecarrefourdesopinions.ca\/index.php?rest_route=\/wp\/v2\/posts\/15229\/revisions\/15235"}],"wp:attachment":[{"href":"http:\/\/www.lecarrefourdesopinions.ca\/index.php?rest_route=%2Fwp%2Fv2%2Fmedia&parent=15229"}],"wp:term":[{"taxonomy":"category","embeddable":true,"href":"http:\/\/www.lecarrefourdesopinions.ca\/index.php?rest_route=%2Fwp%2Fv2%2Fcategories&post=15229"},{"taxonomy":"post_tag","embeddable":true,"href":"http:\/\/www.lecarrefourdesopinions.ca\/index.php?rest_route=%2Fwp%2Fv2%2Ftags&post=15229"}],"curies":[{"name":"wp","href":"https:\/\/api.w.org\/{rel}","templated":true}]}}