{"id":15059,"date":"2018-05-18T16:28:44","date_gmt":"2018-05-18T20:28:44","guid":{"rendered":"http:\/\/www.lecarrefourdesopinions.ca\/?p=15059"},"modified":"2018-05-18T16:28:44","modified_gmt":"2018-05-18T20:28:44","slug":"le-prendre-pour-une-menace-cest-aller-un-peu-fort","status":"publish","type":"post","link":"http:\/\/www.lecarrefourdesopinions.ca\/?p=15059","title":{"rendered":"Le prendre pour une Menace, c\u2019est aller un peu Fort."},"content":{"rendered":"<p style=\"text-align: center;\" align=\"JUSTIFY\"><em><span style=\"color: #632423;\"><span style=\"font-family: 'Comic Sans MS';\"><span style=\"font-size: large;\">Le prendre pour une Menace, c\u2019est aller un peu Fort.<\/span><\/span><\/span><\/em><\/p>\n<p align=\"JUSTIFY\"><em><span style=\"color: #632423;\">\u00a0<img loading=\"lazy\" decoding=\"async\" class=\"alignnone size-full wp-image-14741\" title=\"Eric\" src=\"http:\/\/www.lecarrefourdesopinions.ca\/wp-content\/uploads\/2018\/03\/Eric1.jpg\" alt=\"\" width=\"134\" height=\"107\" \/><\/span><\/em><\/p>\n<p align=\"JUSTIFY\"><span style=\"color: #632423;\"><span style=\"font-family: 'Comic Sans MS';\"><span style=\"font-size: large;\">\u00c9ric EG Nogard<\/span><\/span><\/span><\/p>\n<p align=\"JUSTIFY\"><em><span style=\"color: #c00000;\"><span style=\"font-size: large;\">Chroniqueur<\/span><\/span><\/em><span style=\"color: #c00000;\"><span style=\"font-size: large;\">.<\/span><\/span><\/p>\n<p align=\"CENTER\">\n<p align=\"CENTER\"><span style=\"color: #632423;\"><span style=\"font-size: large;\">***\u00a0\u00a0\u00a0\u00a0 ***\u00a0\u00a0\u00a0\u00a0 ***<\/span><\/span><\/p>\n<p align=\"CENTER\"><span style=\"color: #632423;\"><span style=\"font-size: large;\">***\u00a0\u00a0\u00a0\u00a0 ***\u00a0\u00a0\u00a0\u00a0 ***<\/span><\/span><\/p>\n<p align=\"CENTER\"><span style=\"color: #632423;\">\u00a0<\/span><\/p>\n<p><em><span style=\"color: #000099;\"><span style=\"font-size: large;\">Le prendre pour une Menace, c\u2019est aller un peu Fort.<\/span><\/span><\/em><\/p>\n<p align=\"JUSTIFY\">\n<p align=\"JUSTIFY\">\u00a0<img loading=\"lazy\" decoding=\"async\" class=\"alignnone size-full wp-image-15060\" title=\"__Donald_TRUMP_devrait_normalement_rencontrer_Kim_JO_= NG-UN le 12 juin   Reste \u00e0 savoir pour quel   Marche\" src=\"http:\/\/www.lecarrefourdesopinions.ca\/wp-content\/uploads\/2018\/05\/Donald_TRUMP_devrait_normalement_rencontrer_Kim_JO_-NG-UN-le-12-juin-Reste-\u00e0-savoir-pour-quel-Marche.jpg\" alt=\"\" width=\"620\" height=\"310\" srcset=\"http:\/\/www.lecarrefourdesopinions.ca\/wp-content\/uploads\/2018\/05\/Donald_TRUMP_devrait_normalement_rencontrer_Kim_JO_-NG-UN-le-12-juin-Reste-\u00e0-savoir-pour-quel-Marche.jpg 620w, http:\/\/www.lecarrefourdesopinions.ca\/wp-content\/uploads\/2018\/05\/Donald_TRUMP_devrait_normalement_rencontrer_Kim_JO_-NG-UN-le-12-juin-Reste-\u00e0-savoir-pour-quel-Marche-300x150.jpg 300w, http:\/\/www.lecarrefourdesopinions.ca\/wp-content\/uploads\/2018\/05\/Donald_TRUMP_devrait_normalement_rencontrer_Kim_JO_-NG-UN-le-12-juin-Reste-\u00e0-savoir-pour-quel-Marche-400x200.jpg 400w\" sizes=\"auto, (max-width: 620px) 100vw, 620px\" \/><\/p>\n<p style=\"text-align: center;\" align=\"JUSTIFY\">\n<p align=\"JUSTIFY\"><strong><span style=\"font-size: large;\">F1\u00a0: <\/span><\/strong><em><span style=\"color: #c00000;\"><span style=\"font-size: large;\">Donald TRUMP devrait normalement rencontrer Kim JONG-UN le 12 juin. Reste \u00e0 savoir pour quel \u00ab\u00a0March\u00e9\u00a0\u00bb.<\/span><\/span><\/em><\/p>\n<p align=\"JUSTIFY\"><em><span style=\"color: #c00000;\">\u00a0<\/span><\/em><\/p>\n<p align=\"JUSTIFY\">\n<p align=\"JUSTIFY\"><strong><span style=\"font-family: 'Comic Sans MS';\"><span style=\"font-size: large;\">Voil\u00e0 que Pyongyang ne veut pas \u00eatre contraint UNILAT\u00c9RALEMENT de Renoncer \u00e0 l\u2019Arme Nucl\u00e9aire.<\/span><\/span><\/strong><\/p>\n<p align=\"JUSTIFY\">\n<p align=\"JUSTIFY\"><span style=\"font-family: 'Comic Sans MS';\"><span style=\"font-size: large;\">Surtout que, vu leur caract\u00e8re \u00e9quivoque, certaines initiatives Am\u00e9ricaines comme la reconnaissance de J\u00e9rusalem comme Capitale d\u2019Isra\u00ebl, l\u2019Installation de l\u2019Ambassade U.S. \u00e0 J\u00e9rusalem, l\u2019Opposition des U.S.A. \u00e0 l\u2019Enqu\u00eate sur les men\u00e9es d\u2019Isra\u00ebl dans la Bande de Gaza, et, <\/span><\/span><em><span style=\"font-family: Arial, sans-serif;\"><span style=\"font-size: large;\">First of all<\/span><\/span><\/em><span style=\"font-family: 'Comic Sans MS';\"><span style=\"font-size: large;\">, la poursuite des Exercices et Man\u0153uvres Militaires Am\u00e9ricaines en Cor\u00e9e du Sud\u2026 ne sont pas de nature \u00e0 inspirer Confiance.<\/span><\/span><\/p>\n<p align=\"JUSTIFY\">\n<p align=\"JUSTIFY\"><strong><span style=\"font-family: 'Comic Sans MS';\"><span style=\"font-size: large;\">Qu\u2019on se mette \u00e0 sa place.<\/span><\/span><\/strong><\/p>\n<p align=\"JUSTIFY\">\n<p align=\"JUSTIFY\"><span style=\"font-family: 'Comic Sans MS';\"><span style=\"font-size: large;\">Il convient de savoir ce que parler veut dire, le \u00ab\u00a0<\/span><\/span><em><span style=\"font-family: Arial, sans-serif;\"><span style=\"font-size: large;\">No bargain<\/span><\/span><\/em>\u00a0<span style=\"font-family: 'Comic Sans MS';\"><span style=\"font-size: large;\">\u00bb de Pyongyang \u00e0 un March\u00e9 de dupe ne nous appara\u00eet pas comme une Menace, pas plus d\u2019ailleurs que le \u00ab\u00a0Bas les armes\u00a0\u00bb qui lui est signifi\u00e9 ne nous a l\u2019air d\u2019une caresse ang\u00e9lique.<\/span><\/span><\/p>\n<p align=\"JUSTIFY\">\n<p align=\"CENTER\"><img loading=\"lazy\" decoding=\"async\" class=\"alignnone size-full wp-image-15061\" title=\"F2   Malheur aux doubles de c\u0153ur    et aux Langues Fourchues\" src=\"http:\/\/www.lecarrefourdesopinions.ca\/wp-content\/uploads\/2018\/05\/F2-Malheur-aux-doubles-de-c\u0153ur-et-aux-Langues-Fourchues.jpg\" alt=\"\" width=\"271\" height=\"203\" \/><\/p>\n<p align=\"CENTER\"><strong><span style=\"font-size: large;\">F2\u00a0: <\/span><\/strong><em><span style=\"color: #c00000;\"><span style=\"font-size: large;\">Malheur aux doubles de c\u0153ur\u2026 et aux Langues Fourchues.<\/span><\/span><\/em><\/p>\n<p align=\"JUSTIFY\">\n<p align=\"JUSTIFY\">\n<p align=\"JUSTIFY\"><strong><span style=\"font-size: large;\">De quel fond, de quel vice, de quelle fourberie, de quelle f\u00e9lonie, de quel atavisme tenons-nous cette inclination \u00e0 r\u00e9puter de \u00ab\u00a0Menace\u00a0\u00bb, tout ce qui chez l\u2019autre nous d\u00e9plait, faisant de lui l\u2019agresseur ha\u00efssable et de nous l\u2019innocente victime, <\/span><\/strong><em><span style=\"font-family: Arial, sans-serif;\"><span style=\"font-size: large;\">before the least stone has been casted against us<\/span><\/span><\/em><strong><span style=\"font-size: large;\">.<\/span><\/strong><\/p>\n<p align=\"JUSTIFY\">\n<p align=\"JUSTIFY\"><span style=\"font-size: large;\">N\u2019est-ce pas ce qui m\u00e9riterait la qualification de \u00ab\u00a0conditionnement psychologique\u00a0\u00bb, cette encre de seiche si propice aux <\/span><em><span style=\"font-family: Arial, sans-serif;\"><span style=\"font-size: large;\">deceivers<\/span><\/span><\/em><span style=\"font-size: large;\">, aux langues fourchues, aux couteaux \u00e0 deux tranchants, aux amateurs du double jeu, en tout cas, \u00e0 tous ceux qui contraignent le \u00ab\u00a0Cri d\u2019Alarme\u00a0\u00bb \u00e0 leur lancer <\/span><em><span style=\"font-family: Arial, sans-serif;\"><span style=\"font-size: large;\">this warning<\/span><\/span><\/em>\u00a0<span style=\"font-size: large;\">:<\/span><\/p>\n<p align=\"JUSTIFY\">\n<p align=\"CENTER\"><em><span style=\"font-family: Arial, sans-serif;\"><span style=\"font-size: large;\">Vae duplici corde, et ingredienti duabus viis\u00a0!<\/span><\/span><\/em><\/p>\n<p align=\"CENTER\"><em><span style=\"font-size: large;\">Malheur \u00e0 ceux qui sont doubles de c\u0153ur, et qui se pr\u00e9parent deux Voies\u00a0!<\/span><\/em><\/p>\n<p align=\"JUSTIFY\">\n<p align=\"JUSTIFY\"><span style=\"font-size: large;\">Et Donald TRUMP devrait en tenir Compte pour m\u00e9riter son rang de Leader du Bloc Occidental et le Soutien de Tous.<\/span><\/p>\n<p align=\"JUSTIFY\">\n<p align=\"CENTER\"><img loading=\"lazy\" decoding=\"async\" class=\"alignnone size-full wp-image-15062\" title=\"F3   A visage decouvert    a la Face du Monde\" src=\"http:\/\/www.lecarrefourdesopinions.ca\/wp-content\/uploads\/2018\/05\/F3-A-visage-decouvert-a-la-Face-du-Monde.jpg\" alt=\"\" width=\"480\" height=\"360\" srcset=\"http:\/\/www.lecarrefourdesopinions.ca\/wp-content\/uploads\/2018\/05\/F3-A-visage-decouvert-a-la-Face-du-Monde.jpg 480w, http:\/\/www.lecarrefourdesopinions.ca\/wp-content\/uploads\/2018\/05\/F3-A-visage-decouvert-a-la-Face-du-Monde-300x225.jpg 300w, http:\/\/www.lecarrefourdesopinions.ca\/wp-content\/uploads\/2018\/05\/F3-A-visage-decouvert-a-la-Face-du-Monde-400x300.jpg 400w\" sizes=\"auto, (max-width: 480px) 100vw, 480px\" \/><\/p>\n<p align=\"CENTER\"><strong><span style=\"font-size: large;\">F3\u00a0: <\/span><\/strong><em><span style=\"color: #c00000;\"><span style=\"font-size: large;\">A visage d\u00e9couvert\u2026 \u00e0 la Face du Monde.<\/span><\/span><\/em><\/p>\n<p align=\"JUSTIFY\">\n<p align=\"JUSTIFY\">\n<p align=\"JUSTIFY\"><strong><span style=\"font-size: large;\">Kim JONG-UN s\u2019est montr\u00e9 on ne peut plus clair.<\/span><\/strong><\/p>\n<p align=\"JUSTIFY\">\n<p align=\"JUSTIFY\"><span style=\"font-family: Symbol;\"><span style=\"font-size: large;\">\u00b7<\/span><\/span><span style=\"font-family: Symbol;\"><span style=\"font-size: large;\">\u00a0\u00a0\u00a0\u00a0\u00a0\u00a0\u00a0 <\/span><\/span><span style=\"font-size: large;\">Il renonce \u00e0 l\u2019Arme Nucl\u00e9aire, cette Menace permanente d\u2019Apocalypse, en m\u00eame temps que ce Moyen de Chantage, de Contrainte, de Pression dont abusent certains \u00c9tats pour Asservir le Monde.<\/span><\/p>\n<p align=\"JUSTIFY\">\n<p align=\"JUSTIFY\"><span style=\"font-family: Symbol;\"><span style=\"font-size: large;\">\u00b7<\/span><\/span><span style=\"font-family: Symbol;\"><span style=\"font-size: large;\">\u00a0\u00a0\u00a0\u00a0\u00a0\u00a0\u00a0 <\/span><\/span><span style=\"font-size: large;\">Il offre devant T\u00e9moins, de mettre sa Parole \u00e0 ex\u00e9cution dans l\u2019imm\u00e9diat.<\/span><\/p>\n<p>&nbsp;<\/p>\n<p align=\"JUSTIFY\"><span style=\"font-family: Symbol;\"><span style=\"font-size: large;\">\u00b7<\/span><\/span><span style=\"font-family: Symbol;\"><span style=\"font-size: large;\">\u00a0\u00a0\u00a0\u00a0\u00a0\u00a0\u00a0 <\/span><\/span><span style=\"font-size: large;\">Donald TRUMP y a applaudi, il y a Consenti, quelle cons\u00e9quence en a-t-il d\u00e9j\u00e0 tir\u00e9e.<\/span><\/p>\n<p>&nbsp;<\/p>\n<p>&nbsp;<\/p>\n<p align=\"JUSTIFY\"><em><span style=\"font-size: large;\">Et, sans qu\u2019on ait \u00e0 le lui dire, la chose allant de soi,<\/span><\/em><\/p>\n<p align=\"JUSTIFY\"><em>\u00a0<\/em><\/p>\n<p align=\"JUSTIFY\"><em><span style=\"font-size: large;\">Qu\u2019a-t-il offert en Contre-partie, <\/span><\/em><\/p>\n<p align=\"JUSTIFY\"><em><span style=\"font-size: large;\">Pour quoi prend-il Kim JONG-UN, <\/span><\/em><\/p>\n<p align=\"JUSTIFY\"><em><span style=\"font-size: large;\">Pour quoi prend-il le Monde. \u00a0<\/span><\/em><\/p>\n<p align=\"JUSTIFY\">\n<p align=\"JUSTIFY\">\n<p align=\"JUSTIFY\"><em><span style=\"font-size: large;\">Kim a fait un pas\u2026 que font les autres \u00c9tats.<\/span><\/em><\/p>\n<p align=\"JUSTIFY\"><em>\u00a0<\/em><\/p>\n<p align=\"JUSTIFY\"><em><span style=\"font-size: large;\">Que compte lui r\u00e9pondre <\/span><\/em><em><span style=\"font-family: Arial, sans-serif;\"><span style=\"font-size: large;\">Uncle<\/span><\/span><\/em><em> <\/em><em><span style=\"font-size: large;\">Donald.<\/span><\/em><\/p>\n<p align=\"JUSTIFY\">\n<p align=\"CENTER\"><img loading=\"lazy\" decoding=\"async\" class=\"alignnone size-full wp-image-15063\" title=\"F4   Telle est notre Opinion au   Cri d\u2019Alarme\" src=\"http:\/\/www.lecarrefourdesopinions.ca\/wp-content\/uploads\/2018\/05\/F4-Telle-est-notre-Opinion-au-Cri-d\u2019Alarme.jpg\" alt=\"\" width=\"638\" height=\"479\" srcset=\"http:\/\/www.lecarrefourdesopinions.ca\/wp-content\/uploads\/2018\/05\/F4-Telle-est-notre-Opinion-au-Cri-d\u2019Alarme.jpg 638w, http:\/\/www.lecarrefourdesopinions.ca\/wp-content\/uploads\/2018\/05\/F4-Telle-est-notre-Opinion-au-Cri-d\u2019Alarme-300x225.jpg 300w, http:\/\/www.lecarrefourdesopinions.ca\/wp-content\/uploads\/2018\/05\/F4-Telle-est-notre-Opinion-au-Cri-d\u2019Alarme-400x300.jpg 400w\" sizes=\"auto, (max-width: 638px) 100vw, 638px\" \/><\/p>\n<p align=\"CENTER\"><strong><span style=\"font-size: large;\">F4\u00a0: <\/span><\/strong><em><span style=\"color: #c00000;\"><span style=\"font-size: large;\">Telle est notre Opinion au \u00ab\u00a0Cri d\u2019Alarme\u00a0\u00bb.<\/span><\/span><\/em><\/p>\n<p><strong>\u00a0<\/strong><\/p>\n<p>&nbsp;<\/p>\n<p><strong><span style=\"font-family: 'Comic Sans MS';\"><span style=\"font-size: large;\">Et Surtout.<\/span><\/span><\/strong><\/p>\n<p>&nbsp;<\/p>\n<p align=\"JUSTIFY\"><span style=\"font-family: 'Comic Sans MS';\"><span style=\"font-size: large;\">Ne parlons pas de MENACE quand c\u2019est nous les Porteurs de Danger, du moins en l\u2019\u00e9tat actuel des choses et sous r\u00e9serve que soient av\u00e9r\u00e9es les exigences de la Maison Blanche.<\/span><\/span><\/p>\n<p align=\"JUSTIFY\">\n<p align=\"JUSTIFY\"><span style=\"font-family: 'Comic Sans MS';\"><span style=\"font-size: large;\">Le Bon-Droit selon nous et en ce qui concerne l\u2019Arme Nucl\u00e9aire, R\u00e9clame que tous les \u00c9tats soient mis sur le m\u00eame pied\u00a0:<\/span><\/span><\/p>\n<p align=\"JUSTIFY\">\n<p align=\"JUSTIFY\"><span style=\"font-size: large;\">&#8211;<\/span><span style=\"font-size: large;\">\u00a0\u00a0\u00a0\u00a0\u00a0\u00a0\u00a0\u00a0 <\/span><span style=\"font-family: 'Comic Sans MS';\"><span style=\"font-size: large;\">Ou tous ils la poss\u00e8dent\u2026 qu\u2019ils s\u2019en cassent la gueule\u00a0! si le C\u0153ur leur en dit\u00a0!..<\/span><\/span><\/p>\n<p align=\"JUSTIFY\">\n<p align=\"JUSTIFY\"><span style=\"font-size: large;\">&#8211;<\/span><span style=\"font-size: large;\">\u00a0\u00a0\u00a0\u00a0\u00a0\u00a0\u00a0\u00a0 <\/span><span style=\"font-family: 'Comic Sans MS';\"><span style=\"font-size: large;\">Ou Tous ils y Renoncent\u2026 \u00a0l\u2019Humanit\u00e9 pourra souffler, ne serait-ce que le temps d\u2019une chanson.<\/span><\/span><\/p>\n<p align=\"JUSTIFY\">\n<p align=\"JUSTIFY\"><span style=\"font-size: large;\">\u00c9ric EG Nogard<\/span><\/p>\n<p align=\"JUSTIFY\"><em><span style=\"color: #c00000;\"><span style=\"font-size: large;\">Chroniqueur<\/span><\/span><\/em><span style=\"color: #c00000;\"><span style=\"font-size: large;\">.<\/span><\/span><\/p>\n<p align=\"JUSTIFY\"><span style=\"color: #c00000;\">\u00a0<\/span><\/p>\n<p align=\"CENTER\"><strong><span style=\"font-size: large;\">***\u00a0\u00a0\u00a0\u00a0 ***\u00a0\u00a0\u00a0\u00a0 ***<\/span><\/strong><\/p>\n<p align=\"CENTER\"><strong>\u00a0<\/strong><\/p>\n<p align=\"CENTER\"><strong><span style=\"color: #ff0000;\">Ne Peut \u00eatre reproduit &#8211; m\u00eame partiellement &#8211;\u00a0 sans l\u2019autorisation de l\u2019Auteur.<\/span><\/strong><\/p>\n<p align=\"CENTER\"><strong>\u00a0<\/strong><\/p>\n<p align=\"CENTER\"><strong><span style=\"font-size: large;\">***\u00a0\u00a0\u00a0\u00a0 ***\u00a0\u00a0\u00a0\u00a0 ***<\/span><\/strong><\/p>\n<p align=\"CENTER\">\n<p align=\"CENTER\"><strong><span style=\"color: #ff0000;\"><span style=\"font-size: large;\">Nota : <\/span><\/span><\/strong><span style=\"color: #000000;\"><span style=\"font-size: large;\">Nous ne traitons que de Faits et de Noms rendus Publics.<\/span><\/span><\/p>\n<p align=\"CENTER\"><span style=\"color: #000000;\">\u00a0<\/span><\/p>\n<p align=\"CENTER\"><span style=\"color: #000000;\"><span style=\"font-size: large;\">***\u00a0\u00a0\u00a0\u00a0 ***\u00a0\u00a0\u00a0\u00a0 ***<\/span><\/span><\/p>\n<p align=\"JUSTIFY\">\n<p align=\"JUSTIFY\"><strong><span style=\"text-decoration: underline;\">Liens Sugg\u00e9r\u00e9s\u00a0:<\/span><\/strong><\/p>\n<ul type=\"DISC\">\n<li>\n<p align=\"JUSTIFY\"><a href=\"http:\/\/www.etatsgenerauxdeloutremer.fr\/reflexions\">http:\/\/www.etatsgenerauxdeloutremer.fr\/reflexions<\/a><\/p>\n<\/li>\n<\/ul>\n<p align=\"CENTER\">\n<script type=\"text\/javascript\">\n\nvar addthis_config = {\"data_track_clickback\":false,\"data_track_addressbar\":false,\"data_track_textcopy\":false};\n<\/script><script type=\"text\/javascript\" src=\"\/\/s7.addthis.com\/js\/250\/addthis_widget.js#pubid=a457a6d63fb9e6ccabdde4110343bd85\"><\/script>","protected":false},"excerpt":{"rendered":"<p style=\"text-align: center;\" align=\"JUSTIFY\"><span style=\"color: #632423;\"><span style=\"font-family: 'Comic Sans MS';\"><span style=\"font-size: large;\">Le prendre pour une Menace, c\u2019est aller un peu Fort.<\/span><\/span><\/span><\/p>\n<p align=\"JUSTIFY\"><span style=\"color: #632423;\">\u00a0<\/span><\/p>\n<p align=\"JUSTIFY\"><span style=\"color: #632423;\"><span style=\"font-family: 'Comic Sans MS';\"><span style=\"font-size: large;\">\u00c9ric EG Nogard<\/span><\/span><\/span><\/p>\n<p align=\"JUSTIFY\"><span style=\"color: #c00000;\"><span style=\"font-size: large;\">Chroniqueur<\/span><\/span><span style=\"color: #c00000;\"><span style=\"font-size: large;\">.<\/span><\/span><\/p>\n<p align=\"CENTER\">\n<p align=\"CENTER\"><span style=\"color: #632423;\"><span style=\"font-size: large;\">***\u00a0\u00a0\u00a0\u00a0 ***\u00a0\u00a0\u00a0\u00a0 ***<\/span><\/span><\/p>\n<p align=\"CENTER\"><span style=\"color: #632423;\"><span style=\"font-size: large;\">***\u00a0\u00a0\u00a0\u00a0 ***\u00a0\u00a0\u00a0\u00a0 ***<\/span><\/span><\/p>\n<p align=\"CENTER\"><span style=\"color: #632423;\">\u00a0<\/span><\/p>\n<p><span style=\"color: #000099;\"><span style=\"font-size: large;\">Le prendre pour une Menace, c\u2019est aller un peu Fort.<\/span><\/span><\/p>\n<p align=\"JUSTIFY\">\n<p align=\"JUSTIFY\">\u00a0<\/p>\n<p style=\"text-align: center;\" align=\"JUSTIFY\">\n<p align=\"JUSTIFY\"><span style=\"font-size: large;\">F1\u00a0: <\/span><span style=\"color: #c00000;\"><span style=\"font-size: large;\">Donald TRUMP devrait normalement <\/span><\/span>&hellip;<\/p>\n","protected":false},"author":1,"featured_media":0,"comment_status":"open","ping_status":"open","sticky":false,"template":"","format":"standard","meta":{"footnotes":""},"categories":[1],"tags":[],"class_list":["post-15059","post","type-post","status-publish","format-standard","hentry","category-accueil"],"_links":{"self":[{"href":"http:\/\/www.lecarrefourdesopinions.ca\/index.php?rest_route=\/wp\/v2\/posts\/15059","targetHints":{"allow":["GET"]}}],"collection":[{"href":"http:\/\/www.lecarrefourdesopinions.ca\/index.php?rest_route=\/wp\/v2\/posts"}],"about":[{"href":"http:\/\/www.lecarrefourdesopinions.ca\/index.php?rest_route=\/wp\/v2\/types\/post"}],"author":[{"embeddable":true,"href":"http:\/\/www.lecarrefourdesopinions.ca\/index.php?rest_route=\/wp\/v2\/users\/1"}],"replies":[{"embeddable":true,"href":"http:\/\/www.lecarrefourdesopinions.ca\/index.php?rest_route=%2Fwp%2Fv2%2Fcomments&post=15059"}],"version-history":[{"count":1,"href":"http:\/\/www.lecarrefourdesopinions.ca\/index.php?rest_route=\/wp\/v2\/posts\/15059\/revisions"}],"predecessor-version":[{"id":15064,"href":"http:\/\/www.lecarrefourdesopinions.ca\/index.php?rest_route=\/wp\/v2\/posts\/15059\/revisions\/15064"}],"wp:attachment":[{"href":"http:\/\/www.lecarrefourdesopinions.ca\/index.php?rest_route=%2Fwp%2Fv2%2Fmedia&parent=15059"}],"wp:term":[{"taxonomy":"category","embeddable":true,"href":"http:\/\/www.lecarrefourdesopinions.ca\/index.php?rest_route=%2Fwp%2Fv2%2Fcategories&post=15059"},{"taxonomy":"post_tag","embeddable":true,"href":"http:\/\/www.lecarrefourdesopinions.ca\/index.php?rest_route=%2Fwp%2Fv2%2Ftags&post=15059"}],"curies":[{"name":"wp","href":"https:\/\/api.w.org\/{rel}","templated":true}]}}