{"id":15046,"date":"2018-05-17T13:14:43","date_gmt":"2018-05-17T17:14:43","guid":{"rendered":"http:\/\/www.lecarrefourdesopinions.ca\/?p=15046"},"modified":"2018-05-17T13:14:43","modified_gmt":"2018-05-17T17:14:43","slug":"semblables-juiveries-devraient-interpeler","status":"publish","type":"post","link":"http:\/\/www.lecarrefourdesopinions.ca\/?p=15046","title":{"rendered":"Semblables Juiveries, devraient interpeler."},"content":{"rendered":"<p align=\"CENTER\"><em><span style=\"color: #632423;\"><span style=\"font-family: 'Comic Sans MS';\"><span style=\"font-size: large;\">Semblables Juiveries, devraient interpeler.<\/span><\/span><\/span><\/em><\/p>\n<p align=\"JUSTIFY\"><em><span style=\"color: #632423;\">\u00a0<img loading=\"lazy\" decoding=\"async\" class=\"alignnone size-full wp-image-14741\" title=\"Eric\" src=\"http:\/\/www.lecarrefourdesopinions.ca\/wp-content\/uploads\/2018\/03\/Eric1.jpg\" alt=\"\" width=\"134\" height=\"107\" \/><\/span><\/em><\/p>\n<p align=\"JUSTIFY\"><span style=\"color: #632423;\"><span style=\"font-family: 'Comic Sans MS';\"><span style=\"font-size: large;\">\u00c9ric EG Nogard<\/span><\/span><\/span><\/p>\n<p align=\"JUSTIFY\"><em><span style=\"color: #c00000;\"><span style=\"font-size: large;\">Chroniqueur<\/span><\/span><\/em><span style=\"color: #c00000;\"><span style=\"font-size: large;\">.<\/span><\/span><\/p>\n<p align=\"CENTER\">\n<p align=\"CENTER\"><span style=\"color: #632423;\"><span style=\"font-size: large;\">***\u00a0\u00a0\u00a0\u00a0 ***\u00a0\u00a0\u00a0\u00a0 ***<\/span><\/span><\/p>\n<p align=\"CENTER\">\n<p><em><span style=\"color: #000099;\"><span style=\"font-size: large;\">Semblables Juiveries, devraient interpeler.<\/span><\/span><\/em><\/p>\n<p align=\"JUSTIFY\">\n<p align=\"JUSTIFY\">\n<p align=\"CENTER\"><img loading=\"lazy\" decoding=\"async\" class=\"alignnone size-large wp-image-15047\" title=\"F1   Le Cuirassier   Bismarck\" src=\"http:\/\/www.lecarrefourdesopinions.ca\/wp-content\/uploads\/2018\/05\/F1-Le-Cuirassier-Bismarck-1024x753.jpg\" alt=\"\" width=\"450\" height=\"330\" srcset=\"http:\/\/www.lecarrefourdesopinions.ca\/wp-content\/uploads\/2018\/05\/F1-Le-Cuirassier-Bismarck-1024x753.jpg 1024w, http:\/\/www.lecarrefourdesopinions.ca\/wp-content\/uploads\/2018\/05\/F1-Le-Cuirassier-Bismarck-300x220.jpg 300w, http:\/\/www.lecarrefourdesopinions.ca\/wp-content\/uploads\/2018\/05\/F1-Le-Cuirassier-Bismarck-400x294.jpg 400w, http:\/\/www.lecarrefourdesopinions.ca\/wp-content\/uploads\/2018\/05\/F1-Le-Cuirassier-Bismarck.jpg 1144w\" sizes=\"auto, (max-width: 450px) 100vw, 450px\" \/><\/p>\n<p align=\"CENTER\"><strong><span style=\"font-size: large;\">F1\u00a0: <\/span><\/strong><em><span style=\"color: #c00000;\"><span style=\"font-size: large;\">Le Cuirassier \u00ab\u00a0Bismarck\u00a0\u00bb.<\/span><\/span><\/em><\/p>\n<p align=\"CENTER\"><strong>\u00a0<\/strong><\/p>\n<p align=\"JUSTIFY\">\n<p align=\"JUSTIFY\"><span style=\"font-family: 'Comic Sans MS';\"><span style=\"font-size: large;\">Tout comme le furent nos parents d\u00e8s que leur furent connues la Honte du Vel d\u2019Hiv et les Horreurs qui s\u2019ensuivirent, nous voil\u00e0 interpel\u00e9s, tant par la Mort Lente pratiqu\u00e9e dans la Bande de Gaza, que par la tuerie sans Merci inflig\u00e9e \u00e0 de Pauvres h\u00e8res aux Mains Nues par une Soldatesque plus Cuirass\u00e9e qu\u2019un Pangolin et mieux arm\u00e9e que le Bismarck.<\/span><\/span><\/p>\n<p align=\"JUSTIFY\">\n<p align=\"CENTER\"><img loading=\"lazy\" decoding=\"async\" class=\"alignnone size-full wp-image-15048\" title=\"F2   Tels que les voila\" src=\"http:\/\/www.lecarrefourdesopinions.ca\/wp-content\/uploads\/2018\/05\/F2-Tels-que-les-voila.jpg\" alt=\"\" width=\"680\" height=\"382\" srcset=\"http:\/\/www.lecarrefourdesopinions.ca\/wp-content\/uploads\/2018\/05\/F2-Tels-que-les-voila.jpg 680w, http:\/\/www.lecarrefourdesopinions.ca\/wp-content\/uploads\/2018\/05\/F2-Tels-que-les-voila-300x168.jpg 300w, http:\/\/www.lecarrefourdesopinions.ca\/wp-content\/uploads\/2018\/05\/F2-Tels-que-les-voila-400x224.jpg 400w\" sizes=\"auto, (max-width: 680px) 100vw, 680px\" \/><\/p>\n<p align=\"CENTER\"><strong><span style=\"font-size: large;\">F2\u00a0: <\/span><\/strong><em><span style=\"color: #c00000;\"><span style=\"font-size: large;\">Tels que les voil\u00e0\u2026<\/span><\/span><\/em><strong><\/strong><\/p>\n<p align=\"JUSTIFY\">\n<p align=\"JUSTIFY\">\n<p align=\"JUSTIFY\">\u00a0\u00a0\u00a0\u00a0\u00a0\u00a0\u00a0\u00a0 <strong><span style=\"font-size: large;\">Les flinguer comme on les bute au nom de quel Talmud.<\/span><\/strong><\/p>\n<p align=\"JUSTIFY\">\n<p align=\"JUSTIFY\">\u00a0\u00a0\u00a0\u00a0\u00a0\u00a0\u00a0\u00a0 <span style=\"font-size: large;\">Les buter comme on les flingue au nom de quelle violation.<\/span><\/p>\n<p align=\"JUSTIFY\">\n<p style=\"text-align: center;\" align=\"JUSTIFY\"><img loading=\"lazy\" decoding=\"async\" class=\"alignnone size-large wp-image-15049\" title=\"F3       les buter  les flinguer    au nom de quel Talmud\" src=\"http:\/\/www.lecarrefourdesopinions.ca\/wp-content\/uploads\/2018\/05\/F3-les-buter-les-flinguer-au-nom-de-quel-Talmud-1024x474.jpg\" alt=\"\" width=\"450\" height=\"208\" srcset=\"http:\/\/www.lecarrefourdesopinions.ca\/wp-content\/uploads\/2018\/05\/F3-les-buter-les-flinguer-au-nom-de-quel-Talmud-1024x474.jpg 1024w, http:\/\/www.lecarrefourdesopinions.ca\/wp-content\/uploads\/2018\/05\/F3-les-buter-les-flinguer-au-nom-de-quel-Talmud-300x138.jpg 300w, http:\/\/www.lecarrefourdesopinions.ca\/wp-content\/uploads\/2018\/05\/F3-les-buter-les-flinguer-au-nom-de-quel-Talmud-400x185.jpg 400w, http:\/\/www.lecarrefourdesopinions.ca\/wp-content\/uploads\/2018\/05\/F3-les-buter-les-flinguer-au-nom-de-quel-Talmud.jpg 1231w\" sizes=\"auto, (max-width: 450px) 100vw, 450px\" \/><\/p>\n<p align=\"CENTER\"><strong><span style=\"font-size: large;\">F3\u00a0: <\/span><\/strong><em><span style=\"color: #c00000;\"><span style=\"font-size: large;\">\u2026 les buter, les flinguer\u2026 au nom de quel Talmud.<\/span><\/span><\/em><\/p>\n<p align=\"JUSTIFY\">\n<p align=\"JUSTIFY\">\n<p align=\"JUSTIFY\">\u00a0\u00a0\u00a0\u00a0\u00a0\u00a0\u00a0\u00a0 <strong><span style=\"font-size: large;\">Les flinguer, les buter comme ne l\u2019a jamais \u00e9t\u00e9 une horde de Lycaons.<\/span><\/strong><\/p>\n<p align=\"JUSTIFY\">\n<p align=\"JUSTIFY\">\u00a0\u00a0\u00a0\u00a0\u00a0\u00a0\u00a0\u00a0 <span style=\"font-size: large;\">Les buter, les flinguer par des mains qui pr\u00e9tendent servir Dieu.<\/span><\/p>\n<p align=\"JUSTIFY\">\n<p style=\"text-align: center;\" align=\"JUSTIFY\"><img loading=\"lazy\" decoding=\"async\" class=\"alignnone size-full wp-image-15050\" title=\"F4   Est ce \u00e7a la guerre    si guerre il y a\" src=\"http:\/\/www.lecarrefourdesopinions.ca\/wp-content\/uploads\/2018\/05\/F4-Est-ce-\u00e7a-la-guerre-si-guerre-il-y-a.jpeg\" alt=\"\" width=\"758\" height=\"379\" srcset=\"http:\/\/www.lecarrefourdesopinions.ca\/wp-content\/uploads\/2018\/05\/F4-Est-ce-\u00e7a-la-guerre-si-guerre-il-y-a.jpeg 758w, http:\/\/www.lecarrefourdesopinions.ca\/wp-content\/uploads\/2018\/05\/F4-Est-ce-\u00e7a-la-guerre-si-guerre-il-y-a-300x150.jpeg 300w, http:\/\/www.lecarrefourdesopinions.ca\/wp-content\/uploads\/2018\/05\/F4-Est-ce-\u00e7a-la-guerre-si-guerre-il-y-a-400x200.jpeg 400w\" sizes=\"auto, (max-width: 758px) 100vw, 758px\" \/><\/p>\n<p align=\"CENTER\"><strong><span style=\"font-size: large;\">F4\u00a0: <\/span><\/strong><em><span style=\"color: #c00000;\"><span style=\"font-size: large;\">Est-ce \u00e7a la guerre\u2026 si guerre il y a.<\/span><\/span><\/em><\/p>\n<p align=\"JUSTIFY\">\n<p align=\"JUSTIFY\">\n<p align=\"JUSTIFY\">\u00a0\u00a0\u00a0\u00a0\u00a0\u00a0\u00a0\u00a0 <strong><span style=\"font-size: large;\">Impensable\u2026 insoutenable, surtout venant d\u2019un Peuple \u00c9lu de Dieu. <\/span><\/strong><\/p>\n<p align=\"JUSTIFY\"><span style=\"font-size: large;\">Impensable\u2026 insoutenable, surtout venant d\u2019\u00c9crivains si constants \u00e0 commenter quotidiennement la SHOA afin que nul n\u2019oublie. <\/span><\/p>\n<p align=\"JUSTIFY\">\n<p style=\"text-align: center;\" align=\"JUSTIFY\"><img loading=\"lazy\" decoding=\"async\" class=\"alignnone size-full wp-image-15051\" title=\"F5   Dr Maurice Mizrahi     Les Juifs sont le peuple \u00e9lu de Dieu\" src=\"http:\/\/www.lecarrefourdesopinions.ca\/wp-content\/uploads\/2018\/05\/F5-Dr-Maurice-Mizrahi-Les-Juifs-sont-le-peuple-\u00e9lu-de-Dieu.png\" alt=\"\" width=\"854\" height=\"474\" srcset=\"http:\/\/www.lecarrefourdesopinions.ca\/wp-content\/uploads\/2018\/05\/F5-Dr-Maurice-Mizrahi-Les-Juifs-sont-le-peuple-\u00e9lu-de-Dieu.png 854w, http:\/\/www.lecarrefourdesopinions.ca\/wp-content\/uploads\/2018\/05\/F5-Dr-Maurice-Mizrahi-Les-Juifs-sont-le-peuple-\u00e9lu-de-Dieu-300x166.png 300w, http:\/\/www.lecarrefourdesopinions.ca\/wp-content\/uploads\/2018\/05\/F5-Dr-Maurice-Mizrahi-Les-Juifs-sont-le-peuple-\u00e9lu-de-Dieu-400x222.png 400w\" sizes=\"auto, (max-width: 854px) 100vw, 854px\" \/><\/p>\n<p style=\"text-align: center;\" align=\"JUSTIFY\"><strong><span style=\"font-size: large;\">F5\u00a0: <\/span><\/strong><em><span style=\"color: #c00000;\"><span style=\"font-size: large;\">Dr Maurice Mizrahi \u2013 \u00ab\u00a0Les Juifs sont le peuple \u00e9lu de Dieu\u00a0\u00bb.<\/span><\/span><\/em><strong><\/strong><\/p>\n<p align=\"JUSTIFY\">\n<p align=\"JUSTIFY\">\n<p align=\"JUSTIFY\"><span style=\"font-size: large;\">Impensable\u2026 insoutenable, \u00e0 la seule id\u00e9e des \u00e9conomies de tant de Livres, de tant de Vies humaines et innocentes, rien qu\u2019\u00e0 l\u2019usage d\u2019un tuyau de jardin qui eut largement suffi \u00e0 faire d\u00e9guerpir, d\u00e9taler, ces mis\u00e9reux au ventre plus plein d\u2019indignation que de pain et d\u2019esp\u00e9rance de survie.<\/span><\/p>\n<p align=\"JUSTIFY\">\n<p align=\"JUSTIFY\"><span style=\"font-size: large;\">Surtout quand on consid\u00e8re quelle cible facile serait pour SAAL, ses Drones et ses Missiles, tout Commanditaire des ru\u00e9es populaires aux fronti\u00e8res d\u2019Isra\u00ebl.<\/span><\/p>\n<p align=\"JUSTIFY\">\n<p align=\"CENTER\"><img loading=\"lazy\" decoding=\"async\" class=\"alignnone size-large wp-image-15052\" title=\"t_=C3=A0_la_recherche_d_un_a_= bri contre les bombes   Cibles et fauches par une bombe    les voila\" src=\"http:\/\/www.lecarrefourdesopinions.ca\/wp-content\/uploads\/2018\/05\/t_C3A0_la_recherche_d_un_a_-bri-contre-les-bombes-Cibles-et-fauches-par-une-bombe-les-voila-1024x555.jpg\" alt=\"\" width=\"450\" height=\"243\" srcset=\"http:\/\/www.lecarrefourdesopinions.ca\/wp-content\/uploads\/2018\/05\/t_C3A0_la_recherche_d_un_a_-bri-contre-les-bombes-Cibles-et-fauches-par-une-bombe-les-voila-1024x555.jpg 1024w, http:\/\/www.lecarrefourdesopinions.ca\/wp-content\/uploads\/2018\/05\/t_C3A0_la_recherche_d_un_a_-bri-contre-les-bombes-Cibles-et-fauches-par-une-bombe-les-voila-300x162.jpg 300w, http:\/\/www.lecarrefourdesopinions.ca\/wp-content\/uploads\/2018\/05\/t_C3A0_la_recherche_d_un_a_-bri-contre-les-bombes-Cibles-et-fauches-par-une-bombe-les-voila-400x217.jpg 400w, http:\/\/www.lecarrefourdesopinions.ca\/wp-content\/uploads\/2018\/05\/t_C3A0_la_recherche_d_un_a_-bri-contre-les-bombes-Cibles-et-fauches-par-une-bombe-les-voila.jpg 1168w\" sizes=\"auto, (max-width: 450px) 100vw, 450px\" \/><\/p>\n<p align=\"CENTER\"><strong><span style=\"font-size: large;\">F6\u00a0: <\/span><\/strong><em><span style=\"color: #c00000;\"><span style=\"font-size: large;\">Ils \u00e9taient 4 petits lurons\u2026<\/span><\/span><\/em><\/p>\n<p align=\"CENTER\"><em><span style=\"color: #c00000;\"><span style=\"font-size: large;\">Ils couraient \u00e0 la recherche d\u2019un abri contre les bombes,<\/span><\/span><\/em><\/p>\n<p align=\"CENTER\"><em><span style=\"color: #c00000;\"><span style=\"font-size: large;\">Cibl\u00e9s et fauch\u00e9s par une bombe\u2026 les voil\u00e0.<\/span><\/span><\/em><\/p>\n<p align=\"JUSTIFY\">\n<p align=\"JUSTIFY\">\n<p align=\"JUSTIFY\"><strong><span style=\"font-size: large;\">Une chose reste certaine.<\/span><\/strong><\/p>\n<p align=\"JUSTIFY\">\n<p align=\"JUSTIFY\"><span style=\"font-size: large;\">A user de frustrations et \u00e0 semer la mort au pr\u00e9judice du genre humain raval\u00e9 au rang de <\/span><em><span style=\"font-family: Arial, sans-serif;\"><span style=\"font-size: large;\">Goys<\/span><\/span><\/em><span style=\"font-size: large;\">, avec et malgr\u00e9 tout l\u2019Or de Midas, on ne peut gu\u00e8re r\u00e9colter que Cauchemars et D\u00e9boires\u2026 Dieu demandera des comptes, \u00e0 son heure, \u00e0 sa fa\u00e7on.<\/span><\/p>\n<p align=\"JUSTIFY\">\n<p align=\"JUSTIFY\"><span style=\"font-size: large;\">Et ce ne sera pas la premi\u00e8re fois.<\/span><\/p>\n<p align=\"JUSTIFY\">\n<p align=\"JUSTIFY\">\n<p align=\"JUSTIFY\"><strong><span style=\"font-size: large;\">Que se le dise, le Peuple de Mo\u00efse.<\/span><\/strong><\/p>\n<p align=\"JUSTIFY\">\n<p align=\"CENTER\"><img loading=\"lazy\" decoding=\"async\" class=\"alignnone size-full wp-image-15053\" title=\"F7  Benjamin Netanyahu\" src=\"http:\/\/www.lecarrefourdesopinions.ca\/wp-content\/uploads\/2018\/05\/F7-Benjamin-Netanyahu.jpg\" alt=\"\" width=\"736\" height=\"611\" srcset=\"http:\/\/www.lecarrefourdesopinions.ca\/wp-content\/uploads\/2018\/05\/F7-Benjamin-Netanyahu.jpg 736w, http:\/\/www.lecarrefourdesopinions.ca\/wp-content\/uploads\/2018\/05\/F7-Benjamin-Netanyahu-300x249.jpg 300w, http:\/\/www.lecarrefourdesopinions.ca\/wp-content\/uploads\/2018\/05\/F7-Benjamin-Netanyahu-400x332.jpg 400w\" sizes=\"auto, (max-width: 736px) 100vw, 736px\" \/><\/p>\n<p align=\"CENTER\"><strong><span style=\"font-size: large;\">F7\u00a0: <\/span><\/strong><em><span style=\"color: #c00000;\"><span style=\"font-size: large;\">Benjamin Netanyahu.<\/span><\/span><\/em><\/p>\n<p align=\"CENTER\"><strong>\u00a0<\/strong><\/p>\n<p align=\"JUSTIFY\">\n<p align=\"JUSTIFY\"><span style=\"font-size: large;\">Aucun Benjamin Netanyahu ne peut pr\u00e9voir d\u2019o\u00f9 viendra la R\u00e9plique \u00e0 ces Offenses faites \u00e0 Dieu\u2026 elle peut \u00eatre terrible.<\/span><\/p>\n<p align=\"JUSTIFY\">\n<p align=\"JUSTIFY\"><span style=\"font-size: large;\">Aussi terrible que fatale \u00e0 ceux qui se prennent pour des endurcis, des intouchables, des invuln\u00e9rables m\u00eame.<\/span><\/p>\n<p align=\"JUSTIFY\">\n<p align=\"JUSTIFY\">\n<p align=\"JUSTIFY\"><strong><span style=\"font-family: 'Comic Sans MS';\"><span style=\"font-size: large;\">Aussi, au \u00ab\u00a0Cri d\u2019Alarme\u00a0\u00bb, lan\u00e7ons-nous ce <\/span><\/span><\/strong><em><span style=\"font-family: Arial, sans-serif;\"><span style=\"font-size: large;\">Warning<\/span><\/span><\/em><strong> <\/strong><strong><span style=\"font-family: 'Comic Sans MS';\"><span style=\"font-size: large;\">qu\u2019au lieu de provoquer \u00e0 tout prix le d\u00e9clenchement d\u2019une d\u00e9flagration comme le veut la Loi Mosa\u00efque du Talion, <\/span><\/span><\/strong><\/p>\n<p align=\"JUSTIFY\">\n<p align=\"CENTER\">\u00a0<img loading=\"lazy\" decoding=\"async\" class=\"alignnone size-full wp-image-15054\" title=\"F8       Dent pour dent  Et que font les Nations\" src=\"http:\/\/www.lecarrefourdesopinions.ca\/wp-content\/uploads\/2018\/05\/F8-Dent-pour-dent-Et-que-font-les-Nations.jpg\" alt=\"\" width=\"640\" height=\"360\" srcset=\"http:\/\/www.lecarrefourdesopinions.ca\/wp-content\/uploads\/2018\/05\/F8-Dent-pour-dent-Et-que-font-les-Nations.jpg 640w, http:\/\/www.lecarrefourdesopinions.ca\/wp-content\/uploads\/2018\/05\/F8-Dent-pour-dent-Et-que-font-les-Nations-300x168.jpg 300w, http:\/\/www.lecarrefourdesopinions.ca\/wp-content\/uploads\/2018\/05\/F8-Dent-pour-dent-Et-que-font-les-Nations-400x225.jpg 400w\" sizes=\"auto, (max-width: 640px) 100vw, 640px\" \/><\/p>\n<p align=\"CENTER\"><strong><span style=\"font-size: large;\">F8\u00a0: <\/span><\/strong><em><span style=\"color: #c00000;\"><span style=\"font-size: large;\">\u2026 Dent pour dent.<\/span><\/span><\/em><\/p>\n<p align=\"CENTER\"><em><span style=\"color: #c00000;\"><span style=\"font-size: large;\">Et que font les Nations.<\/span><\/span><\/em><\/p>\n<p align=\"JUSTIFY\">\n<p align=\"JUSTIFY\">\n<p align=\"JUSTIFY\"><span style=\"font-family: 'Comic Sans MS';\"><span style=\"font-size: large;\">Au lieu de provoquer une d\u00e9flagration d\u00e9vastatrice propre \u00e0 ne faire que des perdants, peut-\u00eatre vaudrait-il mieux \u2013 en quoi serait-ce une humiliation \u2013 de suivre l\u2019exemple, <\/span><\/span><em><span style=\"font-family: Arial, sans-serif;\"><span style=\"font-size: large;\">Uncle Donald<\/span><\/span><\/em> <span style=\"font-family: 'Comic Sans MS';\"><span style=\"font-size: large;\">ne l\u2019a-t-il pas suivi, de la main tendue de ce jeune pr\u00e9sident de la Cor\u00e9e du Nord.<\/span><\/span><\/p>\n<p align=\"JUSTIFY\">\n<p align=\"JUSTIFY\"><span style=\"font-family: 'Comic Sans MS';\"><span style=\"font-size: large;\">L\u2019exemple de Kim JONG-UN assorti de ces mots\u00a0:<\/span><\/span><\/p>\n<p align=\"JUSTIFY\">\n<p align=\"JUSTIFY\"><em><span style=\"font-family: 'Comic Sans MS';\"><span style=\"font-size: large;\">La Paix soit avec Nous Fils d\u2019Isra\u00ebl ou non.<\/span><\/span><\/em><\/p>\n<p align=\"JUSTIFY\">\n<p align=\"JUSTIFY\"><span style=\"font-size: large;\">\u00c9ric EG Nogard<\/span><\/p>\n<p align=\"JUSTIFY\"><em><span style=\"color: #c00000;\"><span style=\"font-size: large;\">Chroniqueur<\/span><\/span><\/em><span style=\"color: #c00000;\"><span style=\"font-size: large;\">.<\/span><\/span><\/p>\n<p align=\"JUSTIFY\"><span style=\"color: #c00000;\">\u00a0<\/span><\/p>\n<p align=\"CENTER\"><strong><span style=\"font-size: large;\">***\u00a0\u00a0\u00a0\u00a0 ***\u00a0\u00a0\u00a0\u00a0 ***<\/span><\/strong><\/p>\n<p align=\"CENTER\"><strong>\u00a0<\/strong><\/p>\n<p align=\"CENTER\"><strong><span style=\"color: #ff0000;\">Ne Peut \u00eatre reproduit &#8211; m\u00eame partiellement &#8211;\u00a0 sans l\u2019autorisation de l\u2019Auteur.<\/span><\/strong><\/p>\n<p align=\"CENTER\"><strong>\u00a0<\/strong><\/p>\n<p align=\"CENTER\"><strong><span style=\"font-size: large;\">***\u00a0\u00a0\u00a0\u00a0 ***\u00a0\u00a0\u00a0\u00a0 ***<\/span><\/strong><\/p>\n<p align=\"CENTER\">\n<p align=\"CENTER\"><strong><span style=\"color: #ff0000;\"><span style=\"font-size: large;\">Nota : <\/span><\/span><\/strong><span style=\"color: #000000;\"><span style=\"font-size: large;\">Nous ne traitons que de Faits et de Noms rendus Publics.<\/span><\/span><\/p>\n<p align=\"CENTER\"><span style=\"color: #000000;\">\u00a0<\/span><\/p>\n<p align=\"CENTER\"><span style=\"color: #000000;\"><span style=\"font-size: large;\">***\u00a0\u00a0\u00a0\u00a0 ***\u00a0\u00a0\u00a0\u00a0 ***<\/span><\/span><\/p>\n<p align=\"JUSTIFY\">\n<p align=\"JUSTIFY\"><strong><span style=\"text-decoration: underline;\">Liens Sugg\u00e9r\u00e9s\u00a0:<\/span><\/strong><\/p>\n<ul type=\"DISC\">\n<li>\n<p align=\"JUSTIFY\"><a href=\"http:\/\/www.etatsgenerauxdeloutremer.fr\/reflexions\">http:\/\/www.etatsgenerauxdeloutremer.fr\/reflexions<\/a><\/p>\n<\/li>\n<\/ul>\n<p align=\"CENTER\">\n<script type=\"text\/javascript\">\n\nvar addthis_config = {\"data_track_clickback\":false,\"data_track_addressbar\":false,\"data_track_textcopy\":false};\n<\/script><script type=\"text\/javascript\" src=\"\/\/s7.addthis.com\/js\/250\/addthis_widget.js#pubid=a457a6d63fb9e6ccabdde4110343bd85\"><\/script>","protected":false},"excerpt":{"rendered":"<p align=\"CENTER\"><span style=\"color: #632423;\"><span style=\"font-family: 'Comic Sans MS';\"><span style=\"font-size: large;\">Semblables Juiveries, devraient interpeler.<\/span><\/span><\/span><\/p>\n<p align=\"JUSTIFY\"><span style=\"color: #632423;\">\u00a0<\/span><\/p>\n<p align=\"JUSTIFY\"><span style=\"color: #632423;\"><span style=\"font-family: 'Comic Sans MS';\"><span style=\"font-size: large;\">\u00c9ric EG Nogard<\/span><\/span><\/span><\/p>\n<p align=\"JUSTIFY\"><span style=\"color: #c00000;\"><span style=\"font-size: large;\">Chroniqueur<\/span><\/span><span style=\"color: #c00000;\"><span style=\"font-size: large;\">.<\/span><\/span><\/p>\n<p align=\"CENTER\">\n<p align=\"CENTER\"><span style=\"color: #632423;\"><span style=\"font-size: large;\">***\u00a0\u00a0\u00a0\u00a0 ***\u00a0\u00a0\u00a0\u00a0 ***<\/span><\/span><\/p>\n<p align=\"CENTER\">\n<p><span style=\"color: #000099;\"><span style=\"font-size: large;\">Semblables Juiveries, devraient interpeler.<\/span><\/span><\/p>\n<p align=\"JUSTIFY\">\n<p align=\"JUSTIFY\">\n<p align=\"CENTER\">\n<p align=\"CENTER\"><span style=\"font-size: large;\">F1\u00a0: <\/span><span style=\"color: #c00000;\"><span style=\"font-size: large;\">Le Cuirassier \u00ab\u00a0Bismarck\u00a0\u00bb.<\/span><\/span><\/p>\n<p align=\"CENTER\">\u00a0<\/p>\n<p align=\"JUSTIFY\">\n<p align=\"JUSTIFY\"><span style=\"font-family: 'Comic Sans MS';\"><span style=\"font-size: large;\">Tout comme le furent nos parents d\u00e8s que leur furent connues la Honte du <\/span><\/span>&hellip;<\/p>\n","protected":false},"author":1,"featured_media":0,"comment_status":"open","ping_status":"open","sticky":false,"template":"","format":"standard","meta":{"footnotes":""},"categories":[1],"tags":[],"class_list":["post-15046","post","type-post","status-publish","format-standard","hentry","category-accueil"],"_links":{"self":[{"href":"http:\/\/www.lecarrefourdesopinions.ca\/index.php?rest_route=\/wp\/v2\/posts\/15046","targetHints":{"allow":["GET"]}}],"collection":[{"href":"http:\/\/www.lecarrefourdesopinions.ca\/index.php?rest_route=\/wp\/v2\/posts"}],"about":[{"href":"http:\/\/www.lecarrefourdesopinions.ca\/index.php?rest_route=\/wp\/v2\/types\/post"}],"author":[{"embeddable":true,"href":"http:\/\/www.lecarrefourdesopinions.ca\/index.php?rest_route=\/wp\/v2\/users\/1"}],"replies":[{"embeddable":true,"href":"http:\/\/www.lecarrefourdesopinions.ca\/index.php?rest_route=%2Fwp%2Fv2%2Fcomments&post=15046"}],"version-history":[{"count":1,"href":"http:\/\/www.lecarrefourdesopinions.ca\/index.php?rest_route=\/wp\/v2\/posts\/15046\/revisions"}],"predecessor-version":[{"id":15055,"href":"http:\/\/www.lecarrefourdesopinions.ca\/index.php?rest_route=\/wp\/v2\/posts\/15046\/revisions\/15055"}],"wp:attachment":[{"href":"http:\/\/www.lecarrefourdesopinions.ca\/index.php?rest_route=%2Fwp%2Fv2%2Fmedia&parent=15046"}],"wp:term":[{"taxonomy":"category","embeddable":true,"href":"http:\/\/www.lecarrefourdesopinions.ca\/index.php?rest_route=%2Fwp%2Fv2%2Fcategories&post=15046"},{"taxonomy":"post_tag","embeddable":true,"href":"http:\/\/www.lecarrefourdesopinions.ca\/index.php?rest_route=%2Fwp%2Fv2%2Ftags&post=15046"}],"curies":[{"name":"wp","href":"https:\/\/api.w.org\/{rel}","templated":true}]}}