{"id":15037,"date":"2018-05-15T12:20:57","date_gmt":"2018-05-15T16:20:57","guid":{"rendered":"http:\/\/www.lecarrefourdesopinions.ca\/?p=15037"},"modified":"2018-05-15T12:20:57","modified_gmt":"2018-05-15T16:20:57","slug":"na-t-il-pas-avorte-bien-quil-fut-pour-de-bon","status":"publish","type":"post","link":"http:\/\/www.lecarrefourdesopinions.ca\/?p=15037","title":{"rendered":"N\u2019a-t-il pas Avort\u00e9, bien qu\u2019il f\u00fbt pour de Bon."},"content":{"rendered":"<p align=\"CENTER\"><em><span style=\"color: #632423;\"><span style=\"font-family: 'Comic Sans MS';\"><span style=\"font-size: large;\">N\u2019a-t-il pas Avort\u00e9, bien qu\u2019il f\u00fbt pour de Bon.<\/span><\/span><\/span><\/em><\/p>\n<p align=\"JUSTIFY\"><em><span style=\"color: #632423;\">\u00a0<\/span><\/em><\/p>\n<p align=\"JUSTIFY\"><span style=\"color: #632423;\"><span style=\"font-family: 'Comic Sans MS';\"><span style=\"font-size: large;\">\u00ab\u00a0\u2026 Et comme jamais deux sans trois,<\/span><\/span><\/span><\/p>\n<p align=\"JUSTIFY\"><span style=\"color: #632423;\">\u00a0<\/span><\/p>\n<p align=\"JUSTIFY\"><span style=\"color: #632423;\"><span style=\"font-family: 'Comic Sans MS';\"><span style=\"font-size: large;\">Un <\/span><\/span><\/span><em><span style=\"color: #632423;\"><span style=\"font-family: Arial, sans-serif;\"><span style=\"font-size: large;\">Servum pecus<\/span><\/span><\/span><\/em><span style=\"color: #632423;\"><span style=\"font-family: 'Comic Sans MS';\"><span style=\"font-size: large;\">toujours b\u00ealant \u00ab\u00a0<\/span><\/span><\/span><em><span style=\"color: #632423;\"><span style=\"font-family: Arial, sans-serif;\"><span style=\"font-size: large;\">Dixit Dominus<\/span><\/span><\/span><\/em><span style=\"color: #632423;\">\u00a0<\/span><span style=\"color: #632423;\"><span style=\"font-family: 'Comic Sans MS';\"><span style=\"font-size: large;\">\u00bb au \u00ab\u00a0<\/span><\/span><\/span><em><span style=\"color: #632423;\"><span style=\"font-family: Arial, sans-serif;\"><span style=\"font-size: large;\">Hic et nunc<\/span><\/span><\/span><\/em><span style=\"color: #632423;\">\u00a0<\/span><span style=\"color: #632423;\"><span style=\"font-family: 'Comic Sans MS';\"><span style=\"font-size: large;\">\u00bb de son Idole\u2026 <\/span><\/span><\/span><em><span style=\"color: #632423;\"><span style=\"font-family: Arial, sans-serif;\"><span style=\"font-size: large;\">Per Jovem<\/span><\/span><\/span><\/em><span style=\"color: #632423;\"><span style=\"font-family: 'Comic Sans MS';\"><span style=\"font-size: large;\">.<\/span><\/span><\/span><\/p>\n<p align=\"JUSTIFY\"><span style=\"color: #632423;\">\u00a0<\/span><\/p>\n<p align=\"JUSTIFY\"><em><span style=\"color: #632423;\"><span style=\"font-family: Arial, sans-serif;\"><span style=\"font-size: large;\">Per Jovem<\/span><\/span><\/span><\/em><span style=\"color: #632423;\"><span style=\"font-family: 'Comic Sans MS';\"><span style=\"font-size: large;\">pour ne pas dire par Int\u00e9r\u00eat, par L\u00e2chet\u00e9 ou par b\u00eatise\u00a0\u00bb.<\/span><\/span><\/span><\/p>\n<p align=\"JUSTIFY\"><span style=\"color: #632423;\"><img loading=\"lazy\" decoding=\"async\" class=\"alignnone size-full wp-image-14741\" title=\"Eric\" src=\"http:\/\/www.lecarrefourdesopinions.ca\/wp-content\/uploads\/2018\/03\/Eric1.jpg\" alt=\"\" width=\"134\" height=\"107\" \/>\u00a0<\/span><\/p>\n<p align=\"JUSTIFY\"><span style=\"color: #632423;\"><span style=\"font-family: 'Comic Sans MS';\"><span style=\"font-size: large;\">\u00c9ric EG Nogard<\/span><\/span><\/span><\/p>\n<p align=\"JUSTIFY\"><em><span style=\"color: #c00000;\"><span style=\"font-size: large;\">Chroniqueur<\/span><\/span><\/em><span style=\"color: #c00000;\"><span style=\"font-size: large;\">.<\/span><\/span><\/p>\n<p align=\"CENTER\">\n<p align=\"CENTER\"><span style=\"color: #632423;\"><span style=\"font-size: large;\">***\u00a0\u00a0\u00a0\u00a0 ***\u00a0\u00a0\u00a0\u00a0 ***<\/span><\/span><\/p>\n<p align=\"CENTER\">\n<p align=\"CENTER\"><span style=\"color: #632423;\">\u00a0<\/span><\/p>\n<p><em><span style=\"color: #000099;\"><span style=\"font-size: large;\">N\u2019a-t-il pas Avort\u00e9, bien qu\u2019il f\u00fbt pour de Bon.<\/span><\/span><\/em><\/p>\n<p align=\"JUSTIFY\">\n<p align=\"JUSTIFY\">\n<p align=\"CENTER\"><img loading=\"lazy\" decoding=\"async\" class=\"alignnone size-full wp-image-15038\" title=\"F1   1er Avril 1964 Place de la Savane a Fort de France  la Martinique\" src=\"http:\/\/www.lecarrefourdesopinions.ca\/wp-content\/uploads\/2018\/05\/F1-1er-Avril-1964-Place-de-la-Savane-a-Fort-de-France-la-Martinique.jpg\" alt=\"\" width=\"300\" height=\"168\" \/><\/p>\n<p align=\"CENTER\"><strong><span style=\"font-size: large;\">F1\u00a0:<\/span><\/strong> <em><span style=\"color: #c00000;\"><span style=\"font-size: large;\">1<\/span><\/span><\/em><em><span style=\"color: #c00000;\"><sup><span style=\"font-size: large;\">er<\/span><\/sup><\/span><\/em><em><span style=\"color: #c00000;\"><span style=\"font-size: large;\"> Avril 1964 Place de la Savane \u00e0 Fort-de-France, la Martinique&#8230;<\/span><\/span><\/em><\/p>\n<p align=\"CENTER\">\n<p align=\"JUSTIFY\">\n<p align=\"JUSTIFY\"><strong><span style=\"font-family: 'Comic Sans MS';\"><span style=\"font-size: large;\">Comme chacun sait, il y a coups et coups, les uns pour l\u2019essai, bien souvent et parfois pour de bon, puis tant d\u2019autres pour rien\u00a0!.. en vrais poissons d\u2019Avril.<\/span><\/span><\/strong><\/p>\n<p align=\"JUSTIFY\">\n<p align=\"JUSTIFY\"><span style=\"font-family: 'Comic Sans MS';\"><span style=\"font-size: large;\">Et, \u00e0 mettre notre t\u00eate sur le billot, la D\u00e9partementalisation des Vieilles Provinces Fran\u00e7aises d\u2019au-del\u00e0 des Mers \u00e9tait un coup pour de bon, un pr\u00e9c\u00e9dent au-del\u00e0 duquel on pouvait esp\u00e9rer une belle et grande Union Fran\u00e7aise\u2026 le coup a avort\u00e9\u2026 c\u2019est \u00e0 se demander.<\/span><\/span><\/p>\n<p align=\"JUSTIFY\">\n<p style=\"text-align: center;\" align=\"JUSTIFY\">\u00a0<img loading=\"lazy\" decoding=\"async\" class=\"alignnone size-full wp-image-15039\" title=\"F2   De GAULLE     Mon Dieu  mon Dieu  que vous etes Fran\u00e7ais\" src=\"http:\/\/www.lecarrefourdesopinions.ca\/wp-content\/uploads\/2018\/05\/F2-De-GAULLE-Mon-Dieu-mon-Dieu-que-vous-etes-Fran\u00e7ais.jpg\" alt=\"\" width=\"367\" height=\"278\" srcset=\"http:\/\/www.lecarrefourdesopinions.ca\/wp-content\/uploads\/2018\/05\/F2-De-GAULLE-Mon-Dieu-mon-Dieu-que-vous-etes-Fran\u00e7ais.jpg 367w, http:\/\/www.lecarrefourdesopinions.ca\/wp-content\/uploads\/2018\/05\/F2-De-GAULLE-Mon-Dieu-mon-Dieu-que-vous-etes-Fran\u00e7ais-300x227.jpg 300w\" sizes=\"auto, (max-width: 367px) 100vw, 367px\" \/><\/p>\n<p align=\"CENTER\"><strong><span style=\"font-size: large;\">F2\u00a0: <\/span><\/strong><em><span style=\"color: #943634;\"><span style=\"font-size: large;\">De-GAULLE\u00a0: <\/span><\/span><\/em><\/p>\n<p align=\"CENTER\"><em><span style=\"color: #c00000;\"><span style=\"font-size: large;\">\u00ab\u00a0Mon Dieu, mon Dieu, que vous \u00eates Fran\u00e7ais\u00a0!\u00a0\u00bb.<\/span><\/span><\/em><\/p>\n<p align=\"JUSTIFY\">\n<p align=\"JUSTIFY\">\n<p align=\"JUSTIFY\"><strong><span style=\"font-size: large;\">C\u2019est \u00e0 se demander en m\u00eame temps qu\u2019\u00e0 se dire.<\/span><\/strong><\/p>\n<p align=\"JUSTIFY\">\n<p align=\"JUSTIFY\"><span style=\"font-family: Symbol;\"><span style=\"font-size: large;\">\u00b7<\/span><\/span><span style=\"font-family: Symbol;\"><span style=\"font-size: large;\">\u00a0\u00a0\u00a0\u00a0\u00a0\u00a0\u00a0 <\/span><\/span><span style=\"font-size: large;\">C\u2019est \u00e0 se demander comment comprendre le \u00ab\u00a0<\/span><em><span style=\"font-size: large;\">Que vous \u00eates Fran\u00e7ais<\/span><\/em><span style=\"font-size: large;\">\u00a0\u00bb surgi du gosier du Grand Charles, les poings lev\u00e9s au Ciel en V. de la Victoire, place de la Savane, \u00e0 Fort-de-France, \u00cele de la Martinique, peu apr\u00e8s sa descente triomphale des Champs \u00c9lys\u00e9es, en Sauveur de la France.<\/span><\/p>\n<p align=\"JUSTIFY\">\n<p align=\"CENTER\"><img loading=\"lazy\" decoding=\"async\" class=\"alignnone size-full wp-image-15040\" title=\"F3   Gaston MONNERVILLE  1897 1991\" src=\"http:\/\/www.lecarrefourdesopinions.ca\/wp-content\/uploads\/2018\/05\/F3-Gaston-MONNERVILLE-1897-1991.jpg\" alt=\"\" width=\"155\" height=\"196\" \/><\/p>\n<p align=\"CENTER\"><strong><span style=\"font-size: large;\">F3\u00a0: <\/span><\/strong><em><span style=\"color: #c00000;\"><span style=\"font-size: large;\">Gaston MONNERVILLE (1897-1991).<\/span><\/span><\/em><\/p>\n<p align=\"JUSTIFY\">\n<p align=\"JUSTIFY\">\n<p align=\"JUSTIFY\"><span style=\"font-size: large;\">Comment comprendre ce \u00ab\u00a0<\/span><em><span style=\"font-size: large;\">Que vous \u00eates Fran\u00e7ais<\/span><\/em><span style=\"font-size: large;\">\u00a0\u00bb assorti d\u2019un tel M\u00e9pris, d\u2019une telle R\u00e9pugnance \u00e0 l\u2019\u00e9gard de cette Chienlit venue d\u2019ailleurs, fut-elle parvenue aux plus Hauts Rangs de l\u2019\u00c9tat Fran\u00e7ais comme ce Gaston MONNERVILLE, Pr\u00e9sident du S\u00e9nat, Pr\u00e9sident du Conseil de la R\u00e9publique de l\u2019apr\u00e8s-guerre (1947-1958, 11 Ann\u00e9es \u00bd).<\/span><\/p>\n<p align=\"JUSTIFY\">\n<p align=\"JUSTIFY\"><span style=\"font-size: large;\">N\u2019est-ce pas \u00e0 se demander si le \u00ab\u00a0Coup\u00a0\u00bb ne portait pas un Ver en son C\u0153ur, en m\u00eame temps qu\u2019\u00e0 se dire qu\u2019il en portait bien un\u2026 effectivement <\/span><em><span style=\"font-family: Arial, sans-serif;\"><span style=\"font-size: large;\">nemine contradicente<\/span><\/span><\/em><span style=\"font-size: large;\">.<\/span><\/p>\n<p align=\"JUSTIFY\">\n<p align=\"CENTER\"><img loading=\"lazy\" decoding=\"async\" class=\"alignnone size-full wp-image-15041\" title=\"F4   Aime CESAIRE    Rapporteur de la Departementalisation\" src=\"http:\/\/www.lecarrefourdesopinions.ca\/wp-content\/uploads\/2018\/05\/F4-Aime-CESAIRE-Rapporteur-de-la-Departementalisation.jpg\" alt=\"\" width=\"500\" height=\"429\" srcset=\"http:\/\/www.lecarrefourdesopinions.ca\/wp-content\/uploads\/2018\/05\/F4-Aime-CESAIRE-Rapporteur-de-la-Departementalisation.jpg 500w, http:\/\/www.lecarrefourdesopinions.ca\/wp-content\/uploads\/2018\/05\/F4-Aime-CESAIRE-Rapporteur-de-la-Departementalisation-300x257.jpg 300w, http:\/\/www.lecarrefourdesopinions.ca\/wp-content\/uploads\/2018\/05\/F4-Aime-CESAIRE-Rapporteur-de-la-Departementalisation-400x343.jpg 400w\" sizes=\"auto, (max-width: 500px) 100vw, 500px\" \/><\/p>\n<p align=\"CENTER\"><strong><span style=\"font-size: large;\">F4\u00a0: <\/span><\/strong><em><span style=\"color: #c00000;\"><span style=\"font-size: large;\">Aim\u00e9 C\u00c9SAIRE, \u00ab\u00a0Rapporteur de la D\u00e9partementalisation\u00a0\u00bb.<\/span><\/span><\/em><\/p>\n<p align=\"CENTER\"><strong>\u00a0<\/strong><\/p>\n<p align=\"JUSTIFY\">\n<p align=\"JUSTIFY\"><span style=\"font-family: Symbol;\"><span style=\"font-size: large;\">\u00b7<\/span><\/span><span style=\"font-family: Symbol;\"><span style=\"font-size: large;\">\u00a0\u00a0\u00a0\u00a0\u00a0\u00a0\u00a0 <\/span><\/span><span style=\"font-size: large;\">C\u2019est \u00e0 se demander comment Comprendre que le Grand \u00ab\u00a0M\u00e9m\u00e9\u00a0\u00bb ait consenti, au nom de ces Vieilles Provinces Ch\u00e9ries de la France, \u00e0 se faire le Rapporteur de cette D\u00e9partementalisation ayant pour but la L\u00e9gitimation des Enfants\u00a0 Naturels ou Adult\u00e9rins de ces Provinces au m\u00eame titre que ceux de l\u2019\u00cele de la Cit\u00e9, en plein C\u0153ur de Paris, faisant d\u2019eux tous une m\u00eame Fratrie\u2026 Les Enfants de la France.<\/span><\/p>\n<p align=\"JUSTIFY\">\n<p align=\"JUSTIFY\">\n<p align=\"JUSTIFY\"><strong><span style=\"font-size: large;\">Comment comprendre cette D\u00e9marche Librement Consentie, Assortie aussit\u00f4t du Reniement de la France dans ce tonitruant \u00ab\u00a0<\/span><\/strong><em><span style=\"font-family: 'Comic Sans MS';\"><span style=\"font-size: large;\">l\u2019Heure de nous-m\u00eames a sonn\u00e9<\/span><\/span><\/em><strong>\u00a0<\/strong><strong><span style=\"font-size: large;\">\u00bb \u00e0 qui nous devons de n\u2019\u00eatre plus que des Prot\u00e9g\u00e9s de la France\u2026 de part quelle Forfaiture, quel Ressentiment ou quelle L\u00e2chet\u00e9.<\/span><\/strong><\/p>\n<p align=\"JUSTIFY\">\n<p align=\"CENTER\"><img loading=\"lazy\" decoding=\"async\" class=\"alignnone size-full wp-image-15042\" title=\"F5   Et Avorta la  Legitimation   tant pleuree en Secret\" src=\"http:\/\/www.lecarrefourdesopinions.ca\/wp-content\/uploads\/2018\/05\/F5-Et-Avorta-la-Legitimation-tant-pleuree-en-Secret.jpg\" alt=\"\" width=\"960\" height=\"540\" srcset=\"http:\/\/www.lecarrefourdesopinions.ca\/wp-content\/uploads\/2018\/05\/F5-Et-Avorta-la-Legitimation-tant-pleuree-en-Secret.jpg 960w, http:\/\/www.lecarrefourdesopinions.ca\/wp-content\/uploads\/2018\/05\/F5-Et-Avorta-la-Legitimation-tant-pleuree-en-Secret-300x168.jpg 300w, http:\/\/www.lecarrefourdesopinions.ca\/wp-content\/uploads\/2018\/05\/F5-Et-Avorta-la-Legitimation-tant-pleuree-en-Secret-400x225.jpg 400w\" sizes=\"auto, (max-width: 960px) 100vw, 960px\" \/><\/p>\n<p align=\"CENTER\"><strong><span style=\"font-size: large;\">F5\u00a0: <\/span><\/strong><em><span style=\"color: #c00000;\"><span style=\"font-size: large;\">Et Avorta la \u00ab\u00a0L\u00e9gitimation\u00a0\u00bb tant pleur\u00e9e en Secret.<\/span><\/span><\/em><\/p>\n<p align=\"JUSTIFY\">\n<p align=\"JUSTIFY\">\n<p align=\"JUSTIFY\"><span style=\"font-size: large;\">N\u2019est-ce pas \u00e0 se demander si le \u00ab\u00a0Coup\u00a0\u00bb ne portait pas un Ver en son C\u0153ur, en m\u00eame temps qu\u2019\u00e0 se dire qu\u2019il en portait bien deux\u2026 effectivement.<\/span><\/p>\n<p align=\"JUSTIFY\">\n<p align=\"JUSTIFY\">\n<p align=\"JUSTIFY\"><strong><span style=\"font-size: large;\">Et comme jamais deux sans trois, quand trois c\u2019est d\u00e9j\u00e0 beaucoup trop, pour peu qu\u2019on ait en t\u00eate l\u2019id\u00e9e d\u2019un Bon M\u00e9nage.<\/span><\/strong><\/p>\n<p align=\"JUSTIFY\">\n<p align=\"CENTER\"><img loading=\"lazy\" decoding=\"async\" class=\"alignnone size-full wp-image-15043\" title=\"F6   Pour peu qu on ait en tete    l idee d un Bon Menage\" src=\"http:\/\/www.lecarrefourdesopinions.ca\/wp-content\/uploads\/2018\/05\/F6-Pour-peu-qu-on-ait-en-tete-l-idee-d-un-Bon-Menage.jpg\" alt=\"\" width=\"593\" height=\"475\" srcset=\"http:\/\/www.lecarrefourdesopinions.ca\/wp-content\/uploads\/2018\/05\/F6-Pour-peu-qu-on-ait-en-tete-l-idee-d-un-Bon-Menage.jpg 593w, http:\/\/www.lecarrefourdesopinions.ca\/wp-content\/uploads\/2018\/05\/F6-Pour-peu-qu-on-ait-en-tete-l-idee-d-un-Bon-Menage-134x107.jpg 134w, http:\/\/www.lecarrefourdesopinions.ca\/wp-content\/uploads\/2018\/05\/F6-Pour-peu-qu-on-ait-en-tete-l-idee-d-un-Bon-Menage-300x240.jpg 300w, http:\/\/www.lecarrefourdesopinions.ca\/wp-content\/uploads\/2018\/05\/F6-Pour-peu-qu-on-ait-en-tete-l-idee-d-un-Bon-Menage-400x320.jpg 400w\" sizes=\"auto, (max-width: 593px) 100vw, 593px\" \/><\/p>\n<p align=\"CENTER\"><strong><span style=\"font-size: large;\">F6\u00a0: <\/span><\/strong><em><span style=\"color: #c00000;\"><span style=\"font-size: large;\">Pour peu qu\u2019on ait en t\u00eate\u2026 l\u2019id\u00e9e d\u2019un Bon M\u00e9nage.<\/span><\/span><\/em><\/p>\n<p align=\"JUSTIFY\">\n<p align=\"JUSTIFY\">\n<p align=\"JUSTIFY\"><em><span style=\"font-size: large;\">Et comme jamais deux sans trois,<\/span><\/em><\/p>\n<p align=\"JUSTIFY\">\n<p align=\"JUSTIFY\"><span style=\"font-size: large;\">Un Troupeau b\u00ealant, toujours b\u00ealant \u00ab\u00a0<\/span><em><span style=\"font-size: large;\">Parole du Seigneur<\/span><\/em><span style=\"font-size: large;\">\u00a0\u00bb<\/span><\/p>\n<p align=\"JUSTIFY\"><span style=\"font-size: large;\">Au \u00ab\u00a0<\/span><em><span style=\"font-size: large;\">Tout et tout de suite<\/span><\/em><span style=\"font-size: large;\">\u00a0\u00bb, de son Idole\u2026 par Jupiter.<\/span><\/p>\n<p align=\"JUSTIFY\">\n<p align=\"JUSTIFY\"><span style=\"font-size: large;\">Par Jupiter, pour ne pas dire, par Int\u00e9r\u00eat, par L\u00e2chet\u00e9, par Ingratitude ou par B\u00eatise.<\/span><\/p>\n<p align=\"JUSTIFY\">\n<p align=\"JUSTIFY\">\n<p align=\"JUSTIFY\"><strong><span style=\"font-family: 'Comic Sans MS';\"><span style=\"font-size: large;\">Alors, comme il convenait de s\u2019y attendre m\u00eame si on souhaitait le contraire, les Vers ont eu raison du \u00ab\u00a0Coup\u00a0\u00bb et il a Avort\u00e9\u2026 Adieu l\u2019Article 72 de la CONSTITUTION Fran\u00e7aise,\u00a0 nous ne sommes plus qu\u2019Approximativement Fran\u00e7ais, m\u00eame si nos Actuels Champions se prennent pour davantage Fran\u00e7ais que les Fran\u00e7ais eux-m\u00eames.<\/span><\/span><\/strong><\/p>\n<p align=\"JUSTIFY\">\n<p align=\"JUSTIFY\"><em><span style=\"font-family: Arial, sans-serif;\"><span style=\"font-size: large;\">Acta est Fabula<\/span><\/span><\/em> <span style=\"font-family: 'Comic Sans MS';\"><span style=\"font-size: large;\">comme dit Auguste en un dernier Soupir\u2026<\/span><\/span><\/p>\n<p align=\"JUSTIFY\">\n<p style=\"text-align: center;\" align=\"JUSTIFY\"><img loading=\"lazy\" decoding=\"async\" class=\"alignnone size-full wp-image-15044\" title=\"F7   Ainsi  la piece est jouee\" src=\"http:\/\/www.lecarrefourdesopinions.ca\/wp-content\/uploads\/2018\/05\/F7-Ainsi-la-piece-est-jouee.jpg\" alt=\"\" width=\"350\" height=\"350\" srcset=\"http:\/\/www.lecarrefourdesopinions.ca\/wp-content\/uploads\/2018\/05\/F7-Ainsi-la-piece-est-jouee.jpg 350w, http:\/\/www.lecarrefourdesopinions.ca\/wp-content\/uploads\/2018\/05\/F7-Ainsi-la-piece-est-jouee-300x300.jpg 300w\" sizes=\"auto, (max-width: 350px) 100vw, 350px\" \/><\/p>\n<p align=\"CENTER\"><strong><span style=\"font-size: large;\">F7\u00a0: <\/span><\/strong><em><span style=\"color: #c00000;\"><span style=\"font-size: large;\">Ainsi, la pi\u00e8ce est jou\u00e9e\u00a0!<\/span><\/span><\/em><\/p>\n<p align=\"JUSTIFY\">\n<p align=\"JUSTIFY\">\n<p align=\"JUSTIFY\"><span style=\"font-family: 'Comic Sans MS';\"><span style=\"font-size: large;\">La Pi\u00e8ce est jou\u00e9e selon les Uns, la Farce est jou\u00e9e selon les Autres,<\/span><\/span><\/p>\n<p align=\"JUSTIFY\">\n<p align=\"JUSTIFY\"><span style=\"font-family: 'Comic Sans MS';\"><span style=\"font-size: large;\">Bien que nombreux encore sont ceux qui esp\u00e8rent que pour leur plaire la pi\u00e8ce se rejouera <\/span><\/span><em><span style=\"font-family: Arial, sans-serif;\"><span style=\"font-size: large;\">Mutatis Mutandis<\/span><\/span><\/em><span style=\"font-family: 'Comic Sans MS';\"><span style=\"font-size: large;\">.<\/span><\/span><\/p>\n<p align=\"JUSTIFY\">\n<p align=\"JUSTIFY\"><span style=\"font-family: 'Comic Sans MS';\"><span style=\"font-size: large;\">Que voulez-vous\u2026 Espoir fait Vivre.<\/span><\/span><\/p>\n<p align=\"JUSTIFY\">\n<p align=\"JUSTIFY\"><span style=\"font-size: large;\">\u00c9ric EG Nogard<\/span><\/p>\n<p align=\"JUSTIFY\"><em><span style=\"color: #c00000;\"><span style=\"font-size: large;\">Chroniqueur<\/span><\/span><\/em><span style=\"color: #c00000;\"><span style=\"font-size: large;\">.<\/span><\/span><\/p>\n<p align=\"JUSTIFY\"><span style=\"color: #c00000;\">\u00a0<\/span><\/p>\n<p align=\"CENTER\"><strong><span style=\"font-size: large;\">***\u00a0\u00a0\u00a0\u00a0 ***\u00a0\u00a0\u00a0\u00a0 ***<\/span><\/strong><\/p>\n<p align=\"CENTER\"><strong>\u00a0<\/strong><\/p>\n<p align=\"CENTER\"><strong><span style=\"color: #ff0000;\">Ne Peut \u00eatre reproduit &#8211; m\u00eame partiellement &#8211;\u00a0 sans l\u2019autorisation de l\u2019Auteur.<\/span><\/strong><\/p>\n<p align=\"CENTER\"><strong>\u00a0<\/strong><\/p>\n<p align=\"CENTER\"><strong><span style=\"font-size: large;\">***\u00a0\u00a0\u00a0\u00a0 ***\u00a0\u00a0\u00a0\u00a0 ***<\/span><\/strong><\/p>\n<p align=\"CENTER\">\n<p align=\"CENTER\"><strong><span style=\"color: #ff0000;\"><span style=\"font-size: large;\">Nota : <\/span><\/span><\/strong><span style=\"color: #000000;\"><span style=\"font-size: large;\">Nous ne traitons que de Faits et de Noms rendus Publics.<\/span><\/span><\/p>\n<p align=\"CENTER\"><span style=\"color: #000000;\">\u00a0<\/span><\/p>\n<p align=\"CENTER\"><span style=\"color: #000000;\"><span style=\"font-size: large;\">***\u00a0\u00a0\u00a0\u00a0 ***\u00a0\u00a0\u00a0\u00a0 ***<\/span><\/span><\/p>\n<p align=\"JUSTIFY\">\n<p align=\"JUSTIFY\"><strong><span style=\"text-decoration: underline;\">Liens Sugg\u00e9r\u00e9s\u00a0:<\/span><\/strong><\/p>\n<ul type=\"DISC\">\n<li>\n<p align=\"JUSTIFY\"><a href=\"http:\/\/www.etatsgenerauxdeloutremer.fr\/reflexions\">http:\/\/www.etatsgenerauxdeloutremer.fr\/reflexions<\/a><\/p>\n<\/li>\n<\/ul>\n<p align=\"CENTER\">\n<script type=\"text\/javascript\">\n\nvar addthis_config = {\"data_track_clickback\":false,\"data_track_addressbar\":false,\"data_track_textcopy\":false};\n<\/script><script type=\"text\/javascript\" src=\"\/\/s7.addthis.com\/js\/250\/addthis_widget.js#pubid=a457a6d63fb9e6ccabdde4110343bd85\"><\/script>","protected":false},"excerpt":{"rendered":"<p align=\"CENTER\"><span style=\"color: #632423;\"><span style=\"font-family: 'Comic Sans MS';\"><span style=\"font-size: large;\">N\u2019a-t-il pas Avort\u00e9, bien qu\u2019il f\u00fbt pour de Bon.<\/span><\/span><\/span><\/p>\n<p align=\"JUSTIFY\"><span style=\"color: #632423;\">\u00a0<\/span><\/p>\n<p align=\"JUSTIFY\"><span style=\"color: #632423;\"><span style=\"font-family: 'Comic Sans MS';\"><span style=\"font-size: large;\">\u00ab\u00a0\u2026 Et comme jamais deux sans trois,<\/span><\/span><\/span><\/p>\n<p align=\"JUSTIFY\"><span style=\"color: #632423;\">\u00a0<\/span><\/p>\n<p align=\"JUSTIFY\"><span style=\"color: #632423;\"><span style=\"font-family: 'Comic Sans MS';\"><span style=\"font-size: large;\">Un <\/span><\/span><\/span><span style=\"color: #632423;\"><span style=\"font-family: Arial, sans-serif;\"><span style=\"font-size: large;\">Servum pecus<\/span><\/span><\/span><span style=\"color: #632423;\"><span style=\"font-family: 'Comic Sans MS';\"><span style=\"font-size: large;\">toujours b\u00ealant \u00ab\u00a0<\/span><\/span><\/span><span style=\"color: #632423;\"><span style=\"font-family: Arial, sans-serif;\"><span style=\"font-size: large;\">Dixit Dominus<\/span><\/span><\/span><span style=\"color: #632423;\">\u00a0<\/span><span style=\"color: #632423;\"><span style=\"font-family: 'Comic Sans MS';\"><span style=\"font-size: large;\">\u00bb au \u00ab\u00a0<\/span><\/span><\/span><span style=\"color: #632423;\"><span style=\"font-family: Arial, sans-serif;\"><span style=\"font-size: large;\">Hic et nunc<\/span><\/span><\/span><span style=\"color: #632423;\">\u00a0<\/span><span style=\"color: #632423;\"><span style=\"font-family: 'Comic Sans MS';\"><span style=\"font-size: large;\">\u00bb de son Idole\u2026 <\/span><\/span><\/span><span style=\"color: #632423;\"><span style=\"font-family: Arial, sans-serif;\"><span style=\"font-size: large;\">Per Jovem<\/span><\/span><\/span>&hellip;<\/p>\n","protected":false},"author":1,"featured_media":0,"comment_status":"open","ping_status":"open","sticky":false,"template":"","format":"standard","meta":{"footnotes":""},"categories":[1],"tags":[],"class_list":["post-15037","post","type-post","status-publish","format-standard","hentry","category-accueil"],"_links":{"self":[{"href":"http:\/\/www.lecarrefourdesopinions.ca\/index.php?rest_route=\/wp\/v2\/posts\/15037","targetHints":{"allow":["GET"]}}],"collection":[{"href":"http:\/\/www.lecarrefourdesopinions.ca\/index.php?rest_route=\/wp\/v2\/posts"}],"about":[{"href":"http:\/\/www.lecarrefourdesopinions.ca\/index.php?rest_route=\/wp\/v2\/types\/post"}],"author":[{"embeddable":true,"href":"http:\/\/www.lecarrefourdesopinions.ca\/index.php?rest_route=\/wp\/v2\/users\/1"}],"replies":[{"embeddable":true,"href":"http:\/\/www.lecarrefourdesopinions.ca\/index.php?rest_route=%2Fwp%2Fv2%2Fcomments&post=15037"}],"version-history":[{"count":1,"href":"http:\/\/www.lecarrefourdesopinions.ca\/index.php?rest_route=\/wp\/v2\/posts\/15037\/revisions"}],"predecessor-version":[{"id":15045,"href":"http:\/\/www.lecarrefourdesopinions.ca\/index.php?rest_route=\/wp\/v2\/posts\/15037\/revisions\/15045"}],"wp:attachment":[{"href":"http:\/\/www.lecarrefourdesopinions.ca\/index.php?rest_route=%2Fwp%2Fv2%2Fmedia&parent=15037"}],"wp:term":[{"taxonomy":"category","embeddable":true,"href":"http:\/\/www.lecarrefourdesopinions.ca\/index.php?rest_route=%2Fwp%2Fv2%2Fcategories&post=15037"},{"taxonomy":"post_tag","embeddable":true,"href":"http:\/\/www.lecarrefourdesopinions.ca\/index.php?rest_route=%2Fwp%2Fv2%2Ftags&post=15037"}],"curies":[{"name":"wp","href":"https:\/\/api.w.org\/{rel}","templated":true}]}}