{"id":15024,"date":"2018-05-14T11:11:17","date_gmt":"2018-05-14T15:11:17","guid":{"rendered":"http:\/\/www.lecarrefourdesopinions.ca\/?p=15024"},"modified":"2018-05-14T11:11:17","modified_gmt":"2018-05-14T15:11:17","slug":"il-y-a-crime-et-crime-meme-contre-lhumanite","status":"publish","type":"post","link":"http:\/\/www.lecarrefourdesopinions.ca\/?p=15024","title":{"rendered":"Il y a Crime et Crime, m\u00eame contre l\u2019Humanit\u00e9."},"content":{"rendered":"<p align=\"CENTER\"><em><span style=\"color: #632423;\"><span style=\"font-family: 'Comic Sans MS';\"><span style=\"font-size: large;\">Il y a Crime et Crime, m\u00eame contre l\u2019Humanit\u00e9.<\/span><\/span><\/span><\/em><\/p>\n<p align=\"JUSTIFY\"><em><span style=\"color: #632423;\">\u00a0<img loading=\"lazy\" decoding=\"async\" class=\"alignnone size-full wp-image-14741\" title=\"Eric\" src=\"http:\/\/www.lecarrefourdesopinions.ca\/wp-content\/uploads\/2018\/03\/Eric1.jpg\" alt=\"\" width=\"134\" height=\"107\" \/><\/span><\/em><\/p>\n<p align=\"JUSTIFY\"><span style=\"color: #632423;\"><span style=\"font-family: 'Comic Sans MS';\"><span style=\"font-size: large;\">\u00c9ric EG Nogard<\/span><\/span><\/span><\/p>\n<p align=\"JUSTIFY\"><em><span style=\"color: #c00000;\"><span style=\"font-size: large;\">Chroniqueur<\/span><\/span><\/em><span style=\"color: #c00000;\"><span style=\"font-size: large;\">.<\/span><\/span><\/p>\n<p align=\"CENTER\">\n<p align=\"CENTER\"><span style=\"color: #632423;\"><span style=\"font-size: large;\">***\u00a0\u00a0\u00a0\u00a0 ***\u00a0\u00a0\u00a0\u00a0 ***<\/span><\/span><\/p>\n<p align=\"JUSTIFY\">\n<p><em><span style=\"color: #000099;\"><span style=\"font-size: large;\">Il y a Crime et Crime, m\u00eame contre l\u2019Humanit\u00e9.<\/span><\/span><\/em><\/p>\n<p align=\"JUSTIFY\">\n<p align=\"JUSTIFY\">\n<p align=\"CENTER\"><img loading=\"lazy\" decoding=\"async\" class=\"alignnone size-thumbnail wp-image-15025\" title=\"F1   Comment ne pas exprimer nos Congratulations\" src=\"http:\/\/www.lecarrefourdesopinions.ca\/wp-content\/uploads\/2018\/05\/F1-Comment-ne-pas-exprimer-nos-Congratulations-134x107.png\" alt=\"\" width=\"134\" height=\"107\" \/><\/p>\n<p align=\"CENTER\"><strong><span style=\"font-size: large;\">F1\u00a0: <\/span><\/strong><em><span style=\"color: #c00000;\"><span style=\"font-size: large;\">Comment ne pas exprimer nos Congratulations.<\/span><\/span><\/em><\/p>\n<p align=\"JUSTIFY\">\n<p align=\"JUSTIFY\">\n<p align=\"JUSTIFY\"><span style=\"font-family: 'Comic Sans MS';\"><span style=\"font-size: large;\">Voil\u00e0 qu\u2019une Religion a pris la d\u00e9cision d\u2019entreprendre une Procession, tous Flambeaux allum\u00e9s en pleine nuit par les rues de Fort-de-France, pour Comm\u00e9morer \u00e0 sa fa\u00e7on l\u2019Abolition en Martinique, en 1848, de l\u2019Esclavage et de la Traite des Noirs, ce double Crime contre l\u2019Humanit\u00e9.<\/span><\/span><\/p>\n<p align=\"JUSTIFY\">\n<p align=\"CENTER\"><img loading=\"lazy\" decoding=\"async\" class=\"alignnone size-thumbnail wp-image-15026\" title=\"F2   Une religion\" src=\"http:\/\/www.lecarrefourdesopinions.ca\/wp-content\/uploads\/2018\/05\/F2-Une-religion-134x107.jpg\" alt=\"\" width=\"134\" height=\"107\" \/><\/p>\n<p align=\"CENTER\"><strong><span style=\"font-size: large;\">F2\u00a0: <\/span><\/strong><em><span style=\"color: #c00000;\"><span style=\"font-size: large;\">Une religion\u2026 <\/span><\/span><\/em><\/p>\n<p align=\"JUSTIFY\">\n<p align=\"JUSTIFY\">\n<p align=\"JUSTIFY\"><strong><span style=\"font-size: large;\">Comment ne pas applaudir des deux mains \u00e0 ce Geste Historique bien que Tardif.<\/span><\/strong><\/p>\n<p align=\"JUSTIFY\">\n<p align=\"JUSTIFY\"><span style=\"font-size: large;\">Assez tardif en tout cas pour sugg\u00e9rer l\u2019id\u00e9e de la prise du train en marche\u2026 et pour cause.<\/span><\/p>\n<p align=\"JUSTIFY\">\n<p align=\"JUSTIFY\"><span style=\"font-size: large;\">Comment ne pas exprimer nos Congratulations \u00e0 Messires notre Pape comme \u00e0 nos Saintet\u00e9s les Pr\u00e9lats.<\/span><\/p>\n<p align=\"JUSTIFY\">\n<p align=\"CENTER\"><img loading=\"lazy\" decoding=\"async\" class=\"alignnone size-large wp-image-15027\" title=\"F3   En Marche pour la   Lib\u00e9ration   de quoi\" src=\"http:\/\/www.lecarrefourdesopinions.ca\/wp-content\/uploads\/2018\/05\/F3-En-Marche-pour-la-Lib\u00e9ration-de-quoi-1024x719.jpg\" alt=\"\" width=\"450\" height=\"315\" srcset=\"http:\/\/www.lecarrefourdesopinions.ca\/wp-content\/uploads\/2018\/05\/F3-En-Marche-pour-la-Lib\u00e9ration-de-quoi-1024x719.jpg 1024w, http:\/\/www.lecarrefourdesopinions.ca\/wp-content\/uploads\/2018\/05\/F3-En-Marche-pour-la-Lib\u00e9ration-de-quoi-300x210.jpg 300w, http:\/\/www.lecarrefourdesopinions.ca\/wp-content\/uploads\/2018\/05\/F3-En-Marche-pour-la-Lib\u00e9ration-de-quoi-400x280.jpg 400w\" sizes=\"auto, (max-width: 450px) 100vw, 450px\" \/><\/p>\n<p align=\"CENTER\"><strong><span style=\"font-size: large;\">F3\u00a0:<\/span><\/strong> <em><span style=\"color: #c00000;\"><span style=\"font-size: large;\">En Marche pour la \u00ab\u00a0Lib\u00e9ration\u00a0\u00bb de quoi\u00a0?..<\/span><\/span><\/em><\/p>\n<p align=\"JUSTIFY\">\n<p align=\"JUSTIFY\">\n<p align=\"JUSTIFY\"><span style=\"font-size: large;\">Comment ne pas, attendu qu\u2019il y a Crimes et Crimes, m\u00eame contre l\u2019Humanit\u00e9, eu \u00e9gard au caract\u00e8re \u00e0 la fois Mythique, et Particulier des Uns, Opposable au caract\u00e8re Actuel et Universel des Autres, quand chacun sait fort bien qui des uns et des autres m\u00e9riteraient davantage la <\/span><em><span style=\"font-family: Arial, sans-serif;\"><span style=\"font-size: large;\">Naga\u00efka <\/span><\/span><\/em><span style=\"font-size: large;\">de notre R\u00e9probation, qui des uns ou des autres devraient faire l\u2019objet de l\u2019Urgence de nos soins et pr\u00e9occupations<\/span><em><span style=\"font-family: Arial, sans-serif;\"><span style=\"font-size: large;\">.<\/span><\/span><\/em><\/p>\n<p align=\"JUSTIFY\">\n<p align=\"JUSTIFY\">\n<p align=\"JUSTIFY\"><strong><span style=\"font-size: large;\">Il y a il est vrai ce que l\u2019on ne dit pas car il ne faut pas qu\u2019on le dise, question de Convenance ou pas, de Correction ou non, de Tabou en tout cas.<\/span><\/strong><\/p>\n<p align=\"JUSTIFY\">\n<p align=\"CENTER\"><img loading=\"lazy\" decoding=\"async\" class=\"alignnone size-full wp-image-15028\" title=\"F4   Socialement inconvenant  Politiquement incorrect    Tabou donc\" src=\"http:\/\/www.lecarrefourdesopinions.ca\/wp-content\/uploads\/2018\/05\/F4-Socialement-inconvenant-Politiquement-incorrect-Tabou-donc.jpg\" alt=\"\" width=\"207\" height=\"320\" srcset=\"http:\/\/www.lecarrefourdesopinions.ca\/wp-content\/uploads\/2018\/05\/F4-Socialement-inconvenant-Politiquement-incorrect-Tabou-donc.jpg 207w, http:\/\/www.lecarrefourdesopinions.ca\/wp-content\/uploads\/2018\/05\/F4-Socialement-inconvenant-Politiquement-incorrect-Tabou-donc-194x300.jpg 194w\" sizes=\"auto, (max-width: 207px) 100vw, 207px\" \/><\/p>\n<p align=\"CENTER\"><strong><span style=\"font-size: large;\">F4\u00a0: <\/span><\/strong><em><span style=\"color: #c00000;\"><span style=\"font-size: large;\">Socialement inconvenant, Politiquement incorrect\u2026 Tabou donc.<\/span><\/span><\/em><\/p>\n<p align=\"JUSTIFY\">\n<p align=\"JUSTIFY\"><span style=\"font-size: large;\">Ainsi, qui dit et qui oserait dire ce que pr\u00e9voyait le Code Noir pour prot\u00e9ger l\u2019Esclave des Possessions Fran\u00e7aises de l\u2019Atlantique, que de la Pingrerie, que de la Rapacit\u00e9, que de la D\u00e9mence \u00c9thylique, que de la Jalousie, en tout cas de la Cruaut\u00e9 Bestiale de son Ma\u00eetre, qu\u2019il soit des Antilles, qu\u2019il soit de la Louisiane.<\/span><\/p>\n<p align=\"JUSTIFY\">\n<p align=\"JUSTIFY\"><span style=\"font-size: large;\">Le \u00ab\u00a0Code Noir\u00a0\u00bb ne r\u00e9clamait-il pas pour l\u2019Esclave, un Toit, du Linge, ses Rations Alimentaires, son Repos du dimanche\u2026 cette Liste n\u2019\u00e9tant pas exhaustive, elle comportait aussi l\u2019Int\u00e9grit\u00e9 de la Personne, dans l\u2019Esprit de l\u2019<\/span><em><span style=\"font-family: Arial, sans-serif;\"><span style=\"font-size: large;\">Habeas Corpus<\/span><\/span><\/em><span style=\"font-size: large;\">.<\/span><\/p>\n<p align=\"JUSTIFY\">\n<p align=\"JUSTIFY\">\n<p align=\"JUSTIFY\"><strong><span style=\"font-size: large;\">L\u2019esclave avait des Droits en Vertu du Code Noir.<\/span><\/strong><\/p>\n<p align=\"JUSTIFY\">\n<p align=\"CENTER\"><img loading=\"lazy\" decoding=\"async\" class=\"alignnone size-large wp-image-15029\" title=\"uoi ne pas l avouer en toutes ses dispositions  pourquoi ne pas l enseigner a l Ecole  pour que le doute soit definitivement\" src=\"http:\/\/www.lecarrefourdesopinions.ca\/wp-content\/uploads\/2018\/05\/uoi-ne-pas-l-avouer-en-toutes-ses-dispositions-pourquoi-ne-pas-l-enseigner-a-l-Ecole-pour-que-le-doute-soit-definitivement-1024x767.jpg\" alt=\"\" width=\"450\" height=\"337\" srcset=\"http:\/\/www.lecarrefourdesopinions.ca\/wp-content\/uploads\/2018\/05\/uoi-ne-pas-l-avouer-en-toutes-ses-dispositions-pourquoi-ne-pas-l-enseigner-a-l-Ecole-pour-que-le-doute-soit-definitivement-1024x767.jpg 1024w, http:\/\/www.lecarrefourdesopinions.ca\/wp-content\/uploads\/2018\/05\/uoi-ne-pas-l-avouer-en-toutes-ses-dispositions-pourquoi-ne-pas-l-enseigner-a-l-Ecole-pour-que-le-doute-soit-definitivement-300x224.jpg 300w, http:\/\/www.lecarrefourdesopinions.ca\/wp-content\/uploads\/2018\/05\/uoi-ne-pas-l-avouer-en-toutes-ses-dispositions-pourquoi-ne-pas-l-enseigner-a-l-Ecole-pour-que-le-doute-soit-definitivement-400x299.jpg 400w, http:\/\/www.lecarrefourdesopinions.ca\/wp-content\/uploads\/2018\/05\/uoi-ne-pas-l-avouer-en-toutes-ses-dispositions-pourquoi-ne-pas-l-enseigner-a-l-Ecole-pour-que-le-doute-soit-definitivement.jpg 1058w\" sizes=\"auto, (max-width: 450px) 100vw, 450px\" \/><\/p>\n<p align=\"JUSTIFY\"><strong><span style=\"font-size: large;\">F5\u00a0: <\/span><\/strong><em><span style=\"color: #c00000;\"><span style=\"font-size: large;\">Pourquoi ne pas l\u2019avouer en toutes ses dispositions, pourquoi ne pas l\u2019enseigner \u00e0 l\u2019\u00c9cole, pour que le doute soit d\u00e9finitivement lev\u00e9.<\/span><\/span><\/em><\/p>\n<p align=\"JUSTIFY\">\n<p align=\"JUSTIFY\">\n<p align=\"JUSTIFY\"><span style=\"font-size: large;\">L\u2019Esclave qui fait aujourd\u2019hui l\u2019objet de nos soins les plus attentionn\u00e9s est Aboli depuis 170 Ann\u00e9es, et nul de nous ne l\u2019a connu autrement que Mythologiquement, depuis tant de G\u00e9n\u00e9rations.<\/span><\/p>\n<p align=\"JUSTIFY\">\n<p align=\"JUSTIFY\"><span style=\"font-size: large;\">Et depuis quand, de nos Cha\u00eenes Bris\u00e9es faisons-nous un Complexe incoercible, et pour quelle Raison\u2026 comme si nous y tenions sans nous en rendre compte.<\/span><\/p>\n<p align=\"JUSTIFY\">\n<p align=\"CENTER\"><img loading=\"lazy\" decoding=\"async\" class=\"alignnone size-full wp-image-15030\" title=\"F6   Depuis quand et pourquoi ce Complexe incoercible\" src=\"http:\/\/www.lecarrefourdesopinions.ca\/wp-content\/uploads\/2018\/05\/F6-Depuis-quand-et-pourquoi-ce-Complexe-incoercible.jpg\" alt=\"\" width=\"308\" height=\"340\" srcset=\"http:\/\/www.lecarrefourdesopinions.ca\/wp-content\/uploads\/2018\/05\/F6-Depuis-quand-et-pourquoi-ce-Complexe-incoercible.jpg 308w, http:\/\/www.lecarrefourdesopinions.ca\/wp-content\/uploads\/2018\/05\/F6-Depuis-quand-et-pourquoi-ce-Complexe-incoercible-271x300.jpg 271w\" sizes=\"auto, (max-width: 308px) 100vw, 308px\" \/><\/p>\n<p align=\"CENTER\"><strong><span style=\"font-size: large;\">F6\u00a0: <\/span><\/strong><em><span style=\"color: #c00000;\"><span style=\"font-size: large;\">Depuis quand et pourquoi ce Complexe incoercible.<\/span><\/span><\/em><\/p>\n<p align=\"JUSTIFY\">\n<p align=\"JUSTIFY\">\n<p align=\"JUSTIFY\"><span style=\"font-size: large;\">Cet Esclavage est Mort, nous ne faisons que nous en transmettre la L\u00e9gende\u2026 <\/span><\/p>\n<p align=\"JUSTIFY\">\n<p align=\"JUSTIFY\"><span style=\"font-size: large;\">Or, que ne peut-on faire dire \u00e0 une L\u00e9gende quand on dispose de la Force Brute et Born\u00e9e du Propagandiste de M\u00e9tier ou du mal-inform\u00e9.<\/span><\/p>\n<p align=\"JUSTIFY\">\n<p align=\"JUSTIFY\">\n<p align=\"JUSTIFY\"><strong><span style=\"font-size: large;\">Cet esclavage est Mort\u2026 Un autre plus ignoble lui a succ\u00e9d\u00e9.<\/span><\/strong><\/p>\n<p align=\"JUSTIFY\">\n<p align=\"JUSTIFY\"><span style=\"font-size: large;\">Un Esclavage D\u00e9moniaque dont nul ne semble se soucier, que chacun fait semblant d\u2019ignorer.<\/span><\/p>\n<p align=\"JUSTIFY\">\n<p align=\"JUSTIFY\"><span style=\"font-size: large;\">Tant de gens de nos jours sont r\u00e9duits \u00e0 un Esclavage aupr\u00e8s duquel celui que nous pleurnichons ferait figure de Miel et d\u2019Ambroisie.<\/span><\/p>\n<p align=\"JUSTIFY\">\n<p align=\"JUSTIFY\">\n<p align=\"JUSTIFY\"><strong><span style=\"font-size: large;\">Que dites-vous de la Traite des Humains, Filles et Gar\u00e7ons, pour la Fortune des Tortionnaires Prox\u00e9n\u00e8tes.<\/span><\/strong><\/p>\n<p align=\"JUSTIFY\">\n<p align=\"CENTER\"><img loading=\"lazy\" decoding=\"async\" class=\"alignnone size-full wp-image-15031\" title=\"F7   Pensez vous que faire le trottoir releve du Libre Choix\" src=\"http:\/\/www.lecarrefourdesopinions.ca\/wp-content\/uploads\/2018\/05\/F7-Pensez-vous-que-faire-le-trottoir-releve-du-Libre-Choix.jpg\" alt=\"\" width=\"660\" height=\"281\" srcset=\"http:\/\/www.lecarrefourdesopinions.ca\/wp-content\/uploads\/2018\/05\/F7-Pensez-vous-que-faire-le-trottoir-releve-du-Libre-Choix.jpg 660w, http:\/\/www.lecarrefourdesopinions.ca\/wp-content\/uploads\/2018\/05\/F7-Pensez-vous-que-faire-le-trottoir-releve-du-Libre-Choix-300x127.jpg 300w, http:\/\/www.lecarrefourdesopinions.ca\/wp-content\/uploads\/2018\/05\/F7-Pensez-vous-que-faire-le-trottoir-releve-du-Libre-Choix-400x170.jpg 400w\" sizes=\"auto, (max-width: 660px) 100vw, 660px\" \/><\/p>\n<p align=\"CENTER\"><strong><span style=\"font-size: large;\">F7\u00a0: <\/span><\/strong><em><span style=\"color: #c00000;\"><span style=\"font-size: large;\">Pensez-vous que faire le trottoir rel\u00e8ve du Libre Choix.<\/span><\/span><\/em><\/p>\n<p align=\"JUSTIFY\">\n<p align=\"JUSTIFY\">\n<p align=\"JUSTIFY\"><span style=\"font-size: large;\">Que penser des sans Droit, des sans Nom, des Fouille-Poubelles, faute d\u2019avoir un Emploi par manque de Protection, par manque de Piston, par manque de Relations, de Refus de la Prostitution.<\/span><\/p>\n<p align=\"JUSTIFY\">\n<p style=\"text-align: center;\" align=\"JUSTIFY\"><img loading=\"lazy\" decoding=\"async\" class=\"alignnone size-medium wp-image-15032\" title=\"F8  Que l agression sexuelle est si rare que cela   Que la fouille des poubelles n est pas faite pour nous\" src=\"http:\/\/www.lecarrefourdesopinions.ca\/wp-content\/uploads\/2018\/05\/F8-Que-l-agression-sexuelle-est-si-rare-que-cela-Que-la-fouille-des-poubelles-n-est-pas-faite-pour-nous-300x189.jpg\" alt=\"\" width=\"300\" height=\"189\" srcset=\"http:\/\/www.lecarrefourdesopinions.ca\/wp-content\/uploads\/2018\/05\/F8-Que-l-agression-sexuelle-est-si-rare-que-cela-Que-la-fouille-des-poubelles-n-est-pas-faite-pour-nous-300x189.jpg 300w, http:\/\/www.lecarrefourdesopinions.ca\/wp-content\/uploads\/2018\/05\/F8-Que-l-agression-sexuelle-est-si-rare-que-cela-Que-la-fouille-des-poubelles-n-est-pas-faite-pour-nous-400x252.jpg 400w, http:\/\/www.lecarrefourdesopinions.ca\/wp-content\/uploads\/2018\/05\/F8-Que-l-agression-sexuelle-est-si-rare-que-cela-Que-la-fouille-des-poubelles-n-est-pas-faite-pour-nous.jpg 972w\" sizes=\"auto, (max-width: 300px) 100vw, 300px\" \/><\/p>\n<p align=\"CENTER\"><strong><span style=\"font-size: large;\">F8\u00a0: <\/span><\/strong><em><span style=\"color: #c00000;\"><span style=\"font-size: large;\">Que l\u2019agression sexuelle est si rare que cela\u2026<\/span><\/span><\/em><\/p>\n<p align=\"CENTER\"><em><span style=\"color: #c00000;\">\u2026 <\/span><\/em><em><span style=\"color: #c00000;\"><span style=\"font-size: large;\">Que la fouille des poubelles n\u2019est pas faite pour nous.<\/span><\/span><\/em><\/p>\n<p align=\"JUSTIFY\">\n<p align=\"JUSTIFY\">\n<p align=\"JUSTIFY\"><span style=\"font-size: large;\">Pensez-vous que faire le trottoir rel\u00e8ve du Libre Choix\u2026 l\u2019agression sexuelle de l\u2019accident de parcours et la fouille des poubelles pour tout autre que nous.<\/span><\/p>\n<p align=\"JUSTIFY\">\n<p style=\"text-align: center;\" align=\"JUSTIFY\"><img loading=\"lazy\" decoding=\"async\" class=\"alignnone size-large wp-image-15033\" title=\"F9   Que les mauvais traitements ne sont que l apanage des champs de canne a sucre ou de coton\" src=\"http:\/\/www.lecarrefourdesopinions.ca\/wp-content\/uploads\/2018\/05\/F9-Que-les-mauvais-traitements-ne-sont-que-l-apanage-des-champs-de-canne-a-sucre-ou-de-coton-1024x297.jpg\" alt=\"\" width=\"450\" height=\"130\" srcset=\"http:\/\/www.lecarrefourdesopinions.ca\/wp-content\/uploads\/2018\/05\/F9-Que-les-mauvais-traitements-ne-sont-que-l-apanage-des-champs-de-canne-a-sucre-ou-de-coton-1024x297.jpg 1024w, http:\/\/www.lecarrefourdesopinions.ca\/wp-content\/uploads\/2018\/05\/F9-Que-les-mauvais-traitements-ne-sont-que-l-apanage-des-champs-de-canne-a-sucre-ou-de-coton-300x87.jpg 300w, http:\/\/www.lecarrefourdesopinions.ca\/wp-content\/uploads\/2018\/05\/F9-Que-les-mauvais-traitements-ne-sont-que-l-apanage-des-champs-de-canne-a-sucre-ou-de-coton-400x116.jpg 400w, http:\/\/www.lecarrefourdesopinions.ca\/wp-content\/uploads\/2018\/05\/F9-Que-les-mauvais-traitements-ne-sont-que-l-apanage-des-champs-de-canne-a-sucre-ou-de-coton.jpg 1349w\" sizes=\"auto, (max-width: 450px) 100vw, 450px\" \/><\/p>\n<p align=\"JUSTIFY\"><strong><span style=\"font-size: large;\">F9\u00a0: <\/span><\/strong><em><span style=\"color: #c00000;\"><span style=\"font-size: large;\">Que les mauvais traitements ne sont que l\u2019apanage des champs de canne-\u00e0-sucre ou de coton.<\/span><\/span><\/em><\/p>\n<p align=\"JUSTIFY\">\n<p align=\"JUSTIFY\">\n<p align=\"JUSTIFY\"><strong><span style=\"font-size: large;\">Que penser des Excommuni\u00e9s pour Refus de se Vendre, pour R\u00e9sistance au Harc\u00e8lement, pour Opposition \u00e0 l\u2019agression sexuelle et au Viol, au Refus de Complicit\u00e9 au Vol.<\/span><\/strong><\/p>\n<p align=\"JUSTIFY\">\n<p align=\"JUSTIFY\"><span style=\"font-size: large;\">Le Libre-choix n\u2019est pas toujours ce qu\u2019on croit, sa d\u00e9finition est comme le temps\u2026 elle a chang\u00e9.<\/span><\/p>\n<p align=\"JUSTIFY\">\n<p align=\"CENTER\"><img loading=\"lazy\" decoding=\"async\" class=\"alignnone size-full wp-image-15034\" title=\"F10   Le Libre choix n est pas toujours ce qu on croit\" src=\"http:\/\/www.lecarrefourdesopinions.ca\/wp-content\/uploads\/2018\/05\/F10-Le-Libre-choix-n-est-pas-toujours-ce-qu-on-croit.jpg\" alt=\"\" width=\"800\" height=\"531\" srcset=\"http:\/\/www.lecarrefourdesopinions.ca\/wp-content\/uploads\/2018\/05\/F10-Le-Libre-choix-n-est-pas-toujours-ce-qu-on-croit.jpg 800w, http:\/\/www.lecarrefourdesopinions.ca\/wp-content\/uploads\/2018\/05\/F10-Le-Libre-choix-n-est-pas-toujours-ce-qu-on-croit-300x199.jpg 300w, http:\/\/www.lecarrefourdesopinions.ca\/wp-content\/uploads\/2018\/05\/F10-Le-Libre-choix-n-est-pas-toujours-ce-qu-on-croit-400x265.jpg 400w\" sizes=\"auto, (max-width: 800px) 100vw, 800px\" \/><\/p>\n<p align=\"CENTER\"><strong><span style=\"font-size: large;\">F10\u00a0: <\/span><\/strong><em><span style=\"color: #c00000;\"><span style=\"font-size: large;\">Le Libre-choix n\u2019est pas toujours ce qu\u2019on croit.<\/span><\/span><\/em><strong><\/strong><\/p>\n<p align=\"JUSTIFY\">\n<p align=\"JUSTIFY\">\n<p align=\"JUSTIFY\"><span style=\"font-size: large;\">En serions-nous l\u00e0 si nos bien-voyants consentaient \u00e0 voir, si nos bien-entendants consentaient \u00e0 entendre, si nos Gouvernants \u00c9m\u00e9rites avaient le moindre souci de Gouverner comme ils s\u2019y sont engag\u00e9s.<\/span><\/p>\n<p align=\"JUSTIFY\">\n<p align=\"CENTER\"><img loading=\"lazy\" decoding=\"async\" class=\"alignnone size-full wp-image-15035\" title=\"F11   Chacun  de nos jours  aurait il sa Juste Part    du Repas\" src=\"http:\/\/www.lecarrefourdesopinions.ca\/wp-content\/uploads\/2018\/05\/F11-Chacun-de-nos-jours-aurait-il-sa-Juste-Part-du-Repas.jpg\" alt=\"\" width=\"580\" height=\"350\" srcset=\"http:\/\/www.lecarrefourdesopinions.ca\/wp-content\/uploads\/2018\/05\/F11-Chacun-de-nos-jours-aurait-il-sa-Juste-Part-du-Repas.jpg 580w, http:\/\/www.lecarrefourdesopinions.ca\/wp-content\/uploads\/2018\/05\/F11-Chacun-de-nos-jours-aurait-il-sa-Juste-Part-du-Repas-300x181.jpg 300w, http:\/\/www.lecarrefourdesopinions.ca\/wp-content\/uploads\/2018\/05\/F11-Chacun-de-nos-jours-aurait-il-sa-Juste-Part-du-Repas-400x241.jpg 400w\" sizes=\"auto, (max-width: 580px) 100vw, 580px\" \/><\/p>\n<p align=\"CENTER\"><strong><span style=\"font-size: large;\">F11\u00a0: <\/span><\/strong><em><span style=\"color: #c00000;\"><span style=\"font-size: large;\">Chacun, de nos jours, aurait-il sa Juste Part\u2026 du Repas. <\/span><\/span><\/em><\/p>\n<p align=\"JUSTIFY\">\n<p align=\"JUSTIFY\">\n<p align=\"JUSTIFY\"><strong><span style=\"font-family: 'Comic Sans MS';\"><span style=\"font-size: large;\">Quant \u00e0 Vous, Messires Pape et Pr\u00e9lats, un jour que vous\u00a0 serez jet\u00e9s sur vos genoux, les yeux tourn\u00e9s vers le Ciel, les mains en position de suppination, faites une Pri\u00e8re pour que Dieu vous aide \u00e0 y voir Clair.<\/span><\/span><\/strong><\/p>\n<p align=\"JUSTIFY\">\n<p align=\"JUSTIFY\"><span style=\"font-family: 'Comic Sans MS';\"><span style=\"font-size: large;\">Que les Noces de Cana vous reviennent en M\u00e9moire.<\/span><\/span><\/p>\n<p align=\"JUSTIFY\">\n<p align=\"JUSTIFY\"><span style=\"font-family: 'Comic Sans MS';\"><span style=\"font-size: large;\">Ces Noces ou chacun e\u00fbt sa Juste Part de Vin pour \u00e9tancher sa soif, sa Juste Part de Pain pour apaiser sa faim, son Juste Poids de la Croix \u00e0 porter.<\/span><\/span><\/p>\n<p align=\"JUSTIFY\">\n<p align=\"JUSTIFY\"><span style=\"font-family: 'Comic Sans MS';\"><span style=\"font-size: large;\">Quant aux Processions Comm\u00e9moratives, quant aux M\u00e9moriaux \u00e0 tout va, pourquoi pas.<\/span><\/span><\/p>\n<p align=\"JUSTIFY\">\n<p align=\"JUSTIFY\"><span style=\"font-family: 'Comic Sans MS';\"><span style=\"font-size: large;\">Cependant, chaque chose en son temps et selon ce qu\u2019elle p\u00e8se.<\/span><\/span><\/p>\n<p align=\"JUSTIFY\">\n<p align=\"JUSTIFY\"><span style=\"font-size: large;\">\u00c9ric EG Nogard<\/span><\/p>\n<p align=\"JUSTIFY\"><em><span style=\"color: #c00000;\"><span style=\"font-size: large;\">Chroniqueur<\/span><\/span><\/em><span style=\"color: #c00000;\"><span style=\"font-size: large;\">.<\/span><\/span><\/p>\n<p align=\"JUSTIFY\"><span style=\"color: #c00000;\">\u00a0<\/span><\/p>\n<p align=\"CENTER\"><strong><span style=\"font-size: large;\">***\u00a0\u00a0\u00a0\u00a0 ***\u00a0\u00a0\u00a0\u00a0 ***<\/span><\/strong><\/p>\n<p align=\"CENTER\"><strong>\u00a0<\/strong><\/p>\n<p align=\"CENTER\"><strong><span style=\"color: #ff0000;\">Ne Peut \u00eatre reproduit &#8211; m\u00eame partiellement &#8211;\u00a0 sans l\u2019autorisation de l\u2019Auteur.<\/span><\/strong><\/p>\n<p align=\"CENTER\"><strong>\u00a0<\/strong><\/p>\n<p align=\"CENTER\"><strong><span style=\"font-size: large;\">***\u00a0\u00a0\u00a0\u00a0 ***\u00a0\u00a0\u00a0\u00a0 ***<\/span><\/strong><\/p>\n<p align=\"CENTER\">\n<p align=\"CENTER\"><strong><span style=\"color: #ff0000;\"><span style=\"font-size: large;\">Nota : <\/span><\/span><\/strong><span style=\"color: #000000;\"><span style=\"font-size: large;\">Nous ne traitons que de Faits et de Noms rendus Publics.<\/span><\/span><\/p>\n<p align=\"CENTER\"><span style=\"color: #000000;\">\u00a0<\/span><\/p>\n<p align=\"CENTER\"><span style=\"color: #000000;\"><span style=\"font-size: large;\">***\u00a0\u00a0\u00a0\u00a0 ***\u00a0\u00a0\u00a0\u00a0 ***<\/span><\/span><\/p>\n<p align=\"JUSTIFY\">\n<p align=\"JUSTIFY\"><strong><span style=\"text-decoration: underline;\">Liens Sugg\u00e9r\u00e9s\u00a0:<\/span><\/strong><\/p>\n<ul type=\"DISC\">\n<li>\n<p align=\"JUSTIFY\"><a href=\"http:\/\/www.etatsgenerauxdeloutremer.fr\/reflexions\">http:\/\/www.etatsgenerauxdeloutremer.fr\/reflexions<\/a><\/p>\n<\/li>\n<\/ul>\n<p align=\"CENTER\"><strong><span style=\"color: #ff0000;\">\u00a0<\/span><\/strong><\/p>\n<p align=\"CENTER\">\n<script type=\"text\/javascript\">\n\nvar addthis_config = {\"data_track_clickback\":false,\"data_track_addressbar\":false,\"data_track_textcopy\":false};\n<\/script><script type=\"text\/javascript\" src=\"\/\/s7.addthis.com\/js\/250\/addthis_widget.js#pubid=a457a6d63fb9e6ccabdde4110343bd85\"><\/script>","protected":false},"excerpt":{"rendered":"<p align=\"CENTER\"><span style=\"color: #632423;\"><span style=\"font-family: 'Comic Sans MS';\"><span style=\"font-size: large;\">Il y a Crime et Crime, m\u00eame contre l\u2019Humanit\u00e9.<\/span><\/span><\/span><\/p>\n<p align=\"JUSTIFY\"><span style=\"color: #632423;\">\u00a0<\/span><\/p>\n<p align=\"JUSTIFY\"><span style=\"color: #632423;\"><span style=\"font-family: 'Comic Sans MS';\"><span style=\"font-size: large;\">\u00c9ric EG Nogard<\/span><\/span><\/span><\/p>\n<p align=\"JUSTIFY\"><span style=\"color: #c00000;\"><span style=\"font-size: large;\">Chroniqueur<\/span><\/span><span style=\"color: #c00000;\"><span style=\"font-size: large;\">.<\/span><\/span><\/p>\n<p align=\"CENTER\">\n<p align=\"CENTER\"><span style=\"color: #632423;\"><span style=\"font-size: large;\">***\u00a0\u00a0\u00a0\u00a0 ***\u00a0\u00a0\u00a0\u00a0 ***<\/span><\/span><\/p>\n<p align=\"JUSTIFY\">\n<p><span style=\"color: #000099;\"><span style=\"font-size: large;\">Il y a Crime et Crime, m\u00eame contre l\u2019Humanit\u00e9.<\/span><\/span><\/p>\n<p align=\"JUSTIFY\">\n<p align=\"JUSTIFY\">\n<p align=\"CENTER\">\n<p align=\"CENTER\"><span style=\"font-size: large;\">F1\u00a0: <\/span><span style=\"color: #c00000;\"><span style=\"font-size: large;\">Comment ne pas exprimer nos Congratulations.<\/span><\/span><\/p>\n<p align=\"JUSTIFY\">\n<p align=\"JUSTIFY\">\n<p align=\"JUSTIFY\"><span style=\"font-family: 'Comic Sans MS';\"><span style=\"font-size: large;\">Voil\u00e0 qu\u2019une Religion <\/span><\/span>&hellip;<\/p>\n","protected":false},"author":1,"featured_media":0,"comment_status":"open","ping_status":"open","sticky":false,"template":"","format":"standard","meta":{"footnotes":""},"categories":[1],"tags":[],"class_list":["post-15024","post","type-post","status-publish","format-standard","hentry","category-accueil"],"_links":{"self":[{"href":"http:\/\/www.lecarrefourdesopinions.ca\/index.php?rest_route=\/wp\/v2\/posts\/15024","targetHints":{"allow":["GET"]}}],"collection":[{"href":"http:\/\/www.lecarrefourdesopinions.ca\/index.php?rest_route=\/wp\/v2\/posts"}],"about":[{"href":"http:\/\/www.lecarrefourdesopinions.ca\/index.php?rest_route=\/wp\/v2\/types\/post"}],"author":[{"embeddable":true,"href":"http:\/\/www.lecarrefourdesopinions.ca\/index.php?rest_route=\/wp\/v2\/users\/1"}],"replies":[{"embeddable":true,"href":"http:\/\/www.lecarrefourdesopinions.ca\/index.php?rest_route=%2Fwp%2Fv2%2Fcomments&post=15024"}],"version-history":[{"count":1,"href":"http:\/\/www.lecarrefourdesopinions.ca\/index.php?rest_route=\/wp\/v2\/posts\/15024\/revisions"}],"predecessor-version":[{"id":15036,"href":"http:\/\/www.lecarrefourdesopinions.ca\/index.php?rest_route=\/wp\/v2\/posts\/15024\/revisions\/15036"}],"wp:attachment":[{"href":"http:\/\/www.lecarrefourdesopinions.ca\/index.php?rest_route=%2Fwp%2Fv2%2Fmedia&parent=15024"}],"wp:term":[{"taxonomy":"category","embeddable":true,"href":"http:\/\/www.lecarrefourdesopinions.ca\/index.php?rest_route=%2Fwp%2Fv2%2Fcategories&post=15024"},{"taxonomy":"post_tag","embeddable":true,"href":"http:\/\/www.lecarrefourdesopinions.ca\/index.php?rest_route=%2Fwp%2Fv2%2Ftags&post=15024"}],"curies":[{"name":"wp","href":"https:\/\/api.w.org\/{rel}","templated":true}]}}