{"id":14900,"date":"2018-04-26T11:10:55","date_gmt":"2018-04-26T15:10:55","guid":{"rendered":"http:\/\/www.lecarrefourdesopinions.ca\/?p=14900"},"modified":"2018-04-26T11:10:55","modified_gmt":"2018-04-26T15:10:55","slug":"quils-prennent-garde-a-la-mine-dans-leurs-chaudes-effusions","status":"publish","type":"post","link":"http:\/\/www.lecarrefourdesopinions.ca\/?p=14900","title":{"rendered":"Qu\u2019ils prennent garde \u00e0 la Mine, dans leurs chaudes Effusions."},"content":{"rendered":"<p style=\"text-align: center;\" align=\"JUSTIFY\"><em><span style=\"color: #632423;\"><span style=\"font-family: 'Comic Sans MS';\"><span style=\"font-size: large;\">Qu\u2019ils prennent garde \u00e0 la Mine, dans leurs chaudes Effusions.<\/span><\/span><\/span><\/em><\/p>\n<p align=\"JUSTIFY\"><em><span style=\"color: #632423;\">\u00a0<img loading=\"lazy\" decoding=\"async\" class=\"alignnone size-full wp-image-14741\" title=\"Eric\" src=\"http:\/\/www.lecarrefourdesopinions.ca\/wp-content\/uploads\/2018\/03\/Eric1.jpg\" alt=\"\" width=\"134\" height=\"107\" \/><\/span><\/em><\/p>\n<p align=\"JUSTIFY\"><span style=\"color: #632423;\"><span style=\"font-family: 'Comic Sans MS';\"><span style=\"font-size: large;\">\u00c9ric EG Nogard<\/span><\/span><\/span><\/p>\n<p align=\"JUSTIFY\"><em><span style=\"color: #c00000;\"><span style=\"font-size: large;\">Chroniqueur<\/span><\/span><\/em><span style=\"color: #c00000;\"><span style=\"font-size: large;\">.<\/span><\/span><\/p>\n<p align=\"CENTER\">\n<p align=\"CENTER\"><span style=\"color: #632423;\"><span style=\"font-size: large;\">***\u00a0\u00a0\u00a0\u00a0 ***\u00a0\u00a0\u00a0\u00a0 ***<\/span><\/span><\/p>\n<p align=\"CENTER\">\n<p align=\"CENTER\"><span style=\"color: #632423;\">\u00a0<\/span><\/p>\n<p><em><span style=\"color: #000099;\">\u00a0<\/span><\/em><\/p>\n<p><em><span style=\"color: #000099;\"><span style=\"font-size: large;\">Qu\u2019ils prennent garde \u00e0 la Mine, dans leurs chaudes Effusions.<\/span><\/span><\/em><\/p>\n<p>&nbsp;<\/p>\n<p>&nbsp;<\/p>\n<p align=\"CENTER\"><img loading=\"lazy\" decoding=\"async\" class=\"alignnone size-large wp-image-14901\" title=\"F1   Accueil Parfait\" src=\"http:\/\/www.lecarrefourdesopinions.ca\/wp-content\/uploads\/2018\/04\/F1-Accueil-Parfait-1024x576.jpeg\" alt=\"\" width=\"450\" height=\"253\" srcset=\"http:\/\/www.lecarrefourdesopinions.ca\/wp-content\/uploads\/2018\/04\/F1-Accueil-Parfait-1024x576.jpeg 1024w, http:\/\/www.lecarrefourdesopinions.ca\/wp-content\/uploads\/2018\/04\/F1-Accueil-Parfait-300x168.jpeg 300w, http:\/\/www.lecarrefourdesopinions.ca\/wp-content\/uploads\/2018\/04\/F1-Accueil-Parfait-400x225.jpeg 400w, http:\/\/www.lecarrefourdesopinions.ca\/wp-content\/uploads\/2018\/04\/F1-Accueil-Parfait.jpeg 1920w\" sizes=\"auto, (max-width: 450px) 100vw, 450px\" \/><\/p>\n<p align=\"CENTER\"><strong><span style=\"font-size: large;\">F1\u00a0: <\/span><\/strong><em><span style=\"color: #c00000;\"><span style=\"font-size: large;\">Accueil Parfait.<\/span><\/span><\/em><\/p>\n<p align=\"CENTER\">\n<p>&nbsp;<\/p>\n<p align=\"JUSTIFY\"><span style=\"font-family: 'Comic Sans MS';\"><span style=\"font-size: large;\">Pour une Visite d\u2019\u00c9tat r\u00e9put\u00e9e sans fausse note et d\u00e8s-lors parfaitement r\u00e9ussie entre les Pr\u00e9sidents am\u00e9ricains et Fran\u00e7ais, aurait-elle son \u00e9gale\u2026 douteux, aura-t-elle son exemple\u2026<\/span><\/span><em><span style=\"font-family: Arial, sans-serif;\"><span style=\"font-size: large;\">The Future will say it<\/span><\/span><\/em><span style=\"font-family: 'Comic Sans MS';\"><span style=\"font-size: large;\">.<\/span><\/span><\/p>\n<p align=\"JUSTIFY\">\n<p align=\"JUSTIFY\"><span style=\"font-family: 'Comic Sans MS';\"><span style=\"font-size: large;\">Quoi qui puisse r\u00e9jouir autant l\u2019humble \u00e9lectron que nous sommes du Bloc Occidental, eu \u00e9gard \u00e0 notre Filiation Fran\u00e7aise profond\u00e9ment empreinte de notre affinit\u00e9 Nord Am\u00e9ricaine\u2026 n\u2019aurions-nous pas aussi de ce Sang du Grand Nord.<\/span><\/span><\/p>\n<p align=\"JUSTIFY\">\n<p align=\"JUSTIFY\">\n<p align=\"JUSTIFY\"><strong><span style=\"font-size: large;\">Sauf que certaines \u00e9treintes et tapes dans le dos laissent encore notre Nature un tant soit peu, sinon boudeuse \u2013 ce serait \u00e0 quel titre \u2013 mais r\u00e9serv\u00e9e.<\/span><\/strong><\/p>\n<p align=\"JUSTIFY\">\n<p align=\"CENTER\">\u00a0<img loading=\"lazy\" decoding=\"async\" class=\"alignnone size-full wp-image-14902\" title=\"F2   Le beau miroir qui lui fait face   Sans Compter que Monsieur et Madame TRUMP\" src=\"http:\/\/www.lecarrefourdesopinions.ca\/wp-content\/uploads\/2018\/04\/F2-Le-beau-miroir-qui-lui-fait-face-Sans-Compter-que-Monsieur-et-Madame-TRUMP.jpg\" alt=\"\" width=\"640\" height=\"360\" srcset=\"http:\/\/www.lecarrefourdesopinions.ca\/wp-content\/uploads\/2018\/04\/F2-Le-beau-miroir-qui-lui-fait-face-Sans-Compter-que-Monsieur-et-Madame-TRUMP.jpg 640w, http:\/\/www.lecarrefourdesopinions.ca\/wp-content\/uploads\/2018\/04\/F2-Le-beau-miroir-qui-lui-fait-face-Sans-Compter-que-Monsieur-et-Madame-TRUMP-300x168.jpg 300w, http:\/\/www.lecarrefourdesopinions.ca\/wp-content\/uploads\/2018\/04\/F2-Le-beau-miroir-qui-lui-fait-face-Sans-Compter-que-Monsieur-et-Madame-TRUMP-400x225.jpg 400w\" sizes=\"auto, (max-width: 640px) 100vw, 640px\" \/><\/p>\n<p align=\"CENTER\"><strong><span style=\"font-size: large;\">F2\u00a0: <\/span><\/strong><em><span style=\"color: #c00000;\"><span style=\"font-size: large;\">Le beau miroir qui lui fait face.<\/span><\/span><\/em><\/p>\n<p align=\"CENTER\"><em><span style=\"color: #c00000;\"><span style=\"font-size: large;\">Sans Compter que Monsieur et Madame TRUMP<\/span><\/span><\/em><\/p>\n<p align=\"CENTER\"><em><span style=\"color: #c00000;\"><span style=\"font-size: large;\">Ont montr\u00e9 la d\u00e9licate Attention de se mettre<\/span><\/span><\/em><\/p>\n<p align=\"CENTER\"><em><span style=\"color: #c00000;\"><span style=\"font-size: large;\">Aux Couleurs de la France\u00a0!..<\/span><\/span><\/em><\/p>\n<p align=\"CENTER\">\n<p align=\"CENTER\">\n<p align=\"JUSTIFY\"><span style=\"font-size: large;\">Un certain baiser toujours pr\u00e9sent dans notre subconscient de Chr\u00e9tien en serait la Raison.<\/span><\/p>\n<p align=\"JUSTIFY\">\n<p align=\"JUSTIFY\"><span style=\"font-size: large;\">Plaise \u00e0 Dieu que nos deux Pr\u00e9sidents s\u2019en gardent.<\/span><\/p>\n<p align=\"JUSTIFY\">\n<p align=\"JUSTIFY\">\n<p align=\"JUSTIFY\"><strong><span style=\"font-size: large;\">En tout cas, de Chaudes Effusions entre les Pr\u00e9sidents TRUMP et MACRON.<\/span><\/strong><\/p>\n<p align=\"JUSTIFY\">\n<p align=\"JUSTIFY\"><span style=\"font-size: large;\">Quoi de plus r\u00e9confortant, quoi de plus r\u00e9jouissant pour ces deux Pays.<\/span><\/p>\n<p align=\"JUSTIFY\">\n<p align=\"JUSTIFY\"><span style=\"font-size: large;\">Reconnaissons en apart\u00e9 et sans rien pr\u00e9juger du futur, que le Pr\u00e9sident MACRON nous para\u00eet d\u2019un Niveau jamais atteint par ses Pr\u00e9d\u00e9cesseurs, du moins depuis \u00ab\u00a0Tonton\u00a0\u00bb le MITTERRAND\u2026 Impeccable comme le lui dit le beau miroir qui lui fait face.<\/span><\/p>\n<p align=\"JUSTIFY\">\n<p align=\"CENTER\"><img loading=\"lazy\" decoding=\"async\" class=\"alignnone size-medium wp-image-14903\" title=\"F3   De chaudes Effusions    qu\u2019elles soient de bon Augure\" src=\"http:\/\/www.lecarrefourdesopinions.ca\/wp-content\/uploads\/2018\/04\/F3-De-chaudes-Effusions-qu\u2019elles-soient-de-bon-Augure-300x169.jpg\" alt=\"\" width=\"300\" height=\"169\" srcset=\"http:\/\/www.lecarrefourdesopinions.ca\/wp-content\/uploads\/2018\/04\/F3-De-chaudes-Effusions-qu\u2019elles-soient-de-bon-Augure-300x169.jpg 300w, http:\/\/www.lecarrefourdesopinions.ca\/wp-content\/uploads\/2018\/04\/F3-De-chaudes-Effusions-qu\u2019elles-soient-de-bon-Augure-400x225.jpg 400w, http:\/\/www.lecarrefourdesopinions.ca\/wp-content\/uploads\/2018\/04\/F3-De-chaudes-Effusions-qu\u2019elles-soient-de-bon-Augure.jpg 1024w\" sizes=\"auto, (max-width: 300px) 100vw, 300px\" \/><\/p>\n<p align=\"CENTER\"><strong><span style=\"font-size: large;\">F3\u00a0: <\/span><\/strong><em><span style=\"color: #c00000;\"><span style=\"font-size: large;\">De chaudes Effusions\u2026 qu\u2019elles soient de bon Augure.<\/span><\/span><\/em><\/p>\n<p align=\"JUSTIFY\">\n<p align=\"JUSTIFY\">\n<p align=\"JUSTIFY\"><strong><span style=\"font-size: large;\">De Chaudes Effusions comme pr\u00e9lude au choix du Meilleur Chemin \u00e0 suivre sur la Question de l\u2019Arme Nucl\u00e9aire\u2026 qu\u2019elles soient de Bon Augure. <\/span><\/strong><\/p>\n<p align=\"JUSTIFY\">\n<p align=\"JUSTIFY\"><span style=\"font-size: large;\">Comme si sa suppression pure et simple n\u2019\u00e9tait pas la Seule et Unique Solution Acceptable et m\u00e9ritant d\u2019obliger nos Dirigeants.<\/span><\/p>\n<p align=\"JUSTIFY\">\n<p align=\"CENTER\"><img loading=\"lazy\" decoding=\"async\" class=\"alignnone size-medium wp-image-14904\" title=\"F4   Strength and long life to this OAK\" src=\"http:\/\/www.lecarrefourdesopinions.ca\/wp-content\/uploads\/2018\/04\/F4-Strength-and-long-life-to-this-OAK-300x221.jpg\" alt=\"\" width=\"300\" height=\"221\" srcset=\"http:\/\/www.lecarrefourdesopinions.ca\/wp-content\/uploads\/2018\/04\/F4-Strength-and-long-life-to-this-OAK-300x221.jpg 300w, http:\/\/www.lecarrefourdesopinions.ca\/wp-content\/uploads\/2018\/04\/F4-Strength-and-long-life-to-this-OAK-400x295.jpg 400w, http:\/\/www.lecarrefourdesopinions.ca\/wp-content\/uploads\/2018\/04\/F4-Strength-and-long-life-to-this-OAK.jpg 960w\" sizes=\"auto, (max-width: 300px) 100vw, 300px\" \/><\/p>\n<p align=\"CENTER\"><strong><span style=\"font-size: large;\">F4\u00a0: <\/span><\/strong><em><span style=\"color: #c00000;\"><span style=\"font-size: large;\">Strength and long life to this OAK\u00a0!..<\/span><\/span><\/em><\/p>\n<p align=\"JUSTIFY\">\n<p align=\"JUSTIFY\">\n<p align=\"JUSTIFY\"><strong><span style=\"font-size: large;\">Les Obliger que de Bon Gr\u00e9 ou par devers eux, dans leurs petits Secrets qu\u2019ils n\u2019avoueront jamais.<\/span><\/strong><\/p>\n<p align=\"JUSTIFY\">\n<p align=\"JUSTIFY\"><span style=\"font-size: large;\">Apret\u00e9 au gain, contraintes de Cr\u00e9anciers, amiti\u00e9s douteuses, liaisons dangereuses, complicit\u00e9s n\u00e9fastes \u00e0 terme pour les uns, pour les autres, pour tout un chacun.<\/span><\/p>\n<p align=\"JUSTIFY\">\n<p align=\"CENTER\"><img loading=\"lazy\" decoding=\"async\" class=\"alignnone size-medium wp-image-14905\" title=\"F5   May this kiss of oath never deceive US into our belief in You for Peace and Happiness\" src=\"http:\/\/www.lecarrefourdesopinions.ca\/wp-content\/uploads\/2018\/04\/F5-May-this-kiss-of-oath-never-deceive-US-into-our-belief-in-You-for-Peace-and-Happiness-300x200.jpg\" alt=\"\" width=\"300\" height=\"200\" srcset=\"http:\/\/www.lecarrefourdesopinions.ca\/wp-content\/uploads\/2018\/04\/F5-May-this-kiss-of-oath-never-deceive-US-into-our-belief-in-You-for-Peace-and-Happiness-300x200.jpg 300w, http:\/\/www.lecarrefourdesopinions.ca\/wp-content\/uploads\/2018\/04\/F5-May-this-kiss-of-oath-never-deceive-US-into-our-belief-in-You-for-Peace-and-Happiness-400x266.jpg 400w, http:\/\/www.lecarrefourdesopinions.ca\/wp-content\/uploads\/2018\/04\/F5-May-this-kiss-of-oath-never-deceive-US-into-our-belief-in-You-for-Peace-and-Happiness.jpg 900w\" sizes=\"auto, (max-width: 300px) 100vw, 300px\" \/><\/p>\n<p align=\"JUSTIFY\"><strong><span style=\"font-size: large;\">F5\u00a0: <\/span><\/strong><em><span style=\"color: #c00000;\"><span style=\"font-family: Arial, sans-serif;\"><span style=\"font-size: large;\">May this kiss of oath never deceive US into our belief in You, for Peace and Happiness.<\/span><\/span><\/span><\/em><\/p>\n<p align=\"JUSTIFY\">\n<p align=\"JUSTIFY\">\n<p align=\"JUSTIFY\"><span style=\"font-size: large;\">\u00ab\u00a0<\/span><em><span style=\"font-size: large;\">Je veux<\/span><\/em><span style=\"font-size: large;\"> \u2013 de quel droit \u2013 <\/span><em><span style=\"font-size: large;\">retirer les Troupes Am\u00e9ricaines de Syrie, mais je ne veux pas donner \u00e0 l\u2019Iran un acc\u00e8s ouvert \u00e0 la M\u00e9diterran\u00e9e<\/span><\/em><span style=\"font-size: large;\">\u00a0\u00bb <\/span><em><span style=\"font-family: Arial, sans-serif;\"><span style=\"font-size: large;\">Mr. TRUMP said<\/span><\/span><\/em><span style=\"font-size: large;\">.<\/span><\/p>\n<p align=\"JUSTIFY\">\n<p align=\"JUSTIFY\"><span style=\"font-size: large;\">\u00ab\u00a0<\/span><em><span style=\"font-size: large;\">Je veux<\/span><\/em><span style=\"font-size: large;\"> \u2013 de quel pouvoir \u2013 <\/span><em><span style=\"font-size: large;\">mettre l\u2019Iran en demeure de quitter la Syrie, ce qui nous \u00e9viterait d\u2019y revenir<\/span><\/em><span style=\"font-size: large;\">\u00a0\u00bb <\/span><em><span style=\"font-family: Arial, sans-serif;\"><span style=\"font-size: large;\">Mr. MACRON overdid, exaggerating it seems<\/span><\/span><\/em><span style=\"font-size: large;\">.<\/span><\/p>\n<p align=\"JUSTIFY\">\n<p align=\"JUSTIFY\"><span style=\"font-size: large;\">\u00ab\u00a0<\/span><em><span style=\"font-size: large;\">S\u2019ils nous menacent de quelque fa\u00e7on que ce soit, ils paieront un prix comme peu de Pays en ont jamais pay\u00e9<\/span><\/em><span style=\"font-size: large;\">\u00a0\u00bb<\/span><\/p>\n<p align=\"JUSTIFY\">\n<p align=\"JUSTIFY\"><em><span style=\"font-family: Arial, sans-serif;\"><span style=\"font-size: large;\">They will pay a price like any Country has never paid.<\/span><\/span><\/em><\/p>\n<p align=\"JUSTIFY\">\n<p style=\"text-align: center;\" align=\"JUSTIFY\">\u00a0<img loading=\"lazy\" decoding=\"async\" class=\"alignnone size-full wp-image-14906\" title=\"F6   Faites donc le choix inebranlable  Du Desarmement Nucleaire pour Tous\" src=\"http:\/\/www.lecarrefourdesopinions.ca\/wp-content\/uploads\/2018\/04\/F6-Faites-donc-le-choix-inebranlable-Du-Desarmement-Nucleaire-pour-Tous.jpg\" alt=\"\" width=\"550\" height=\"378\" srcset=\"http:\/\/www.lecarrefourdesopinions.ca\/wp-content\/uploads\/2018\/04\/F6-Faites-donc-le-choix-inebranlable-Du-Desarmement-Nucleaire-pour-Tous.jpg 550w, http:\/\/www.lecarrefourdesopinions.ca\/wp-content\/uploads\/2018\/04\/F6-Faites-donc-le-choix-inebranlable-Du-Desarmement-Nucleaire-pour-Tous-300x206.jpg 300w, http:\/\/www.lecarrefourdesopinions.ca\/wp-content\/uploads\/2018\/04\/F6-Faites-donc-le-choix-inebranlable-Du-Desarmement-Nucleaire-pour-Tous-400x274.jpg 400w\" sizes=\"auto, (max-width: 550px) 100vw, 550px\" \/><\/p>\n<p align=\"CENTER\"><strong><span style=\"font-size: large;\">F6 : <\/span><\/strong><em><span style=\"color: #c00000;\"><span style=\"font-size: large;\">Faites donc le choix in\u00e9branlable<\/span><\/span><\/em><\/p>\n<p align=\"CENTER\"><em><span style=\"color: #c00000;\"><span style=\"font-size: large;\">Du D\u00e9sarmement Nucl\u00e9aire pour Tous\u00a0!..<\/span><\/span><\/em><\/p>\n<p align=\"JUSTIFY\">\n<p align=\"JUSTIFY\">\n<p align=\"JUSTIFY\"><strong><span style=\"font-family: 'Comic Sans MS';\"><span style=\"font-size: large;\">N\u2019est-ce pas \u00e7a une Menace, est-ce une Offre de Paix.<\/span><\/span><\/strong><\/p>\n<p align=\"JUSTIFY\">\n<p align=\"JUSTIFY\"><span style=\"font-family: 'Comic Sans MS';\"><span style=\"font-size: large;\">Or, quand \u00e9clate la Guerre, qui peut pr\u00e9dire, <\/span><\/span><em><span style=\"font-family: Arial, sans-serif;\"><span style=\"font-size: large;\">who may foresay what will happen<\/span><\/span><\/em><span style=\"font-family: 'Comic Sans MS';\"><span style=\"font-size: large;\">.<\/span><\/span><\/p>\n<p align=\"JUSTIFY\">\n<p align=\"JUSTIFY\"><em><span style=\"font-family: Arial, sans-serif;\"><span style=\"font-size: large;\">So<\/span><\/span><\/em><span style=\"font-family: 'Comic Sans MS';\"><span style=\"font-size: large;\">, gare \u00e0 la Mine, Honorables TRUMP &amp; MACRON. <\/span><\/span><\/p>\n<p align=\"JUSTIFY\">\n<p align=\"JUSTIFY\"><span style=\"font-size: large;\">\u00c9ric EG Nogard<\/span><\/p>\n<p align=\"JUSTIFY\"><em><span style=\"color: #c00000;\"><span style=\"font-size: large;\">Chroniqueur<\/span><\/span><\/em><span style=\"color: #c00000;\"><span style=\"font-size: large;\">.<\/span><\/span><\/p>\n<p align=\"JUSTIFY\"><span style=\"color: #c00000;\">\u00a0<\/span><\/p>\n<p align=\"CENTER\"><strong><span style=\"font-size: large;\">***\u00a0\u00a0\u00a0\u00a0 ***\u00a0\u00a0\u00a0\u00a0 ***<\/span><\/strong><\/p>\n<p align=\"CENTER\"><strong>\u00a0<\/strong><\/p>\n<p align=\"CENTER\"><strong><span style=\"color: #ff0000;\">Ne Peut \u00eatre reproduit &#8211; m\u00eame partiellement &#8211;\u00a0 sans l\u2019autorisation de l\u2019Auteur.<\/span><\/strong><\/p>\n<p align=\"CENTER\"><strong>\u00a0<\/strong><\/p>\n<p align=\"CENTER\"><strong><span style=\"font-size: large;\">***\u00a0\u00a0\u00a0\u00a0 ***\u00a0\u00a0\u00a0\u00a0 ***<\/span><\/strong><\/p>\n<p align=\"CENTER\">\n<p align=\"CENTER\"><strong><span style=\"color: #ff0000;\"><span style=\"font-size: large;\">Nota : <\/span><\/span><\/strong><span style=\"color: #000000;\"><span style=\"font-size: large;\">Nous ne traitons que de Faits et de Noms rendus Publics.<\/span><\/span><\/p>\n<p align=\"CENTER\"><span style=\"color: #000000;\">\u00a0<\/span><\/p>\n<p align=\"CENTER\"><span style=\"color: #000000;\"><span style=\"font-size: large;\">***\u00a0\u00a0\u00a0\u00a0 ***\u00a0\u00a0\u00a0\u00a0 ***<\/span><\/span><\/p>\n<p align=\"JUSTIFY\"><strong><span style=\"text-decoration: underline;\">Liens Sugg\u00e9r\u00e9s\u00a0:<\/span><\/strong><\/p>\n<ul type=\"DISC\">\n<li>\n<p><span style=\"color: #ff0000;\"><a href=\"http:\/\/www.etatsgenerauxdeloutremer.fr\/reflexions\">http:\/\/www.etatsgenerauxdeloutremer.fr\/reflexions<\/a> <\/span><\/p>\n<\/li>\n<\/ul>\n<p align=\"CENTER\">\n<script type=\"text\/javascript\">\n\nvar addthis_config = {\"data_track_clickback\":false,\"data_track_addressbar\":false,\"data_track_textcopy\":false};\n<\/script><script type=\"text\/javascript\" src=\"\/\/s7.addthis.com\/js\/250\/addthis_widget.js#pubid=a457a6d63fb9e6ccabdde4110343bd85\"><\/script>","protected":false},"excerpt":{"rendered":"<p style=\"text-align: center;\" align=\"JUSTIFY\"><span style=\"color: #632423;\"><span style=\"font-family: 'Comic Sans MS';\"><span style=\"font-size: large;\">Qu\u2019ils prennent garde \u00e0 la Mine, dans leurs chaudes Effusions.<\/span><\/span><\/span><\/p>\n<p align=\"JUSTIFY\"><span style=\"color: #632423;\">\u00a0<\/span><\/p>\n<p align=\"JUSTIFY\"><span style=\"color: #632423;\"><span style=\"font-family: 'Comic Sans MS';\"><span style=\"font-size: large;\">\u00c9ric EG Nogard<\/span><\/span><\/span><\/p>\n<p align=\"JUSTIFY\"><span style=\"color: #c00000;\"><span style=\"font-size: large;\">Chroniqueur<\/span><\/span><span style=\"color: #c00000;\"><span style=\"font-size: large;\">.<\/span><\/span><\/p>\n<p align=\"CENTER\">\n<p align=\"CENTER\"><span style=\"color: #632423;\"><span style=\"font-size: large;\">***\u00a0\u00a0\u00a0\u00a0 ***\u00a0\u00a0\u00a0\u00a0 ***<\/span><\/span><\/p>\n<p align=\"CENTER\">\n<p align=\"CENTER\"><span style=\"color: #632423;\">\u00a0<\/span><\/p>\n<p><span style=\"color: #000099;\">\u00a0<\/span><\/p>\n<p><span style=\"color: #000099;\"><span style=\"font-size: large;\">Qu\u2019ils prennent garde \u00e0 la Mine, dans leurs chaudes Effusions.<\/span><\/span><\/p>\n<p>&nbsp;<\/p>\n<p>&nbsp;<\/p>\n<p align=\"CENTER\">\n<p align=\"CENTER\"><span style=\"font-size: large;\">F1\u00a0: <\/span><span style=\"color: #c00000;\"><span style=\"font-size: large;\">Accueil Parfait.<\/span><\/span><\/p>\n<p align=\"CENTER\">\n<p>&nbsp;<\/p>\n<p align=\"JUSTIFY\"><span style=\"font-family: 'Comic Sans MS';\"><span style=\"font-size: large;\">Pour une <\/span><\/span>&hellip;<\/p>\n","protected":false},"author":1,"featured_media":0,"comment_status":"open","ping_status":"open","sticky":false,"template":"","format":"standard","meta":{"footnotes":""},"categories":[1],"tags":[],"class_list":["post-14900","post","type-post","status-publish","format-standard","hentry","category-accueil"],"_links":{"self":[{"href":"http:\/\/www.lecarrefourdesopinions.ca\/index.php?rest_route=\/wp\/v2\/posts\/14900","targetHints":{"allow":["GET"]}}],"collection":[{"href":"http:\/\/www.lecarrefourdesopinions.ca\/index.php?rest_route=\/wp\/v2\/posts"}],"about":[{"href":"http:\/\/www.lecarrefourdesopinions.ca\/index.php?rest_route=\/wp\/v2\/types\/post"}],"author":[{"embeddable":true,"href":"http:\/\/www.lecarrefourdesopinions.ca\/index.php?rest_route=\/wp\/v2\/users\/1"}],"replies":[{"embeddable":true,"href":"http:\/\/www.lecarrefourdesopinions.ca\/index.php?rest_route=%2Fwp%2Fv2%2Fcomments&post=14900"}],"version-history":[{"count":1,"href":"http:\/\/www.lecarrefourdesopinions.ca\/index.php?rest_route=\/wp\/v2\/posts\/14900\/revisions"}],"predecessor-version":[{"id":14907,"href":"http:\/\/www.lecarrefourdesopinions.ca\/index.php?rest_route=\/wp\/v2\/posts\/14900\/revisions\/14907"}],"wp:attachment":[{"href":"http:\/\/www.lecarrefourdesopinions.ca\/index.php?rest_route=%2Fwp%2Fv2%2Fmedia&parent=14900"}],"wp:term":[{"taxonomy":"category","embeddable":true,"href":"http:\/\/www.lecarrefourdesopinions.ca\/index.php?rest_route=%2Fwp%2Fv2%2Fcategories&post=14900"},{"taxonomy":"post_tag","embeddable":true,"href":"http:\/\/www.lecarrefourdesopinions.ca\/index.php?rest_route=%2Fwp%2Fv2%2Ftags&post=14900"}],"curies":[{"name":"wp","href":"https:\/\/api.w.org\/{rel}","templated":true}]}}