{"id":14888,"date":"2018-04-25T13:46:29","date_gmt":"2018-04-25T17:46:29","guid":{"rendered":"http:\/\/www.lecarrefourdesopinions.ca\/?p=14888"},"modified":"2018-04-25T13:46:29","modified_gmt":"2018-04-25T17:46:29","slug":"le-debat-est-lance-pour-une-juste-retraite","status":"publish","type":"post","link":"http:\/\/www.lecarrefourdesopinions.ca\/?p=14888","title":{"rendered":"Le D\u00e9bat est lanc\u00e9, pour une Juste Retraite."},"content":{"rendered":"<p align=\"CENTER\"><em><span style=\"color: #632423;\"><span style=\"font-family: 'Comic Sans MS';\"><span style=\"font-size: large;\">Le D\u00e9bat est lanc\u00e9, pour une Juste Retraite.<\/span><\/span><\/span><\/em><\/p>\n<p align=\"JUSTIFY\"><em><span style=\"color: #632423;\">\u00a0<\/span><\/em><\/p>\n<p align=\"JUSTIFY\"><span style=\"color: #632423;\"><span style=\"font-family: 'Comic Sans MS';\"><span style=\"font-size: large;\">\u00ab\u00a0Une Retraite, source de Privil\u00e8ges, ne serait-elle pas une Honte, tout simplement\u2026 <\/span><\/span><\/span><em><span style=\"color: #632423;\"><span style=\"font-family: Arial, sans-serif;\"><span style=\"font-size: large;\">nothing else but a shame, frankly speaking<\/span><\/span><\/span><\/em><span style=\"color: #632423;\"><span style=\"font-family: 'Comic Sans MS';\"><span style=\"font-size: large;\">.<\/span><\/span><\/span><\/p>\n<p align=\"JUSTIFY\"><span style=\"color: #632423;\">\u00a0<\/span><\/p>\n<p align=\"JUSTIFY\"><span style=\"color: #632423;\"><span style=\"font-family: 'Comic Sans MS';\"><span style=\"font-size: large;\">Chacun peut s\u2019enrichir ou s\u2019appauvrir selon sa fa\u00e7on de g\u00e9rer sa Juste Part, sans le moindre recours \u00e0 un quelconque Artifice, ni au moindre Privil\u00e8ge.<\/span><\/span><\/span><\/p>\n<p align=\"JUSTIFY\"><span style=\"color: #632423;\">\u00a0<\/span><\/p>\n<p align=\"CENTER\"><img loading=\"lazy\" decoding=\"async\" class=\"alignnone size-large wp-image-14889\" title=\"F1   Tant d entre eux sont loin de l etre   Tant d autres n entendent pas arreter de l etre\" src=\"http:\/\/www.lecarrefourdesopinions.ca\/wp-content\/uploads\/2018\/04\/F1-Tant-d-entre-eux-sont-loin-de-l-etre-Tant-d-autres-n-entendent-pas-arreter-de-l-etre-711x1024.jpg\" alt=\"\" width=\"450\" height=\"648\" srcset=\"http:\/\/www.lecarrefourdesopinions.ca\/wp-content\/uploads\/2018\/04\/F1-Tant-d-entre-eux-sont-loin-de-l-etre-Tant-d-autres-n-entendent-pas-arreter-de-l-etre-711x1024.jpg 711w, http:\/\/www.lecarrefourdesopinions.ca\/wp-content\/uploads\/2018\/04\/F1-Tant-d-entre-eux-sont-loin-de-l-etre-Tant-d-autres-n-entendent-pas-arreter-de-l-etre-208x300.jpg 208w, http:\/\/www.lecarrefourdesopinions.ca\/wp-content\/uploads\/2018\/04\/F1-Tant-d-entre-eux-sont-loin-de-l-etre-Tant-d-autres-n-entendent-pas-arreter-de-l-etre-400x576.jpg 400w, http:\/\/www.lecarrefourdesopinions.ca\/wp-content\/uploads\/2018\/04\/F1-Tant-d-entre-eux-sont-loin-de-l-etre-Tant-d-autres-n-entendent-pas-arreter-de-l-etre.jpg 750w\" sizes=\"auto, (max-width: 450px) 100vw, 450px\" \/><\/p>\n<p align=\"CENTER\"><strong><span style=\"font-size: large;\">F1\u00a0: <\/span><\/strong><em><span style=\"color: #c00000;\"><span style=\"font-size: large;\">Tant d\u2019entre eux sont loin de l\u2019\u00eatre,<\/span><\/span><\/em><\/p>\n<p align=\"CENTER\"><em><span style=\"color: #c00000;\"><span style=\"font-size: large;\">Tant d\u2019autres n\u2019entendent pas arr\u00eater de l\u2019\u00eatre.<\/span><\/span><\/em><\/p>\n<p align=\"CENTER\"><span style=\"color: #632423;\">\u00a0<\/span><\/p>\n<p align=\"JUSTIFY\"><span style=\"color: #632423;\">\u00a0<\/span><\/p>\n<p align=\"JUSTIFY\"><em><span style=\"color: #632423;\"><span style=\"font-family: Arial, sans-serif;\"><span style=\"font-size: large;\">Then, reach one\u2019s retiring age and grow such a rage for Money by reclaiming specific advantages\u2026 Uncredible<\/span><\/span><\/span><\/em><span style=\"color: #632423;\"><span style=\"font-family: 'Comic Sans MS';\"><span style=\"font-size: large;\">.<\/span><\/span><\/span><\/p>\n<p align=\"JUSTIFY\"><span style=\"color: #632423;\">\u00a0<\/span><\/p>\n<p align=\"JUSTIFY\"><span style=\"color: #632423;\"><span style=\"font-family: 'Comic Sans MS';\"><span style=\"font-size: large;\">D\u00e8s-lors, parvenir \u00e0 l\u2019\u00e2ge de la retraite et d\u00e9velopper une telle rage pour un peu plus d\u2019argent en revendiquant des avantages sp\u00e9cifiques\u2026 incroyable.<\/span><\/span><\/span><\/p>\n<p align=\"JUSTIFY\"><span style=\"color: #632423;\">\u00a0<\/span><\/p>\n<p align=\"JUSTIFY\"><span style=\"color: #632423;\"><span style=\"font-family: 'Comic Sans MS';\"><span style=\"font-size: large;\">Vivre de ce qu\u2019on a et en \u00eatre content, ou jouer les Midas, sur le chemin de notre retour \u00e0 la Terre en Poussi\u00e8re que nous sommes,<\/span><\/span><\/span><\/p>\n<p align=\"JUSTIFY\"><span style=\"color: #632423;\">\u00a0<\/span><\/p>\n<p align=\"JUSTIFY\"><em><span style=\"color: #632423;\"><span style=\"font-family: Arial, sans-serif;\"><span style=\"font-size: large;\">Or playing at Midas, so close to the end, so close to the soil\u2026<\/span><\/span><\/span><\/em><\/p>\n<p align=\"JUSTIFY\"><span style=\"color: #632423;\">\u00a0<\/span><\/p>\n<p align=\"CENTER\"><span style=\"color: #632423;\"><img loading=\"lazy\" decoding=\"async\" class=\"alignnone size-full wp-image-14890\" title=\"F2  OVIDE    Le temps qui d\u00e9truit tout\" src=\"http:\/\/www.lecarrefourdesopinions.ca\/wp-content\/uploads\/2018\/04\/F2-OVIDE-Le-temps-qui-d\u00e9truit-tout.jpg\" alt=\"\" width=\"384\" height=\"592\" srcset=\"http:\/\/www.lecarrefourdesopinions.ca\/wp-content\/uploads\/2018\/04\/F2-OVIDE-Le-temps-qui-d\u00e9truit-tout.jpg 384w, http:\/\/www.lecarrefourdesopinions.ca\/wp-content\/uploads\/2018\/04\/F2-OVIDE-Le-temps-qui-d\u00e9truit-tout-194x300.jpg 194w\" sizes=\"auto, (max-width: 384px) 100vw, 384px\" \/>\u00a0<\/span><\/p>\n<p align=\"CENTER\"><strong><span style=\"font-size: large;\">F2: <\/span><\/strong><em><span style=\"color: #943634;\"><span style=\"font-size: large;\">OVIDE,<\/span><\/span><\/em><\/p>\n<p align=\"CENTER\"><em><span style=\"color: #943634;\">\u201c<\/span><\/em><em><span style=\"color: #c00000;\"><span style=\"font-size: large;\">Le temps qui d\u00e9truit tout<\/span><\/span><\/em><em><span style=\"color: #943634;\">\u201d<\/span><\/em><em><span style=\"color: #943634;\"><span style=\"font-size: large;\">.<\/span><\/span><\/em><\/p>\n<p align=\"CENTER\"><strong>\u00a0<\/strong><\/p>\n<p align=\"JUSTIFY\"><span style=\"color: #632423;\">\u00a0<\/span><\/p>\n<p align=\"JUSTIFY\"><em><span style=\"color: #632423;\"><span style=\"font-family: Arial, sans-serif;\"><span style=\"font-size: large;\">Tempus edax rerum<\/span><\/span><\/span><\/em><span style=\"color: #632423;\"><span style=\"font-family: 'Comic Sans MS';\"><span style=\"font-size: large;\">, le temps qui d\u00e9truit tout, comme disait OVIDE, viendra-t-il jamais \u00e0 bout de la Voracit\u00e9 Humaine, sans que la Mort ne s\u2019en charge\u00a0\u00bb.<\/span><\/span><\/span><\/p>\n<p align=\"JUSTIFY\"><span style=\"color: #632423;\">\u00a0<img loading=\"lazy\" decoding=\"async\" class=\"alignnone size-full wp-image-14741\" title=\"Eric\" src=\"http:\/\/www.lecarrefourdesopinions.ca\/wp-content\/uploads\/2018\/03\/Eric1.jpg\" alt=\"\" width=\"134\" height=\"107\" \/><\/span><\/p>\n<p align=\"JUSTIFY\"><span style=\"color: #632423;\"><span style=\"font-family: 'Comic Sans MS';\"><span style=\"font-size: large;\">\u00c9ric EG Nogard<\/span><\/span><\/span><\/p>\n<p align=\"JUSTIFY\"><em><span style=\"color: #c00000;\"><span style=\"font-size: large;\">Chroniqueur<\/span><\/span><\/em><span style=\"color: #c00000;\"><span style=\"font-size: large;\">.<\/span><\/span><\/p>\n<p align=\"CENTER\">\n<p align=\"CENTER\"><span style=\"color: #632423;\"><span style=\"font-size: large;\">***\u00a0\u00a0\u00a0\u00a0 ***\u00a0\u00a0\u00a0\u00a0 ***<\/span><\/span><\/p>\n<p align=\"CENTER\"><span style=\"color: #632423;\"><span style=\"font-size: large;\">***\u00a0\u00a0\u00a0\u00a0 ***\u00a0\u00a0\u00a0\u00a0 ***<\/span><\/span><\/p>\n<p align=\"CENTER\"><span style=\"color: #632423;\">\u00a0<\/span><\/p>\n<p align=\"JUSTIFY\"><em><span style=\"color: #000099;\"><span style=\"font-size: large;\">Le D\u00e9bat est lanc\u00e9, pour une Juste Retraite.<\/span><\/span><\/em><\/p>\n<p align=\"JUSTIFY\">\n<p align=\"JUSTIFY\">\n<p align=\"CENTER\"><img loading=\"lazy\" decoding=\"async\" class=\"alignnone size-full wp-image-14891\" title=\"them too many   Ne sont elles pas trop nombreuses   Quel est l interet de cette Pullulation   Qu est ce qui la Justifierait\" src=\"http:\/\/www.lecarrefourdesopinions.ca\/wp-content\/uploads\/2018\/04\/them-too-many-Ne-sont-elles-pas-trop-nombreuses-Quel-est-l-interet-de-cette-Pullulation-Qu-est-ce-qui-la-Justifierait.jpg\" alt=\"\" width=\"400\" height=\"225\" srcset=\"http:\/\/www.lecarrefourdesopinions.ca\/wp-content\/uploads\/2018\/04\/them-too-many-Ne-sont-elles-pas-trop-nombreuses-Quel-est-l-interet-de-cette-Pullulation-Qu-est-ce-qui-la-Justifierait.jpg 400w, http:\/\/www.lecarrefourdesopinions.ca\/wp-content\/uploads\/2018\/04\/them-too-many-Ne-sont-elles-pas-trop-nombreuses-Quel-est-l-interet-de-cette-Pullulation-Qu-est-ce-qui-la-Justifierait-300x168.jpg 300w\" sizes=\"auto, (max-width: 400px) 100vw, 400px\" \/><\/p>\n<p align=\"CENTER\">\n<p align=\"CENTER\"><strong><span style=\"font-size: large;\">F3\u00a0: <\/span><\/strong><em><span style=\"color: #c00000;\"><span style=\"font-size: large;\">Are \u2018nt them too many.<\/span><\/span><\/em><\/p>\n<p align=\"CENTER\"><em><span style=\"color: #c00000;\"><span style=\"font-size: large;\">Ne sont-elles pas trop nombreuses.<\/span><\/span><\/em><\/p>\n<p align=\"CENTER\"><em><span style=\"color: #c00000;\"><span style=\"font-size: large;\">Quel est l\u2019int\u00e9r\u00eat de cette Pullulation,<\/span><\/span><\/em><\/p>\n<p align=\"CENTER\"><em><span style=\"color: #c00000;\"><span style=\"font-size: large;\">Qu\u2019est-ce qui la Justifierait.<\/span><\/span><\/em><\/p>\n<p align=\"JUSTIFY\">\n<p align=\"JUSTIFY\">\n<p align=\"JUSTIFY\"><span style=\"font-family: 'Comic Sans MS';\"><span style=\"font-size: large;\">Heureuse initiative que d\u2019ouvrir un D\u00e9bat pour une Pension de retraite qui soit plus simple, plus claire \u00e0 \u00e9tablir, en m\u00eame temps que plus juste et aussi Universelle que possible.<\/span><\/span><\/p>\n<p align=\"JUSTIFY\">\n<p align=\"JUSTIFY\"><span style=\"font-family: 'Comic Sans MS';\"><span style=\"font-size: large;\">N\u2019est-il pas assez ahurissant que dans un Pays r\u00e9put\u00e9 de Bon Droit et aux Justes Principes comme l\u2019\u00c9galit\u00e9, la Fraternit\u00e9, la Solidarit\u00e9, il y ait de telles disparit\u00e9s dans les R\u00e9gimes de Retraite, et que tant de Concitoyens soient r\u00e9duits \u00e0 subir jusqu\u2019\u00e0 leur mort les affres d\u2019un Troisi\u00e8me \u00c2ge, sans un Sou pour survivre sans la moindre Retraite,<\/span><\/span> <em><span style=\"font-family: Arial, sans-serif;\"><span style=\"font-size: large;\">without the less retiring allowance, <\/span><\/span><\/em><span style=\"font-size: large;\">dans une D\u00e9pendance Extr\u00eame fort souvent.<\/span><\/p>\n<p align=\"JUSTIFY\">\n<p align=\"JUSTIFY\">\n<p align=\"JUSTIFY\"><strong><span style=\"font-size: large;\">Et, dans le D\u00e9bat lanc\u00e9, n\u2019est-il pas plus ahurissant encore d\u2019observer une telle orientation dans le sens de l\u2019embrouille, chacun semblant vouloir tirer \u00e0 soi le plus possible du drap envisag\u00e9 pour tous.<\/span><\/strong><\/p>\n<p align=\"JUSTIFY\">\n<p align=\"JUSTIFY\">\n<p align=\"JUSTIFY\"><span style=\"font-size: large;\">Entre une Juste Retraite et une Retraite Sp\u00e9cifique, pas un Plaideur n\u2019h\u00e9site, chacun voulant faire pr\u00e9valoir les avantages auxquels il aurait droit pour ceci, les compensations qu\u2019il m\u00e9riterait pour cela, les points qui lui seraient dus, sait-il toujours pourquoi.<\/span><\/p>\n<p align=\"JUSTIFY\">\n<p align=\"JUSTIFY\"><span style=\"font-size: large;\">Quant aux Caisses dites de S\u00e9curit\u00e9 Solidaires\u2026 elles Pullulent.<\/span><\/p>\n<p align=\"JUSTIFY\">\n<p style=\"text-align: center;\" align=\"JUSTIFY\"><img loading=\"lazy\" decoding=\"async\" class=\"alignnone size-full wp-image-14892\" title=\"F4   Je m en vais reclamer mon Indemnisation\" src=\"http:\/\/www.lecarrefourdesopinions.ca\/wp-content\/uploads\/2018\/04\/F4-Je-m-en-vais-reclamer-mon-Indemnisation.jpg\" alt=\"\" width=\"350\" height=\"447\" srcset=\"http:\/\/www.lecarrefourdesopinions.ca\/wp-content\/uploads\/2018\/04\/F4-Je-m-en-vais-reclamer-mon-Indemnisation.jpg 350w, http:\/\/www.lecarrefourdesopinions.ca\/wp-content\/uploads\/2018\/04\/F4-Je-m-en-vais-reclamer-mon-Indemnisation-234x300.jpg 234w\" sizes=\"auto, (max-width: 350px) 100vw, 350px\" \/><\/p>\n<p align=\"CENTER\"><strong><span style=\"font-size: large;\">F4\u00a0: <\/span><\/strong><em><span style=\"color: #c00000;\"><span style=\"font-size: large;\">Je m\u2019en vais r\u00e9clamer mon Indemnisation.<\/span><\/span><\/em><\/p>\n<p align=\"JUSTIFY\">\n<p align=\"JUSTIFY\">\n<p align=\"JUSTIFY\"><strong><span style=\"font-size: large;\">Chacun trouvant Juste que la Dinde toute enti\u00e8re lui soit d\u00e9volue avec \u00e9gards en plus, et les Moineaux laiss\u00e9s aux autres, les Moineaux ou Rien \u2013 pourquoi pas \u2013 \u00e0 ce partage qui \u00e9voque davantage le <\/span><\/strong><em><span style=\"font-family: Arial, sans-serif;\"><span style=\"font-size: large;\">struggle<\/span><\/span><\/em><strong> <\/strong><strong><span style=\"font-size: large;\">entre les Chiens pour un Os, que la C\u00e8ne du Christ\u2026 m\u00eame un Jour de Jeudi Saint.<\/span><\/strong><\/p>\n<p align=\"JUSTIFY\">\n<p align=\"JUSTIFY\"><span style=\"font-size: large;\">Et, comme dans toute empoignade pour la plus grosse part, combien de parts significatives peuvent \u00e9chapper aux pugilistes livr\u00e9s corps et \u00e2me \u00e0 leur rage vorace d\u2019\u00eatre les mieux lotis.<\/span><\/p>\n<p align=\"JUSTIFY\">\n<p align=\"JUSTIFY\">\n<p align=\"JUSTIFY\"><strong><span style=\"font-size: large;\">Faisons \u00e9conomie des d\u00e9tails, d\u2019autres en parleront sur-abondamment.<\/span><\/strong><\/p>\n<p align=\"JUSTIFY\">\n<p align=\"JUSTIFY\"><span style=\"font-size: large;\">T\u00e2chons de braquer le rai de notre torche sur ceux auxquels on ne pense pas ou qu\u2019on feint d\u2019ignorer.<\/span><\/p>\n<p align=\"JUSTIFY\">\n<p align=\"CENTER\"><img loading=\"lazy\" decoding=\"async\" class=\"alignnone size-large wp-image-14893\" title=\"F5   En plus de quel salaire  pour le travail de combien de Secretaires que vous avez mis par terre\" src=\"http:\/\/www.lecarrefourdesopinions.ca\/wp-content\/uploads\/2018\/04\/F5-En-plus-de-quel-salaire-pour-le-travail-de-combien-de-Secretaires-que-vous-avez-mis-par-terre-1024x697.jpg\" alt=\"\" width=\"450\" height=\"306\" srcset=\"http:\/\/www.lecarrefourdesopinions.ca\/wp-content\/uploads\/2018\/04\/F5-En-plus-de-quel-salaire-pour-le-travail-de-combien-de-Secretaires-que-vous-avez-mis-par-terre-1024x697.jpg 1024w, http:\/\/www.lecarrefourdesopinions.ca\/wp-content\/uploads\/2018\/04\/F5-En-plus-de-quel-salaire-pour-le-travail-de-combien-de-Secretaires-que-vous-avez-mis-par-terre-300x204.jpg 300w, http:\/\/www.lecarrefourdesopinions.ca\/wp-content\/uploads\/2018\/04\/F5-En-plus-de-quel-salaire-pour-le-travail-de-combien-de-Secretaires-que-vous-avez-mis-par-terre-400x272.jpg 400w, http:\/\/www.lecarrefourdesopinions.ca\/wp-content\/uploads\/2018\/04\/F5-En-plus-de-quel-salaire-pour-le-travail-de-combien-de-Secretaires-que-vous-avez-mis-par-terre.jpg 1600w\" sizes=\"auto, (max-width: 450px) 100vw, 450px\" \/><\/p>\n<p align=\"JUSTIFY\"><strong><span style=\"font-size: large;\">F5\u00a0: <\/span><\/strong><em><span style=\"color: #c00000;\"><span style=\"font-size: large;\">En plus de quel salaire, pour le travail de combien de Secr\u00e9taires que vous avez mis par terre.<\/span><\/span><\/em><\/p>\n<p align=\"JUSTIFY\">\n<p align=\"JUSTIFY\">\n<p align=\"JUSTIFY\"><strong><span style=\"font-size: large;\">Pensons donc aux Robots dans le Cadre de la Retraite par R\u00e9partition dont l\u2019\u00c9tat devrait \u00eatre le Seul et Unique Collecteur-R\u00e9partiteur,<\/span><\/strong><\/p>\n<p align=\"JUSTIFY\">\n<p align=\"JUSTIFY\"><span style=\"font-size: large;\">Un Seul Robot pouvant l\u2019en rendre Capable sans les Recours aux B\u00e9quilles Coquines que sont les Organismes Priv\u00e9s dont on connait les prouesses au vu de l\u2019argent \u00e0\u2026 Gagner en le D\u00e9tournant de sa Destination.<\/span><\/p>\n<p align=\"JUSTIFY\">\n<p align=\"JUSTIFY\">\n<p align=\"JUSTIFY\"><strong><span style=\"font-size: large;\">Alors, les Robots.<\/span><\/strong><\/p>\n<p align=\"JUSTIFY\">\n<p align=\"JUSTIFY\"><span style=\"font-size: large;\">A ce jour, quelle d\u00e9finition leur aurions-nous donn\u00e9e au regard du Travail, de l\u2019Emploi et de ce que nous pouvons en dire sur le fondement de ce que nous constatons.<\/span><\/p>\n<p align=\"JUSTIFY\">\n<p style=\"text-align: center;\" align=\"JUSTIFY\"><img loading=\"lazy\" decoding=\"async\" class=\"alignnone size-full wp-image-14894\" title=\"F6   Mieux vaut lui laisser le choix entre  La Folie  la Prison  le Trottoir ou    la Corde\" src=\"http:\/\/www.lecarrefourdesopinions.ca\/wp-content\/uploads\/2018\/04\/F6-Mieux-vaut-lui-laisser-le-choix-entre-La-Folie-la-Prison-le-Trottoir-ou-la-Corde.jpg\" alt=\"\" width=\"144\" height=\"276\" \/><\/p>\n<p align=\"CENTER\"><strong><span style=\"font-size: large;\">F6\u00a0: <\/span><\/strong><em><span style=\"color: #c00000;\"><span style=\"font-size: large;\">Mieux vaut lui laisser le choix entre<\/span><\/span><\/em><\/p>\n<p align=\"CENTER\"><em><span style=\"color: #c00000;\"><span style=\"font-size: large;\">La Folie, la Prison, le Trottoir ou\u2026 la Corde.<\/span><\/span><\/em><\/p>\n<p align=\"JUSTIFY\">\n<p align=\"JUSTIFY\">\n<p align=\"JUSTIFY\"><strong><span style=\"font-size: large;\">Le Robot ne serait-il pas.<\/span><\/strong><\/p>\n<p align=\"JUSTIFY\">\n<p align=\"JUSTIFY\"><span style=\"font-size: large;\">&#8211;<\/span><span style=\"font-size: large;\">\u00a0\u00a0\u00a0\u00a0\u00a0\u00a0\u00a0\u00a0 <\/span><span style=\"font-size: large;\">Un Employ\u00e9 Artificiel rendu possible par la Contribution P\u00e9cuniaire de Tous, en g\u00e9n\u00e9ral, par le G\u00e9nie des Chercheurs en particulier.<\/span><\/p>\n<p align=\"JUSTIFY\">\n<p align=\"JUSTIFY\"><span style=\"font-size: large;\">&#8211;<\/span><span style=\"font-size: large;\">\u00a0\u00a0\u00a0\u00a0\u00a0\u00a0\u00a0\u00a0 <\/span><span style=\"font-size: large;\">Un Employ\u00e9 privant de plus en plus de gens de leur Emploi, les ravalant par cela m\u00eame dans la mis\u00e8re mat\u00e9rielle et morale la plus noire.<\/span><\/p>\n<p>&nbsp;<\/p>\n<p align=\"CENTER\"><img loading=\"lazy\" decoding=\"async\" class=\"alignnone size-full wp-image-14895\" title=\"F7   How many of them  are laid off by this Guy\" src=\"http:\/\/www.lecarrefourdesopinions.ca\/wp-content\/uploads\/2018\/04\/F7-How-many-of-them-are-laid-off-by-this-Guy.jpg\" alt=\"\" width=\"350\" height=\"257\" srcset=\"http:\/\/www.lecarrefourdesopinions.ca\/wp-content\/uploads\/2018\/04\/F7-How-many-of-them-are-laid-off-by-this-Guy.jpg 350w, http:\/\/www.lecarrefourdesopinions.ca\/wp-content\/uploads\/2018\/04\/F7-How-many-of-them-are-laid-off-by-this-Guy-300x220.jpg 300w\" sizes=\"auto, (max-width: 350px) 100vw, 350px\" \/><\/p>\n<p align=\"CENTER\"><strong><span style=\"font-size: large;\">F7\u00a0: <\/span><\/strong><em><span style=\"color: #c00000;\"><span style=\"font-family: Arial, sans-serif;\"><span style=\"font-size: large;\">How many of them, are laid off by this Guy\u00a0? <\/span><\/span><\/span><\/em><\/p>\n<p>&nbsp;<\/p>\n<p>&nbsp;<\/p>\n<p align=\"JUSTIFY\"><span style=\"font-size: large;\">&#8211;<\/span><span style=\"font-size: large;\">\u00a0\u00a0\u00a0\u00a0\u00a0\u00a0\u00a0\u00a0 <\/span><span style=\"font-size: large;\">Un Employ\u00e9 cr\u00e9\u00e9 par la Contribution de Tous et ne profitant en d\u00e9finitive qu\u2019\u00e0 des Privil\u00e9gi\u00e9s, creusant ainsi la Cassure Sociale.<\/span><\/p>\n<p align=\"JUSTIFY\">\n<p align=\"JUSTIFY\"><span style=\"font-size: large;\">&#8211;<\/span><span style=\"font-size: large;\">\u00a0\u00a0\u00a0\u00a0\u00a0\u00a0\u00a0\u00a0 <\/span><span style=\"font-size: large;\">Un Employ\u00e9 dont on oublie qu\u2019il devrait lui aussi s\u2019acquitter de ses Cotisations Sociales \u2013 Retraite en particulier \u2013 au Prorata, tant du Nombre d\u2019Emplois que du Niveau Salarial qu\u2019il repr\u00e9sente et qu\u2019il occupe.<\/span><\/p>\n<p>&nbsp;<\/p>\n<p align=\"CENTER\"><img loading=\"lazy\" decoding=\"async\" class=\"alignnone size-large wp-image-14896\" title=\"F8   Et tu crois que \u00e7a lui suffira\" src=\"http:\/\/www.lecarrefourdesopinions.ca\/wp-content\/uploads\/2018\/04\/F8-Et-tu-crois-que-\u00e7a-lui-suffira-1024x799.jpg\" alt=\"\" width=\"450\" height=\"351\" srcset=\"http:\/\/www.lecarrefourdesopinions.ca\/wp-content\/uploads\/2018\/04\/F8-Et-tu-crois-que-\u00e7a-lui-suffira-1024x799.jpg 1024w, http:\/\/www.lecarrefourdesopinions.ca\/wp-content\/uploads\/2018\/04\/F8-Et-tu-crois-que-\u00e7a-lui-suffira-300x234.jpg 300w, http:\/\/www.lecarrefourdesopinions.ca\/wp-content\/uploads\/2018\/04\/F8-Et-tu-crois-que-\u00e7a-lui-suffira-400x312.jpg 400w, http:\/\/www.lecarrefourdesopinions.ca\/wp-content\/uploads\/2018\/04\/F8-Et-tu-crois-que-\u00e7a-lui-suffira.jpg 1590w\" sizes=\"auto, (max-width: 450px) 100vw, 450px\" \/><\/p>\n<p align=\"CENTER\"><strong><span style=\"font-size: large;\">F8\u00a0: <\/span><\/strong><em><span style=\"color: #c00000;\"><span style=\"font-size: large;\">Et tu crois que \u00e7a lui suffira\u00a0?..<\/span><\/span><\/em><\/p>\n<p align=\"JUSTIFY\">\n<p align=\"JUSTIFY\">\n<p align=\"JUSTIFY\"><strong><span style=\"font-size: large;\">Or.<\/span><\/strong><\/p>\n<p align=\"JUSTIFY\">\n<p align=\"JUSTIFY\"><span style=\"font-size: large;\">Or, si le Robot venait \u00e0 s\u2019acquitter de cette Cotisation Obligatoire pour tous les Employ\u00e9s gros et petits, en viendrions-nous \u00e0 compter sur nos arri\u00e8res-petits enfants pour que nous soit assur\u00e9e une Pension de Retraite allant en se r\u00e9tr\u00e9cissant comme une Peau de Chagrin\u2026 vou\u00e9e \u00e0 n\u2019\u00eatre plus que Virtuelle\u00a0!<\/span><\/p>\n<p align=\"JUSTIFY\">\n<p align=\"JUSTIFY\">\n<p align=\"JUSTIFY\"><strong><span style=\"font-size: large;\">Et.<\/span><\/strong><\/p>\n<p align=\"JUSTIFY\">\n<p align=\"JUSTIFY\"><span style=\"font-size: large;\">Et, si l\u2019\u00c9tat venait \u00e0 ignorer, voire \u00e0 Prohiber, tant les Retraites Compl\u00e9mentaires que les Retraites \u00ab\u00a0Particuli\u00e8res\u00a0\u00bb, pour s\u2019en tenir \u00e0 une Seule et M\u00eame Retraite pour Tous.<\/span><\/p>\n<p align=\"JUSTIFY\">\n<p align=\"JUSTIFY\">\n<p align=\"JUSTIFY\"><strong><span style=\"font-size: large;\">Et si l\u2019\u00c9tat astreignait la Caisse G\u00e9n\u00e9rale de S\u00e9curit\u00e9 Sociale (C.G.S.S.) \u00e0 sa Mission de Protection de ses Ressortissants les Plus Vuln\u00e9rables, contre les Brimades, les Avanies et les Turpitudes des \u00ab\u00a0intouchables\u00a0\u00bb.<\/span><\/strong><\/p>\n<p align=\"JUSTIFY\">\n<p align=\"JUSTIFY\"><span style=\"font-size: large;\">Aurions-nous tant de mal \u00e0 faire avec, chacun ayant comme la Fourmi \u00e9pargn\u00e9 au lieu, comme la Cigale, de chanter tout l\u2019\u00c9t\u00e9, et m\u00eame toute l\u2019Ann\u00e9e voire Toute sa Vie.<\/span><\/p>\n<p align=\"JUSTIFY\">\n<p align=\"JUSTIFY\"><span style=\"font-size: large;\">Chacun se satisfaisant de sa Juste et Honn\u00eate Part.<\/span><\/p>\n<p align=\"JUSTIFY\">\n<p style=\"text-align: center;\" align=\"JUSTIFY\"><img loading=\"lazy\" decoding=\"async\" class=\"alignnone size-full wp-image-14897\" title=\"F9   OVIDE     Nous sommes lents a croire ce qui fait mal \u00e0 croire\" src=\"http:\/\/www.lecarrefourdesopinions.ca\/wp-content\/uploads\/2018\/04\/F9-OVIDE-Nous-sommes-lents-a-croire-ce-qui-fait-mal-\u00e0-croire.png\" alt=\"\" width=\"566\" height=\"202\" srcset=\"http:\/\/www.lecarrefourdesopinions.ca\/wp-content\/uploads\/2018\/04\/F9-OVIDE-Nous-sommes-lents-a-croire-ce-qui-fait-mal-\u00e0-croire.png 566w, http:\/\/www.lecarrefourdesopinions.ca\/wp-content\/uploads\/2018\/04\/F9-OVIDE-Nous-sommes-lents-a-croire-ce-qui-fait-mal-\u00e0-croire-300x107.png 300w, http:\/\/www.lecarrefourdesopinions.ca\/wp-content\/uploads\/2018\/04\/F9-OVIDE-Nous-sommes-lents-a-croire-ce-qui-fait-mal-\u00e0-croire-400x142.png 400w\" sizes=\"auto, (max-width: 566px) 100vw, 566px\" \/><\/p>\n<p align=\"CENTER\"><strong><span style=\"font-size: large;\">F9\u00a0: <\/span><\/strong><em><span style=\"color: #943634;\"><span style=\"font-size: large;\">OVIDE,<\/span><\/span><\/em><\/p>\n<p align=\"CENTER\"><em><span style=\"color: #943634;\"><span style=\"font-size: large;\">\u00ab\u00a0<\/span><\/span><\/em><em><span style=\"color: #c00000;\"><span style=\"font-size: large;\">Nous sommes lents \u00e0 croire ce qui fait mal \u00e0 croire<\/span><\/span><\/em><em><span style=\"color: #943634;\">\u00a0<\/span><\/em><em><span style=\"color: #943634;\"><span style=\"font-size: large;\">\u00bb.<\/span><\/span><\/em><\/p>\n<p align=\"JUSTIFY\">\n<p align=\"JUSTIFY\">\n<p align=\"JUSTIFY\"><strong><span style=\"font-family: 'Comic Sans MS';\"><span style=\"font-size: large;\">En d\u00e9finitive.<\/span><\/span><\/strong><\/p>\n<p align=\"JUSTIFY\">\n<p align=\"JUSTIFY\"><span style=\"font-family: 'Comic Sans MS';\"><span style=\"font-size: large;\">Entendons-nous Renoncer \u00e0 nos Mauvaises Habitudes, ou alors ne nous acharnerions-nous pas \u00e0 les d\u00e9fendre\u2026<\/span><\/span><\/p>\n<p align=\"JUSTIFY\">\n<p align=\"CENTER\"><img loading=\"lazy\" decoding=\"async\" class=\"alignnone size-full wp-image-14898\" title=\"F10   Georges ORWELL  1903 1950\" src=\"http:\/\/www.lecarrefourdesopinions.ca\/wp-content\/uploads\/2018\/04\/F10-Georges-ORWELL-1903-1950.png\" alt=\"\" width=\"577\" height=\"405\" srcset=\"http:\/\/www.lecarrefourdesopinions.ca\/wp-content\/uploads\/2018\/04\/F10-Georges-ORWELL-1903-1950.png 577w, http:\/\/www.lecarrefourdesopinions.ca\/wp-content\/uploads\/2018\/04\/F10-Georges-ORWELL-1903-1950-300x210.png 300w, http:\/\/www.lecarrefourdesopinions.ca\/wp-content\/uploads\/2018\/04\/F10-Georges-ORWELL-1903-1950-400x280.png 400w\" sizes=\"auto, (max-width: 577px) 100vw, 577px\" \/><\/p>\n<p align=\"CENTER\"><strong><span style=\"font-size: large;\">F10\u00a0: <\/span><\/strong><em><span style=\"color: #c00000;\"><span style=\"font-size: large;\">Georges ORWELL (1903-1950).<\/span><\/span><\/em><\/p>\n<p align=\"JUSTIFY\">\n<p align=\"JUSTIFY\">\n<p align=\"JUSTIFY\"><span style=\"font-family: 'Comic Sans MS';\"><span style=\"font-size: large;\">C\u2019est l\u00e0 toute la Question que pose cette Tentative de R\u00e9forme qui interpelle le Peuple tout entier, par la plume de Georges OWELL (1903-1950), \u00e9coutons et lisons\u00a0:<\/span><\/span><\/p>\n<p align=\"JUSTIFY\">\n<p align=\"JUSTIFY\"><strong><span style=\"font-family: Cambria, serif;\"><span style=\"font-size: large;\">\u00ab\u00a0<\/span><\/span><\/strong><em><span style=\"font-family: Cambria, serif;\"><span style=\"font-size: large;\">Un Peuple qui \u00e9lit des Corrompus, des Ren\u00e9gats, des Imposteurs, des Voleurs et des Traitres, n\u2019est pas Victime\u00a0! Il est Complice.<\/span><\/span><\/em><strong><span style=\"font-family: Cambria, serif;\"><span style=\"font-size: large;\">\u00a0\u00bb<\/span><\/span><\/strong><strong>\u00a0<\/strong><\/p>\n<p align=\"JUSTIFY\">\n<p align=\"JUSTIFY\"><span style=\"font-size: large;\">\u00c9ric EG Nogard<\/span><\/p>\n<p align=\"JUSTIFY\"><em><span style=\"color: #c00000;\"><span style=\"font-size: large;\">Chroniqueur<\/span><\/span><\/em><span style=\"color: #c00000;\"><span style=\"font-size: large;\">.<\/span><\/span><\/p>\n<p align=\"JUSTIFY\"><span style=\"color: #c00000;\">\u00a0<\/span><\/p>\n<p align=\"CENTER\"><strong><span style=\"font-size: large;\">***\u00a0\u00a0\u00a0\u00a0 ***\u00a0\u00a0\u00a0\u00a0 ***<\/span><\/strong><\/p>\n<p align=\"CENTER\"><strong><span style=\"color: #ff0000;\">Ne Peut \u00eatre reproduit &#8211; m\u00eame partiellement &#8211;\u00a0 sans l\u2019autorisation de l\u2019Auteur.<\/span><\/strong><\/p>\n<p align=\"CENTER\"><strong><span style=\"font-size: large;\">***\u00a0\u00a0\u00a0\u00a0 ***\u00a0\u00a0\u00a0\u00a0 ***<\/span><\/strong><\/p>\n<p align=\"CENTER\"><strong><span style=\"color: #ff0000;\"><span style=\"font-size: large;\">Nota : <\/span><\/span><\/strong><span style=\"color: #000000;\"><span style=\"font-size: large;\">Nous ne traitons que de Faits et de Noms rendus Publics.<\/span><\/span><\/p>\n<p align=\"CENTER\"><span style=\"color: #000000;\"><span style=\"font-size: large;\">***\u00a0\u00a0\u00a0\u00a0 ***\u00a0\u00a0\u00a0\u00a0 ***<\/span><\/span><\/p>\n<p align=\"JUSTIFY\">\n<p align=\"JUSTIFY\"><strong><span style=\"text-decoration: underline;\">Liens Sugg\u00e9r\u00e9s\u00a0:<\/span><\/strong><\/p>\n<ul type=\"DISC\">\n<li>\n<p align=\"JUSTIFY\"><a href=\"http:\/\/www.etatsgenerauxdeloutremer.fr\/reflexions\">http:\/\/www.etatsgenerauxdeloutremer.fr\/reflexions<\/a><\/p>\n<\/li>\n<\/ul>\n<p align=\"CENTER\">\n<script type=\"text\/javascript\">\n\nvar addthis_config = {\"data_track_clickback\":false,\"data_track_addressbar\":false,\"data_track_textcopy\":false};\n<\/script><script type=\"text\/javascript\" src=\"\/\/s7.addthis.com\/js\/250\/addthis_widget.js#pubid=a457a6d63fb9e6ccabdde4110343bd85\"><\/script>","protected":false},"excerpt":{"rendered":"<p align=\"CENTER\"><span style=\"color: #632423;\"><span style=\"font-family: 'Comic Sans MS';\"><span style=\"font-size: large;\">Le D\u00e9bat est lanc\u00e9, pour une Juste Retraite.<\/span><\/span><\/span><\/p>\n<p align=\"JUSTIFY\"><span style=\"color: #632423;\">\u00a0<\/span><\/p>\n<p align=\"JUSTIFY\"><span style=\"color: #632423;\"><span style=\"font-family: 'Comic Sans MS';\"><span style=\"font-size: large;\">\u00ab\u00a0Une Retraite, source de Privil\u00e8ges, ne serait-elle pas une Honte, tout simplement\u2026 <\/span><\/span><\/span><span style=\"color: #632423;\"><span style=\"font-family: Arial, sans-serif;\"><span style=\"font-size: large;\">nothing else but a shame, frankly speaking<\/span><\/span><\/span><span style=\"color: #632423;\"><span style=\"font-family: 'Comic Sans MS';\"><span style=\"font-size: large;\">.<\/span><\/span><\/span><\/p>\n<p align=\"JUSTIFY\"><span style=\"color: #632423;\">\u00a0<\/span><\/p>\n<p align=\"JUSTIFY\"><span style=\"color: #632423;\"><span style=\"font-family: 'Comic Sans MS';\"><span style=\"font-size: large;\">Chacun peut s\u2019enrichir ou s\u2019appauvrir selon sa fa\u00e7on <\/span><\/span><\/span>&hellip;<\/p>\n","protected":false},"author":1,"featured_media":0,"comment_status":"open","ping_status":"open","sticky":false,"template":"","format":"standard","meta":{"footnotes":""},"categories":[1],"tags":[],"class_list":["post-14888","post","type-post","status-publish","format-standard","hentry","category-accueil"],"_links":{"self":[{"href":"http:\/\/www.lecarrefourdesopinions.ca\/index.php?rest_route=\/wp\/v2\/posts\/14888","targetHints":{"allow":["GET"]}}],"collection":[{"href":"http:\/\/www.lecarrefourdesopinions.ca\/index.php?rest_route=\/wp\/v2\/posts"}],"about":[{"href":"http:\/\/www.lecarrefourdesopinions.ca\/index.php?rest_route=\/wp\/v2\/types\/post"}],"author":[{"embeddable":true,"href":"http:\/\/www.lecarrefourdesopinions.ca\/index.php?rest_route=\/wp\/v2\/users\/1"}],"replies":[{"embeddable":true,"href":"http:\/\/www.lecarrefourdesopinions.ca\/index.php?rest_route=%2Fwp%2Fv2%2Fcomments&post=14888"}],"version-history":[{"count":1,"href":"http:\/\/www.lecarrefourdesopinions.ca\/index.php?rest_route=\/wp\/v2\/posts\/14888\/revisions"}],"predecessor-version":[{"id":14899,"href":"http:\/\/www.lecarrefourdesopinions.ca\/index.php?rest_route=\/wp\/v2\/posts\/14888\/revisions\/14899"}],"wp:attachment":[{"href":"http:\/\/www.lecarrefourdesopinions.ca\/index.php?rest_route=%2Fwp%2Fv2%2Fmedia&parent=14888"}],"wp:term":[{"taxonomy":"category","embeddable":true,"href":"http:\/\/www.lecarrefourdesopinions.ca\/index.php?rest_route=%2Fwp%2Fv2%2Fcategories&post=14888"},{"taxonomy":"post_tag","embeddable":true,"href":"http:\/\/www.lecarrefourdesopinions.ca\/index.php?rest_route=%2Fwp%2Fv2%2Ftags&post=14888"}],"curies":[{"name":"wp","href":"https:\/\/api.w.org\/{rel}","templated":true}]}}