{"id":14878,"date":"2018-04-24T09:50:31","date_gmt":"2018-04-24T13:50:31","guid":{"rendered":"http:\/\/www.lecarrefourdesopinions.ca\/?p=14878"},"modified":"2018-04-24T09:50:31","modified_gmt":"2018-04-24T13:50:31","slug":"dou-lui-viendrait-ce-mal-au-cher-ami-bebert","status":"publish","type":"post","link":"http:\/\/www.lecarrefourdesopinions.ca\/?p=14878","title":{"rendered":"D\u2019o\u00f9 lui viendrait ce mal, au cher ami \u00ab B\u00eabert \u00bb."},"content":{"rendered":"<p align=\"CENTER\"><em><span style=\"color: #632423;\"><span style=\"font-family: 'Comic Sans MS';\"><span style=\"font-size: large;\">D\u2019o\u00f9 lui viendrait ce mal, au cher ami \u00ab\u00a0B\u00eabert\u00a0\u00bb.<\/span><\/span><\/span><\/em><\/p>\n<p align=\"JUSTIFY\"><em><span style=\"color: #632423;\">\u00a0<img loading=\"lazy\" decoding=\"async\" class=\"alignnone size-full wp-image-14741\" title=\"Eric\" src=\"http:\/\/www.lecarrefourdesopinions.ca\/wp-content\/uploads\/2018\/03\/Eric1.jpg\" alt=\"\" width=\"134\" height=\"107\" \/><\/span><\/em><\/p>\n<p align=\"JUSTIFY\"><span style=\"color: #632423;\"><span style=\"font-family: 'Comic Sans MS';\"><span style=\"font-size: large;\">\u00c9ric EG Nogard<\/span><\/span><\/span><\/p>\n<p align=\"JUSTIFY\"><em><span style=\"color: #c00000;\"><span style=\"font-size: large;\">Chroniqueur<\/span><\/span><\/em><span style=\"color: #c00000;\"><span style=\"font-size: large;\">.<\/span><\/span><\/p>\n<p align=\"CENTER\">\n<p align=\"CENTER\"><span style=\"color: #632423;\"><span style=\"font-size: large;\">***\u00a0\u00a0\u00a0\u00a0 ***\u00a0\u00a0\u00a0\u00a0 ***<\/span><\/span><\/p>\n<p align=\"CENTER\"><span style=\"color: #632423;\"><span style=\"font-size: large;\">***\u00a0\u00a0\u00a0\u00a0 ***\u00a0\u00a0\u00a0\u00a0 ***<\/span><\/span><\/p>\n<p align=\"CENTER\"><span style=\"color: #632423;\">\u00a0<\/span><\/p>\n<p><em><span style=\"color: #000099;\"><span style=\"font-size: large;\">D\u2019o\u00f9 lui viendrait ce mal, au cher ami \u00ab\u00a0B\u00eabert\u00a0\u00bb.<\/span><\/span><\/em><\/p>\n<p align=\"JUSTIFY\">\n<p align=\"JUSTIFY\">\n<p align=\"CENTER\"><img loading=\"lazy\" decoding=\"async\" class=\"alignnone size-medium wp-image-14879\" title=\"F1   Bebert HAYOT      J ai mal a la Martinique\" src=\"http:\/\/www.lecarrefourdesopinions.ca\/wp-content\/uploads\/2018\/04\/F1-Bebert-HAYOT-J-ai-mal-a-la-Martinique-300x199.jpg\" alt=\"\" width=\"300\" height=\"199\" srcset=\"http:\/\/www.lecarrefourdesopinions.ca\/wp-content\/uploads\/2018\/04\/F1-Bebert-HAYOT-J-ai-mal-a-la-Martinique-300x199.jpg 300w, http:\/\/www.lecarrefourdesopinions.ca\/wp-content\/uploads\/2018\/04\/F1-Bebert-HAYOT-J-ai-mal-a-la-Martinique-400x265.jpg 400w, http:\/\/www.lecarrefourdesopinions.ca\/wp-content\/uploads\/2018\/04\/F1-Bebert-HAYOT-J-ai-mal-a-la-Martinique.jpg 1024w\" sizes=\"auto, (max-width: 300px) 100vw, 300px\" \/><\/p>\n<p align=\"CENTER\"><strong><span style=\"font-size: large;\">F1\u00a0: <\/span><\/strong><em><span style=\"color: #943634;\"><span style=\"font-size: large;\">B\u00eabert HAYOT\u00a0:<\/span><\/span><\/em><\/p>\n<p align=\"CENTER\"><em><span style=\"color: #c00000;\"><span style=\"font-size: large;\">\u00ab\u00a0J\u2019ai mal \u00e0 la Martinique&#8230;\u00a0\u00bb<\/span><\/span><\/em><\/p>\n<p align=\"CENTER\"><em><span style=\"color: #c00000;\">\u00a0<\/span><\/em><\/p>\n<p align=\"CENTER\">\n<p align=\"JUSTIFY\">\n<p align=\"JUSTIFY\"><span style=\"font-family: 'Comic Sans MS';\"><span style=\"font-size: large;\">Si grand Patron d\u2019Affaires soit-il, Milliardaire de surcro\u00eet, autant dire le Midas des Lieux, le cher ami \u00ab\u00a0B\u00eabert\u00a0\u00bb.<\/span><\/span><\/p>\n<p align=\"JUSTIFY\">\n<p align=\"JUSTIFY\"><span style=\"font-family: 'Comic Sans MS';\"><span style=\"font-size: large;\">Si grand Patron soit-il, le voil\u00e0 r\u00e9duit \u2013 malgr\u00e9 sa r\u00e9serve l\u00e9gendaire \u2013 \u00e0 jeter en p\u00e2ture, sur la Place Publique\u00a0:<\/span><\/span><\/p>\n<p align=\"JUSTIFY\">\n<p align=\"JUSTIFY\"><span style=\"font-family: 'Comic Sans MS';\"><span style=\"font-size: large;\">\u00ab\u00a0<\/span><\/span><em><span style=\"font-family: 'Comic Sans MS';\"><span style=\"font-size: large;\">J\u2019ai mal \u00e0 la Martinique.<\/span><\/span><\/em><\/p>\n<p align=\"JUSTIFY\"><em><span style=\"font-family: 'Comic Sans MS';\"><span style=\"font-size: large;\">Je trouve que la Martinique n\u2019est pas suffisamment bien g\u00e9r\u00e9e<\/span><\/span><\/em>\u00a0<span style=\"font-family: 'Comic Sans MS';\"><span style=\"font-size: large;\">\u00bb.<\/span><\/span><\/p>\n<p align=\"JUSTIFY\">\n<p align=\"JUSTIFY\"><span style=\"font-family: 'Comic Sans MS';\"><span style=\"font-size: large;\">C\u2019est du moins ce que rapporte Fran\u00e7ois COPP\u00c9E de l\u2019AFP, en un beau jour d\u2019Avril de l\u2019An 2018 de l\u2019Ere du Christianisme.<\/span><\/span><\/p>\n<p align=\"JUSTIFY\">\n<p align=\"CENTER\"><img loading=\"lazy\" decoding=\"async\" class=\"alignnone size-medium wp-image-14880\" title=\"F2    I would prefer not to     Je prefererais ne pas\" src=\"http:\/\/www.lecarrefourdesopinions.ca\/wp-content\/uploads\/2018\/04\/F2-I-would-prefer-not-to-Je-prefererais-ne-pas-300x211.jpg\" alt=\"\" width=\"300\" height=\"211\" srcset=\"http:\/\/www.lecarrefourdesopinions.ca\/wp-content\/uploads\/2018\/04\/F2-I-would-prefer-not-to-Je-prefererais-ne-pas-300x211.jpg 300w, http:\/\/www.lecarrefourdesopinions.ca\/wp-content\/uploads\/2018\/04\/F2-I-would-prefer-not-to-Je-prefererais-ne-pas-400x281.jpg 400w, http:\/\/www.lecarrefourdesopinions.ca\/wp-content\/uploads\/2018\/04\/F2-I-would-prefer-not-to-Je-prefererais-ne-pas.jpg 884w\" sizes=\"auto, (max-width: 300px) 100vw, 300px\" \/><\/p>\n<p align=\"CENTER\"><strong><span style=\"font-size: large;\">F2\u00a0: <\/span><\/strong>\u00a0<em><span style=\"font-family: Arial, sans-serif;\"><span style=\"font-size: large;\">I would prefer not to<\/span><\/span><\/em><em>\u00a0\u00a0<\/em><em><span style=\"font-family: 'Comic Sans MS';\"><span style=\"font-size: large;\">!<\/span><\/span><\/em><\/p>\n<p align=\"CENTER\"><em><span style=\"color: #c00000;\"><span style=\"font-size: large;\">Je pr\u00e9f\u00e9rerais ne pas !<\/span><\/span><\/em><\/p>\n<p align=\"JUSTIFY\">\n<p align=\"JUSTIFY\">\n<p align=\"JUSTIFY\"><span style=\"font-family: 'Comic Sans MS';\"><span style=\"font-size: large;\">Et, tout comme le pauvre Bartleby d\u2019Herman MELVILLE, l\u2019Auteur de Moby-Dick, la c\u00e9l\u00e8bre Baleine Blanche, nous aimerions tant faire entendre un \u00ab\u00a0<\/span><\/span><em><span style=\"font-family: Arial, sans-serif;\"><span style=\"font-size: large;\">I would prefer not to<\/span><\/span><\/em>\u00a0<span style=\"font-family: 'Comic Sans MS';\"><span style=\"font-size: large;\">\u00bb\u00a0! \u00e0 la tentation qui nous vient d\u2019y r\u00e9pondre, tellement les faits sont l\u00e0, tangibles, v\u00e9rifiables, grands t\u00e9moins.<\/span><\/span><\/p>\n<p align=\"JUSTIFY\">\n<p align=\"JUSTIFY\">\u00a0\u00a0\u00a0\u00a0\u00a0\u00a0\u00a0 <em><span style=\"font-family: Arial, sans-serif;\"><span style=\"font-size: large;\">I would prefer not to do, what you ask me to do.<\/span><\/span><\/em><\/p>\n<p align=\"JUSTIFY\">\u00a0\u00a0\u00a0\u00a0\u00a0\u00a0\u00a0 <em><span style=\"font-family: 'Comic Sans MS';\"><span style=\"font-size: large;\">Je pr\u00e9f\u00e9rerais ne pas faire, ce que Vous m\u2019Ordonnez.<\/span><\/span><\/em><\/p>\n<p align=\"JUSTIFY\"><em>\u00a0<\/em><\/p>\n<p align=\"JUSTIFY\"><span style=\"font-family: 'Comic Sans MS';\"><span style=\"font-size: large;\">Cependant.<\/span><\/span><\/p>\n<p align=\"JUSTIFY\">\n<p align=\"JUSTIFY\">\n<p align=\"JUSTIFY\"><strong><span style=\"font-size: large;\">Quelle Famille aurait g\u00e9r\u00e9 la Martinique, sinon depuis toujours, sinon depuis les DUBUC de la Caravelle, mais au moins depuis l\u2019\u00c9pop\u00e9e d\u2019AUB\u00c9RY, avec autant de Poigne que les HAYOT.<\/span><\/strong><\/p>\n<p align=\"JUSTIFY\">\n<p align=\"JUSTIFY\"><span style=\"font-size: large;\">Le Bruit n\u2019a-t-il pas couru que le Cr\u00e9dit Martiniquais \u00e9tait la Banque HAYOT.<\/span><\/p>\n<p align=\"JUSTIFY\">\n<p align=\"JUSTIFY\"><span style=\"font-size: large;\">D\u2019Eug\u00e8ne AUB\u00c9RY, tellement digne de Consid\u00e9ration selon les Uns dont nous sommes au \u00ab\u00a0Cri d\u2019Alarme\u00a0\u00bb, tellement d\u00e9cri\u00e9 par les Autres, comme le Parti Communiste Martiniquais dont Aim\u00e9 C\u00c9SAIRE fut un ardent militant, et demeura un incontournable pilier, malgr\u00e9 son retentissant divorce d\u2019avec Maurice THOREZ du Parti Communiste Fran\u00e7ais.<\/span><\/p>\n<p align=\"JUSTIFY\">\n<p align=\"JUSTIFY\">\n<p align=\"JUSTIFY\"><strong><span style=\"font-size: large;\">Qui ne se rappelle le Couple C\u00c9SAIRE-ALIKER, si fid\u00e8le, tellement uni.<\/span><\/strong><\/p>\n<p align=\"JUSTIFY\">\n<p align=\"CENTER\"><img loading=\"lazy\" decoding=\"async\" class=\"alignnone size-medium wp-image-14881\" title=\"F3   Le Couple CESAIRE ALIKER\" src=\"http:\/\/www.lecarrefourdesopinions.ca\/wp-content\/uploads\/2018\/04\/F3-Le-Couple-CESAIRE-ALIKER-300x225.jpg\" alt=\"\" width=\"300\" height=\"225\" srcset=\"http:\/\/www.lecarrefourdesopinions.ca\/wp-content\/uploads\/2018\/04\/F3-Le-Couple-CESAIRE-ALIKER-300x225.jpg 300w, http:\/\/www.lecarrefourdesopinions.ca\/wp-content\/uploads\/2018\/04\/F3-Le-Couple-CESAIRE-ALIKER-400x300.jpg 400w, http:\/\/www.lecarrefourdesopinions.ca\/wp-content\/uploads\/2018\/04\/F3-Le-Couple-CESAIRE-ALIKER.jpg 800w\" sizes=\"auto, (max-width: 300px) 100vw, 300px\" \/><\/p>\n<p align=\"CENTER\"><strong><span style=\"font-size: large;\">F3\u00a0: <\/span><\/strong><em><span style=\"color: #c00000;\"><span style=\"font-size: large;\">Le Couple C\u00c9SAIRE-ALIKER.<\/span><\/span><\/em><\/p>\n<p align=\"JUSTIFY\">\n<p align=\"JUSTIFY\">\n<p align=\"JUSTIFY\"><span style=\"font-size: large;\">Qui ne se rappelle l\u2019instrumentalisation de la noyade d\u2019Andr\u00e9 ALIKER farouchement reproch\u00e9e \u00e0 AUB\u00c9RY.<\/span><\/p>\n<p align=\"JUSTIFY\">\n<p align=\"JUSTIFY\"><span style=\"font-size: large;\">Et qui ignore ou ne se rappelle l\u2019emprise des HAYOT sur la Martinique enti\u00e8re, sur son \u00c9conomie, voire sur sa Culture\u2026 sur nos Politiciens\u2026 sur Aim\u00e9 C\u00c9SAIRE, ce bonhomme qui, comme l\u2019a si bien dit \u00c9douard BOULOGNE du \u00ab\u00a0Scrutateur Guadeloup\u00e9en\u00a0\u00bb, <\/span><\/p>\n<p align=\"JUSTIFY\">\n<p align=\"JUSTIFY\"><strong><span style=\"font-size: large;\"><span style=\"text-decoration: underline;\">Lien\u00a0:<\/span><\/span><\/strong> <span style=\"font-size: large;\"><a href=\"http:\/\/www.lescrutateur.com\/2018\/04\/selon-bernard-hayot-la-gestion-de-la-martinique-est-nettement-inferieure-a-celle-de-la-guadeloupe-entre-autres.pauvre-madinina.html\">http:\/\/www.lescrutateur.com\/2018\/04\/selon-bernard-hayot-la-gestion-de-la-martinique-est-nettement-inferieure-a-celle-de-la-guadeloupe-entre-autres.pauvre-madinina.html<\/a> .<\/span><\/p>\n<p align=\"JUSTIFY\">\n<p align=\"JUSTIFY\"><span style=\"font-size: large;\">Sut Convaincre \u00ab\u00a0son Peuple\u00a0\u00bb que le G\u00e9nie du Christianisme n\u2019atteignait pas la Cheville du sien.<\/span><\/p>\n<p align=\"JUSTIFY\">\n<p align=\"JUSTIFY\">\n<p align=\"JUSTIFY\"><strong><span style=\"font-size: large;\">Or, qui g\u00e9rait C\u00c9SAIRE si l\u2019on en croit la mise en terre en Grande C\u00e9r\u00e9monie du c\u00e9l\u00e8bre Coubaril chez notre ami \u00ab\u00a0B\u00eabert\u00a0\u00bb qui se plaint aujourd\u2019hui, et pourquoi\u2026 au point qu\u2019il ait \u00ab\u00a0Mal \u00e0 la Martinique\u00a0\u00bb.<\/span><\/strong><\/p>\n<p align=\"JUSTIFY\">\n<p align=\"CENTER\"><img loading=\"lazy\" decoding=\"async\" class=\"alignnone size-medium wp-image-14882\" title=\"F4   A ta pelle    mon gar\u00e7on\" src=\"http:\/\/www.lecarrefourdesopinions.ca\/wp-content\/uploads\/2018\/04\/F4-A-ta-pelle-mon-gar\u00e7on-300x273.png\" alt=\"\" width=\"300\" height=\"273\" \/><\/p>\n<p align=\"CENTER\"><strong><span style=\"font-size: large;\">F4\u00a0: <\/span><\/strong><em><span style=\"color: #c00000;\"><span style=\"font-size: large;\">A ta pelle\u2026 mon gar\u00e7on.<\/span><\/span><\/em><\/p>\n<p align=\"JUSTIFY\">\n<p align=\"JUSTIFY\">\n<p align=\"JUSTIFY\"><span style=\"font-size: large;\">Qu\u2019est-ce qui le Chiffonne au juste aujourd\u2019hui, dans la Mauvaise Gestion d\u2019une Martinique si Favorable au demeurant, \u00e0 ses propres int\u00e9r\u00eats.<\/span><\/p>\n<p align=\"JUSTIFY\">\n<p align=\"JUSTIFY\">\n<p align=\"JUSTIFY\"><strong><span style=\"font-size: large;\">Et qui \u00e9tait le Troisi\u00e8me Homme de la Mairie de Fort-de-France si l\u2019on en croit la mise en place de tant de Gens du d\u00e9funt Cr\u00e9dit Agricole Martiniquais\u2026 en Pr\u00e9vision de Quoi.<\/span><\/strong><\/p>\n<p align=\"JUSTIFY\">\n<p align=\"CENTER\"><img loading=\"lazy\" decoding=\"async\" class=\"alignnone size-full wp-image-14883\" title=\"F5   N est il pas de ces gens    celui la\" src=\"http:\/\/www.lecarrefourdesopinions.ca\/wp-content\/uploads\/2018\/04\/F5-N-est-il-pas-de-ces-gens-celui-la.jpg\" alt=\"\" width=\"147\" height=\"159\" \/><\/p>\n<p align=\"CENTER\"><strong><span style=\"font-size: large;\">F5\u00a0: <\/span><\/strong><em><span style=\"color: #c00000;\"><span style=\"font-size: large;\">N\u2019est-il pas de ces gens\u2026 celui-l\u00e0.<\/span><\/span><\/em><\/p>\n<p align=\"JUSTIFY\">\n<p align=\"JUSTIFY\">\n<p align=\"JUSTIFY\"><span style=\"font-size: large;\">Le Lynx n\u2019est-il pas comme la Taupe, pour peu qu\u2019il d\u00e9cide de ne pas voir les choses, qu\u2019en face, ou de guingois.<\/span><\/p>\n<p align=\"JUSTIFY\">\n<p align=\"JUSTIFY\">\n<p align=\"JUSTIFY\"><strong><span style=\"font-family: 'Comic Sans MS';\"><span style=\"font-size: large;\">Bref.<\/span><\/span><\/strong><\/p>\n<p align=\"JUSTIFY\">\n<p align=\"JUSTIFY\"><span style=\"font-family: 'Comic Sans MS';\"><span style=\"font-size: large;\">La Martinique fait eau et \u00ab\u00a0B\u00eabert\u00a0\u00bb le sait bien, \u00ab\u00a0B\u00eabert\u00a0\u00bb le ressent bien, tout comme il ressent ce caillou dans sa chaussure\u00a0:<\/span><\/span><\/p>\n<p align=\"JUSTIFY\">\n<p align=\"CENTER\">\u00a0<img loading=\"lazy\" decoding=\"async\" class=\"alignnone size-medium wp-image-14884\" title=\"F6   Et Qui serait ce   Troisieme Homme    Preparant le terrain dans l Attente de son Heure\" src=\"http:\/\/www.lecarrefourdesopinions.ca\/wp-content\/uploads\/2018\/04\/F6-Et-Qui-serait-ce-Troisieme-Homme-Preparant-le-terrain-dans-l-Attente-de-son-Heure-222x300.png\" alt=\"\" width=\"222\" height=\"300\" \/><\/p>\n<p align=\"CENTER\"><strong><span style=\"font-size: large;\">F6\u00a0: <\/span><\/strong><em><span style=\"color: #c00000;\"><span style=\"font-size: large;\">Et Qui serait ce \u00ab\u00a0Troisi\u00e8me Homme\u00a0\u00bb<\/span><\/span><\/em><\/p>\n<p align=\"CENTER\"><em><span style=\"color: #c00000;\"><span style=\"font-size: large;\">Pr\u00e9parant le terrain, dans l\u2019Attente de son Heure.<\/span><\/span><\/em><\/p>\n<p align=\"JUSTIFY\">\n<p align=\"JUSTIFY\">\n<p align=\"JUSTIFY\"><span style=\"font-family: 'Comic Sans MS';\"><span style=\"font-size: large;\">Le Troisi\u00e8me Homme, plus retors celui-l\u00e0, n\u2019a pas dit son dernier mot, il risque, avec sa L\u00e9gion d\u2019Honneur, sa Condamnation Correctionnelle et son Coussin Dor\u00e9, d\u2019\u00eatre le Seul et Dernier Recours de la Martinique\u2026 son Coup de Gr\u00e2ce aussi.<\/span><\/span><\/p>\n<p align=\"JUSTIFY\">\n<p align=\"JUSTIFY\"><span style=\"font-family: 'Comic Sans MS';\"><span style=\"font-size: large;\">Un Troisi\u00e8me Homme Organisant dans l\u2019Ombre la D\u00e9molition et la Ruine, pour appara\u00eetre en Sauveur d\u00e8s que viendra \u00ab\u00a0Son Heure\u00a0\u00bb.<\/span><\/span><\/p>\n<p align=\"JUSTIFY\">\n<p align=\"JUSTIFY\"><span style=\"font-size: large;\">\u00c9ric EG Nogard<\/span><\/p>\n<p align=\"JUSTIFY\"><em><span style=\"color: #c00000;\"><span style=\"font-size: large;\">Chroniqueur<\/span><\/span><\/em><span style=\"color: #c00000;\"><span style=\"font-size: large;\">.<\/span><\/span><\/p>\n<p align=\"JUSTIFY\"><span style=\"color: #c00000;\">\u00a0<\/span><\/p>\n<p align=\"JUSTIFY\"><span style=\"color: #c00000;\">\u00a0<\/span><\/p>\n<p align=\"CENTER\"><strong><span style=\"color: #632423;\"><span style=\"font-size: large;\">***\u00a0\u00a0\u00a0\u00a0 ***\u00a0\u00a0\u00a0\u00a0 ***<\/span><\/span><\/strong><\/p>\n<p align=\"CENTER\"><strong><span style=\"color: #632423;\"><span style=\"font-size: large;\">***\u00a0\u00a0\u00a0\u00a0 ***\u00a0\u00a0\u00a0\u00a0 ***<\/span><\/span><\/strong><\/p>\n<h1 align=\"JUSTIFY\"><span style=\"font-size: large;\">\u00ab\u00a0La Martinique n&rsquo;est pas suffisamment bien g\u00e9r\u00e9e, ailleurs c&rsquo;est mieux\u00a0\u00bb, estime Bernard Hayot<\/span><\/h1>\n<p align=\"JUSTIFY\"><span style=\"font-size: large;\">Bernard Hayot, le patron du plus grand groupe \u00e9conomique de Martinique, estime que \u00ab\u00a0la Martinique n&rsquo;est pas suffisamment bien g\u00e9r\u00e9e, ailleurs c&rsquo;est mieux\u00a0\u00bb, dit-il dans le cadre de la rencontre de la concertation\u00a0et du d\u00e9veloppement, mercredi dernier \u00e0 Fort-de-France.<\/span><\/p>\n<p align=\"JUSTIFY\">\n<p align=\"JUSTIFY\">\n<p align=\"JUSTIFY\"><span style=\"font-size: large;\">\u00a9 PATRICE COPPEE \/ AFP Bernard Hayot pr\u00e9sident fondateur du groupe Bernard Hayot en Martinique.<\/span><\/p>\n<ul type=\"DISC\">\n<li>\n<p align=\"JUSTIFY\"><span style=\"font-size: large;\">Martinique La 1\u00e8re<\/span><\/p>\n<\/li>\n<li>\n<p align=\"JUSTIFY\"><span style=\"font-size: large;\">Publi\u00e9 le 20\/04\/2018 \u00e0 13:33, mis \u00e0 jour le 20\/04\/2018 \u00e0 14:10<\/span><\/p>\n<\/li>\n<\/ul>\n<p align=\"JUSTIFY\"><span style=\"font-size: large;\">Yan Monplaisir, le vice-pr\u00e9sident de l&rsquo;Assembl\u00e9e de Martinique, organise r\u00e9guli\u00e8rement des rencontres th\u00e9matiques de la concertation et du d\u00e9veloppement.<\/p>\n<p>Mercredi dernier (18 avril 2018), dans les locaux de l&rsquo;ex Conseil G\u00e9n\u00e9ral \u00e0 Fort-de-France, des \u00e9lus, des cadres territoriaux, des repr\u00e9sentants de l&rsquo;\u00c9tat, des cadres des institutions financi\u00e8res et des chefs d&rsquo;entreprises \u00e9taient invit\u00e9s \u00e0 \u00e9changer autour du th\u00e8me : quelle dynamique \u00e9conomique pour la valorisation du patrimoine ?\u00a0<\/p>\n<p>En marge de ces \u00e9changes, Bernard Hayot, le patron du plus grand groupe \u00e9conomique en Martinique et bien implant\u00e9 en Outre-Mer, a fustig\u00e9 la gestion de la Martinique.<\/p>\n<p>\u00ab\u00a0<\/span><em><span style=\"font-size: large;\">J&rsquo;ai mal \u00e0 la Martinique. Je trouve que la Martinique n&rsquo;est pas suffisamment bien g\u00e9r\u00e9e. Je trouve que la Martinique n&rsquo;a pas pris conscience que dans la comp\u00e9tition\u00a0dans laquelle nous sommes, ce sont les meilleurs qui gagnent. Notre groupe est implant\u00e9 sur tout l&rsquo;Outre-mer(&#8230;) Je ne vais pas vous dire \u00e0 quelle place je mets la Martinique mais ce n&rsquo;est pas dans les premiers. L&rsquo;Outre-mer est beaucoup mieux g\u00e9r\u00e9, ailleurs. En Nouvelle Cal\u00e9donnie\u00a0c&rsquo;est mieux, \u00e0 la R\u00e9union c&rsquo;est mieux, en Guadeloupe c&rsquo;est mieux, en Guyane c&rsquo;est mieux (&#8230;) Je mets la Martinique \u00e0 \u00e9galit\u00e9 avec la Polyn\u00e9sie&#8230;et c&rsquo;est assez bas<\/span><\/em><span style=\"font-size: large;\">\u00ab\u00a0.<\/span><\/p>\n<h4 align=\"JUSTIFY\">Bernard Hayot<\/h4>\n<p align=\"JUSTIFY\"><span style=\"font-size: large;\">00:0000:48<\/span><\/p>\n<p align=\"JUSTIFY\"><span style=\"font-size: large;\"><a href=\"https:\/\/www.facebook.com\/sharer.php?u=https%3A\/\/la1ere.francetvinfo.fr\/martinique\/martinique-n-est-pas-suffisamment-bien-geree-ailleurs-c-est-mieux-estime-bernard-hayot-581117.html%23podcast_581117\" target=\"_blank\">Partager sur Facebook<\/a> <a href=\"https:\/\/twitter.com\/intent\/tweet?url=https%3A\/\/la1ere.francetvinfo.fr\/martinique\/martinique-n-est-pas-suffisamment-bien-geree-ailleurs-c-est-mieux-estime-bernard-hayot-581117.html%23podcast_581117&amp;original_referer=https%3A\/\/la1ere.francetvinfo.fr\/martinique\/martinique-n-est-pas-suffisamment-bien-geree-ailleurs-c-est-mieux-estime-bernard-hayot-581117.html&amp;text=Partagez%20le%20podcast\" target=\"_blank\">Partager sur Twitter<\/a> <a href=\"https:\/\/www.facebook.com\/dialog\/send?link=https%3A\/\/la1ere.francetvinfo.fr\/martinique\/martinique-n-est-pas-suffisamment-bien-geree-ailleurs-c-est-mieux-estime-bernard-hayot-581117.html%23podcast_581117&amp;redirect_uri=https%3A\/\/la1ere.francetvinfo.fr\/martinique\/martinique-n-est-pas-suffisamment-bien-geree-ailleurs-c-est-mieux-estime-bernard-hayot-581117.html&amp;app_id=224007767736510\" target=\"_blank\">Partager sur Messenger<\/a><\/span><\/p>\n<p align=\"JUSTIFY\"><span style=\"font-size: large;\">Ce jugement s\u00e9v\u00e8re devrait en principe provoquer quelques r\u00e9actions, d&rsquo;autant que les comparaisons entre les collectivit\u00e9s territoriales d&rsquo;Outre-mer, sont peu pertinentes compte tenu des diff\u00e9rences institutionnelles et statutaires.<\/span><\/p>\n<p align=\"JUSTIFY\"><span style=\"color: #c00000;\">\u00a0<\/span><\/p>\n<p align=\"CENTER\"><strong><span style=\"color: #632423;\"><span style=\"font-size: large;\">***\u00a0\u00a0\u00a0\u00a0 ***\u00a0\u00a0\u00a0\u00a0 ***<\/span><\/span><\/strong><\/p>\n<p align=\"CENTER\"><strong><span style=\"color: #632423;\"><span style=\"font-size: large;\">***\u00a0\u00a0\u00a0\u00a0 ***\u00a0\u00a0\u00a0\u00a0 ***<\/span><\/span><\/strong><\/p>\n<p align=\"CENTER\"><strong>\u00a0<\/strong><\/p>\n<p align=\"CENTER\"><strong><span style=\"color: #ff0000;\">Ne Peut \u00eatre reproduit &#8211; m\u00eame partiellement &#8211;\u00a0 sans l\u2019autorisation de l\u2019Auteur.<\/span><\/strong><\/p>\n<p align=\"CENTER\"><strong>\u00a0<\/strong><\/p>\n<p align=\"CENTER\"><strong><span style=\"font-size: large;\">***\u00a0\u00a0\u00a0\u00a0 ***\u00a0\u00a0\u00a0\u00a0 ***<\/span><\/strong><\/p>\n<p align=\"CENTER\">\n<p align=\"CENTER\"><strong><span style=\"color: #ff0000;\"><span style=\"font-size: large;\">Nota : <\/span><\/span><\/strong><span style=\"color: #000000;\"><span style=\"font-size: large;\">Nous ne traitons que de Faits et de Noms rendus Publics.<\/span><\/span><\/p>\n<p align=\"CENTER\"><span style=\"color: #000000;\">\u00a0<\/span><\/p>\n<p align=\"CENTER\"><span style=\"color: #000000;\"><span style=\"font-size: large;\">***\u00a0\u00a0\u00a0\u00a0 ***\u00a0\u00a0\u00a0\u00a0 ***<\/span><\/span><\/p>\n<p align=\"JUSTIFY\">\n<p align=\"JUSTIFY\"><strong><span style=\"text-decoration: underline;\">Liens Sugg\u00e9r\u00e9s\u00a0:<\/span><\/strong><\/p>\n<ul type=\"DISC\">\n<li>\n<p align=\"JUSTIFY\"><a href=\"http:\/\/www.etatsgenerauxdeloutremer.fr\/reflexions\">http:\/\/www.etatsgenerauxdeloutremer.fr\/reflexions<\/a><\/p>\n<\/li>\n<\/ul>\n<p align=\"CENTER\">\n<p>&nbsp;<\/p>\n<script type=\"text\/javascript\">\n\nvar addthis_config = {\"data_track_clickback\":false,\"data_track_addressbar\":false,\"data_track_textcopy\":false};\n<\/script><script type=\"text\/javascript\" src=\"\/\/s7.addthis.com\/js\/250\/addthis_widget.js#pubid=a457a6d63fb9e6ccabdde4110343bd85\"><\/script>","protected":false},"excerpt":{"rendered":"<p align=\"CENTER\"><span style=\"color: #632423;\"><span style=\"font-family: 'Comic Sans MS';\"><span style=\"font-size: large;\">D\u2019o\u00f9 lui viendrait ce mal, au cher ami \u00ab\u00a0B\u00eabert\u00a0\u00bb.<\/span><\/span><\/span><\/p>\n<p align=\"JUSTIFY\"><span style=\"color: #632423;\">\u00a0<\/span><\/p>\n<p align=\"JUSTIFY\"><span style=\"color: #632423;\"><span style=\"font-family: 'Comic Sans MS';\"><span style=\"font-size: large;\">\u00c9ric EG Nogard<\/span><\/span><\/span><\/p>\n<p align=\"JUSTIFY\"><span style=\"color: #c00000;\"><span style=\"font-size: large;\">Chroniqueur<\/span><\/span><span style=\"color: #c00000;\"><span style=\"font-size: large;\">.<\/span><\/span><\/p>\n<p align=\"CENTER\">\n<p align=\"CENTER\"><span style=\"color: #632423;\"><span style=\"font-size: large;\">***\u00a0\u00a0\u00a0\u00a0 ***\u00a0\u00a0\u00a0\u00a0 ***<\/span><\/span><\/p>\n<p align=\"CENTER\"><span style=\"color: #632423;\"><span style=\"font-size: large;\">***\u00a0\u00a0\u00a0\u00a0 ***\u00a0\u00a0\u00a0\u00a0 ***<\/span><\/span><\/p>\n<p align=\"CENTER\"><span style=\"color: #632423;\">\u00a0<\/span><\/p>\n<p><span style=\"color: #000099;\"><span style=\"font-size: large;\">D\u2019o\u00f9 lui viendrait ce mal, au cher ami \u00ab\u00a0B\u00eabert\u00a0\u00bb.<\/span><\/span><\/p>\n<p align=\"JUSTIFY\">\n<p align=\"JUSTIFY\">\n<p align=\"CENTER\">\n<p align=\"CENTER\"><span style=\"font-size: large;\">F1\u00a0: <\/span><span style=\"color: #943634;\"><span style=\"font-size: large;\">B\u00eabert HAYOT\u00a0<\/span><\/span>&hellip;<\/p>\n","protected":false},"author":1,"featured_media":0,"comment_status":"open","ping_status":"open","sticky":false,"template":"","format":"standard","meta":{"footnotes":""},"categories":[1],"tags":[],"class_list":["post-14878","post","type-post","status-publish","format-standard","hentry","category-accueil"],"_links":{"self":[{"href":"http:\/\/www.lecarrefourdesopinions.ca\/index.php?rest_route=\/wp\/v2\/posts\/14878","targetHints":{"allow":["GET"]}}],"collection":[{"href":"http:\/\/www.lecarrefourdesopinions.ca\/index.php?rest_route=\/wp\/v2\/posts"}],"about":[{"href":"http:\/\/www.lecarrefourdesopinions.ca\/index.php?rest_route=\/wp\/v2\/types\/post"}],"author":[{"embeddable":true,"href":"http:\/\/www.lecarrefourdesopinions.ca\/index.php?rest_route=\/wp\/v2\/users\/1"}],"replies":[{"embeddable":true,"href":"http:\/\/www.lecarrefourdesopinions.ca\/index.php?rest_route=%2Fwp%2Fv2%2Fcomments&post=14878"}],"version-history":[{"count":1,"href":"http:\/\/www.lecarrefourdesopinions.ca\/index.php?rest_route=\/wp\/v2\/posts\/14878\/revisions"}],"predecessor-version":[{"id":14885,"href":"http:\/\/www.lecarrefourdesopinions.ca\/index.php?rest_route=\/wp\/v2\/posts\/14878\/revisions\/14885"}],"wp:attachment":[{"href":"http:\/\/www.lecarrefourdesopinions.ca\/index.php?rest_route=%2Fwp%2Fv2%2Fmedia&parent=14878"}],"wp:term":[{"taxonomy":"category","embeddable":true,"href":"http:\/\/www.lecarrefourdesopinions.ca\/index.php?rest_route=%2Fwp%2Fv2%2Fcategories&post=14878"},{"taxonomy":"post_tag","embeddable":true,"href":"http:\/\/www.lecarrefourdesopinions.ca\/index.php?rest_route=%2Fwp%2Fv2%2Ftags&post=14878"}],"curies":[{"name":"wp","href":"https:\/\/api.w.org\/{rel}","templated":true}]}}