{"id":14868,"date":"2018-04-23T13:54:05","date_gmt":"2018-04-23T17:54:05","guid":{"rendered":"http:\/\/www.lecarrefourdesopinions.ca\/?p=14868"},"modified":"2018-04-23T13:54:05","modified_gmt":"2018-04-23T17:54:05","slug":"ce-pas-tant-attendu-vient-de-coree-du-nord","status":"publish","type":"post","link":"http:\/\/www.lecarrefourdesopinions.ca\/?p=14868","title":{"rendered":"Ce pas tant attendu, vient de Cor\u00e9e du Nord."},"content":{"rendered":"<p align=\"CENTER\"><span style=\"color: #632423;\">\u00a0<\/span><em><span style=\"color: #632423;\"><span style=\"font-family: 'Comic Sans MS';\"><span style=\"font-size: large;\">Ce pas tant attendu, vient de Cor\u00e9e du Nord.<\/span><\/span><\/span><\/em><\/p>\n<p align=\"JUSTIFY\"><span style=\"color: #632423;\"><img loading=\"lazy\" decoding=\"async\" class=\"alignnone size-full wp-image-14741\" title=\"Eric\" src=\"http:\/\/www.lecarrefourdesopinions.ca\/wp-content\/uploads\/2018\/03\/Eric1.jpg\" alt=\"\" width=\"134\" height=\"107\" \/>\u00a0<\/span><\/p>\n<p align=\"JUSTIFY\"><span style=\"color: #632423;\"><span style=\"font-family: 'Comic Sans MS';\"><span style=\"font-size: large;\">\u00c9ric EG Nogard<\/span><\/span><\/span><\/p>\n<p align=\"JUSTIFY\"><em><span style=\"color: #c00000;\"><span style=\"font-size: large;\">Chroniqueur<\/span><\/span><\/em><span style=\"color: #c00000;\"><span style=\"font-size: large;\">.<\/span><\/span><\/p>\n<p align=\"CENTER\">\n<p align=\"CENTER\">\n<p align=\"CENTER\"><span style=\"color: #632423;\"><span style=\"font-size: large;\">***\u00a0\u00a0\u00a0\u00a0 ***\u00a0\u00a0\u00a0\u00a0 ***<\/span><\/span><\/p>\n<p align=\"CENTER\"><span style=\"color: #632423;\"><span style=\"font-size: large;\">***\u00a0\u00a0\u00a0\u00a0 ***\u00a0 \u00a0\u00a0\u00a0***<\/span><\/span><\/p>\n<p align=\"CENTER\"><span style=\"color: #632423;\">\u00a0<\/span><\/p>\n<p>&nbsp;<\/p>\n<p align=\"JUSTIFY\"><em><span style=\"color: #000099;\"><span style=\"font-size: large;\">Ce pas tant attendu, vient de Cor\u00e9e du Nord.<\/span><\/span><\/em><\/p>\n<p align=\"JUSTIFY\">\n<p align=\"JUSTIFY\">\n<p align=\"CENTER\"><img loading=\"lazy\" decoding=\"async\" class=\"alignnone size-large wp-image-14869\" title=\"F1   Voila qu elle fait le choix de Suspendre ses Essais Nucleaires\" src=\"http:\/\/www.lecarrefourdesopinions.ca\/wp-content\/uploads\/2018\/04\/F1-Voila-qu-elle-fait-le-choix-de-Suspendre-ses-Essais-Nucleaires-1024x915.jpg\" alt=\"\" width=\"450\" height=\"402\" \/><\/p>\n<p align=\"CENTER\"><strong><span style=\"font-size: large;\">F1\u00a0: <\/span><\/strong><em><span style=\"color: #c00000;\"><span style=\"font-size: large;\">Voil\u00e0 qu\u2019elle fait le choix de Suspendre ses Essais Nucl\u00e9aires.<\/span><\/span><\/em><\/p>\n<p align=\"CENTER\">\n<p align=\"CENTER\">\n<p align=\"JUSTIFY\"><span style=\"font-family: 'Comic Sans MS';\"><span style=\"font-size: large;\">Sinon mieux, n\u00e9anmoins tout autant que ce Pas sur la Lune ce Premier Pas de Neil ARMSTRONG qui y a plant\u00e9 la Banni\u00e8re des \u00c9tats-Unis d\u2019Am\u00e9rique,<\/span><\/span><\/p>\n<p align=\"JUSTIFY\">\n<p align=\"JUSTIFY\"><span style=\"font-family: 'Comic Sans MS';\"><span style=\"font-size: large;\">Au Nom de l\u2019Humanit\u00e9 enti\u00e8re, ce f\u00fbt le 21 Juillet 1969.<\/span><\/span><\/p>\n<p align=\"JUSTIFY\">\n<p style=\"text-align: center;\" align=\"JUSTIFY\"><img loading=\"lazy\" decoding=\"async\" class=\"alignnone size-large wp-image-14870\" title=\"F2   Deeply and eternally engraved upon our mind   This First step on the Moon\" src=\"http:\/\/www.lecarrefourdesopinions.ca\/wp-content\/uploads\/2018\/04\/F2-Deeply-and-eternally-engraved-upon-our-mind-This-First-step-on-the-Moon-1024x334.jpg\" alt=\"\" width=\"450\" height=\"146\" srcset=\"http:\/\/www.lecarrefourdesopinions.ca\/wp-content\/uploads\/2018\/04\/F2-Deeply-and-eternally-engraved-upon-our-mind-This-First-step-on-the-Moon-1024x334.jpg 1024w, http:\/\/www.lecarrefourdesopinions.ca\/wp-content\/uploads\/2018\/04\/F2-Deeply-and-eternally-engraved-upon-our-mind-This-First-step-on-the-Moon-300x98.jpg 300w, http:\/\/www.lecarrefourdesopinions.ca\/wp-content\/uploads\/2018\/04\/F2-Deeply-and-eternally-engraved-upon-our-mind-This-First-step-on-the-Moon-400x130.jpg 400w, http:\/\/www.lecarrefourdesopinions.ca\/wp-content\/uploads\/2018\/04\/F2-Deeply-and-eternally-engraved-upon-our-mind-This-First-step-on-the-Moon.jpg 1236w\" sizes=\"auto, (max-width: 450px) 100vw, 450px\" \/><\/p>\n<p align=\"CENTER\"><strong><span style=\"font-size: large;\">F2\u00a0: <\/span><\/strong><em><span style=\"color: #c00000;\"><span style=\"font-family: Arial, sans-serif;\"><span style=\"font-size: large;\">Deeply and eternally engraved upon our mind,<\/span><\/span><\/span><\/em><\/p>\n<p align=\"CENTER\"><em><span style=\"color: #c00000;\"><span style=\"font-family: Arial, sans-serif;\"><span style=\"font-size: large;\">This First step on the Moon.<\/span><\/span><\/span><\/em><\/p>\n<p align=\"CENTER\"><strong>\u00a0<\/strong><\/p>\n<p align=\"JUSTIFY\">\n<p align=\"JUSTIFY\">\u00a0\u00a0\u00a0\u00a0\u00a0\u00a0\u00a0 <span style=\"font-family: 'Comic Sans MS';\"><span style=\"font-size: large;\">Se peut-il que cela sorte des M\u00e9moires.<\/span><\/span><\/p>\n<p align=\"JUSTIFY\">\u00a0\u00a0\u00a0\u00a0\u00a0\u00a0\u00a0 <span style=\"font-family: 'Comic Sans MS';\"><span style=\"font-size: large;\">En tout cas, il restera grav\u00e9 dans la n\u00f4tre,<\/span><\/span><\/p>\n<p align=\"JUSTIFY\">\n<p align=\"CENTER\"><img loading=\"lazy\" decoding=\"async\" class=\"alignnone size-full wp-image-14871\" title=\"F3   Plaque Commemorative signee par le President Richard NIXON\" src=\"http:\/\/www.lecarrefourdesopinions.ca\/wp-content\/uploads\/2018\/04\/F3-Plaque-Commemorative-signee-par-le-President-Richard-NIXON.jpg\" alt=\"\" width=\"450\" height=\"388\" \/><\/p>\n<p align=\"CENTER\"><strong><span style=\"font-size: large;\">F3\u00a0: <\/span><\/strong><em><span style=\"color: #c00000;\"><span style=\"font-size: large;\">Plaque Comm\u00e9morative sign\u00e9e par le Pr\u00e9sident Richard NIXON.<\/span><\/span><\/em><\/p>\n<p align=\"JUSTIFY\">\n<p align=\"JUSTIFY\">\n<p align=\"JUSTIFY\">\u00a0\u00a0\u00a0\u00a0\u00a0\u00a0\u00a0 <em><span style=\"font-family: Arial, sans-serif;\"><span style=\"font-size: large;\">Eternally engraved on our Memory.<\/span><\/span><\/em><\/p>\n<p align=\"JUSTIFY\"><em>\u00a0\u00a0\u00a0\u00a0\u00a0\u00a0\u00a0\u00a0 <\/em><em><span style=\"font-family: Arial, sans-serif;\"><span style=\"font-size: large;\">Deeply engraved upon our mind, this first step on the Moon<\/span><\/span><\/em><span style=\"font-family: 'Comic Sans MS';\"><span style=\"font-size: large;\">. <\/span><\/span><\/p>\n<p align=\"JUSTIFY\">\n<p align=\"JUSTIFY\">\n<p align=\"JUSTIFY\"><span style=\"font-family: 'Comic Sans MS';\"><span style=\"font-size: large;\">Sinon mieux, cependant tout autant que ce Pas de Neil ARMSTRONG, nous saluons avec admiration, gratitude et respect la D\u00e9cision du Pr\u00e9sident KIM JONG-UN de la Cor\u00e9e du Nord, en S\u00e9ance Pl\u00e9ni\u00e8re, de Suspendre \u00e0 compter de ce Samedi 21 Avril 2018, tant ses Essais de Missiles Balistiques que le Maintien en Activit\u00e9 de son Site d\u2019Essais Nucl\u00e9aires.<\/span><\/span><\/p>\n<p align=\"JUSTIFY\">\n<p align=\"JUSTIFY\"><span style=\"font-family: 'Comic Sans MS';\"><span style=\"font-size: large;\">Une Le\u00e7on de Courage venant d\u2019un Chef si Jeune et si Seul, \u00e0 tant de Pays Dominants R\u00e9unis, Unis \u00e0 leurs Chefs et se Fiant \u00e0 leur O.N.U. dont on se demande quelle en est l\u2019utilit\u00e9, tout en reconnaissant le bien-fond\u00e9 de son institution. <\/span><\/span><\/p>\n<p align=\"JUSTIFY\">\n<p align=\"CENTER\"><img loading=\"lazy\" decoding=\"async\" class=\"alignnone size-large wp-image-14872\" title=\"F4   Largage de Little Boy sur le Japon\" src=\"http:\/\/www.lecarrefourdesopinions.ca\/wp-content\/uploads\/2018\/04\/F4-Largage-de-Little-Boy-sur-le-Japon-1024x327.jpg\" alt=\"\" width=\"450\" height=\"143\" \/><\/p>\n<p align=\"CENTER\"><strong><span style=\"font-size: large;\">F4\u00a0: <\/span><\/strong><em><span style=\"color: #c00000;\"><span style=\"font-size: large;\">Largage de Little-Boy sur le Japon.<\/span><\/span><\/em><\/p>\n<p align=\"JUSTIFY\">\n<p align=\"JUSTIFY\">\n<p align=\"JUSTIFY\"><strong><span style=\"font-size: large;\">Disons que l\u2019O.N.U. s\u2019est r\u00e9v\u00e9l\u00e9e bien au dessous de ce qu\u2019on esp\u00e9rait.<\/span><\/strong><\/p>\n<p align=\"JUSTIFY\">\n<p align=\"JUSTIFY\"><span style=\"font-size: large;\">Qu\u2019a-t-elle fait de l\u2019Arme Nucl\u00e9aire qui donne des sueurs froides apr\u00e8s avoir sem\u00e9 la mort depuis bien avant le Premier Pas sur la Lune, EISENHOWER, le <\/span><em><span style=\"font-family: Arial, sans-serif;\"><span style=\"font-size: large;\">General-President<\/span><\/span><\/em> <span style=\"font-size: large;\">des USA pourrait en t\u00e9moigner s\u2019il n\u2019avait pris le train pour l\u2019au-del\u00e0. <\/span><\/p>\n<p align=\"JUSTIFY\">\n<p style=\"text-align: center;\" align=\"JUSTIFY\"><strong><img loading=\"lazy\" decoding=\"async\" class=\"alignnone size-medium wp-image-14873\" title=\"F5   Dwight David Eisenhower  1890 1969    General President of the USA\" src=\"http:\/\/www.lecarrefourdesopinions.ca\/wp-content\/uploads\/2018\/04\/F5-Dwight-David-Eisenhower-1890-1969-General-President-of-the-USA-239x300.jpg\" alt=\"\" width=\"239\" height=\"300\" srcset=\"http:\/\/www.lecarrefourdesopinions.ca\/wp-content\/uploads\/2018\/04\/F5-Dwight-David-Eisenhower-1890-1969-General-President-of-the-USA-239x300.jpg 239w, http:\/\/www.lecarrefourdesopinions.ca\/wp-content\/uploads\/2018\/04\/F5-Dwight-David-Eisenhower-1890-1969-General-President-of-the-USA-400x501.jpg 400w, http:\/\/www.lecarrefourdesopinions.ca\/wp-content\/uploads\/2018\/04\/F5-Dwight-David-Eisenhower-1890-1969-General-President-of-the-USA.jpg 800w\" sizes=\"auto, (max-width: 239px) 100vw, 239px\" \/>\u00a0<\/strong><\/p>\n<p align=\"CENTER\"><strong><span style=\"font-size: large;\">F5\u00a0: <\/span><\/strong><em><span style=\"color: #c00000;\"><span style=\"font-family: Arial, sans-serif;\"><span style=\"font-size: large;\">Dwight David Eisenhower (1890-1969),<\/span><\/span><\/span><\/em><\/p>\n<p align=\"CENTER\"><em><span style=\"color: #c00000;\"><span style=\"font-family: Arial, sans-serif;\"><span style=\"font-size: large;\">General President of the USA.<\/span><\/span><\/span><\/em><\/p>\n<p align=\"JUSTIFY\">\n<p align=\"JUSTIFY\"><strong>\u00a0<\/strong><\/p>\n<p align=\"JUSTIFY\"><strong><span style=\"font-size: large;\">Qu\u2019a-t-elle pu emp\u00eacher des Justiciers d\u00e9sireux d\u2019en d\u00e9coudre avec Bachar Al ASSAD, Pr\u00e9sident L\u00e9gitime de Syrie.<\/span><\/strong><\/p>\n<p align=\"JUSTIFY\">\n<p align=\"CENTER\"><img loading=\"lazy\" decoding=\"async\" class=\"alignnone size-medium wp-image-14874\" title=\"SYRIA-CONFLICT-FRANCE-DIPLOMACY\" src=\"http:\/\/www.lecarrefourdesopinions.ca\/wp-content\/uploads\/2018\/04\/F6-Le-President-Syrien-rend-la-Legion-d-Honneur-Attribuee-par-la-France-comme-une-vulgaire-breloque-300x168.jpg\" alt=\"\" width=\"300\" height=\"168\" srcset=\"http:\/\/www.lecarrefourdesopinions.ca\/wp-content\/uploads\/2018\/04\/F6-Le-President-Syrien-rend-la-Legion-d-Honneur-Attribuee-par-la-France-comme-une-vulgaire-breloque-300x168.jpg 300w, http:\/\/www.lecarrefourdesopinions.ca\/wp-content\/uploads\/2018\/04\/F6-Le-President-Syrien-rend-la-Legion-d-Honneur-Attribuee-par-la-France-comme-une-vulgaire-breloque-400x224.jpg 400w, http:\/\/www.lecarrefourdesopinions.ca\/wp-content\/uploads\/2018\/04\/F6-Le-President-Syrien-rend-la-Legion-d-Honneur-Attribuee-par-la-France-comme-une-vulgaire-breloque.jpg 680w\" sizes=\"auto, (max-width: 300px) 100vw, 300px\" \/><\/p>\n<p align=\"CENTER\"><strong><span style=\"font-size: large;\">F6\u00a0: <\/span><\/strong><em><span style=\"color: #c00000;\"><span style=\"font-size: large;\">Le Pr\u00e9sident Syrien rend la L\u00e9gion d\u2019Honneur<\/span><\/span><\/em><\/p>\n<p align=\"CENTER\"><em><span style=\"color: #c00000;\"><span style=\"font-size: large;\">Attribu\u00e9e par la France, comme une vulgaire breloque.<\/span><\/span><\/em><\/p>\n<p align=\"JUSTIFY\"><strong>\u00a0<\/strong><\/p>\n<p align=\"JUSTIFY\"><strong>\u00a0<\/strong><\/p>\n<p align=\"JUSTIFY\"><span style=\"font-size: large;\">A quoi donc serait-elle bon, en quoi l\u2019aurait-elle \u00e9t\u00e9 depuis sa cr\u00e9ation.<\/span><\/p>\n<p align=\"JUSTIFY\">\n<p align=\"JUSTIFY\">\n<p align=\"JUSTIFY\"><strong><span style=\"font-size: large;\">Quand en Revanche.<\/span><\/strong><\/p>\n<p align=\"JUSTIFY\">\n<p align=\"JUSTIFY\"><span style=\"font-size: large;\">Un Jeune Homme seul, donn\u00e9 pour \u00eatre la proie de tous les maux, n\u2019a eu qu\u2019un mot \u00e0 dire et voil\u00e0 que l\u2019Humanit\u00e9 peut se trouver gu\u00e9rie de sa soif enrag\u00e9e de sang, de mort, de guerre.<\/span><\/p>\n<p align=\"JUSTIFY\">\n<p align=\"JUSTIFY\"><span style=\"font-size: large;\">Ne suffirait-il pas qu\u2019on lui embo\u00eete le pas.<\/span><\/p>\n<p align=\"JUSTIFY\">\n<p align=\"JUSTIFY\"><span style=\"font-size: large;\">Peut se trouver gu\u00e9rie, car il y a encore loin de la coupe aux l\u00e8vres.<\/span><\/p>\n<p align=\"JUSTIFY\">\n<p align=\"JUSTIFY\"><span style=\"font-size: large;\">N\u2019y a-t-il pas les Experts Bonimenteurs pour pr\u00e9tendre que ce Premier Pas auquel le \u00ab\u00a0Cri d\u2019Alarme\u00a0\u00bb applaudit, ne serait pas assez significatif, sans qu\u2019ils puissent dire ce qui a \u00e9t\u00e9 fait, depuis le lacher de <\/span><em><span style=\"font-family: Arial, sans-serif;\"><span style=\"font-size: large;\">Little-Boy<\/span><\/span><\/em> <span style=\"font-size: large;\">sur le Japon. <\/span><\/p>\n<p align=\"JUSTIFY\">\n<p align=\"JUSTIFY\">\n<p align=\"JUSTIFY\"><strong><span style=\"font-size: large;\">Change-t-on les oreilles d\u2019un vieux lapin, du jour au lendemain.<\/span><\/strong><\/p>\n<p align=\"JUSTIFY\">\n<p align=\"JUSTIFY\"><span style=\"font-size: large;\">Et nos Vieux Lapins de Politiciens, sont-ils dispos\u00e9s \u00e0 entendre autre chose que ce qu\u2019ils veulent entendre, surtout de la bouche de plus jeune, de plus intelligent, de plus d\u00e9cri\u00e9, de plus d\u00e9termin\u00e9, et SEUL de surcro\u00eet, en ce temps o\u00f9 la Meute fait Loi.<\/span><\/p>\n<p align=\"JUSTIFY\">\n<p align=\"CENTER\">\u00a0<img loading=\"lazy\" decoding=\"async\" class=\"alignnone size-large wp-image-14875\" title=\"F7   Ce temps ou la Meute fait Loi\" src=\"http:\/\/www.lecarrefourdesopinions.ca\/wp-content\/uploads\/2018\/04\/F7-Ce-temps-ou-la-Meute-fait-Loi-1024x629.jpg\" alt=\"\" width=\"450\" height=\"276\" srcset=\"http:\/\/www.lecarrefourdesopinions.ca\/wp-content\/uploads\/2018\/04\/F7-Ce-temps-ou-la-Meute-fait-Loi-1024x629.jpg 1024w, http:\/\/www.lecarrefourdesopinions.ca\/wp-content\/uploads\/2018\/04\/F7-Ce-temps-ou-la-Meute-fait-Loi-300x184.jpg 300w, http:\/\/www.lecarrefourdesopinions.ca\/wp-content\/uploads\/2018\/04\/F7-Ce-temps-ou-la-Meute-fait-Loi-400x246.jpg 400w, http:\/\/www.lecarrefourdesopinions.ca\/wp-content\/uploads\/2018\/04\/F7-Ce-temps-ou-la-Meute-fait-Loi.jpg 1343w\" sizes=\"auto, (max-width: 450px) 100vw, 450px\" \/><\/p>\n<p align=\"CENTER\"><strong><span style=\"font-size: large;\">F7\u00a0: <\/span><\/strong><em><span style=\"color: #c00000;\"><span style=\"font-size: large;\">Ce temps o\u00f9 la Meute fait Loi.<\/span><\/span><\/em><\/p>\n<p align=\"JUSTIFY\">\n<p align=\"JUSTIFY\">\n<p align=\"JUSTIFY\"><strong><span style=\"font-family: 'Comic Sans MS';\"><span style=\"font-size: large;\">En tout Cas,<\/span><\/span><\/strong><\/p>\n<p align=\"JUSTIFY\">\n<p align=\"JUSTIFY\"><span style=\"font-family: 'Comic Sans MS';\"><span style=\"font-size: large;\">Honneur \u00e0 vous Monsieur KIM JONG-UN\u00a0!<\/span><\/span><\/p>\n<p align=\"JUSTIFY\">\n<p align=\"JUSTIFY\"><span style=\"font-family: 'Comic Sans MS';\"><span style=\"font-size: large;\">Qu\u2019on la suive ou pas\u2026 Vous avez Courageusement montr\u00e9 la Voie.<\/span><\/span><\/p>\n<p align=\"JUSTIFY\">\n<p align=\"JUSTIFY\"><em><span style=\"font-family: Arial, sans-serif;\"><span style=\"font-size: large;\">They are free to follow it or not\u2026 You Courageously showed the Good Way.<\/span><\/span><\/em><\/p>\n<p align=\"JUSTIFY\"><em>\u00a0<\/em><\/p>\n<p align=\"JUSTIFY\"><em><span style=\"font-family: Arial, sans-serif;\"><span style=\"font-size: large;\">The way for Peace and happiness.<\/span><\/span><\/em><\/p>\n<p align=\"JUSTIFY\"><em>\u00a0<\/em><\/p>\n<p align=\"JUSTIFY\"><em><span style=\"font-family: Arial, sans-serif;\"><span style=\"font-size: large;\">God guide You in whatever You do, President KIM JONG-UN<\/span><\/span><\/em><span style=\"font-size: large;\">.<\/span><\/p>\n<p align=\"JUSTIFY\">\n<p align=\"JUSTIFY\"><span style=\"font-size: large;\">\u00c9ric EG Nogard<\/span><\/p>\n<p align=\"JUSTIFY\"><em><span style=\"color: #c00000;\"><span style=\"font-size: large;\">Chroniqueur<\/span><\/span><\/em><span style=\"color: #c00000;\"><span style=\"font-size: large;\">.<\/span><\/span><\/p>\n<p align=\"JUSTIFY\"><span style=\"color: #c00000;\">\u00a0<\/span><\/p>\n<p align=\"CENTER\"><strong><span style=\"font-size: large;\">***\u00a0\u00a0\u00a0\u00a0 ***\u00a0\u00a0\u00a0\u00a0 ***<\/span><\/strong><\/p>\n<p align=\"CENTER\"><strong><span style=\"color: #ff0000;\">Ne Peut \u00eatre reproduit &#8211; m\u00eame partiellement &#8211;\u00a0 sans l\u2019autorisation de l\u2019Auteur.<\/span><\/strong><\/p>\n<p align=\"CENTER\"><strong>\u00a0<\/strong><\/p>\n<p align=\"CENTER\"><strong><span style=\"font-size: large;\">***\u00a0\u00a0\u00a0\u00a0 ***\u00a0\u00a0\u00a0\u00a0 ***<\/span><\/strong><\/p>\n<p align=\"CENTER\">\n<p align=\"CENTER\"><strong><span style=\"color: #ff0000;\"><span style=\"font-size: large;\">Nota : <\/span><\/span><\/strong><span style=\"color: #000000;\"><span style=\"font-size: large;\">Nous ne traitons que de Faits et de Noms rendus Publics.<\/span><\/span><\/p>\n<p align=\"CENTER\"><span style=\"color: #000000;\">\u00a0<\/span><\/p>\n<p align=\"CENTER\"><span style=\"color: #000000;\"><span style=\"font-size: large;\">***\u00a0\u00a0\u00a0\u00a0 ***\u00a0\u00a0\u00a0\u00a0 ***<\/span><\/span><\/p>\n<p align=\"JUSTIFY\">\n<p align=\"JUSTIFY\"><strong><span style=\"text-decoration: underline;\">Liens Sugg\u00e9r\u00e9s\u00a0:<\/span><\/strong><\/p>\n<ul type=\"DISC\">\n<li>\n<p align=\"JUSTIFY\"><a href=\"http:\/\/www.etatsgenerauxdeloutremer.fr\/reflexions\">http:\/\/www.etatsgenerauxdeloutremer.fr\/reflexions<\/a><\/p>\n<\/li>\n<\/ul>\n<p align=\"CENTER\">\n<script type=\"text\/javascript\">\n\nvar addthis_config = {\"data_track_clickback\":false,\"data_track_addressbar\":false,\"data_track_textcopy\":false};\n<\/script><script type=\"text\/javascript\" src=\"\/\/s7.addthis.com\/js\/250\/addthis_widget.js#pubid=a457a6d63fb9e6ccabdde4110343bd85\"><\/script>","protected":false},"excerpt":{"rendered":"<p align=\"CENTER\"><span style=\"color: #632423;\">\u00a0<\/span><span style=\"color: #632423;\"><span style=\"font-family: 'Comic Sans MS';\"><span style=\"font-size: large;\">Ce pas tant attendu, vient de Cor\u00e9e du Nord.<\/span><\/span><\/span><\/p>\n<p align=\"JUSTIFY\"><span style=\"color: #632423;\">\u00a0<\/span><\/p>\n<p align=\"JUSTIFY\"><span style=\"color: #632423;\"><span style=\"font-family: 'Comic Sans MS';\"><span style=\"font-size: large;\">\u00c9ric EG Nogard<\/span><\/span><\/span><\/p>\n<p align=\"JUSTIFY\"><span style=\"color: #c00000;\"><span style=\"font-size: large;\">Chroniqueur<\/span><\/span><span style=\"color: #c00000;\"><span style=\"font-size: large;\">.<\/span><\/span><\/p>\n<p align=\"CENTER\">\n<p align=\"CENTER\">\n<p align=\"CENTER\"><span style=\"color: #632423;\"><span style=\"font-size: large;\">***\u00a0\u00a0\u00a0\u00a0 ***\u00a0\u00a0\u00a0\u00a0 ***<\/span><\/span><\/p>\n<p align=\"CENTER\"><span style=\"color: #632423;\"><span style=\"font-size: large;\">***\u00a0\u00a0\u00a0\u00a0 ***\u00a0 \u00a0\u00a0\u00a0***<\/span><\/span><\/p>\n<p align=\"CENTER\"><span style=\"color: #632423;\">\u00a0<\/span><\/p>\n<p>&nbsp;<\/p>\n<p align=\"JUSTIFY\"><span style=\"color: #000099;\"><span style=\"font-size: large;\">Ce pas tant attendu, vient de Cor\u00e9e du Nord.<\/span><\/span><\/p>\n<p align=\"JUSTIFY\">\n<p align=\"JUSTIFY\">\n<p align=\"CENTER\">\n<p align=\"CENTER\"><span style=\"font-size: large;\">F1\u00a0: <\/span><span style=\"color: #c00000;\"><span style=\"font-size: large;\">Voil\u00e0 qu\u2019elle fait le choix <\/span><\/span>&hellip;<\/p>\n","protected":false},"author":1,"featured_media":0,"comment_status":"open","ping_status":"open","sticky":false,"template":"","format":"standard","meta":{"footnotes":""},"categories":[1],"tags":[],"class_list":["post-14868","post","type-post","status-publish","format-standard","hentry","category-accueil"],"_links":{"self":[{"href":"http:\/\/www.lecarrefourdesopinions.ca\/index.php?rest_route=\/wp\/v2\/posts\/14868","targetHints":{"allow":["GET"]}}],"collection":[{"href":"http:\/\/www.lecarrefourdesopinions.ca\/index.php?rest_route=\/wp\/v2\/posts"}],"about":[{"href":"http:\/\/www.lecarrefourdesopinions.ca\/index.php?rest_route=\/wp\/v2\/types\/post"}],"author":[{"embeddable":true,"href":"http:\/\/www.lecarrefourdesopinions.ca\/index.php?rest_route=\/wp\/v2\/users\/1"}],"replies":[{"embeddable":true,"href":"http:\/\/www.lecarrefourdesopinions.ca\/index.php?rest_route=%2Fwp%2Fv2%2Fcomments&post=14868"}],"version-history":[{"count":1,"href":"http:\/\/www.lecarrefourdesopinions.ca\/index.php?rest_route=\/wp\/v2\/posts\/14868\/revisions"}],"predecessor-version":[{"id":14876,"href":"http:\/\/www.lecarrefourdesopinions.ca\/index.php?rest_route=\/wp\/v2\/posts\/14868\/revisions\/14876"}],"wp:attachment":[{"href":"http:\/\/www.lecarrefourdesopinions.ca\/index.php?rest_route=%2Fwp%2Fv2%2Fmedia&parent=14868"}],"wp:term":[{"taxonomy":"category","embeddable":true,"href":"http:\/\/www.lecarrefourdesopinions.ca\/index.php?rest_route=%2Fwp%2Fv2%2Fcategories&post=14868"},{"taxonomy":"post_tag","embeddable":true,"href":"http:\/\/www.lecarrefourdesopinions.ca\/index.php?rest_route=%2Fwp%2Fv2%2Ftags&post=14868"}],"curies":[{"name":"wp","href":"https:\/\/api.w.org\/{rel}","templated":true}]}}