{"id":14850,"date":"2018-04-18T17:41:33","date_gmt":"2018-04-18T21:41:33","guid":{"rendered":"http:\/\/www.lecarrefourdesopinions.ca\/?p=14850"},"modified":"2018-04-18T17:41:33","modified_gmt":"2018-04-18T21:41:33","slug":"la-pudeur","status":"publish","type":"post","link":"http:\/\/www.lecarrefourdesopinions.ca\/?p=14850","title":{"rendered":"La pudeur"},"content":{"rendered":"<p style=\"text-align: center;\" lang=\"fr-CA\"><span style=\"font-family: 'Times New Roman', serif;\"><span style=\"font-size: large;\"><strong>La pudeur<\/strong><\/span><\/span><\/p>\n<p lang=\"fr-CA\">\u00a0<img loading=\"lazy\" decoding=\"async\" class=\"alignnone size-thumbnail wp-image-14811\" title=\"F4   Michel FRANKLAND Professeur  Philosophe et Ecrivain Collaborateur du Carrefour des Opinions  Quebec  Canada\" src=\"http:\/\/www.lecarrefourdesopinions.ca\/wp-content\/uploads\/2018\/04\/F4-Michel-FRANKLAND-Professeur-Philosophe-et-Ecrivain-Collaborateur-du-Carrefour-des-Opinions-Quebec-Canada-134x107.jpg\" alt=\"\" width=\"134\" height=\"107\" \/><\/p>\n<p lang=\"fr-CA\"><em><span style=\"color: #800000;\">\u00a0par Michel Frankland<\/span><\/em><\/p>\n<p lang=\"fr-CA\"><span style=\"font-family: 'Times New Roman', serif;\"><span style=\"font-size: medium;\">La pudeur est une vertu de fond. D\u2019autant plus n\u00e9cessaire que notre monde de selfies et de superficialit\u00e9s vari\u00e9es s\u2019en trouve d\u00e9pourvu.<\/span><\/span><\/p>\n<p lang=\"fr-CA\"><span style=\"font-family: 'Times New Roman', serif;\"><span style=\"font-size: medium;\">Pour bien comprendre la pudeur, proc\u00e9dons par repoussoir. Consid\u00e9rons ses contraires. D\u2019abord le trafic oral et visuel. Nous sommes bombard\u00e9s d\u2019annonces, de spectacles \u00e0 hauts cris qu\u2019on dit musicaux, de tr\u00e9pidations diverses. Nous fuyons dans le bruit et les cohortes d\u2019images. Nous fuyons les niveaux et exigences de l\u2019\u00e2me.<\/span><\/span><\/p>\n<p lang=\"fr-CA\"><span style=\"font-family: 'Times New Roman', serif;\"><span style=\"font-size: medium;\">Tellement qu\u2019il est coutumier pour plusieurs, pr\u00e8s du quart ou m\u00eame du tiers des fid\u00e8les, d\u2019arriver en retard \u00e0 la messe. Il y a plusieurs bonnes raisons pour \u00eatre en retard \u00e0 l\u2019office religieux. Il ne s\u2019agit donc pas de porter le discr\u00e9dit chez le fid\u00e8le individuel qui tarde \u00e0 passer le seuil de la porte de l\u2019\u00e9glise. Mais le fait global demeure. Plusieurs viennent \u00e0 la messe par devoir, non par besoin. Ils se pr\u00e9sentent pour ainsi dire \u00e0 reculons. \u00ab\u00a0J\u2019y vais, parce qu\u2019il le faut, mais je pr\u00e9f\u00e9rerais \u00eatre ailleurs.\u00a0\u00bb<\/span><\/span><\/p>\n<p lang=\"fr-CA\"><span style=\"font-family: 'Times New Roman', serif;\"><span style=\"font-size: medium;\">Il y a quelques ann\u00e9es, ma femme, ma fille ain\u00e9e et moi nous sommes point\u00e9s un dimanche \u00e0 une messe ukrainienne. Que de d\u00e9votion ! Pas celle des images saintes et anges joufflus. Une vraie d\u00e9votion, tellement ressour\u00e7ante car on ne la rencontre pas suffisamment dans nos lieux de culte. Ici, c\u2019\u00e9tait la communaut\u00e9 enti\u00e8re. Pi\u00e9t\u00e9, pudeur dans les c\u00e9r\u00e9monies religieuses.<\/span><\/span><\/p>\n<p lang=\"fr-CA\"><span style=\"font-family: 'Times New Roman', serif;\"><span style=\"font-size: medium;\">Un autre contraire de la pudeur r\u00e9side dans la vulgarit\u00e9. Grossi\u00e8ret\u00e9 des \u00e9l\u00e8ves envers leur prof, voire agression physique. Gags vulgaires dans les shows pour rire. Avec sacres \u00e0 l\u2019appui de faibles dr\u00f4leries. D\u2019ailleurs, Donald Trump, \u00e9lu pr\u00e9sident, par ses contradictions quotidiennes, se prom\u00e8ne d\u2019insultes tonitruantes en un contraire douteux, tel un essuie-glace qui couvrirait l\u2019ensemble des perceptions.<\/span><\/span><\/p>\n<p lang=\"fr-CA\"><a name=\"_GoBack\"><\/a><span style=\"font-family: 'Times New Roman', serif;\"><span style=\"font-size: medium;\">Enfin, un opposant tenace \u00e0 la pudeur r\u00e9side dans la fuite silencieuse dans l\u2019\u00e9cran du cellulaire-petit-ordi. Cet opium de la pens\u00e9e moderne n\u2019a que les semblants du recueillement. Il constitue une douce \u00e9vasion dans les enchev\u00eatrements des confidences, des racontars, des sites pornos et autres distractions g\u00e9n\u00e9ralement superficielles. \u00c9videmment, ce bidule ne rec\u00e8le pas que du n\u00e9gatif. Il sert \u00e0 plusieurs niveaux d\u2019utilit\u00e9s. Le fait demeure, cependant. Pour plusieurs cependant, il agit comme une drogue douce, une distraction gentille. Il se trouve par l\u00e0 \u00e0 nous \u00e9carter de nos zones plus profondes.<\/span><\/span><\/p>\n<p lang=\"fr-CA\"><span style=\"font-family: 'Times New Roman', serif;\"><span style=\"font-size: medium;\">La pudeur s\u2019associe naturellement \u00e0 la bont\u00e9 du c\u0153ur, \u00e0 la politesse. Elle ne cherche en rien \u00e0 briller. Elle rend \u00e0 l\u2019aise le groupe o\u00f9 elle se trouve. Sait \u00e9couter avec un amour discret mais une r\u00e9elle tendresse.<\/span><\/span><\/p>\n<p lang=\"fr-CA\"><span style=\"font-family: 'Times New Roman', serif;\"><span style=\"font-size: medium;\">La pudeur \u00e9mane de l\u2019\u00e2me en direct. Le respect, vertu moderne fort appr\u00e9ciable, constitue un parent de la pudeur, dont elle s\u2019approche \u00e0 t\u00e2tons sans en atteindre tout le suc spirituel.<\/span><\/span><\/p>\n<p lang=\"fr-CA\"><span style=\"font-family: 'Times New Roman', serif;\"><span style=\"font-size: medium;\">On ne peut acc\u00e9der \u00e0 la pudeur sans ressentir au fond de soi le go\u00fbt de vivre son \u00e2me.<\/span><\/span><\/p>\n<script type=\"text\/javascript\">\n\nvar addthis_config = {\"data_track_clickback\":false,\"data_track_addressbar\":false,\"data_track_textcopy\":false};\n<\/script><script type=\"text\/javascript\" src=\"\/\/s7.addthis.com\/js\/250\/addthis_widget.js#pubid=a457a6d63fb9e6ccabdde4110343bd85\"><\/script>","protected":false},"excerpt":{"rendered":"<p style=\"text-align: center;\" lang=\"fr-CA\"><span style=\"font-family: 'Times New Roman', serif;\"><span style=\"font-size: large;\">La pudeur<\/span><\/span><\/p>\n<p lang=\"fr-CA\">\u00a0<\/p>\n<p lang=\"fr-CA\"><span style=\"color: #800000;\">\u00a0par Michel Frankland<\/span><\/p>\n<p lang=\"fr-CA\"><span style=\"font-family: 'Times New Roman', serif;\"><span style=\"font-size: medium;\">La pudeur est une vertu de fond. D\u2019autant plus n\u00e9cessaire que notre monde de selfies et de superficialit\u00e9s vari\u00e9es s\u2019en trouve d\u00e9pourvu.<\/span><\/span><\/p>\n<p lang=\"fr-CA\"><span style=\"font-family: 'Times New Roman', serif;\"><span style=\"font-size: medium;\">Pour bien comprendre la pudeur, proc\u00e9dons par repoussoir. Consid\u00e9rons ses <\/span><\/span>&hellip;<\/p>\n","protected":false},"author":1,"featured_media":0,"comment_status":"open","ping_status":"open","sticky":false,"template":"","format":"standard","meta":{"footnotes":""},"categories":[1],"tags":[],"class_list":["post-14850","post","type-post","status-publish","format-standard","hentry","category-accueil"],"_links":{"self":[{"href":"http:\/\/www.lecarrefourdesopinions.ca\/index.php?rest_route=\/wp\/v2\/posts\/14850","targetHints":{"allow":["GET"]}}],"collection":[{"href":"http:\/\/www.lecarrefourdesopinions.ca\/index.php?rest_route=\/wp\/v2\/posts"}],"about":[{"href":"http:\/\/www.lecarrefourdesopinions.ca\/index.php?rest_route=\/wp\/v2\/types\/post"}],"author":[{"embeddable":true,"href":"http:\/\/www.lecarrefourdesopinions.ca\/index.php?rest_route=\/wp\/v2\/users\/1"}],"replies":[{"embeddable":true,"href":"http:\/\/www.lecarrefourdesopinions.ca\/index.php?rest_route=%2Fwp%2Fv2%2Fcomments&post=14850"}],"version-history":[{"count":1,"href":"http:\/\/www.lecarrefourdesopinions.ca\/index.php?rest_route=\/wp\/v2\/posts\/14850\/revisions"}],"predecessor-version":[{"id":14851,"href":"http:\/\/www.lecarrefourdesopinions.ca\/index.php?rest_route=\/wp\/v2\/posts\/14850\/revisions\/14851"}],"wp:attachment":[{"href":"http:\/\/www.lecarrefourdesopinions.ca\/index.php?rest_route=%2Fwp%2Fv2%2Fmedia&parent=14850"}],"wp:term":[{"taxonomy":"category","embeddable":true,"href":"http:\/\/www.lecarrefourdesopinions.ca\/index.php?rest_route=%2Fwp%2Fv2%2Fcategories&post=14850"},{"taxonomy":"post_tag","embeddable":true,"href":"http:\/\/www.lecarrefourdesopinions.ca\/index.php?rest_route=%2Fwp%2Fv2%2Ftags&post=14850"}],"curies":[{"name":"wp","href":"https:\/\/api.w.org\/{rel}","templated":true}]}}