{"id":14837,"date":"2018-04-18T09:00:13","date_gmt":"2018-04-18T13:00:13","guid":{"rendered":"http:\/\/www.lecarrefourdesopinions.ca\/?p=14837"},"modified":"2018-04-18T09:07:22","modified_gmt":"2018-04-18T13:07:22","slug":"pas-de-declaration-de-guerre-a-la-syrie","status":"publish","type":"post","link":"http:\/\/www.lecarrefourdesopinions.ca\/?p=14837","title":{"rendered":"Pas de D\u00e9claration, de Guerre \u00e0 la Syrie."},"content":{"rendered":"<p align=\"CENTER\"><em><span style=\"color: #632423;\"><span style=\"font-family: 'Comic Sans MS';\"><span style=\"font-size: large;\">Pas de D\u00e9claration, de Guerre \u00e0 la Syrie.<\/span><\/span><\/span><\/em><\/p>\n<p align=\"JUSTIFY\"><em><span style=\"color: #632423;\">\u00a0<\/span><\/em><\/p>\n<p align=\"JUSTIFY\"><span style=\"color: #632423;\"><span style=\"font-family: 'Comic Sans MS';\"><span style=\"font-size: large;\">N\u2019y-a-t-il pas h\u00e9las, des mots dont on abuse, au risque d\u2019en galvauder le sens.<\/span><\/span><\/span><\/p>\n<p align=\"JUSTIFY\"><span style=\"color: #632423;\">\u00a0<\/span><\/p>\n<p align=\"JUSTIFY\"><span style=\"color: #632423;\"><span style=\"font-family: 'Comic Sans MS';\"><span style=\"font-size: large;\">Ainsi, la SOLIDARIT\u00c9.<\/span><\/span><\/span><\/p>\n<p align=\"JUSTIFY\"><span style=\"color: #632423;\">\u00a0<\/span><\/p>\n<p align=\"JUSTIFY\"><span style=\"color: #632423;\"><span style=\"font-family: 'Comic Sans MS';\"><span style=\"font-size: large;\">Se peut-il qu\u2019on soit solidaire du meilleur ami qui soit, en ce qu\u2019il entreprend d\u2019inconsid\u00e9r\u00e9, d\u2019irr\u00e9fl\u00e9chi, de douteux ou de mal, voire de Criminel\u00a0?..\u00a0 NON.<\/span><\/span><\/span><\/p>\n<p align=\"JUSTIFY\"><span style=\"color: #632423;\">\u00a0<\/span><\/p>\n<p align=\"JUSTIFY\"><span style=\"color: #632423;\"><span style=\"font-family: 'Comic Sans MS';\"><span style=\"font-size: large;\">Selon nous, COMPLICIT\u00c9 est le mot qui convient en parreille occurrence. <\/span><\/span><\/span><\/p>\n<p align=\"JUSTIFY\"><em><span style=\"color: #632423;\">\u00a0<img loading=\"lazy\" decoding=\"async\" class=\"alignnone size-full wp-image-14741\" title=\"Eric\" src=\"http:\/\/www.lecarrefourdesopinions.ca\/wp-content\/uploads\/2018\/03\/Eric1.jpg\" alt=\"\" width=\"134\" height=\"107\" \/><\/span><\/em><\/p>\n<p align=\"JUSTIFY\"><span style=\"color: #632423;\"><span style=\"font-family: 'Comic Sans MS';\"><span style=\"font-size: large;\">\u00c9ric EG Nogard<\/span><\/span><\/span><\/p>\n<p align=\"JUSTIFY\"><em><span style=\"color: #c00000;\"><span style=\"font-size: large;\">Chroniqueur<\/span><\/span><\/em><span style=\"color: #c00000;\"><span style=\"font-size: large;\">.<\/span><\/span><\/p>\n<p align=\"CENTER\">\n<p align=\"CENTER\">\n<p align=\"CENTER\"><span style=\"color: #632423;\"><span style=\"font-size: large;\">***\u00a0\u00a0\u00a0\u00a0 ***\u00a0\u00a0\u00a0\u00a0 ***<\/span><\/span><\/p>\n<p align=\"CENTER\">\n<p><em><span style=\"color: #000099;\"><span style=\"font-size: large;\">Pas de D\u00e9claration, de Guerre \u00e0 la Syrie.<\/span><\/span><\/em><\/p>\n<p>&nbsp;<\/p>\n<p>&nbsp;<\/p>\n<p align=\"CENTER\"><img loading=\"lazy\" decoding=\"async\" class=\"alignnone size-large wp-image-14838\" title=\"F1   Cette breloque ne vaut rien depuis longtemps      A ce dur Camouflet  c est a qui de repondre    question de Preseance\" src=\"http:\/\/www.lecarrefourdesopinions.ca\/wp-content\/uploads\/2018\/04\/F1-Cette-breloque-ne-vaut-rien-depuis-longtemps-A-ce-dur-Camouflet-c-est-a-qui-de-repondre-question-de-Preseance-1024x507.jpg\" alt=\"\" width=\"450\" height=\"222\" \/><\/p>\n<p align=\"CENTER\"><strong><span style=\"font-size: large;\">F1\u00a0: <\/span><\/strong><em><span style=\"color: #c00000;\"><span style=\"font-size: large;\">Cette breloque ne vaut rien depuis longtemps\u00a0!..<\/span><\/span><\/em><\/p>\n<p align=\"CENTER\"><em><span style=\"color: #943634;\"><span style=\"font-size: large;\">A ce dur Camouflet, c\u2019est \u00e0 qui de r\u00e9pondre\u2026 question de Pr\u00e9s\u00e9ance.<\/span><\/span><\/em><\/p>\n<p align=\"JUSTIFY\">\n<p align=\"JUSTIFY\">\n<p align=\"JUSTIFY\"><span style=\"font-family: 'Comic Sans MS';\"><span style=\"font-size: large;\">Quelle raison d\u2019en douter, si c\u2019est vous qui le dites, Monsieur le Pr\u00e9sident.<\/span><\/span><\/p>\n<p align=\"JUSTIFY\">\n<p align=\"CENTER\"><span style=\"font-family: 'Comic Sans MS';\"><span style=\"font-size: large;\">\u00ab\u00a0<\/span><\/span><em><span style=\"font-family: 'Comic Sans MS';\"><span style=\"font-size: large;\">La France n\u2019a pas d\u00e9clar\u00e9 la Guerre \u00e0 la Syrie<\/span><\/span><\/em><span style=\"font-family: 'Comic Sans MS';\"><span style=\"font-size: large;\">\u00a0\u00bb.<\/span><\/span><\/p>\n<p align=\"JUSTIFY\">\n<p align=\"JUSTIFY\">\n<p align=\"JUSTIFY\"><strong><span style=\"font-size: large;\">Et \u00e0 qui le dites-vous\u00a0!..<\/span><\/strong><\/p>\n<p align=\"JUSTIFY\">\n<p align=\"CENTER\"><img loading=\"lazy\" decoding=\"async\" class=\"alignnone size-full wp-image-14839\" title=\"F2   Edwy de Mediapart\" src=\"http:\/\/www.lecarrefourdesopinions.ca\/wp-content\/uploads\/2018\/04\/F2-Edwy-de-Mediapart.jpg\" alt=\"\" width=\"1000\" height=\"750\" \/><\/p>\n<p align=\"CENTER\"><strong><span style=\"font-size: large;\">F2\u00a0: <\/span><\/strong><em><span style=\"color: #c00000;\"><span style=\"font-size: large;\">Edwy de M\u00e9diapart.<\/span><\/span><\/em><\/p>\n<p align=\"CENTER\">\n<p align=\"JUSTIFY\">\n<p align=\"JUSTIFY\"><span style=\"font-size: large;\">A Edwy de M\u00e9diapart ou \u00e0 qui veut l\u2019entendre ainsi, car il se pourrait qu\u2019on l\u2019entende d\u2019une autre oreille\u00a0!..<\/span><\/p>\n<p align=\"JUSTIFY\">\n<p align=\"JUSTIFY\">\n<p align=\"JUSTIFY\"><strong><span style=\"font-size: large;\">Et comment donc.<\/span><\/strong><\/p>\n<p align=\"JUSTIFY\">\n<p align=\"JUSTIFY\"><span style=\"font-size: large;\">Un l\u00e2cher de plus de Cent Bombes sur la tronche de qui vous a (ou ne vous aurait) rien fait qui puisse le justifier. <\/span><\/p>\n<p align=\"JUSTIFY\">\n<p align=\"JUSTIFY\">\n<p align=\"JUSTIFY\"><strong><span style=\"font-size: large;\">N\u2019est-ce pas l\u00e0, en soi, une D\u00e9claration de Guerre, si ce n\u2019est un \u00c9tat de Guerre pour parler net et clair.<\/span><\/strong><\/p>\n<p align=\"JUSTIFY\">\n<p align=\"JUSTIFY\"><span style=\"font-size: large;\">Nous voil\u00e0 donc en Guerre, m\u00eame si l\u2019attaqu\u00e9 est demeur\u00e9 jusqu\u2019ici sans riposte.<\/span><\/p>\n<p align=\"JUSTIFY\">\n<p align=\"JUSTIFY\"><span style=\"font-size: large;\">N\u00e9anmoins, la Riposte pourrait vous surprendre dans votre conviction d\u2019avoir agi, non pas comme un Justicier de Western, mais Conform\u00e9ment au Bon droit, ce qui ne semble pas \u00eatre \u00e9vident malgr\u00e9 votre ferme conviction \u00ab\u00a0affich\u00e9e\u00a0\u00bb. <\/span><\/p>\n<p align=\"CENTER\">\n<p align=\"JUSTIFY\">\n<p align=\"JUSTIFY\"><strong><span style=\"font-size: large;\">La Riposte ne vient-elle pas \u00e0 l\u2019instant qui convient le mieux \u00e0 l\u2019Agress\u00e9, pour peu qu\u2019il tienne encore debout\u2026 et il l\u2019est\u00a0!<\/span><\/strong><\/p>\n<p align=\"JUSTIFY\">\n<p align=\"JUSTIFY\"><span style=\"font-size: large;\">A l\u2019instant qui lui convient le mieux, l\u00e0 o\u00f9 il peut, comme bon lui semble, et cela de Plein droit, et cela de bonne Guerre.<\/span><\/p>\n<p align=\"JUSTIFY\">\n<p align=\"JUSTIFY\"><span style=\"font-size: large;\">Comme sur le Pr\u00e9, n\u2019avez-vous pas tir\u00e9, et le Premier, Monsieur le Pr\u00e9sident.<\/span><\/p>\n<p align=\"JUSTIFY\">\n<p align=\"CENTER\"><img loading=\"lazy\" decoding=\"async\" class=\"alignnone size-medium wp-image-14846\" title=\"F3   Ares  Themis et Hades       A la guerre comme a la guerre\" src=\"http:\/\/www.lecarrefourdesopinions.ca\/wp-content\/uploads\/2018\/04\/F3-Ares-Themis-et-Hades-A-la-guerre-comme-a-la-guerre1-300x193.jpg\" alt=\"\" width=\"300\" height=\"193\" \/><\/p>\n<p align=\"CENTER\"><strong><span style=\"font-size: large;\">F3\u00a0: <\/span><\/strong><em><span style=\"color: #943634;\"><span style=\"font-size: large;\">Ar\u00e8s, Th\u00e9mis et Had\u00e8s\u00a0:<\/span><\/span><\/em><\/p>\n<p align=\"CENTER\"><em><span style=\"color: #c00000;\"><span style=\"font-size: large;\">\u00ab\u00a0A la guerre comme \u00e0 la guerre\u00a0\u00bb\u00a0!<\/span><\/span><\/em><\/p>\n<p align=\"JUSTIFY\">\n<p align=\"JUSTIFY\">\n<p align=\"JUSTIFY\"><strong><span style=\"font-size: large;\">Et paieront qui paieront, Ar\u00e8s tenant en ceci de Th\u00e9mis, qu\u2019il lui arrive bien souvent de se bander les yeux pour frapper, \u00e0 l\u2019aveuglette, ce qui fait dire au grand bonheur d\u2019Had\u00e8s \u00ab\u00a0<\/span><\/strong><em><span style=\"font-size: large;\">A la Guerre, comme \u00e0 la Guerre<\/span><\/em><strong><span style=\"font-size: large;\">\u00a0\u00bb\u00a0!<\/span><\/strong><\/p>\n<p align=\"JUSTIFY\">\n<p align=\"JUSTIFY\"><span style=\"font-size: large;\">Et paiera qui paiera, Monsieur ESTROSY d\u00e9signant d\u00e9j\u00e0 les sans emploi, semble-t-il\u2026 si notre \u00e9coute de France-Inter ne nous a abus\u00e9.<\/span><\/p>\n<p align=\"JUSTIFY\">\n<p align=\"JUSTIFY\"><span style=\"font-size: large;\">Vu aussi qu\u2019\u00e0 la Guerre, ne succombent gu\u00e8re ceux qui l\u2019ont cherch\u00e9e.<\/span><\/p>\n<p align=\"JUSTIFY\">\n<p align=\"JUSTIFY\">\n<p align=\"JUSTIFY\"><strong><span style=\"font-size: large;\">Peut-\u00eatre est-ce le pourquoi de ce qu\u2019elle se rie de ceux qui disent \u00ab\u00a0<\/span><\/strong><em><span style=\"font-size: large;\">Jamais plus \u00c7a\u00a0<\/span><\/em><strong><span style=\"font-size: large;\">\u00bb\u2026 toujours elle revient comme une Mal\u00e9diction.<\/span><\/strong><\/p>\n<p align=\"JUSTIFY\">\n<p align=\"JUSTIFY\"><span style=\"font-size: large;\">Toujours elle reviendra, jusqu\u2019au jour o\u00f9 un Sacr\u00e9 P\u00e9tard hors Prohibition comme le sont jusqu\u2019ici la vente d\u2019armes de guerre et autres Engins de Mort, en rien moins Condamnables que Lance-flammes et Napalm de douloureuse M\u00e9moire.<\/span><\/p>\n<p align=\"JUSTIFY\">\n<p align=\"JUSTIFY\">\n<p align=\"JUSTIFY\"><strong><span style=\"font-family: 'Comic Sans MS';\"><span style=\"font-size: large;\">Jusqu\u2019au jour o\u00f9 un Sacr\u00e9 P\u00e9tard, pas prohib\u00e9 du tout, l\u2019O.N.U. en est T\u00e9moin, nous fera entrer comme un pal, par o\u00f9 chacun sait, et pour de bon ce coup l\u00e0, ce que les Tenants du Pouvoir ne veulent pas comprendre.<\/span><\/span><\/strong><\/p>\n<p align=\"JUSTIFY\">\n<p align=\"CENTER\"><img loading=\"lazy\" decoding=\"async\" class=\"alignnone size-medium wp-image-14847\" title=\"F4      comme un pal  par ou chacun sait\" src=\"http:\/\/www.lecarrefourdesopinions.ca\/wp-content\/uploads\/2018\/04\/F4-comme-un-pal-par-ou-chacun-sait1-300x195.jpg\" alt=\"\" width=\"300\" height=\"195\" \/><\/p>\n<p align=\"CENTER\"><strong><span style=\"font-size: large;\">F4\u00a0: <\/span><\/strong><strong><span style=\"color: #c00000;\"><span style=\"font-size: large;\">\u2026<\/span><\/span><\/strong><em><span style=\"color: #c00000;\"><span style=\"font-size: large;\">comme un pal, par o\u00f9 chacun sait.<\/span><\/span><\/em><\/p>\n<p align=\"JUSTIFY\">\n<p align=\"JUSTIFY\">\n<p align=\"JUSTIFY\"><span style=\"font-family: 'Comic Sans MS';\"><span style=\"font-size: large;\">Qu\u2019ils arr\u00eatent de jouer aux <\/span><\/span><em><span style=\"font-family: Arial, sans-serif;\"><span style=\"font-size: large;\">Miles Gloriosus<\/span><\/span><\/em> <span style=\"font-family: 'Comic Sans MS';\"><span style=\"font-size: large;\">selon Plaute quand ils ne sont peut-\u00eatre que des Soldats de Plomb.<\/span><\/span><\/p>\n<p align=\"JUSTIFY\">\n<p align=\"CENTER\"><img loading=\"lazy\" decoding=\"async\" class=\"alignnone size-medium wp-image-14848\" title=\"F5   La Colombe de Paix par Picasso  10 Mai 1962\" src=\"http:\/\/www.lecarrefourdesopinions.ca\/wp-content\/uploads\/2018\/04\/F5-La-Colombe-de-Paix-par-Picasso-10-Mai-19621-300x234.png\" alt=\"\" width=\"300\" height=\"234\" \/><\/p>\n<p align=\"CENTER\"><strong><span style=\"font-size: large;\">F5\u00a0: <\/span><\/strong><em><span style=\"color: #c00000;\"><span style=\"font-size: large;\">La Colombe de Paix par Picasso, 10 Mai 1962.<\/span><\/span><\/em><\/p>\n<p align=\"JUSTIFY\">\n<p align=\"JUSTIFY\">\n<p align=\"JUSTIFY\"><span style=\"font-family: 'Comic Sans MS';\"><span style=\"font-size: large;\">Et surtout, que la France cesse de jouer la Colombe de Paix car il se pourrait que lui tombent dessus et Marius et Sylla, son <\/span><\/span><em><span style=\"font-family: Arial, sans-serif;\"><span style=\"font-size: large;\">Pompedius Silo <\/span><\/span><\/em><span style=\"font-family: 'Comic Sans MS';\"><span style=\"font-size: large;\">ne faisant pas le poids.<\/span><\/span><\/p>\n<p align=\"JUSTIFY\">\n<p align=\"JUSTIFY\"><span style=\"font-size: large;\">\u00c9ric EG Nogard<\/span><\/p>\n<p align=\"JUSTIFY\"><em><span style=\"color: #c00000;\"><span style=\"font-size: large;\">Chroniqueur<\/span><\/span><\/em><span style=\"color: #c00000;\"><span style=\"font-size: large;\">.<\/span><\/span><\/p>\n<p align=\"JUSTIFY\"><span style=\"color: #c00000;\">\u00a0<\/span><\/p>\n<p align=\"CENTER\"><strong><span style=\"font-size: large;\">***\u00a0\u00a0\u00a0\u00a0 ***\u00a0\u00a0\u00a0\u00a0 ***<\/span><\/strong><\/p>\n<p align=\"CENTER\"><strong><span style=\"color: #ff0000;\">Ne Peut \u00eatre reproduit &#8211; m\u00eame partiellement &#8211;\u00a0 sans l\u2019autorisation de l\u2019Auteur.<\/span><\/strong><\/p>\n<p align=\"CENTER\"><strong>\u00a0<\/strong><\/p>\n<p align=\"CENTER\"><strong><span style=\"font-size: large;\">***\u00a0\u00a0\u00a0\u00a0 ***\u00a0\u00a0\u00a0\u00a0 ***<\/span><\/strong><\/p>\n<p align=\"CENTER\"><strong><span style=\"color: #ff0000;\"><span style=\"font-size: large;\">Nota : <\/span><\/span><\/strong><span style=\"color: #000000;\"><span style=\"font-size: large;\">Nous ne traitons que de Faits et de Noms rendus Publics.<\/span><\/span><\/p>\n<p align=\"CENTER\"><span style=\"color: #000000;\">\u00a0<\/span><\/p>\n<p align=\"CENTER\"><span style=\"color: #000000;\"><span style=\"font-size: large;\">***\u00a0\u00a0\u00a0\u00a0 ***\u00a0\u00a0\u00a0\u00a0 ***<\/span><\/span><\/p>\n<p align=\"JUSTIFY\">\n<p align=\"JUSTIFY\"><strong><span style=\"text-decoration: underline;\">Liens Sugg\u00e9r\u00e9s\u00a0:<\/span><\/strong><\/p>\n<ul type=\"DISC\">\n<li>\n<p align=\"JUSTIFY\"><a href=\"http:\/\/www.etatsgenerauxdeloutremer.fr\/reflexions\">http:\/\/www.etatsgenerauxdeloutremer.fr\/reflexions<\/a><\/p>\n<\/li>\n<\/ul>\n<p align=\"CENTER\"><strong><span style=\"color: #ff0000;\">\u00a0<\/span><\/strong><\/p>\n<p align=\"CENTER\">\n<script type=\"text\/javascript\">\n\nvar addthis_config = {\"data_track_clickback\":false,\"data_track_addressbar\":false,\"data_track_textcopy\":false};\n<\/script><script type=\"text\/javascript\" src=\"\/\/s7.addthis.com\/js\/250\/addthis_widget.js#pubid=a457a6d63fb9e6ccabdde4110343bd85\"><\/script>","protected":false},"excerpt":{"rendered":"<p align=\"CENTER\"><span style=\"color: #632423;\"><span style=\"font-family: 'Comic Sans MS';\"><span style=\"font-size: large;\">Pas de D\u00e9claration, de Guerre \u00e0 la Syrie.<\/span><\/span><\/span><\/p>\n<p align=\"JUSTIFY\"><span style=\"color: #632423;\">\u00a0<\/span><\/p>\n<p align=\"JUSTIFY\"><span style=\"color: #632423;\"><span style=\"font-family: 'Comic Sans MS';\"><span style=\"font-size: large;\">N\u2019y-a-t-il pas h\u00e9las, des mots dont on abuse, au risque d\u2019en galvauder le sens.<\/span><\/span><\/span><\/p>\n<p align=\"JUSTIFY\"><span style=\"color: #632423;\">\u00a0<\/span><\/p>\n<p align=\"JUSTIFY\"><span style=\"color: #632423;\"><span style=\"font-family: 'Comic Sans MS';\"><span style=\"font-size: large;\">Ainsi, la SOLIDARIT\u00c9.<\/span><\/span><\/span><\/p>\n<p align=\"JUSTIFY\"><span style=\"color: #632423;\">\u00a0<\/span><\/p>\n<p align=\"JUSTIFY\"><span style=\"color: #632423;\"><span style=\"font-family: 'Comic Sans MS';\"><span style=\"font-size: large;\">Se peut-il qu\u2019on soit solidaire du meilleur ami qui soit, en ce <\/span><\/span><\/span>&hellip;<\/p>\n","protected":false},"author":1,"featured_media":0,"comment_status":"open","ping_status":"open","sticky":false,"template":"","format":"standard","meta":{"footnotes":""},"categories":[1],"tags":[],"class_list":["post-14837","post","type-post","status-publish","format-standard","hentry","category-accueil"],"_links":{"self":[{"href":"http:\/\/www.lecarrefourdesopinions.ca\/index.php?rest_route=\/wp\/v2\/posts\/14837","targetHints":{"allow":["GET"]}}],"collection":[{"href":"http:\/\/www.lecarrefourdesopinions.ca\/index.php?rest_route=\/wp\/v2\/posts"}],"about":[{"href":"http:\/\/www.lecarrefourdesopinions.ca\/index.php?rest_route=\/wp\/v2\/types\/post"}],"author":[{"embeddable":true,"href":"http:\/\/www.lecarrefourdesopinions.ca\/index.php?rest_route=\/wp\/v2\/users\/1"}],"replies":[{"embeddable":true,"href":"http:\/\/www.lecarrefourdesopinions.ca\/index.php?rest_route=%2Fwp%2Fv2%2Fcomments&post=14837"}],"version-history":[{"count":3,"href":"http:\/\/www.lecarrefourdesopinions.ca\/index.php?rest_route=\/wp\/v2\/posts\/14837\/revisions"}],"predecessor-version":[{"id":14845,"href":"http:\/\/www.lecarrefourdesopinions.ca\/index.php?rest_route=\/wp\/v2\/posts\/14837\/revisions\/14845"}],"wp:attachment":[{"href":"http:\/\/www.lecarrefourdesopinions.ca\/index.php?rest_route=%2Fwp%2Fv2%2Fmedia&parent=14837"}],"wp:term":[{"taxonomy":"category","embeddable":true,"href":"http:\/\/www.lecarrefourdesopinions.ca\/index.php?rest_route=%2Fwp%2Fv2%2Fcategories&post=14837"},{"taxonomy":"post_tag","embeddable":true,"href":"http:\/\/www.lecarrefourdesopinions.ca\/index.php?rest_route=%2Fwp%2Fv2%2Ftags&post=14837"}],"curies":[{"name":"wp","href":"https:\/\/api.w.org\/{rel}","templated":true}]}}