{"id":14832,"date":"2018-04-17T14:32:37","date_gmt":"2018-04-17T18:32:37","guid":{"rendered":"http:\/\/www.lecarrefourdesopinions.ca\/?p=14832"},"modified":"2018-04-17T14:32:37","modified_gmt":"2018-04-17T18:32:37","slug":"nest-ce-pas-une-injure-faite-a-lo-n-u","status":"publish","type":"post","link":"http:\/\/www.lecarrefourdesopinions.ca\/?p=14832","title":{"rendered":"N\u2019est-ce pas une INJURE, faite \u00e0 l\u2019O.N.U."},"content":{"rendered":"<p align=\"CENTER\"><em><span style=\"color: #632423;\"><span style=\"font-family: 'Comic Sans MS';\"><span style=\"font-size: large;\">N\u2019est-ce pas une INJURE, faite \u00e0 l\u2019O.N.U.<\/span><\/span><\/span><\/em><\/p>\n<p align=\"JUSTIFY\"><em><span style=\"color: #632423;\">\u00a0<\/span><\/em><\/p>\n<p align=\"JUSTIFY\"><span style=\"color: #632423;\"><span style=\"font-family: 'Comic Sans MS';\"><span style=\"font-size: large;\">S\u2019ils venaient \u00e0 leur tomber sur le bout du bec,<\/span><\/span><\/span><\/p>\n<p align=\"JUSTIFY\"><span style=\"color: #632423;\">\u00a0<\/span><\/p>\n<p align=\"JUSTIFY\"><span style=\"color: #632423;\"><span style=\"font-family: 'Comic Sans MS';\"><span style=\"font-size: large;\">Que r\u00e9torqueraient \u00e0 ces chefs d\u2019accusation nos \u00c9minences<\/span><\/span><\/span><\/p>\n<p align=\"JUSTIFY\"><span style=\"color: #632423;\">\u00a0<\/span><\/p>\n<p align=\"JUSTIFY\"><em><span style=\"color: #632423;\"><span style=\"font-family: Arial, sans-serif;\"><span style=\"font-size: large;\">Gentlemen and lady<\/span><\/span><\/span><\/em><span style=\"color: #632423;\"><span style=\"font-family: 'Comic Sans MS';\"><span style=\"font-size: large;\">Donald, Emmanuel et Th\u00e9r\u00e9sa.<\/span><\/span><\/span><\/p>\n<p align=\"JUSTIFY\"><span style=\"color: #632423;\">\u00a0<\/span><\/p>\n<p align=\"JUSTIFY\"><span style=\"color: #632423;\"><span style=\"font-family: 'Comic Sans MS';\"><span style=\"font-size: large;\">Que r\u00e9torqueraient-ils <\/span><\/span><\/span><em><span style=\"color: #632423;\"><span style=\"font-family: Arial, sans-serif;\"><span style=\"font-size: large;\">Bona Fide<\/span><\/span><\/span><\/em><span style=\"color: #632423;\">\u00a0\u00a0 <\/span><span style=\"color: #632423;\"><span style=\"font-family: 'Comic Sans MS';\"><span style=\"font-size: large;\">aux chefs de\u00a0:<\/span><\/span><\/span><\/p>\n<p align=\"JUSTIFY\"><span style=\"color: #632423;\">\u00a0<\/span><\/p>\n<p align=\"JUSTIFY\"><span style=\"color: #632423;\"><span style=\"font-family: Symbol;\"><span style=\"font-size: large;\">\u00b7<\/span><\/span><\/span><span style=\"color: #632423;\"><span style=\"font-family: Symbol;\"><span style=\"font-size: large;\">\u00a0\u00a0\u00a0\u00a0\u00a0\u00a0\u00a0 <\/span><\/span><\/span><em><span style=\"color: #632423;\"><span style=\"font-family: Arial, sans-serif;\"><span style=\"font-size: large;\">Violation of a Sovereign State by launching blows against it without Warning.<\/span><\/span><\/span><\/em><\/p>\n<p align=\"JUSTIFY\"><span style=\"color: #632423;\">\u00a0<\/span><\/p>\n<p align=\"JUSTIFY\"><span style=\"color: #632423;\"><span style=\"font-family: Symbol;\"><span style=\"font-size: large;\">\u00b7<\/span><\/span><\/span><span style=\"color: #632423;\"><span style=\"font-family: Symbol;\"><span style=\"font-size: large;\">\u00a0\u00a0\u00a0\u00a0\u00a0\u00a0\u00a0 <\/span><\/span><\/span><em><span style=\"color: #632423;\"><span style=\"font-family: Arial, sans-serif;\"><span style=\"font-size: large;\">Bombardment and bonfire made to get rid of its Head of State they have in over hostility.<\/span><\/span><\/span><\/em><\/p>\n<p><em><span style=\"color: #632423;\">\u00a0<\/span><\/em><\/p>\n<p align=\"JUSTIFY\"><span style=\"color: #632423;\"><span style=\"font-family: Symbol;\"><span style=\"font-size: large;\">\u00b7<\/span><\/span><\/span><span style=\"color: #632423;\"><span style=\"font-family: Symbol;\"><span style=\"font-size: large;\">\u00a0\u00a0\u00a0\u00a0\u00a0\u00a0\u00a0 <\/span><\/span><\/span><em><span style=\"color: #632423;\"><span style=\"font-family: Arial, sans-serif;\"><span style=\"font-size: large;\">Deny of the United Organisation Union by striking attack on their own.<\/span><\/span><\/span><\/em><\/p>\n<p><em><span style=\"color: #632423;\">\u00a0<\/span><\/em><\/p>\n<p align=\"JUSTIFY\"><span style=\"color: #632423;\"><span style=\"font-family: Symbol;\"><span style=\"font-size: large;\">\u00b7<\/span><\/span><\/span><span style=\"color: #632423;\"><span style=\"font-family: Symbol;\"><span style=\"font-size: large;\">\u00a0\u00a0\u00a0\u00a0\u00a0\u00a0\u00a0 <\/span><\/span><\/span><em><span style=\"color: #632423;\"><span style=\"font-family: Arial, sans-serif;\"><span style=\"font-size: large;\">Disavow of the burden of proof principle.<\/span><\/span><\/span><\/em><\/p>\n<p><em><span style=\"color: #632423;\">\u00a0<\/span><\/em><\/p>\n<p align=\"JUSTIFY\"><span style=\"color: #632423;\"><span style=\"font-family: Symbol;\"><span style=\"font-size: large;\">\u00b7<\/span><\/span><\/span><span style=\"color: #632423;\"><span style=\"font-family: Symbol;\"><span style=\"font-size: large;\">\u00a0\u00a0\u00a0\u00a0\u00a0\u00a0\u00a0 <\/span><\/span><\/span><em><span style=\"color: #632423;\"><span style=\"font-family: Arial, sans-serif;\"><span style=\"font-size: large;\">Priggishness from their Wrong doing.<\/span><\/span><\/span><\/em><\/p>\n<p><em><span style=\"color: #632423;\">\u00a0<\/span><\/em><\/p>\n<p align=\"JUSTIFY\"><em><span style=\"color: #632423;\"><span style=\"font-family: Arial, sans-serif;\"><span style=\"font-size: large;\">And first of all, Jeopardizing of the whole Human Kind and the Planet either.<\/span><\/span><\/span><\/em><\/p>\n<p align=\"JUSTIFY\"><em><span style=\"color: #632423;\">\u00a0<\/span><\/em><\/p>\n<p align=\"JUSTIFY\"><span style=\"color: #632423;\"><span style=\"font-family: 'Comic Sans MS';\"><span style=\"font-size: large;\">Et s\u2019ils \u00e9taient convaincus de leurs torts, comment r\u00e9pareraient-ils leurs M\u00e9faits.<\/span><\/span><\/span><\/p>\n<p align=\"JUSTIFY\"><span style=\"color: #632423;\">\u00a0<\/span><\/p>\n<p align=\"JUSTIFY\"><span style=\"color: #632423;\"><span style=\"font-family: 'Comic Sans MS';\"><span style=\"font-size: large;\">Est-ce par recours \u00e0 une R\u00e9union de cette O.N.U., objet de leur <\/span><\/span><\/span><em><span style=\"color: #632423;\"><span style=\"font-family: Arial, sans-serif;\"><span style=\"font-size: large;\">overleaping<\/span><\/span><\/span><\/em><span style=\"color: #632423;\"><span style=\"font-family: 'Comic Sans MS';\"><span style=\"font-size: large;\">.<\/span><\/span><\/span><\/p>\n<p align=\"JUSTIFY\"><span style=\"color: #632423;\">\u00a0<\/span><\/p>\n<p align=\"JUSTIFY\"><span style=\"color: #632423;\"><span style=\"font-family: 'Comic Sans MS';\"><span style=\"font-size: large;\">Dans quel Monde sommes-nous.<\/span><\/span><\/span><\/p>\n<p align=\"JUSTIFY\"><em><span style=\"color: #632423;\">\u00a0<img loading=\"lazy\" decoding=\"async\" class=\"alignnone size-full wp-image-14741\" title=\"Eric\" src=\"http:\/\/www.lecarrefourdesopinions.ca\/wp-content\/uploads\/2018\/03\/Eric1.jpg\" alt=\"\" width=\"134\" height=\"107\" \/><\/span><\/em><\/p>\n<p align=\"JUSTIFY\"><span style=\"color: #632423;\"><span style=\"font-family: 'Comic Sans MS';\"><span style=\"font-size: large;\">\u00c9ric EG Nogard<\/span><\/span><\/span><\/p>\n<p align=\"JUSTIFY\"><em><span style=\"color: #c00000;\"><span style=\"font-size: large;\">Chroniqueur<\/span><\/span><\/em><span style=\"color: #c00000;\"><span style=\"font-size: large;\">.<\/span><\/span><\/p>\n<p align=\"CENTER\">\n<p align=\"CENTER\">\n<p align=\"CENTER\"><span style=\"color: #632423;\"><span style=\"font-size: large;\">***\u00a0\u00a0\u00a0\u00a0 ***\u00a0\u00a0\u00a0\u00a0 ***<\/span><\/span><\/p>\n<p align=\"CENTER\">\n<p><em><span style=\"color: #000099;\">\u00a0<\/span><\/em><\/p>\n<p align=\"JUSTIFY\"><em><span style=\"color: #000099;\"><span style=\"font-size: large;\">N\u2019est-ce pas une INJURE, faite \u00e0 l\u2019O.N.U.<\/span><\/span><\/em><\/p>\n<p align=\"JUSTIFY\">\n<p align=\"JUSTIFY\">\n<p align=\"CENTER\"><img loading=\"lazy\" decoding=\"async\" class=\"alignnone size-large wp-image-14833\" title=\"F1   And lets dive in reflexion\" src=\"http:\/\/www.lecarrefourdesopinions.ca\/wp-content\/uploads\/2018\/04\/F1-And-lets-dive-in-reflexion-1024x697.jpg\" alt=\"\" width=\"450\" height=\"306\" \/><\/p>\n<p align=\"CENTER\"><strong><span style=\"font-size: large;\">F1\u00a0: <\/span><\/strong><em><span style=\"color: #c00000;\"><span style=\"font-family: Arial, sans-serif;\"><span style=\"font-size: large;\">And lets dive in reflexion.<\/span><\/span><\/span><\/em><\/p>\n<p align=\"JUSTIFY\">\n<p align=\"JUSTIFY\">\n<p align=\"JUSTIFY\"><span style=\"font-family: 'Comic Sans MS';\"><span style=\"font-size: large;\">Bombarder un Pays Souverain avec qui on n\u2019est pas en Guerre et sans s\u2019\u00eatre assur\u00e9 de l\u2019Autorisation pr\u00e9alable de l\u2019O.N.U.<\/span><\/span><\/p>\n<p align=\"JUSTIFY\">\n<p align=\"JUSTIFY\"><span style=\"font-family: 'Comic Sans MS';\"><span style=\"font-size: large;\">Une Organisation des Nations Unies dont on est Membre et dont, par cons\u00e9quent, on doit respecter les Statuts, sauf \u00e0 les d\u00e9noncer de fa\u00e7on Circonstanci\u00e9e ou en avoir pr\u00e9alablement D\u00e9missionn\u00e9.<\/span><\/span><\/p>\n<p align=\"JUSTIFY\">\n<p align=\"JUSTIFY\"><span style=\"font-family: 'Comic Sans MS';\"><span style=\"font-size: large;\">Ou alors, s\u2019il est possible d\u2019en transgresser l\u2019Autorit\u00e9 comme c\u2019est le cas des Trois Nations qui viennent d\u2019agresser la Syrie \u2013 \u00e0 juste titre ou pas, la question n\u2019est pas l\u00e0 \u2013 de leur propre initiative, \u00e0 quoi sert l\u2019O.N.U.<\/span><\/span><\/p>\n<p align=\"JUSTIFY\">\n<p align=\"CENTER\"><img loading=\"lazy\" decoding=\"async\" class=\"alignnone size-large wp-image-14834\" title=\"F2   Testimonies that compel to dive in a deep reflexion   Please find them afterwards\" src=\"http:\/\/www.lecarrefourdesopinions.ca\/wp-content\/uploads\/2018\/04\/F2-Testimonies-that-compel-to-dive-in-a-deep-reflexion-Please-find-them-afterwards-1024x490.jpg\" alt=\"\" width=\"450\" height=\"215\" \/><\/p>\n<p align=\"CENTER\"><strong><span style=\"font-size: large;\">F2\u00a0: <\/span><\/strong><em><span style=\"color: #c00000;\"><span style=\"font-family: Arial, sans-serif;\"><span style=\"font-size: large;\">Testimonies that compel to dive in a deep reflexion!<\/span><\/span><\/span><\/em><\/p>\n<p align=\"CENTER\"><em><span style=\"color: #943634;\"><span style=\"font-family: Arial, sans-serif;\"><span style=\"font-size: large;\">Please, find them afterwards.<\/span><\/span><\/span><\/em><\/p>\n<p align=\"JUSTIFY\">\n<p align=\"JUSTIFY\">\n<p align=\"JUSTIFY\"><strong><span style=\"font-size: large;\">Et si, toute affaire cessante l\u2019O.N.U. ne se r\u00e9unissait d\u2019urgence pour r\u00e9clamer des explications sur un semblable manque de <\/span><\/strong><em><span style=\"font-family: Arial, sans-serif;\"><span style=\"font-size: large;\">Fair Play <\/span><\/span><\/em><strong><span style=\"font-size: large;\">\u00e0 valeur de D\u00c9NI de son existence quelle serait son Sens et sa Valeur.<\/span><\/strong><\/p>\n<p align=\"JUSTIFY\">\n<p align=\"JUSTIFY\"><span style=\"font-size: large;\">A moins d\u2019un R\u00e8glement Concevable et Acceptable de pareil OUTRAGE, l\u2019O.N.U. ne devrait-elle pas s\u2019auto-dissoudre sans d\u00e9lai.<\/span><\/p>\n<p align=\"JUSTIFY\">\n<p align=\"JUSTIFY\">\n<p align=\"JUSTIFY\"><strong><span style=\"font-size: large;\">Si humble soit-on, pour peu qu\u2019on soit concern\u00e9 <\/span><\/strong><em><span style=\"font-family: Arial, sans-serif;\"><span style=\"font-size: large;\">by such an engagement on War-path that foretells nothing good but the disdain for union and peace that lead to more trouble<\/span><\/span><\/em><strong><span style=\"font-size: large;\">, on doit \u00e9mettre des reserves sur ce Bombardement concert\u00e9 d\u2019un Pays Souverain.<\/span><\/strong><\/p>\n<p align=\"JUSTIFY\">\n<p align=\"JUSTIFY\"><span style=\"font-size: large;\">Peut-\u00eatre y avait-il mieux \u00e0 faire chez soi, comme balayer devant sa propre porte ou entre ses propres murs, ce qui n\u2019est pas toujours commode.<\/span><\/p>\n<p align=\"JUSTIFY\">\n<p align=\"JUSTIFY\">\n<p align=\"JUSTIFY\"><strong><span style=\"font-size: large;\">S\u2019inscrire pour des querelles extra-muros quand tant de dissensions couvent chez-soi, sur le point d\u2019un violent embrasement. <\/span><\/strong><\/p>\n<p align=\"JUSTIFY\">\n<p align=\"JUSTIFY\"><span style=\"font-size: large;\">S\u2019inscrire pour des querelles en dehors de chez-soi, comme si on avait soif qu\u2019elles s\u2019invitent chez-soi.<\/span><\/p>\n<p align=\"JUSTIFY\">\n<p align=\"JUSTIFY\">\n<p align=\"JUSTIFY\"><strong><span style=\"font-size: large;\">Oublions-nous qu\u2019\u00e0 trop tirer la queue du Diable on peut le r\u00e9veiller de son sommeil et faire de notre existence un Enfer\u2026 un Enfer \u00e0 nous qui r\u00e9p\u00e9tons, est-ce sans y penser\u00a0:<\/span><\/strong><\/p>\n<p align=\"JUSTIFY\">\n<p style=\"text-align: center;\" align=\"JUSTIFY\">\u00a0<img loading=\"lazy\" decoding=\"async\" class=\"alignnone size-large wp-image-14835\" title=\"F3   Plus Jamais \u00c7a       Plus de Cent bombes sur la Syrie par amour pour ASSAD\" src=\"http:\/\/www.lecarrefourdesopinions.ca\/wp-content\/uploads\/2018\/04\/F3-Plus-Jamais-\u00c7a-Plus-de-Cent-bombes-sur-la-Syrie-par-amour-pour-ASSAD-1024x416.jpg\" alt=\"\" width=\"450\" height=\"182\" \/><\/p>\n<p align=\"CENTER\"><strong><span style=\"font-size: large;\">F3\u00a0: <\/span><\/strong><em><span style=\"color: #943634;\"><span style=\"font-family: Cambria, serif;\"><span style=\"font-size: large;\">PlusJamais \u00c7a\u00a0?..<\/span><\/span><\/span><\/em><span style=\"color: #c00000;\">\u00a0<\/span><\/p>\n<p align=\"CENTER\"><em><span style=\"color: #c00000;\"><span style=\"font-family: Cambria, serif;\"><span style=\"font-size: large;\">Plus de Cent bombes sur la Syrie par amour pour ASSAD\u00a0!..<\/span><\/span><\/span><\/em><\/p>\n<p align=\"JUSTIFY\"><strong>\u00a0<\/strong><\/p>\n<p align=\"JUSTIFY\"><strong>\u00a0<\/strong><\/p>\n<p align=\"CENTER\"><span style=\"font-size: large;\">\u00ab\u00a0<\/span><em><span style=\"font-family: Cambria, serif;\"><span style=\"font-size: large;\">Jamais plus \u00c7a<\/span><\/span><\/em>\u00a0<span style=\"font-size: large;\">\u00bb.<\/span><\/p>\n<p align=\"JUSTIFY\">\n<p align=\"JUSTIFY\">\n<p align=\"JUSTIFY\"><span style=\"font-size: large;\">Nous en co\u00fbterait-il tant que cela de suivre l\u2019exemple de tous ces Pays qui choisissent la Paix, quitte \u00e0 passer pour \u00eatre de second ordre, de tierce condition.<\/span><\/p>\n<p align=\"JUSTIFY\">\n<p align=\"JUSTIFY\">\n<p align=\"JUSTIFY\"><strong><span style=\"font-family: 'Comic Sans MS';\"><span style=\"font-size: large;\">Toujours est-il que nos entorses \u00e0 la Paix dans le Monde nous r\u00e9clament tous nos efforts pour r\u00e9parer nos amiti\u00e9s malmen\u00e9es au plus haut point, en esp\u00e9rant qu\u2019elles ne sont pas perdues \u00e0 tout jamais\u2026 Comme le baiser d\u2019Amour.<\/span><\/span><\/strong><\/p>\n<p align=\"JUSTIFY\">\n<p align=\"JUSTIFY\"><span style=\"font-family: 'Comic Sans MS';\"><span style=\"font-size: large;\">Souhaitons donc <\/span><\/span><em><span style=\"font-family: Arial, sans-serif;\"><span style=\"font-size: large;\">without any more demur<\/span><\/span><\/em><span style=\"font-family: 'Comic Sans MS';\"><span style=\"font-size: large;\">, que les choses s\u2019arrangent et pr\u00eatons le meilleur de nous-m\u00eame \u00e0 ce qu\u2019elles s\u2019arrangent\u2026 enfin.<\/span><\/span><\/p>\n<p align=\"JUSTIFY\">\n<p align=\"CENTER\"><strong><span style=\"font-family: Cambria, serif;\"><span style=\"font-size: large;\">Nous y avons tout \u00e0 gagner.<\/span><\/span><\/strong><\/p>\n<p align=\"JUSTIFY\">\n<p align=\"JUSTIFY\"><span style=\"font-size: large;\">\u00c9ric EG Nogard<\/span><\/p>\n<p align=\"JUSTIFY\"><em><span style=\"color: #c00000;\"><span style=\"font-size: large;\">Chroniqueur<\/span><\/span><\/em><span style=\"color: #c00000;\"><span style=\"font-size: large;\">.<\/span><\/span><\/p>\n<p align=\"JUSTIFY\"><span style=\"color: #c00000;\">\u00a0<\/span><\/p>\n<p align=\"JUSTIFY\"><span style=\"color: #c00000;\">\u00a0<\/span><\/p>\n<p align=\"CENTER\"><strong><span style=\"color: #632423;\"><span style=\"font-size: large;\">***\u00a0\u00a0\u00a0\u00a0 ***\u00a0\u00a0\u00a0\u00a0 ***<\/span><\/span><\/strong><\/p>\n<p align=\"JUSTIFY\"><span style=\"color: #c00000;\">\u00a0<\/span><\/p>\n<p align=\"JUSTIFY\"><span style=\"color: #c00000;\">\u00a0<\/span><\/p>\n<table width=\"622\" border=\"0\" cellspacing=\"0\" cellpadding=\"0\">\n<colgroup>\n<col width=\"49\" \/>\n<col width=\"561\" \/>\n<col width=\"12\" \/> <\/colgroup>\n<tbody>\n<tr>\n<td width=\"49\">\n<p align=\"JUSTIFY\"><strong><span style=\"font-size: large;\">de <\/span><\/strong><\/p>\n<\/td>\n<td width=\"561\">\n<p align=\"JUSTIFY\"><span style=\"font-size: large;\">\u00ab\u00a0Jacques MYARD\u00a0\u00bb &lt;jmyard@club-internet.fr&gt; <\/span><\/p>\n<\/td>\n<td rowspan=\"3\" width=\"12\">\n<p>&nbsp;<\/p>\n<\/td>\n<\/tr>\n<tr>\n<td width=\"49\">\n<p align=\"JUSTIFY\"><strong><span style=\"font-size: large;\">\u00e0 <\/span><\/strong><\/p>\n<\/td>\n<td width=\"561\">\n<p align=\"JUSTIFY\"><span style=\"font-size: large;\">\u00ab\u00a0Courrier\u00a0\u00bb &lt;eric.nogard@orange.fr&gt; <\/span><\/p>\n<\/td>\n<\/tr>\n<tr>\n<td width=\"49\">\n<p align=\"JUSTIFY\"><strong><span style=\"font-size: large;\">date <\/span><\/strong><\/p>\n<\/td>\n<td width=\"561\">\n<p align=\"JUSTIFY\"><span style=\"font-size: large;\">13\/04\/18 16:44<\/span><\/p>\n<\/td>\n<\/tr>\n<tr>\n<td width=\"49\">\n<p align=\"JUSTIFY\"><strong><span style=\"font-size: large;\">objet <\/span><\/strong><\/p>\n<\/td>\n<td colspan=\"2\" width=\"573\">\n<p align=\"JUSTIFY\"><span style=\"font-size: large;\">Message : \u00a0Entretien \u00e0 la BBC de l&rsquo;ancien ambassadeur britannique en Syrie<\/span><\/p>\n<\/td>\n<\/tr>\n<\/tbody>\n<\/table>\n<p align=\"JUSTIFY\">\n<table width=\"8\" border=\"0\" cellspacing=\"0\" cellpadding=\"0\">\n<colgroup>\n<col width=\"8\" \/> <\/colgroup>\n<tbody>\n<tr>\n<td width=\"8\">\n<p>&nbsp;<\/p>\n<\/td>\n<\/tr>\n<\/tbody>\n<\/table>\n<p align=\"JUSTIFY\">\n<table width=\"665\" border=\"0\" cellspacing=\"0\" cellpadding=\"0\">\n<colgroup>\n<col width=\"665\" \/> <\/colgroup>\n<tbody>\n<tr>\n<td width=\"665\">\n<table width=\"100%\" border=\"0\" cellspacing=\"0\" cellpadding=\"0\">\n<colgroup>\n<col width=\"256*\" \/> <\/colgroup>\n<tbody>\n<tr>\n<td width=\"100%\">\n<p align=\"JUSTIFY\">\n<p align=\"JUSTIFY\"><strong><span style=\"color: #000000;\"><span style=\"font-family: Arial, sans-serif;\"><span style=\"font-size: large;\">MESSAGE <\/span><\/span><\/span><\/strong><\/p>\n<p align=\"JUSTIFY\"><strong><span style=\"color: #000000;\"><span style=\"font-family: Arial, sans-serif;\"><span style=\"font-size: large;\">de Jacques MYARD<\/span><\/span><\/span><\/strong><\/p>\n<p align=\"JUSTIFY\">\n<p align=\"JUSTIFY\"><strong><span style=\"color: #000000;\"><span style=\"font-family: Arial, sans-serif;\"><span style=\"font-size: large;\">Membre Honoraire du Parlement<\/span><\/span><\/span><\/strong><\/p>\n<p align=\"JUSTIFY\"><strong><span style=\"color: #000000;\"><span style=\"font-family: Arial, sans-serif;\"><span style=\"font-size: large;\">Maire de Maisons-Laffitte<\/span><\/span><\/span><\/strong><\/p>\n<p align=\"JUSTIFY\"><strong><span style=\"color: #000000;\"><span style=\"font-family: Arial, sans-serif;\"><span style=\"font-size: large;\">Pr\u00e9sident du Cercle Nation et R\u00e9publique<\/span><\/span><\/span><\/strong><\/p>\n<p align=\"JUSTIFY\">\n<p align=\"JUSTIFY\"><span style=\"color: #000000;\"><span style=\"font-family: Arial, sans-serif;\"><span style=\"font-size: large;\">Le 13 Avril 2018<\/span><\/span><\/span><\/p>\n<p align=\"JUSTIFY\">\n<p align=\"JUSTIFY\"><strong><span style=\"color: #000000;\"><span style=\"font-family: Arial, sans-serif;\"><span style=\"font-size: large;\">A\/S : <\/span><\/span><\/span><\/strong><strong><span style=\"color: #000000;\">\u00a0<\/span><\/strong><strong><span style=\"color: #000000;\"><span style=\"font-family: Helvetica, sans-serif;\"><span style=\"font-size: large;\">Entretien \u00e0 la BBC de l&rsquo;ancien ambassadeur britannique en Syrie Peter Ford<\/span><\/span><\/span><\/strong><\/p>\n<p align=\"JUSTIFY\"><span style=\"color: #18376a;\">\u00a0<\/span><\/p>\n<p align=\"JUSTIFY\">\n<p align=\"JUSTIFY\"><span style=\"color: #18376a;\"><span style=\"font-family: Arial, sans-serif;\"><span style=\"font-size: large;\">Je prends la libert\u00e9 de vous envoyer le lien de l&rsquo;entretien de la BBC avec l\u2019ex ambassadeur britannique en Syrie,<\/span><\/span><\/span><strong><span style=\"color: #18376a;\"><span style=\"font-family: Arial, sans-serif;\"><span style=\"font-size: large;\">Peter Ford,<\/span><\/span><\/span><\/strong><span style=\"color: #18376a;\"><span style=\"font-family: Arial, sans-serif;\"><span style=\"font-size: large;\"> relatif aux accusations d&rsquo;utilisation d&rsquo;armes chimiques \u00e0 la Ghouta le 9 Avril dernier.<\/span><\/span><\/span><\/p>\n<p align=\"JUSTIFY\">\n<p align=\"JUSTIFY\"><span style=\"color: #18376a;\"><span style=\"font-family: Arial, sans-serif;\"><span style=\"font-size: large;\">Peter Ford explique qu&rsquo;il ne croit pas que Damas soit \u00e0 l&rsquo;origine de l&#8217;emploi d&rsquo;armes chimiques : pourquoi l&rsquo;aurait-il fait alors qu&rsquo;il est en passe de gagner la guerre ?<\/span><\/span><\/span><\/p>\n<p align=\"JUSTIFY\">\n<p align=\"JUSTIFY\"><span style=\"color: #18376a;\"><span style=\"font-family: Arial, sans-serif;\"><span style=\"font-size: large;\">Mais surtout Peter Ford d\u00e9nonce l&rsquo;origine des photos et des vid\u00e9os par des organisations connues pour leurs liens pro-islamistes et notamment l&rsquo;organisation Syrian American M\u00e9dical Association (SAMA)<\/span><\/span><\/span><\/p>\n<p align=\"JUSTIFY\">\n<p align=\"JUSTIFY\"><span style=\"color: #18376a;\"><span style=\"font-family: Arial, sans-serif;\"><span style=\"font-size: large;\">Il va de soi que cet entretien demeure un t\u00e9moignage, mais il convient de savoir que nombre d&rsquo;experts au fait de la situation en Syrie &#8211; et non des moindres &#8211; s&rsquo;interrogent sur l&rsquo;origine de cette attaque chimique qui,elle, ne peut \u00eatre ni\u00e9e et serait \u00e0 base de chlore avec un adjuvant <\/span><\/span><\/span><\/p>\n<p align=\"JUSTIFY\">\n<p align=\"JUSTIFY\"><strong><span style=\"color: #18376a;\"><span style=\"font-family: Arial, sans-serif;\"><span style=\"font-size: large;\">ENTRETIEN PETER FORD \/ BBC<\/span><\/span><\/span><\/strong><\/p>\n<p align=\"JUSTIFY\">\n<p align=\"JUSTIFY\"><a href=\"https:\/\/www.youtube.com\/watch?v=3j_Z1f84Ps8\" target=\"_blank\"><span style=\"color: #0b4cb4;\"><span style=\"font-family: Arial, sans-serif;\"><span style=\"font-size: large;\"><span style=\"text-decoration: underline;\">https:\/\/www.youtube.com\/watch?v=3j_Z1f84Ps8<\/span><\/span><\/span><\/span><\/a><\/p>\n<p align=\"JUSTIFY\">\n<p align=\"JUSTIFY\">\n<p align=\"CENTER\"><strong><span style=\"color: #632423;\"><span style=\"font-size: large;\">***\u00a0\u00a0\u00a0\u00a0 ***\u00a0\u00a0\u00a0\u00a0 ***<\/span><\/span><\/strong><\/p>\n<p align=\"JUSTIFY\">\n<table width=\"648\" border=\"0\" cellspacing=\"0\" cellpadding=\"0\">\n<colgroup>\n<col width=\"49\" \/>\n<col width=\"587\" \/>\n<col width=\"13\" \/> <\/colgroup>\n<tbody>\n<tr>\n<td width=\"49\">\n<p align=\"JUSTIFY\"><strong><span style=\"font-size: large;\">de <\/span><\/strong><\/p>\n<\/td>\n<td width=\"587\">\n<p align=\"JUSTIFY\"><span style=\"font-size: large;\">\u00ab\u00a0Jacques MYARD\u00a0\u00bb &lt;jmyard@club-internet.fr&gt; <\/span><\/p>\n<\/td>\n<td rowspan=\"3\" width=\"13\">\n<p>&nbsp;<\/p>\n<\/td>\n<\/tr>\n<tr>\n<td width=\"49\">\n<p align=\"JUSTIFY\"><strong><span style=\"font-size: large;\">\u00e0 <\/span><\/strong><\/p>\n<\/td>\n<td width=\"587\">\n<p align=\"JUSTIFY\"><span style=\"font-size: large;\">\u00ab\u00a0Courrier\u00a0\u00bb &lt;eric.nogard@orange.fr&gt; <\/span><\/p>\n<\/td>\n<\/tr>\n<tr>\n<td width=\"49\">\n<p align=\"JUSTIFY\"><strong><span style=\"font-size: large;\">date <\/span><\/strong><\/p>\n<\/td>\n<td width=\"587\">\n<p align=\"JUSTIFY\"><span style=\"font-size: large;\">15\/04\/18 12:50<\/span><\/p>\n<\/td>\n<\/tr>\n<tr>\n<td width=\"49\">\n<p align=\"JUSTIFY\"><strong><span style=\"font-size: large;\">objet <\/span><\/strong><\/p>\n<\/td>\n<td colspan=\"2\" width=\"599\">\n<p align=\"JUSTIFY\"><span style=\"font-size: large;\">*** SPAM *** MESSAGE : SYRIE \/ ARMES CHIMIQUES \u00c0 LA GHOUTA <\/span><\/p>\n<\/td>\n<\/tr>\n<\/tbody>\n<\/table>\n<p align=\"JUSTIFY\">\n<table width=\"169\" border=\"0\" cellspacing=\"0\" cellpadding=\"0\">\n<colgroup>\n<col width=\"169\" \/> <\/colgroup>\n<tbody>\n<tr>\n<td width=\"169\">\n<p align=\"JUSTIFY\"><span style=\"font-size: large;\">voir l&rsquo;en-t\u00eate complet <\/span><\/p>\n<\/td>\n<\/tr>\n<\/tbody>\n<\/table>\n<p align=\"JUSTIFY\">\n<table width=\"665\" border=\"0\" cellspacing=\"0\" cellpadding=\"0\">\n<colgroup>\n<col width=\"665\" \/> <\/colgroup>\n<tbody>\n<tr>\n<td width=\"665\">\n<table width=\"100%\" border=\"0\" cellspacing=\"0\" cellpadding=\"0\">\n<colgroup>\n<col width=\"256*\" \/> <\/colgroup>\n<tbody>\n<tr>\n<td width=\"100%\">\n<p align=\"JUSTIFY\">\n<p align=\"JUSTIFY\"><strong><span style=\"color: #000000;\"><span style=\"font-family: Arial, sans-serif;\"><span style=\"font-size: large;\">MESSAGE<\/span><\/span><\/span><\/strong><\/p>\n<p align=\"JUSTIFY\">\n<p align=\"JUSTIFY\"><strong><span style=\"color: #000000;\"><span style=\"font-family: Arial, sans-serif;\"><span style=\"font-size: large;\">de Jacques MYARD<\/span><\/span><\/span><\/strong><\/p>\n<p align=\"JUSTIFY\"><strong><span style=\"color: #000000;\"><span style=\"font-family: Arial, sans-serif;\"><span style=\"font-size: large;\">Membre Honoraire du Parlement<\/span><\/span><\/span><\/strong><\/p>\n<p align=\"JUSTIFY\"><strong><span style=\"color: #000000;\"><span style=\"font-family: Arial, sans-serif;\"><span style=\"font-size: large;\">Maire de Maisons-Laffitte<\/span><\/span><\/span><\/strong><\/p>\n<p align=\"JUSTIFY\"><strong><span style=\"color: #000000;\"><span style=\"font-family: Arial, sans-serif;\"><span style=\"font-size: large;\">Pr\u00e9sident du Cercle Nation et R\u00e9publique<\/span><\/span><\/span><\/strong><\/p>\n<p align=\"JUSTIFY\">\n<p align=\"JUSTIFY\"><span style=\"color: #000000;\"><span style=\"font-family: Arial, sans-serif;\"><span style=\"font-size: large;\">Le 14 Avril 2018 <\/span><\/span><\/span><\/p>\n<p align=\"JUSTIFY\">\n<p align=\"JUSTIFY\"><span style=\"color: #000000;\"><span style=\"font-family: Arial, sans-serif;\"><span style=\"font-size: large;\">L&rsquo;affaire de l&rsquo;attaque chimique \u00e0 la Ghouta provoque de nombreuses interrogations chez nos amis britanniques. <\/span><\/span><\/span><\/p>\n<p align=\"JUSTIFY\">\n<p align=\"JUSTIFY\"><span style=\"color: #000000;\"><span style=\"font-family: Arial, sans-serif;\"><span style=\"font-size: large;\">Apr\u00e8s l&rsquo;ancien ambassadeur \u00e0 Damas <\/span><\/span><\/span><strong><span style=\"color: #000000;\"><span style=\"font-family: Arial, sans-serif;\"><span style=\"font-size: large;\">Peter Ford<\/span><\/span><\/span><\/strong><span style=\"color: #000000;\"><span style=\"font-family: Arial, sans-serif;\"><span style=\"font-size: large;\">, c&rsquo;est au tour de l&rsquo;ancien <\/span><\/span><\/span><strong><span style=\"color: #000000;\"><span style=\"font-family: Arial, sans-serif;\"><span style=\"font-size: large;\">Major General Jonathan Shaw<\/span><\/span><\/span><\/strong><span style=\"color: #000000;\"><span style=\"font-family: Arial, sans-serif;\"><span style=\"font-size: large;\"> qui \u00e9met des doutes s\u00e9rieux sur la responsabilit\u00e9 du gouvernement de Damas .<\/span><\/span><\/span><\/p>\n<p align=\"JUSTIFY\">\n<p align=\"JUSTIFY\"><span style=\"color: #000000;\"><span style=\"font-family: Arial, sans-serif;\"><span style=\"font-size: large;\">Cet officier officier g\u00e9n\u00e9ral d\u00e9clare m\u00eame que tout lui semble faux dans cette affaire.<\/span><\/span><\/span><\/p>\n<p align=\"JUSTIFY\">\n<p align=\"JUSTIFY\"><span style=\"color: #000000;\"><span style=\"font-family: Arial, sans-serif;\"><span style=\"font-size: large;\">Son intervention sur la chaine de t\u00e9l\u00e9vision Sky News a d&rsquo;ailleurs pouss\u00e9 la pr\u00e9sentatrice Sam Washington, visiblement \u00e9tonn\u00e9e par l&rsquo;analyse du g\u00e9n\u00e9ral, \u00e0 mettre un terme brutal \u00e0 l&rsquo;entretien, ce qui a provoqu\u00e9 de tr\u00e8s nombreuses r\u00e9actions sur les r\u00e9seaux sociaux au Royaume-Uni.<\/span><\/span><\/span><\/p>\n<p align=\"JUSTIFY\">\n<p align=\"JUSTIFY\"><span style=\"color: #000000;\"><span style=\"font-family: Arial, sans-serif;\"><span style=\"font-size: large;\">A ce titre de nombreux observateurs soulignent les difficult\u00e9s internes que rencontre Th\u00e9r\u00e9sa May et lui reprochent de vouloir se refaire une cr\u00e9dibilit\u00e9 de fermet\u00e9 avec la Syrie&#8230;<\/span><\/span><\/span><\/p>\n<p align=\"JUSTIFY\">\n<p align=\"JUSTIFY\"><span style=\"color: #000000;\"><span style=\"font-family: Arial, sans-serif;\"><span style=\"font-size: large;\">Vous trouvez ci dessous les liens de l&rsquo;entretien de Jonathan Shaw sur Sky News<\/span><\/span><\/span><\/p>\n<p align=\"JUSTIFY\">\n<p align=\"JUSTIFY\"><span style=\"color: #000000;\"><span style=\"font-family: Arial, sans-serif;\"><span style=\"font-size: large;\">A voir&#8230; <\/span><\/span><\/span><\/p>\n<p align=\"JUSTIFY\">\n<p align=\"JUSTIFY\"><span style=\"color: #000000;\">\u00a0<\/span><\/p>\n<p align=\"JUSTIFY\"><span style=\"color: #0b4cb4;\"><span style=\"font-family: Helvetica, sans-serif;\"><span style=\"font-size: large;\"><span style=\"text-decoration: underline;\">Sky News presenter Sam Washington rudely cuts short truthful British Major General Jonathan Shaw<\/span><\/span><\/span><\/span><\/p>\n<p align=\"JUSTIFY\"><span style=\"color: #000000;\">\u00a0<\/span><\/p>\n<p align=\"JUSTIFY\"><span style=\"color: #000000;\">\u00a0<\/span><\/p>\n<p align=\"JUSTIFY\"><a href=\"https:\/\/www.youtube.com\/embed\/AFnbLPQOdrc\" target=\"_blank\"><span style=\"color: #0b4cb4;\"><span style=\"font-family: Helvetica, sans-serif;\"><span style=\"font-size: large;\"><span style=\"text-decoration: underline;\">https:\/\/www.youtube.com\/embed\/AFnbLPQOdrc<\/span><\/span><\/span><\/span><\/a><\/p>\n<p align=\"JUSTIFY\"><span style=\"color: #000000;\">\u00a0<\/span><\/p>\n<p align=\"JUSTIFY\"><span style=\"color: #0b4cb4;\"><span style=\"font-family: Helvetica, sans-serif;\"><span style=\"font-size: large;\"><span style=\"text-decoration: underline;\">Sky News presenter Sam Washington rudely cuts short truthful British Major General Jonathan Shaw<\/span><\/span><\/span><\/span><\/p>\n<p align=\"JUSTIFY\"><span style=\"color: #000000;\">\u00a0<\/span><span style=\"color: #18376a;\">\u00a0<\/span><\/p>\n<\/td>\n<\/tr>\n<\/tbody>\n<\/table>\n<p>&nbsp;<\/p>\n<\/td>\n<\/tr>\n<\/tbody>\n<\/table>\n<\/td>\n<\/tr>\n<\/tbody>\n<\/table>\n<p>&nbsp;<\/p>\n<\/td>\n<\/tr>\n<\/tbody>\n<\/table>\n<p align=\"JUSTIFY\"><span style=\"color: #c00000;\">\u00a0<\/span><\/p>\n<p align=\"CENTER\"><strong><span style=\"font-size: large;\">***\u00a0\u00a0\u00a0\u00a0 ***\u00a0\u00a0\u00a0\u00a0 ***<\/span><\/strong><\/p>\n<p align=\"CENTER\"><strong>\u00a0<\/strong><\/p>\n<p align=\"CENTER\"><strong><span style=\"color: #ff0000;\">Ne Peut \u00eatre reproduit &#8211; m\u00eame partiellement &#8211;\u00a0 sans l\u2019autorisation de l\u2019Auteur.<\/span><\/strong><\/p>\n<p align=\"CENTER\"><strong>\u00a0<\/strong><\/p>\n<p align=\"CENTER\"><strong><span style=\"font-size: large;\">***\u00a0\u00a0\u00a0\u00a0 ***\u00a0\u00a0\u00a0\u00a0 ***<\/span><\/strong><\/p>\n<p align=\"CENTER\">\n<p align=\"CENTER\"><strong><span style=\"color: #ff0000;\"><span style=\"font-size: large;\">Nota : <\/span><\/span><\/strong><span style=\"color: #000000;\"><span style=\"font-size: large;\">Nous ne traitons que de Faits et de Noms rendus Publics.<\/span><\/span><\/p>\n<p align=\"CENTER\"><span style=\"color: #000000;\">\u00a0<\/span><\/p>\n<p align=\"CENTER\"><span style=\"color: #000000;\"><span style=\"font-size: large;\">***\u00a0\u00a0\u00a0\u00a0 ***\u00a0\u00a0\u00a0\u00a0 ***<\/span><\/span><\/p>\n<p align=\"JUSTIFY\">\n<p align=\"JUSTIFY\"><strong><span style=\"text-decoration: underline;\">Liens Sugg\u00e9r\u00e9s\u00a0:<\/span><\/strong><\/p>\n<ul type=\"DISC\">\n<li>\n<p align=\"JUSTIFY\"><a href=\"http:\/\/www.etatsgenerauxdeloutremer.fr\/reflexions\">http:\/\/www.etatsgenerauxdeloutremer.fr\/reflexions<\/a><\/p>\n<\/li>\n<\/ul>\n<p align=\"CENTER\"><\/p>\n<script type=\"text\/javascript\">\n\nvar addthis_config = {\"data_track_clickback\":false,\"data_track_addressbar\":false,\"data_track_textcopy\":false};\n<\/script><script type=\"text\/javascript\" src=\"\/\/s7.addthis.com\/js\/250\/addthis_widget.js#pubid=a457a6d63fb9e6ccabdde4110343bd85\"><\/script>","protected":false},"excerpt":{"rendered":"<p align=\"CENTER\"><span style=\"color: #632423;\"><span style=\"font-family: 'Comic Sans MS';\"><span style=\"font-size: large;\">N\u2019est-ce pas une INJURE, faite \u00e0 l\u2019O.N.U.<\/span><\/span><\/span><\/p>\n<p align=\"JUSTIFY\"><span style=\"color: #632423;\">\u00a0<\/span><\/p>\n<p align=\"JUSTIFY\"><span style=\"color: #632423;\"><span style=\"font-family: 'Comic Sans MS';\"><span style=\"font-size: large;\">S\u2019ils venaient \u00e0 leur tomber sur le bout du bec,<\/span><\/span><\/span><\/p>\n<p align=\"JUSTIFY\"><span style=\"color: #632423;\">\u00a0<\/span><\/p>\n<p align=\"JUSTIFY\"><span style=\"color: #632423;\"><span style=\"font-family: 'Comic Sans MS';\"><span style=\"font-size: large;\">Que r\u00e9torqueraient \u00e0 ces chefs d\u2019accusation nos \u00c9minences<\/span><\/span><\/span><\/p>\n<p align=\"JUSTIFY\"><span style=\"color: #632423;\">\u00a0<\/span><\/p>\n<p align=\"JUSTIFY\"><span style=\"color: #632423;\"><span style=\"font-family: Arial, sans-serif;\"><span style=\"font-size: large;\">Gentlemen and lady<\/span><\/span><\/span><span style=\"color: #632423;\"><span style=\"font-family: 'Comic Sans MS';\"><span style=\"font-size: large;\">Donald, Emmanuel et Th\u00e9r\u00e9sa.<\/span><\/span><\/span><\/p>\n<p align=\"JUSTIFY\"><span style=\"color: #632423;\">\u00a0<\/span><\/p>\n<p align=\"JUSTIFY\"><span style=\"color: #632423;\"><span style=\"font-family: 'Comic Sans MS';\"><span style=\"font-size: large;\">Que r\u00e9torqueraient-ils <\/span><\/span><\/span><span style=\"color: #632423;\"><span style=\"font-family: Arial, sans-serif;\"><span style=\"font-size: large;\">Bona Fide<\/span><\/span><\/span><span style=\"color: #632423;\">\u00a0\u00a0 <\/span><span style=\"color: #632423;\"><span style=\"font-family: 'Comic Sans MS';\"><span style=\"font-size: large;\">aux <\/span><\/span><\/span>&hellip;<\/p>\n","protected":false},"author":1,"featured_media":0,"comment_status":"open","ping_status":"open","sticky":false,"template":"","format":"standard","meta":{"footnotes":""},"categories":[1],"tags":[],"class_list":["post-14832","post","type-post","status-publish","format-standard","hentry","category-accueil"],"_links":{"self":[{"href":"http:\/\/www.lecarrefourdesopinions.ca\/index.php?rest_route=\/wp\/v2\/posts\/14832","targetHints":{"allow":["GET"]}}],"collection":[{"href":"http:\/\/www.lecarrefourdesopinions.ca\/index.php?rest_route=\/wp\/v2\/posts"}],"about":[{"href":"http:\/\/www.lecarrefourdesopinions.ca\/index.php?rest_route=\/wp\/v2\/types\/post"}],"author":[{"embeddable":true,"href":"http:\/\/www.lecarrefourdesopinions.ca\/index.php?rest_route=\/wp\/v2\/users\/1"}],"replies":[{"embeddable":true,"href":"http:\/\/www.lecarrefourdesopinions.ca\/index.php?rest_route=%2Fwp%2Fv2%2Fcomments&post=14832"}],"version-history":[{"count":1,"href":"http:\/\/www.lecarrefourdesopinions.ca\/index.php?rest_route=\/wp\/v2\/posts\/14832\/revisions"}],"predecessor-version":[{"id":14836,"href":"http:\/\/www.lecarrefourdesopinions.ca\/index.php?rest_route=\/wp\/v2\/posts\/14832\/revisions\/14836"}],"wp:attachment":[{"href":"http:\/\/www.lecarrefourdesopinions.ca\/index.php?rest_route=%2Fwp%2Fv2%2Fmedia&parent=14832"}],"wp:term":[{"taxonomy":"category","embeddable":true,"href":"http:\/\/www.lecarrefourdesopinions.ca\/index.php?rest_route=%2Fwp%2Fv2%2Fcategories&post=14832"},{"taxonomy":"post_tag","embeddable":true,"href":"http:\/\/www.lecarrefourdesopinions.ca\/index.php?rest_route=%2Fwp%2Fv2%2Ftags&post=14832"}],"curies":[{"name":"wp","href":"https:\/\/api.w.org\/{rel}","templated":true}]}}