{"id":14807,"date":"2018-04-09T09:41:37","date_gmt":"2018-04-09T13:41:37","guid":{"rendered":"http:\/\/www.lecarrefourdesopinions.ca\/?p=14807"},"modified":"2018-04-09T09:41:37","modified_gmt":"2018-04-09T13:41:37","slug":"question-daptitude-ou-de-formalite","status":"publish","type":"post","link":"http:\/\/www.lecarrefourdesopinions.ca\/?p=14807","title":{"rendered":"Question d\u2019Aptitude ou de formalit\u00e9."},"content":{"rendered":"<p align=\"CENTER\"><em><span style=\"color: #632423;\"><span style=\"font-family: 'Comic Sans MS';\"><span style=\"font-size: large;\">Question d\u2019Aptitude ou de formalit\u00e9.<\/span><\/span><\/span><\/em><\/p>\n<p align=\"JUSTIFY\"><em><span style=\"color: #632423;\">\u00a0<\/span><\/em><\/p>\n<p align=\"JUSTIFY\"><span style=\"color: #632423;\"><span style=\"font-family: 'Comic Sans MS';\"><span style=\"font-size: large;\">Que Robert de SORBON ait Fond\u00e9 la Sorbonne, que RICHELIEU l\u2019ait remise sur pied\u2026<\/span><\/span><\/span><\/p>\n<p align=\"JUSTIFY\"><span style=\"color: #632423;\">\u00a0<\/span><\/p>\n<p style=\"text-align: center;\" align=\"JUSTIFY\"><span style=\"color: #632423;\"><img loading=\"lazy\" decoding=\"async\" class=\"alignnone size-large wp-image-14808\" title=\"F1   Robert De SORBON  la SORBONNE  RICHELIEU\" src=\"http:\/\/www.lecarrefourdesopinions.ca\/wp-content\/uploads\/2018\/04\/F1-Robert-De-SORBON-la-SORBONNE-RICHELIEU-1024x411.jpg\" alt=\"\" width=\"450\" height=\"180\" \/>\u00a0<\/span><\/p>\n<p align=\"CENTER\"><strong><span style=\"font-size: large;\">F1\u00a0: <\/span><\/strong><em><span style=\"color: #c00000;\"><span style=\"font-size: large;\">Robert De SORBON, la SORBONNE, RICHELIEU.<\/span><\/span><\/em><\/p>\n<p align=\"JUSTIFY\"><span style=\"color: #632423;\">\u00a0<\/span><\/p>\n<p align=\"JUSTIFY\"><span style=\"color: #632423;\">\u00a0<\/span><\/p>\n<p align=\"JUSTIFY\"><span style=\"color: #632423;\"><span style=\"font-family: 'Comic Sans MS';\"><span style=\"font-size: large;\">&#8211;<\/span><\/span><\/span><span style=\"color: #632423;\"><span style=\"font-family: 'Comic Sans MS';\"><span style=\"font-size: large;\">\u00a0\u00a0\u00a0\u00a0\u00a0 <\/span><\/span><\/span><span style=\"color: #632423;\"><span style=\"font-family: 'Comic Sans MS';\"><span style=\"font-size: large;\">Pour satisfaire aux Caprices de Parents assez proches de la <\/span><\/span><\/span><em><span style=\"color: #632423;\"><span style=\"font-family: Arial, sans-serif;\"><span style=\"font-size: large;\">Folly Gate<\/span><\/span><\/span><\/em><span style=\"color: #632423;\"><span style=\"font-family: 'Comic Sans MS';\"><span style=\"font-size: large;\">,<\/span><\/span><\/span><\/p>\n<p align=\"JUSTIFY\"><span style=\"color: #632423;\">\u00a0<\/span><\/p>\n<p align=\"JUSTIFY\"><span style=\"color: #632423;\"><span style=\"font-family: 'Comic Sans MS';\"><span style=\"font-size: large;\">&#8211;<\/span><\/span><\/span><span style=\"color: #632423;\"><span style=\"font-family: 'Comic Sans MS';\"><span style=\"font-size: large;\">\u00a0\u00a0\u00a0\u00a0\u00a0 <\/span><\/span><\/span><span style=\"color: #632423;\"><span style=\"font-family: 'Comic Sans MS';\"><span style=\"font-size: large;\">Pour faire des Universitaires de leurs Nigauds\u2026 douteux.<\/span><\/span><\/span><\/p>\n<p align=\"JUSTIFY\"><span style=\"color: #632423;\">\u00a0<\/span><\/p>\n<p align=\"JUSTIFY\"><span style=\"color: #632423;\"><span style=\"font-family: 'Comic Sans MS';\"><span style=\"font-size: large;\">L\u2019Universit\u00e9 se m\u00e9rite et il n\u2019y a pas de sot m\u00e9tier.<\/span><\/span><\/span><\/p>\n<p align=\"JUSTIFY\"><span style=\"color: #632423;\">\u00a0<img loading=\"lazy\" decoding=\"async\" class=\"alignnone size-full wp-image-14741\" title=\"Eric\" src=\"http:\/\/www.lecarrefourdesopinions.ca\/wp-content\/uploads\/2018\/03\/Eric1.jpg\" alt=\"\" width=\"134\" height=\"107\" \/><\/span><\/p>\n<p align=\"JUSTIFY\"><span style=\"color: #632423;\"><span style=\"font-family: 'Comic Sans MS';\"><span style=\"font-size: large;\">\u00c9ric EG Nogard<\/span><\/span><\/span><\/p>\n<p align=\"JUSTIFY\"><em><span style=\"color: #c00000;\"><span style=\"font-size: large;\">Chroniqueur<\/span><\/span><\/em><span style=\"color: #c00000;\"><span style=\"font-size: large;\">.<\/span><\/span><\/p>\n<p align=\"CENTER\">\n<p align=\"CENTER\">\n<p align=\"CENTER\"><span style=\"color: #632423;\"><span style=\"font-size: large;\">***\u00a0\u00a0\u00a0\u00a0 ***\u00a0\u00a0\u00a0\u00a0 ***<\/span><\/span><\/p>\n<p align=\"CENTER\"><span style=\"color: #632423;\"><span style=\"font-size: large;\">***\u00a0\u00a0\u00a0\u00a0 ***\u00a0\u00a0\u00a0\u00a0 ***<\/span><\/span><\/p>\n<p align=\"CENTER\"><span style=\"color: #632423;\">\u00a0<\/span><\/p>\n<p><em><span style=\"color: #000099;\">\u00a0<\/span><\/em><\/p>\n<p><em><span style=\"color: #000099;\"><span style=\"font-size: large;\">Question d\u2019Aptitude ou de formalit\u00e9.<\/span><\/span><\/em><\/p>\n<p align=\"JUSTIFY\">\n<p align=\"JUSTIFY\">\n<p style=\"text-align: center;\" align=\"JUSTIFY\">\u00a0<img loading=\"lazy\" decoding=\"async\" class=\"alignnone size-medium wp-image-14809\" title=\"F2   \u00c7a ne coute desormais qu un Bulletin de Vote   Autant dire  une Formalite\" src=\"http:\/\/www.lecarrefourdesopinions.ca\/wp-content\/uploads\/2018\/04\/F2-\u00c7a-ne-coute-desormais-qu-un-Bulletin-de-Vote-Autant-dire-une-Formalite-300x186.jpg\" alt=\"\" width=\"300\" height=\"186\" \/><\/p>\n<p align=\"CENTER\"><strong><span style=\"font-size: large;\">F2\u00a0: <\/span><\/strong><em><span style=\"color: #c00000;\"><span style=\"font-size: large;\">\u00c7a ne co\u00fbte d\u00e9sormais qu\u2019un Bulletin de Vote.<\/span><\/span><\/em><\/p>\n<p align=\"CENTER\"><em><span style=\"color: #c00000;\"><span style=\"font-size: large;\">Autant dire, une Formalit\u00e9.<\/span><\/span><\/em><\/p>\n<p align=\"JUSTIFY\">\n<p align=\"JUSTIFY\">\n<p align=\"JUSTIFY\"><strong><span style=\"font-family: 'Comic Sans MS';\"><span style=\"font-size: large;\">Dans la mesure o\u00f9 une formalit\u00e9 n\u2019est fort souvent qu\u2019un acte sans importance pourtant obligatoire.<\/span><\/span><\/strong><\/p>\n<p align=\"JUSTIFY\">\n<p align=\"JUSTIFY\"><span style=\"font-family: 'Comic Sans MS';\"><span style=\"font-size: large;\">Par exemple\u00a0:<\/span><\/span><\/p>\n<p align=\"JUSTIFY\">\n<p align=\"JUSTIFY\"><em><span style=\"font-family: 'Comic Sans MS';\"><span style=\"font-size: large;\">Les Parents veulent que leur nigaud ait son Bac\u2026 donc donnez lui son Bac.<\/span><\/span><\/em><\/p>\n<p align=\"JUSTIFY\">\n<p align=\"JUSTIFY\"><span style=\"font-family: 'Comic Sans MS';\"><span style=\"font-size: large;\">Et voil\u00e0 des Promus-Bacheliers promis aux Grandes \u00c9coles, quand fort souvent ils ne savent gu\u00e8re ni bien lire ni compter.<\/span><\/span><\/p>\n<p align=\"JUSTIFY\">\n<p align=\"CENTER\"><img loading=\"lazy\" decoding=\"async\" class=\"alignnone size-full wp-image-14810\" title=\"F3   L Universit\u00e9 pour Tous   L enjeu d actualite\" src=\"http:\/\/www.lecarrefourdesopinions.ca\/wp-content\/uploads\/2018\/04\/F3-L-Universit\u00e9-pour-Tous-L-enjeu-d-actualite.jpg\" alt=\"\" width=\"250\" height=\"188\" \/><\/p>\n<p align=\"CENTER\"><strong><span style=\"font-size: large;\">F3\u00a0:<\/span><\/strong> <em><span style=\"color: #c00000;\"><span style=\"font-size: large;\">L\u2019Universit\u00e9 pour Tous,<\/span><\/span><\/em><\/p>\n<p align=\"CENTER\"><em><span style=\"color: #c00000;\"><span style=\"font-size: large;\">L\u2019enjeu d\u2019actualit\u00e9.<\/span><\/span><\/em><\/p>\n<p align=\"CENTER\">\n<p align=\"JUSTIFY\">\n<p align=\"JUSTIFY\"><strong><span style=\"font-size: large;\">Dans la mesure aussi o\u00f9, point n\u2019est besoin d\u2019\u00eatre \u00ab\u00a0Grand Grec\u00a0\u00bb pour r\u00e9aliser son aptitude \u00e0 faire ou \u00e0 ne pas faire, en quelque domaine que ce soit, y compris en amour.<\/span><\/strong><\/p>\n<p align=\"JUSTIFY\">\n<p align=\"JUSTIFY\"><span style=\"font-size: large;\">La question qui se pose, qui s\u2019impose, n\u2019est-elle pas, non tellement de savoir si l\u2019Universit\u00e9 pour Tous est bonne chose ou pas, mais si l\u2019Universit\u00e9 \u00e0 tout va, si l\u2019Universit\u00e9 Ouverte au \u00ab\u00a0Tout Venant\u00a0\u00bb, ne serait pas davantage qu\u2019on le croit, un Vrai Danger Public pour cause de vanit\u00e9, d\u2019irr\u00e9alisme, d\u2019incompatibilit\u00e9, de manque de sens, ou pire\u2026 et bien pire encore, pour cause de L\u00e2chet\u00e9 Politique sous la pression d\u2019une aberration dont nous doutons qu\u2019elle soit Populaire.<\/span><\/p>\n<p align=\"JUSTIFY\">\n<p align=\"JUSTIFY\">\n<p align=\"JUSTIFY\">\u00a0\u00a0\u00a0\u00a0\u00a0\u00a0\u00a0\u00a0 <em><span style=\"font-size: large;\">Le Peuple a du Bon sens et il est Pragmatique.<\/span><\/em><\/p>\n<p align=\"JUSTIFY\"><em>\u00a0\u00a0\u00a0\u00a0\u00a0\u00a0\u00a0\u00a0 <\/em><em><span style=\"font-size: large;\">Et les Parents d\u2019\u00c9l\u00e8ves, ne sont-ils pas le Peuple.<\/span><\/em><\/p>\n<p align=\"JUSTIFY\"><em>\u00a0\u00a0\u00a0\u00a0\u00a0\u00a0\u00a0\u00a0 <\/em><em><span style=\"font-size: large;\">Or, h\u00e9las, combien de petits monstres ne fait-on pas au Peuple,<\/span><\/em><\/p>\n<p align=\"JUSTIFY\"><em>\u00a0\u00a0\u00a0\u00a0\u00a0\u00a0\u00a0\u00a0 <\/em><em><span style=\"font-size: large;\">Dans son dos, en lui en imputant la paternit\u00e9. <\/span><\/em><\/p>\n<p align=\"JUSTIFY\">\n<p align=\"CENTER\"><img loading=\"lazy\" decoding=\"async\" class=\"alignnone size-medium wp-image-14811\" title=\"F4   Michel FRANKLAND Professeur  Philosophe et Ecrivain Collaborateur du Carrefour des Opinions  Quebec  Canada\" src=\"http:\/\/www.lecarrefourdesopinions.ca\/wp-content\/uploads\/2018\/04\/F4-Michel-FRANKLAND-Professeur-Philosophe-et-Ecrivain-Collaborateur-du-Carrefour-des-Opinions-Quebec-Canada-214x300.jpg\" alt=\"\" width=\"214\" height=\"300\" \/><\/p>\n<p align=\"CENTER\"><strong><span style=\"font-size: large;\">F4\u00a0: <\/span><\/strong><em><span style=\"color: #c00000;\"><span style=\"font-size: large;\">Michel FRANKLAND,<\/span><\/span><\/em><\/p>\n<p align=\"CENTER\"><em><span style=\"color: #c00000;\"><span style=\"font-size: large;\">Professeur, Philosophe et \u00c9crivain<\/span><\/span><\/em><\/p>\n<p align=\"CENTER\"><em><span style=\"color: #c00000;\"><span style=\"font-size: large;\">Collaborateur du Carrefour des Opinions,<\/span><\/span><\/em><\/p>\n<p align=\"CENTER\"><em><span style=\"color: #c00000;\"><span style=\"font-size: large;\">Qu\u00e9bec, Canada.<\/span><\/span><\/em><\/p>\n<p align=\"JUSTIFY\">\n<p align=\"JUSTIFY\">\n<p align=\"JUSTIFY\"><strong><span style=\"font-size: large;\">Ceci pour en venir aux consid\u00e9rations du Philosophe-Professeur Michel FRANKLAND du Qu\u00e9bec, Province du Canada, sur l\u2019Odieuse d\u00e9viation Gouvernementale relative \u00e0 l\u2019accession aux Grandes \u00c9coles, du Tout-Venant Scolaire.\u00a0 <\/span><\/strong><em><span style=\"font-size: large;\">Lien\u00a0:<\/span><\/em><a href=\"http:\/\/www.lecarrefourdesopinions.ca\/?p=14780\"><span style=\"font-size: large;\">http:\/\/www.lecarrefourdesopinions.ca\/?p=14780<\/span><\/a><\/p>\n<p align=\"JUSTIFY\">\n<p align=\"JUSTIFY\"><span style=\"font-size: large;\">Cette pr\u00e9occupation n\u2019\u00e9tant pas l\u2019apanage de son Pays, davantage que du n\u00f4tre.<\/span><\/p>\n<p align=\"JUSTIFY\">\n<p align=\"JUSTIFY\"><span style=\"font-family: Symbol;\"><span style=\"font-size: large;\">\u00b7<\/span><\/span><span style=\"font-family: Symbol;\"><span style=\"font-size: large;\">\u00a0\u00a0\u00a0\u00a0\u00a0\u00a0\u00a0 <\/span><\/span><span style=\"font-size: large;\">A moins de bon vouloir comme d\u2019une bonne pr\u00e9paration, que peut faire un canard boiteux dans un Amphith\u00e9\u00e2tre Universitaire.<\/span><\/p>\n<p align=\"JUSTIFY\">\n<p align=\"JUSTIFY\"><em><span style=\"font-size: large;\">A chacun de se le demander.<\/span><\/em><\/p>\n<p align=\"JUSTIFY\">\n<p align=\"JUSTIFY\"><span style=\"font-family: Symbol;\"><span style=\"font-size: large;\">\u00b7<\/span><\/span><span style=\"font-family: Symbol;\"><span style=\"font-size: large;\">\u00a0\u00a0\u00a0\u00a0\u00a0\u00a0\u00a0 <\/span><\/span><span style=\"font-size: large;\">Quel enseignement peut-on dispenser \u00e0 un public non motiv\u00e9 \u2013 et pour cause \u2013 et port\u00e9 \u00e0 imposer son \u00ab\u00a0LA\u00a0\u00bb \u00e0 la Communaut\u00e9 Estudiantine.<\/span><\/p>\n<p align=\"JUSTIFY\">\n<p align=\"JUSTIFY\"><em><span style=\"font-size: large;\">A chacun d\u2019y r\u00e9pondre.<\/span><\/em><\/p>\n<p align=\"JUSTIFY\">\n<p align=\"JUSTIFY\"><span style=\"font-family: Symbol;\"><span style=\"font-size: large;\">\u00b7<\/span><\/span><span style=\"font-family: Symbol;\"><span style=\"font-size: large;\">\u00a0\u00a0\u00a0\u00a0\u00a0\u00a0\u00a0 <\/span><\/span><span style=\"font-size: large;\">Que peuvent \u00eatre la d\u00e9ception, la frustration et la perte de temps pour les \u00c9tudiants qui voudraient d\u2019un Vrai Cours, pas d\u2019une Caricature ni d\u2019une Escroquerie pr\u00e9judiciable \u00e0 tous, m\u00eame \u00e0 ceux qui en font leur profit.<\/span><\/p>\n<p align=\"JUSTIFY\">\n<p align=\"JUSTIFY\"><em><span style=\"font-size: large;\">Est-ce seulement \u00e0 ceux qui en p\u00e2tissent d\u2019en faire leur affaire quand c\u2019est l\u2019affaire de tous, eu \u00e9gard aux ravages qui pourraient s\u2019ensuivre\u2026 et qui s\u2019ensuivent\u00a0! <\/span><\/em><\/p>\n<p align=\"JUSTIFY\">\n<p align=\"JUSTIFY\">\n<p align=\"JUSTIFY\"><strong><span style=\"font-size: large;\">Des \u00c9coles OUI, pour une Formation \u00e0 toutes les Professions \u00ab\u00a0Universitaires\u00a0\u00bb ou non, et \u00e0 chacun selon ses go\u00fbts et ses moyens.<\/span><\/strong><\/p>\n<p align=\"JUSTIFY\">\n<p align=\"JUSTIFY\"><span style=\"font-size: large;\">Car chacun a ses go\u00fbts, et aussi ses moyens, le Q.I. et les Affinit\u00e9s, c\u2019est du r\u00e9el.<\/span><\/p>\n<p align=\"JUSTIFY\">\n<p align=\"JUSTIFY\"><span style=\"font-size: large;\">Or, il n\u2019y a pas de sot m\u00e9tier.<\/span><\/p>\n<p align=\"JUSTIFY\">\n<p align=\"JUSTIFY\"><span style=\"font-size: large;\">N\u2019est-ce pas le moyen le plus s\u00fbr de faire que l\u2019Enseignement en Facult\u00e9 ne soit pas plus Dangereux que celui de la rue, des <\/span><em><span style=\"font-family: Arial, sans-serif;\"><span style=\"font-size: large;\">Slums<\/span><\/span><\/em><span style=\"font-size: large;\">, et autres milieux sur lesquels, inutile de s\u2019\u00e9tendre.<\/span><\/p>\n<p align=\"JUSTIFY\">\n<p align=\"JUSTIFY\"><span style=\"font-size: large;\">Nous en souffrons assez.<\/span><\/p>\n<p align=\"JUSTIFY\">\n<p align=\"JUSTIFY\">\n<p align=\"JUSTIFY\"><strong><span style=\"font-size: large;\">Bref.<\/span><\/strong><\/p>\n<p align=\"JUSTIFY\">\n<p align=\"JUSTIFY\"><span style=\"font-size: large;\">Un Cours \u00e0 la mesure de chacun comme le sugg\u00e8re le Philosophe-Professeur FRANKLAND, voil\u00e0 ce que le Courage et l\u2019Honn\u00eatet\u00e9 devraient nous sugg\u00e9rer, et nos Autorit\u00e9s devraient s\u2019y atteler.<\/span><\/p>\n<p align=\"JUSTIFY\">\n<p align=\"JUSTIFY\">\n<p align=\"JUSTIFY\"><strong><span style=\"font-family: 'Comic Sans MS';\"><span style=\"font-size: large;\">Mais h\u00e9las ici comme ailleurs, <\/span><\/span><\/strong><\/p>\n<p align=\"JUSTIFY\">\n<p align=\"JUSTIFY\"><span style=\"font-family: 'Comic Sans MS';\"><span style=\"font-size: large;\">Il y a fort souvent bien loin de la coupe aux l\u00e8vres, le <\/span><\/span><em><span style=\"font-family: 'Comic Sans MS';\"><span style=\"font-size: large;\">Melting-Pot<\/span><\/span><\/em><span style=\"font-family: 'Comic Sans MS';\"><span style=\"font-size: large;\">, le fourretout, allant si bien aux ambitions de certains\u2026 en Politique notamment o\u00f9 est tomb\u00e9 en d\u00e9su\u00e9tude cet adage\u00a0:<\/span><\/span><\/p>\n<p align=\"JUSTIFY\">\n<p align=\"CENTER\"><span style=\"font-family: 'Comic Sans MS';\"><span style=\"font-size: large;\">\u00ab\u00a0<\/span><\/span><em><span style=\"font-family: 'Comic Sans MS';\"><span style=\"font-size: large;\">A chacun son M\u00e9tier et les Veaux seront bien gard\u00e9s<\/span><\/span><\/em><span style=\"font-family: 'Comic Sans MS';\"><span style=\"font-size: large;\">\u00a0\u00bb.<\/span><\/span><\/p>\n<p align=\"JUSTIFY\">\n<p align=\"JUSTIFY\"><span style=\"font-family: 'Comic Sans MS';\"><span style=\"font-size: large;\">Adage qui vaut Arr\u00eat de SALOMON\u2026 et auquel nous croyons. <\/span><\/span><\/p>\n<p align=\"JUSTIFY\">\n<p align=\"JUSTIFY\"><span style=\"font-size: large;\">\u00c9ric EG Nogard<\/span><\/p>\n<p align=\"JUSTIFY\"><em><span style=\"color: #c00000;\"><span style=\"font-size: large;\">Chroniqueur<\/span><\/span><\/em><span style=\"color: #c00000;\"><span style=\"font-size: large;\">.<\/span><\/span><\/p>\n<p align=\"JUSTIFY\"><span style=\"font-size: large;\">\u00ab <a href=\"http:\/\/www.lecarrefourdesopinions.ca\/?p=14771\">Se plonger davantage, dans le noir des t\u00e9n\u00e8bres.<\/a><\/span><\/p>\n<p align=\"JUSTIFY\"><span style=\"font-size: large;\"><a href=\"http:\/\/www.lecarrefourdesopinions.ca\/?p=14783\">A nous Abb\u00e9 SUGER, ce renvoi nous fait Peur.<\/a> \u00bb<\/span><\/p>\n<p>&nbsp;<\/p>\n<p align=\"CENTER\"><strong><span style=\"font-size: large;\">***\u00a0\u00a0\u00a0\u00a0 ***\u00a0\u00a0\u00a0\u00a0 ***<\/span><\/strong><\/p>\n<p align=\"CENTER\"><span style=\"color: #c00000;\">\u00a0<\/span><\/p>\n<p align=\"CENTER\"><strong><span style=\"color: #ff0000;\">Ne Peut \u00eatre reproduit &#8211; m\u00eame partiellement &#8211;\u00a0 sans l\u2019autorisation de l\u2019Auteur.<\/span><\/strong><\/p>\n<p align=\"CENTER\"><strong>\u00a0<\/strong><\/p>\n<p align=\"CENTER\"><strong><span style=\"font-size: large;\">***\u00a0\u00a0\u00a0\u00a0 ***\u00a0\u00a0\u00a0\u00a0 ***<\/span><\/strong><\/p>\n<p align=\"CENTER\">\n<p align=\"CENTER\"><strong><span style=\"color: #ff0000;\"><span style=\"font-size: large;\">Nota : <\/span><\/span><\/strong><span style=\"color: #000000;\"><span style=\"font-size: large;\">Nous ne traitons que de Faits et de Noms rendus Publics.<\/span><\/span><\/p>\n<p align=\"CENTER\"><span style=\"color: #000000;\">\u00a0<\/span><\/p>\n<p align=\"CENTER\"><span style=\"color: #000000;\"><span style=\"font-size: large;\">***\u00a0\u00a0\u00a0\u00a0 ***\u00a0\u00a0\u00a0\u00a0 ***<\/span><\/span><\/p>\n<p align=\"JUSTIFY\">\n<p align=\"JUSTIFY\"><strong><span style=\"text-decoration: underline;\">Liens Sugg\u00e9r\u00e9s\u00a0:<\/span><\/strong><\/p>\n<p align=\"JUSTIFY\">\n<ul type=\"DISC\">\n<li>\n<p align=\"JUSTIFY\"><a href=\"http:\/\/www.etatsgenerauxdeloutremer.fr\/reflexions\">http:\/\/www.etatsgenerauxdeloutremer.fr\/reflexions<\/a><\/p>\n<\/li>\n<\/ul>\n<p align=\"CENTER\">\n<hr \/>\n<script type=\"text\/javascript\">\n\nvar addthis_config = {\"data_track_clickback\":false,\"data_track_addressbar\":false,\"data_track_textcopy\":false};\n<\/script><script type=\"text\/javascript\" src=\"\/\/s7.addthis.com\/js\/250\/addthis_widget.js#pubid=a457a6d63fb9e6ccabdde4110343bd85\"><\/script>","protected":false},"excerpt":{"rendered":"<p align=\"CENTER\"><span style=\"color: #632423;\"><span style=\"font-family: 'Comic Sans MS';\"><span style=\"font-size: large;\">Question d\u2019Aptitude ou de formalit\u00e9.<\/span><\/span><\/span><\/p>\n<p align=\"JUSTIFY\"><span style=\"color: #632423;\">\u00a0<\/span><\/p>\n<p align=\"JUSTIFY\"><span style=\"color: #632423;\"><span style=\"font-family: 'Comic Sans MS';\"><span style=\"font-size: large;\">Que Robert de SORBON ait Fond\u00e9 la Sorbonne, que RICHELIEU l\u2019ait remise sur pied\u2026<\/span><\/span><\/span><\/p>\n<p align=\"JUSTIFY\"><span style=\"color: #632423;\">\u00a0<\/span><\/p>\n<p style=\"text-align: center;\" align=\"JUSTIFY\"><span style=\"color: #632423;\">\u00a0<\/span><\/p>\n<p align=\"CENTER\"><span style=\"font-size: large;\">F1\u00a0: <\/span><span style=\"color: #c00000;\"><span style=\"font-size: large;\">Robert De SORBON, la SORBONNE, RICHELIEU.<\/span><\/span><\/p>\n<p align=\"JUSTIFY\"><span style=\"color: #632423;\">\u00a0<\/span><\/p>\n<p align=\"JUSTIFY\"><span style=\"color: #632423;\">\u00a0<\/span><\/p>\n<p align=\"JUSTIFY\"><span style=\"color: #632423;\"><span style=\"font-family: 'Comic Sans MS';\"><span style=\"font-size: large;\">&#8211;<\/span><\/span><\/span><span style=\"color: #632423;\"><span style=\"font-family: 'Comic Sans MS';\"><span style=\"font-size: large;\">\u00a0\u00a0\u00a0\u00a0\u00a0 <\/span><\/span><\/span><span style=\"color: #632423;\"><span style=\"font-family: 'Comic Sans MS';\"><span style=\"font-size: large;\">Pour satisfaire aux Caprices de Parents assez proches de <\/span><\/span><\/span>&hellip;<\/p>\n","protected":false},"author":1,"featured_media":0,"comment_status":"open","ping_status":"open","sticky":false,"template":"","format":"standard","meta":{"footnotes":""},"categories":[1],"tags":[],"class_list":["post-14807","post","type-post","status-publish","format-standard","hentry","category-accueil"],"_links":{"self":[{"href":"http:\/\/www.lecarrefourdesopinions.ca\/index.php?rest_route=\/wp\/v2\/posts\/14807","targetHints":{"allow":["GET"]}}],"collection":[{"href":"http:\/\/www.lecarrefourdesopinions.ca\/index.php?rest_route=\/wp\/v2\/posts"}],"about":[{"href":"http:\/\/www.lecarrefourdesopinions.ca\/index.php?rest_route=\/wp\/v2\/types\/post"}],"author":[{"embeddable":true,"href":"http:\/\/www.lecarrefourdesopinions.ca\/index.php?rest_route=\/wp\/v2\/users\/1"}],"replies":[{"embeddable":true,"href":"http:\/\/www.lecarrefourdesopinions.ca\/index.php?rest_route=%2Fwp%2Fv2%2Fcomments&post=14807"}],"version-history":[{"count":1,"href":"http:\/\/www.lecarrefourdesopinions.ca\/index.php?rest_route=\/wp\/v2\/posts\/14807\/revisions"}],"predecessor-version":[{"id":14812,"href":"http:\/\/www.lecarrefourdesopinions.ca\/index.php?rest_route=\/wp\/v2\/posts\/14807\/revisions\/14812"}],"wp:attachment":[{"href":"http:\/\/www.lecarrefourdesopinions.ca\/index.php?rest_route=%2Fwp%2Fv2%2Fmedia&parent=14807"}],"wp:term":[{"taxonomy":"category","embeddable":true,"href":"http:\/\/www.lecarrefourdesopinions.ca\/index.php?rest_route=%2Fwp%2Fv2%2Fcategories&post=14807"},{"taxonomy":"post_tag","embeddable":true,"href":"http:\/\/www.lecarrefourdesopinions.ca\/index.php?rest_route=%2Fwp%2Fv2%2Ftags&post=14807"}],"curies":[{"name":"wp","href":"https:\/\/api.w.org\/{rel}","templated":true}]}}