{"id":14783,"date":"2018-04-07T09:02:34","date_gmt":"2018-04-07T13:02:34","guid":{"rendered":"http:\/\/www.lecarrefourdesopinions.ca\/?p=14783"},"modified":"2018-04-07T09:02:34","modified_gmt":"2018-04-07T13:02:34","slug":"a-nous-abbe-suger-ce-renvoi-nous-fait-peur","status":"publish","type":"post","link":"http:\/\/www.lecarrefourdesopinions.ca\/?p=14783","title":{"rendered":"A nous Abb\u00e9 SUGER, ce renvoi nous fait Peur."},"content":{"rendered":"<p align=\"CENTER\"><em><span style=\"color: #632423;\"><span style=\"font-family: 'Comic Sans MS';\"><span style=\"font-size: large;\">A nous Abb\u00e9 SUGER, ce renvoi nous fait Peur.<\/span><\/span><\/span><\/em><\/p>\n<p align=\"JUSTIFY\"><em><span style=\"color: #632423;\">\u00a0<\/span><\/em><\/p>\n<p align=\"JUSTIFY\"><span style=\"color: #632423;\"><span style=\"font-family: 'Comic Sans MS';\"><span style=\"font-size: large;\">Une Vague d\u2019Expulsions qui fait d\u00e9j\u00e0 des Vagues\u00a0:<\/span><\/span><\/span><\/p>\n<p align=\"JUSTIFY\"><span style=\"color: #632423;\">\u00a0<\/span><\/p>\n<p align=\"JUSTIFY\"><span style=\"color: #632423;\"><span style=\"font-family: 'Comic Sans MS';\"><span style=\"font-size: large;\">\u00ab\u00a0<\/span><\/span><\/span><em><span style=\"color: #632423;\"><span style=\"font-family: Arial, sans-serif;\"><span style=\"font-size: large;\">Il e\u00fbt mieux valu le Renvoi des Fran\u00e7ais\u2026<\/span><\/span><\/span><\/em><span style=\"color: #632423;\">\u00a0<\/span><span style=\"color: #632423;\"><span style=\"font-family: 'Comic Sans MS';\"><span style=\"font-size: large;\">\u00bb Regrettent d\u00e9j\u00e0 les Italiens.<\/span><\/span><\/span><\/p>\n<p><span style=\"color: #632423;\">\u00a0<img loading=\"lazy\" decoding=\"async\" class=\"alignnone size-full wp-image-14741\" title=\"Eric\" src=\"http:\/\/www.lecarrefourdesopinions.ca\/wp-content\/uploads\/2018\/03\/Eric1.jpg\" alt=\"\" width=\"134\" height=\"107\" \/><\/span><\/p>\n<p align=\"JUSTIFY\"><span style=\"color: #632423;\"><span style=\"font-family: 'Comic Sans MS';\"><span style=\"font-size: large;\">\u00c9ric EG Nogard<\/span><\/span><\/span><\/p>\n<p align=\"JUSTIFY\"><em><span style=\"color: #c00000;\"><span style=\"font-size: large;\">Chroniqueur<\/span><\/span><\/em><span style=\"color: #c00000;\"><span style=\"font-size: large;\">.<\/span><\/span><\/p>\n<p align=\"CENTER\">\n<p align=\"CENTER\"><span style=\"color: #632423;\"><span style=\"font-size: large;\">***\u00a0\u00a0\u00a0\u00a0 ***\u00a0\u00a0\u00a0\u00a0 ***<\/span><\/span><\/p>\n<p>&nbsp;<\/p>\n<p><em><span style=\"color: #000099;\"><span style=\"font-size: large;\">A nous Abb\u00e9 SUGER, ce renvoi nous fait Peur.<\/span><\/span><\/em><\/p>\n<p align=\"JUSTIFY\">\n<p align=\"JUSTIFY\">\n<p align=\"CENTER\"><img loading=\"lazy\" decoding=\"async\" class=\"alignnone size-medium wp-image-14784\" title=\"F1   A nous     Abb\u00e9\" src=\"http:\/\/www.lecarrefourdesopinions.ca\/wp-content\/uploads\/2018\/04\/F1-A-nous-Abb\u00e9-199x300.jpg\" alt=\"\" width=\"199\" height=\"300\" \/><\/p>\n<p align=\"CENTER\"><strong><span style=\"font-size: large;\">F1\u00a0: <\/span><\/strong><em><span style=\"color: #c00000;\"><span style=\"font-size: large;\">A nous\u00a0!&#8230;Abb\u00e9.<\/span><\/span><\/em><\/p>\n<p align=\"JUSTIFY\">\n<p align=\"JUSTIFY\">\n<p align=\"JUSTIFY\"><strong><span style=\"font-family: 'Comic Sans MS';\"><span style=\"font-size: large;\">Dire que nous doutons si peu que ce soit du Pr\u00e9sident Vladimir POUTINE en ce qu\u2019il entreprend serait grossier.<\/span><\/span><\/strong><\/p>\n<p align=\"JUSTIFY\">\n<p align=\"JUSTIFY\"><span style=\"font-family: 'Comic Sans MS';\"><span style=\"font-size: large;\">Le Pr\u00e9sident POUTINE justifiant \u00e0 nos yeux de l\u2019adage bien connu et auquel trop\u00a0 souvent on passe outre inconsid\u00e9r\u00e9ment.<\/span><\/span><\/p>\n<p align=\"JUSTIFY\">\n<p align=\"CENTER\"><span style=\"font-family: 'Comic Sans MS';\"><span style=\"font-size: large;\">\u00ab\u00a0<\/span><\/span><em><span style=\"font-family: 'Comic Sans MS';\"><span style=\"font-size: large;\">Mieux vaut un adversaire intelligent qu\u2019un ignorant ami<\/span><\/span><\/em><span style=\"font-family: 'Comic Sans MS';\"><span style=\"font-size: large;\">\u00a0\u00bb.<\/span><\/span><\/p>\n<p align=\"JUSTIFY\">\n<p align=\"JUSTIFY\">\n<p align=\"JUSTIFY\">\n<p align=\"JUSTIFY\"><strong><span style=\"font-size: large;\">Monsieur POUTINE a selon nous toutes les qualit\u00e9s, toutes les ressources que r\u00e9clament les Charges et les obligations qui sont les siennes, et il est certainement davantage Pro-Europ\u00e9en que ne le croit l\u2019Europe.<\/span><\/strong><\/p>\n<p align=\"JUSTIFY\"><strong>\u00a0<\/strong><\/p>\n<p align=\"CENTER\"><strong>\u00a0<img loading=\"lazy\" decoding=\"async\" class=\"alignnone size-medium wp-image-14785\" title=\"F2   Davantage Pro Europeen  Que ne le croit l Europe\" src=\"http:\/\/www.lecarrefourdesopinions.ca\/wp-content\/uploads\/2018\/04\/F2-Davantage-Pro-Europeen-Que-ne-le-croit-l-Europe-300x202.jpg\" alt=\"\" width=\"300\" height=\"202\" srcset=\"http:\/\/www.lecarrefourdesopinions.ca\/wp-content\/uploads\/2018\/04\/F2-Davantage-Pro-Europeen-Que-ne-le-croit-l-Europe-300x202.jpg 300w, http:\/\/www.lecarrefourdesopinions.ca\/wp-content\/uploads\/2018\/04\/F2-Davantage-Pro-Europeen-Que-ne-le-croit-l-Europe-1024x690.jpg 1024w, http:\/\/www.lecarrefourdesopinions.ca\/wp-content\/uploads\/2018\/04\/F2-Davantage-Pro-Europeen-Que-ne-le-croit-l-Europe-400x269.jpg 400w, http:\/\/www.lecarrefourdesopinions.ca\/wp-content\/uploads\/2018\/04\/F2-Davantage-Pro-Europeen-Que-ne-le-croit-l-Europe.jpg 1150w\" sizes=\"auto, (max-width: 300px) 100vw, 300px\" \/><\/strong><\/p>\n<p align=\"CENTER\"><strong><span style=\"font-size: large;\">F2\u00a0: <\/span><\/strong><em><span style=\"color: #c00000;\"><span style=\"font-size: large;\">Davantage Pro-Europ\u00e9en<\/span><\/span><\/em><\/p>\n<p align=\"CENTER\"><em><span style=\"color: #c00000;\"><span style=\"font-size: large;\">Que ne le croit l\u2019Europe.<\/span><\/span><\/em><\/p>\n<p align=\"JUSTIFY\">\n<p align=\"JUSTIFY\">\n<p align=\"JUSTIFY\"><span style=\"font-size: large;\">Cependant, est-ce l\u00e2chet\u00e9 ou manque de confiance que d\u2019avoir peur dans la travers\u00e9e d\u2019un Champ de Mines.<\/span><\/p>\n<p align=\"JUSTIFY\">\n<p align=\"JUSTIFY\"><span style=\"font-size: large;\">Nous ne sommes pas l\u00e2ches, cependant, nous avons peur.<\/span><\/p>\n<p align=\"JUSTIFY\">\n<p align=\"JUSTIFY\"><span style=\"font-size: large;\">C\u2019est pourquoi nous invoquons SUGER (1880-1151), Abb\u00e9 de Saint Denis, qui s\u2019opposa tant qu\u2019il put au renvoi de son Premier Lit d\u2019Ali\u00e9nor d\u2019Aquitaine\u2026 et la Guerre de Cent Ans vint nous dire pourquoi.<\/span><\/p>\n<p align=\"JUSTIFY\">\n<p align=\"CENTER\">\u00a0<img loading=\"lazy\" decoding=\"async\" class=\"alignnone size-large wp-image-14786\" title=\"F3   La Pomme de Discorde\" src=\"http:\/\/www.lecarrefourdesopinions.ca\/wp-content\/uploads\/2018\/04\/F3-La-Pomme-de-Discorde-1024x572.jpg\" alt=\"\" width=\"450\" height=\"251\" \/><\/p>\n<p align=\"CENTER\"><strong><span style=\"font-size: large;\">F3\u00a0: <\/span><\/strong><em><span style=\"color: #c00000;\"><span style=\"font-size: large;\">La Pomme de Discorde\u00a0?<\/span><\/span><\/em><\/p>\n<p align=\"JUSTIFY\">\n<p align=\"JUSTIFY\">\n<p align=\"JUSTIFY\">\n<p align=\"JUSTIFY\"><strong><span style=\"font-size: large;\">Venons-en \u00e0 l\u2019objet de nos pr\u00e9occupations, le renvoi collectif des Diplomates Russes et la Loi du Talion qui en est r\u00e9sult\u00e9e tant \u00e0 l\u2019encontre de l\u2019Angleterre qu\u2019aux d\u00e9pens des \u00c9tats qui lui ont apport\u00e9 leur soutien dans l\u2019Affaire d\u2019Empoisonnement d\u2019Espions en territoire Anglais.<\/span><\/strong><\/p>\n<p align=\"JUSTIFY\">\n<p align=\"CENTER\">\u00a0<img loading=\"lazy\" decoding=\"async\" class=\"alignnone size-medium wp-image-14787\" title=\"F4   Jet de la Premiere Pierre\" src=\"http:\/\/www.lecarrefourdesopinions.ca\/wp-content\/uploads\/2018\/04\/F4-Jet-de-la-Premiere-Pierre-300x201.jpg\" alt=\"\" width=\"300\" height=\"201\" \/><\/p>\n<p align=\"CENTER\"><strong><span style=\"font-size: large;\">F4\u00a0: <\/span><\/strong><em><span style=\"color: #c00000;\"><span style=\"font-size: large;\">Jet de la Premi\u00e8re Pierre\u00a0?<\/span><\/span><\/em><\/p>\n<p align=\"JUSTIFY\">\n<p align=\"JUSTIFY\">\n<p align=\"JUSTIFY\"><span style=\"font-size: large;\">\u0152il pour \u0152il et dent pour dent envers \u00ab\u00a0celui par qui est jet\u00e9e la Premi\u00e8re Pierre\u00a0\u00bb\u2026 cela se con\u00e7oit, on peut ais\u00e9ment le concevoir.<\/span><\/p>\n<p align=\"JUSTIFY\">\n<p align=\"JUSTIFY\"><span style=\"font-size: large;\">\u0152il pour \u0152il et dent pour dent \u00e0 l\u2019encontre de tous ceux qui lui ont t\u00e9moign\u00e9 leur Solidarit\u00e9\u2026 il convient d\u2019y regarder \u00e0 deux fois plut\u00f4t qu\u2019une.<\/span><\/p>\n<p align=\"JUSTIFY\">\n<p align=\"CENTER\"><img loading=\"lazy\" decoding=\"async\" class=\"alignnone size-full wp-image-14788\" title=\"F5   En raison de quels Liens\" src=\"http:\/\/www.lecarrefourdesopinions.ca\/wp-content\/uploads\/2018\/04\/F5-En-raison-de-quels-Liens.jpg\" alt=\"\" width=\"569\" height=\"246\" \/><\/p>\n<p align=\"CENTER\"><strong><span style=\"font-size: large;\">F5\u00a0: <\/span><\/strong><em><span style=\"color: #c00000;\"><span style=\"font-size: large;\">En raison de quels Liens\u00a0?<\/span><\/span><\/em><\/p>\n<p align=\"JUSTIFY\">\n<p align=\"JUSTIFY\"><span style=\"font-family: Symbol;\"><span style=\"font-size: large;\">\u00b7<\/span><\/span><span style=\"font-family: Symbol;\"><span style=\"font-size: large;\">\u00a0\u00a0\u00a0\u00a0\u00a0\u00a0\u00a0 <\/span><\/span><span style=\"font-size: large;\">Le <\/span><em><span style=\"font-family: Arial, sans-serif;\"><span style=\"font-size: large;\">Common-Wealth<\/span><\/span><\/em> <span style=\"font-size: large;\">Britannique n\u2019avait-il pas pr\u00e9vu cette Solidarit\u00e9 inconditionnelle entre ses Partenaires\u2026 et l\u2019Australie, le Canada ne s\u2019y seraient-ils pas soumis pour n\u2019\u00eatre pas F\u00e9lons envers la Grande-Bretagne.<\/span><\/p>\n<p align=\"JUSTIFY\">\n<p align=\"JUSTIFY\"><span style=\"font-size: large;\">D\u00e8s-lors, m\u00e9riteraient-ils de subir le Talion dans toute sa Rigueur.<\/span><\/p>\n<p align=\"JUSTIFY\">\n<p align=\"JUSTIFY\"><span style=\"font-size: large;\">La Russie \u2013 quelque part \u2013 ne se trouverait-elle pas engag\u00e9e \u00e0 consid\u00e9rer ces cas particuliers.<\/span><\/p>\n<p align=\"JUSTIFY\">\n<p align=\"JUSTIFY\"><span style=\"font-family: Symbol;\"><span style=\"font-size: large;\">\u00b7<\/span><\/span><span style=\"font-family: Symbol;\"><span style=\"font-size: large;\">\u00a0\u00a0\u00a0\u00a0\u00a0\u00a0\u00a0 <\/span><\/span><span style=\"font-size: large;\">Le Royaume-Uni et les USA, depuis la Guerre d\u2019Ind\u00e9pendance, n\u2019auraient-ils pas toujours entretenu des Relations visc\u00e9rales telles que seuls les Jumeaux peuvent les d\u00e9velopper.<\/span><\/p>\n<p align=\"JUSTIFY\">\n<p align=\"JUSTIFY\"><span style=\"font-size: large;\">A contrec\u0153ur ou pas, que pouvaient les USA devant la d\u00e9termination l\u00e9gitime ou non de Madame Theresa MAY.<\/span><\/p>\n<p align=\"JUSTIFY\">\n<p align=\"JUSTIFY\"><span style=\"font-size: large;\">La Russie \u2013 quelque part \u2013 devrait en tenir compte.<\/span><\/p>\n<p align=\"JUSTIFY\">\n<p align=\"CENTER\">\u00a0<img loading=\"lazy\" decoding=\"async\" class=\"alignnone size-full wp-image-14789\" title=\"6   Une Probabilite serait elle une Preuve   Une explication   si plausible soit elle   aurait elle valeur de Verite Absolue\" src=\"http:\/\/www.lecarrefourdesopinions.ca\/wp-content\/uploads\/2018\/04\/6-Une-Probabilite-serait-elle-une-Preuve-Une-explication-si-plausible-soit-elle-aurait-elle-valeur-de-Verite-Absolue.jpg\" alt=\"\" width=\"677\" height=\"415\" \/><\/p>\n<p align=\"CENTER\"><strong><span style=\"font-size: large;\">F6\u00a0: <\/span><\/strong><em><span style=\"color: #c00000;\"><span style=\"font-size: large;\">Une Probabilit\u00e9 serait-elle une Preuve.<\/span><\/span><\/em><\/p>\n<p align=\"CENTER\"><em><span style=\"color: #c00000;\"><span style=\"font-size: large;\">Une explication \u2013 si plausible soit-elle \u2013 aurait-elle valeur de V\u00e9rit\u00e9 Absolue.<\/span><\/span><\/em><\/p>\n<p align=\"JUSTIFY\">\n<p align=\"JUSTIFY\">\n<p align=\"JUSTIFY\"><span style=\"font-family: Symbol;\"><span style=\"font-size: large;\">\u00b7<\/span><\/span><span style=\"font-family: Symbol;\"><span style=\"font-size: large;\">\u00a0\u00a0\u00a0\u00a0\u00a0\u00a0\u00a0 <\/span><\/span><span style=\"font-size: large;\">Quant aux autres, ces envenimeurs de situation, sous Mille et un Pr\u00e9textes cachant une inavouable Raison\u2026<\/span><\/p>\n<p align=\"JUSTIFY\">\n<p align=\"JUSTIFY\"><span style=\"font-size: large;\">Le Temps ne tardera pas \u00e0 nous dire <\/span><em><span style=\"font-family: Arial, sans-serif;\"><span style=\"font-size: large;\">Who was Right and Who was Wrong<\/span><\/span><\/em><span style=\"font-size: large;\">.<\/span><\/p>\n<p align=\"JUSTIFY\">\n<p align=\"JUSTIFY\"><span style=\"font-size: large;\">Nous en sommes aux hypoth\u00e8ses, aux suppositions, pas encore aux preuves positives et certaines.<\/span><\/p>\n<p align=\"JUSTIFY\">\n<p align=\"JUSTIFY\"><span style=\"font-size: large;\">Fouillons donc et b\u00eachons comme nous l\u2019e\u00fbt sugg\u00e9r\u00e9 le bon vieux Paysan \u00e0 ses Enfants, selon le Fabuliste.<\/span><\/p>\n<p align=\"JUSTIFY\">\n<p align=\"CENTER\"><img loading=\"lazy\" decoding=\"async\" class=\"alignnone size-full wp-image-14790\" title=\"F7   Fouillez mieux  bechez encore  ne laissez nulle place     Eut dit le Paysan a ses Enfants\" src=\"http:\/\/www.lecarrefourdesopinions.ca\/wp-content\/uploads\/2018\/04\/F7-Fouillez-mieux-bechez-encore-ne-laissez-nulle-place-Eut-dit-le-Paysan-a-ses-Enfants.jpg\" alt=\"\" width=\"851\" height=\"352\" \/><\/p>\n<p align=\"CENTER\"><strong><span style=\"font-size: large;\">F7\u00a0: <\/span><\/strong><em><span style=\"color: #c00000;\"><span style=\"font-size: large;\">Fouillez mieux, b\u00eachez encore, ne laissez nulle place\u2026<\/span><\/span><\/em><\/p>\n<p align=\"CENTER\"><em><span style=\"color: #c00000;\"><span style=\"font-size: large;\">E\u00fbt dit le Paysan \u00e0 ses Enfants.<\/span><\/span><\/em><\/p>\n<p align=\"JUSTIFY\">\n<p align=\"JUSTIFY\">\n<p align=\"JUSTIFY\"><strong><span style=\"font-size: large;\">Donc,<\/span><\/strong><\/p>\n<p align=\"JUSTIFY\">\n<p align=\"JUSTIFY\"><span style=\"font-size: large;\">Le Royaume-Uni, le <\/span><em><span style=\"font-family: Arial, sans-serif;\"><span style=\"font-size: large;\">Common-wealth<\/span><\/span><\/em> <span style=\"font-size: large;\">Britannique, les USA et les autres.<\/span><\/p>\n<p align=\"JUSTIFY\">\n<p align=\"JUSTIFY\"><span style=\"font-size: large;\">M\u00e9ritent-ils \u00e9galement les Rigueurs du Talion qui r\u00e9clame un \u0152il pour \u0152il de perdu, une Dent pour Dent d\u2019\u00e9br\u00e9ch\u00e9e.<\/span><\/p>\n<p align=\"JUSTIFY\">\n<p align=\"CENTER\"><img loading=\"lazy\" decoding=\"async\" class=\"alignnone size-medium wp-image-14791\" title=\"F8   A chacun selon ses merites et ses torts\" src=\"http:\/\/www.lecarrefourdesopinions.ca\/wp-content\/uploads\/2018\/04\/F8-A-chacun-selon-ses-merites-et-ses-torts-300x164.jpg\" alt=\"\" width=\"300\" height=\"164\" \/><\/p>\n<p align=\"CENTER\"><strong><span style=\"font-size: large;\">F8\u00a0: <\/span><\/strong><em><span style=\"color: #c00000;\"><span style=\"font-size: large;\">A chacun selon ses m\u00e9rites et ses torts\u00a0!..<\/span><\/span><\/em><\/p>\n<p align=\"CENTER\">\n<p align=\"JUSTIFY\">\n<p align=\"JUSTIFY\"><strong><span style=\"font-family: 'Comic Sans MS';\"><span style=\"font-size: large;\">Et d\u2019ailleurs, et par-dessus tout.<\/span><\/span><\/strong><\/p>\n<p align=\"JUSTIFY\">\n<p align=\"JUSTIFY\"><span style=\"font-family: 'Comic Sans MS';\"><span style=\"font-size: large;\">Un R\u00e8glement de Compte \u00a0comportant moins de risques, eu \u00e9gard au Contexte plus explosif que jamais\u2026 serait-il \u00e0 ce point hors de port\u00e9e de ceux qui nous dirigent. <\/span><\/span><\/p>\n<p align=\"JUSTIFY\">\n<p align=\"JUSTIFY\"><span style=\"font-family: 'Comic Sans MS';\"><span style=\"font-size: large;\">N\u2019est-il pas temps d\u2019y penser\u2026 ne le devrions-nous pas.<\/span><\/span><\/p>\n<p align=\"JUSTIFY\">\n<p align=\"JUSTIFY\"><span style=\"font-family: 'Comic Sans MS';\"><span style=\"font-size: large;\">Ou faute de le pouvoir, ne devrions-nous pas recourir \u00e0 l\u2019esprit conciliateur du vieil Abb\u00e9 SUGER dans ce renvoi \u00e0 tout-va qui nous fait peur, des Diplomates de tous ces Camps pourtant si proches les Uns des Autres et en besoin d\u2019Union.<\/span><\/span><\/p>\n<p align=\"JUSTIFY\">\n<p align=\"JUSTIFY\"><strong><span style=\"font-family: 'Comic Sans MS';\"><span style=\"font-size: large;\">Voulons-nous d\u2019une Nouvelle Guerre de Cent Ans, quand l\u2019Arme Nucl\u00e9aire ne nous le permettrait pas.<\/span><\/span><\/strong><\/p>\n<p align=\"JUSTIFY\">\n<p align=\"JUSTIFY\"><span style=\"font-size: large;\">\u00c9ric EG Nogard<\/span><\/p>\n<p align=\"JUSTIFY\"><em><span style=\"color: #c00000;\"><span style=\"font-size: large;\">Chroniqueur<\/span><\/span><\/em><span style=\"color: #c00000;\"><span style=\"font-size: large;\">.<\/span><\/span><\/p>\n<p align=\"JUSTIFY\"><span style=\"color: #c00000;\">\u00a0<\/span><\/p>\n<p align=\"CENTER\"><strong><span style=\"font-size: large;\">***\u00a0\u00a0\u00a0\u00a0 ***\u00a0\u00a0\u00a0\u00a0 ***<\/span><\/strong><\/p>\n<p align=\"CENTER\"><strong>\u00a0<\/strong><\/p>\n<p align=\"CENTER\"><strong><span style=\"color: #ff0000;\">Ne Peut \u00eatre reproduit &#8211; m\u00eame partiellement &#8211;\u00a0 sans l\u2019autorisation de l\u2019Auteur.<\/span><\/strong><\/p>\n<p align=\"CENTER\"><strong>\u00a0<\/strong><\/p>\n<p align=\"CENTER\"><strong><span style=\"font-size: large;\">***\u00a0\u00a0\u00a0\u00a0 ***\u00a0\u00a0\u00a0\u00a0 ***<\/span><\/strong><\/p>\n<p align=\"CENTER\">\n<p align=\"CENTER\"><strong><span style=\"color: #ff0000;\"><span style=\"font-size: large;\">Nota : <\/span><\/span><\/strong><span style=\"color: #000000;\"><span style=\"font-size: large;\">Nous ne traitons que de Faits et de Noms rendus Publics.<\/span><\/span><\/p>\n<p align=\"CENTER\"><span style=\"color: #000000;\">\u00a0<\/span><\/p>\n<p align=\"CENTER\"><span style=\"color: #000000;\"><span style=\"font-size: large;\">***\u00a0\u00a0\u00a0\u00a0 ***\u00a0\u00a0\u00a0\u00a0 ***<\/span><\/span><\/p>\n<p align=\"JUSTIFY\">\n<p align=\"JUSTIFY\"><strong><span style=\"text-decoration: underline;\">Liens Sugg\u00e9r\u00e9s\u00a0:<\/span><\/strong><\/p>\n<ul type=\"DISC\">\n<li>\n<p align=\"JUSTIFY\"><a href=\"http:\/\/www.etatsgenerauxdeloutremer.fr\/reflexions\">http:\/\/www.etatsgenerauxdeloutremer.fr\/reflexions<\/a><\/p>\n<\/li>\n<\/ul>\n<p align=\"CENTER\">\n<script type=\"text\/javascript\">\n\nvar addthis_config = {\"data_track_clickback\":false,\"data_track_addressbar\":false,\"data_track_textcopy\":false};\n<\/script><script type=\"text\/javascript\" src=\"\/\/s7.addthis.com\/js\/250\/addthis_widget.js#pubid=a457a6d63fb9e6ccabdde4110343bd85\"><\/script>","protected":false},"excerpt":{"rendered":"<p align=\"CENTER\"><span style=\"color: #632423;\"><span style=\"font-family: 'Comic Sans MS';\"><span style=\"font-size: large;\">A nous Abb\u00e9 SUGER, ce renvoi nous fait Peur.<\/span><\/span><\/span><\/p>\n<p align=\"JUSTIFY\"><span style=\"color: #632423;\">\u00a0<\/span><\/p>\n<p align=\"JUSTIFY\"><span style=\"color: #632423;\"><span style=\"font-family: 'Comic Sans MS';\"><span style=\"font-size: large;\">Une Vague d\u2019Expulsions qui fait d\u00e9j\u00e0 des Vagues\u00a0:<\/span><\/span><\/span><\/p>\n<p align=\"JUSTIFY\"><span style=\"color: #632423;\">\u00a0<\/span><\/p>\n<p align=\"JUSTIFY\"><span style=\"color: #632423;\"><span style=\"font-family: 'Comic Sans MS';\"><span style=\"font-size: large;\">\u00ab\u00a0<\/span><\/span><\/span><span style=\"color: #632423;\"><span style=\"font-family: Arial, sans-serif;\"><span style=\"font-size: large;\">Il e\u00fbt mieux valu le Renvoi des Fran\u00e7ais\u2026<\/span><\/span><\/span><span style=\"color: #632423;\">\u00a0<\/span><span style=\"color: #632423;\"><span style=\"font-family: 'Comic Sans MS';\"><span style=\"font-size: large;\">\u00bb Regrettent d\u00e9j\u00e0 les Italiens.<\/span><\/span><\/span><\/p>\n<p><span style=\"color: #632423;\">\u00a0<\/span><\/p>\n<p align=\"JUSTIFY\"><span style=\"color: #632423;\"><span style=\"font-family: 'Comic Sans MS';\"><span style=\"font-size: large;\">\u00c9ric EG Nogard<\/span><\/span><\/span><\/p>\n<p align=\"JUSTIFY\"><span style=\"color: #c00000;\"><span style=\"font-size: large;\">Chroniqueur<\/span><\/span><span style=\"color: #c00000;\"><span style=\"font-size: large;\">.<\/span><\/span>&hellip;<\/p>\n","protected":false},"author":1,"featured_media":0,"comment_status":"open","ping_status":"open","sticky":false,"template":"","format":"standard","meta":{"footnotes":""},"categories":[1],"tags":[],"class_list":["post-14783","post","type-post","status-publish","format-standard","hentry","category-accueil"],"_links":{"self":[{"href":"http:\/\/www.lecarrefourdesopinions.ca\/index.php?rest_route=\/wp\/v2\/posts\/14783","targetHints":{"allow":["GET"]}}],"collection":[{"href":"http:\/\/www.lecarrefourdesopinions.ca\/index.php?rest_route=\/wp\/v2\/posts"}],"about":[{"href":"http:\/\/www.lecarrefourdesopinions.ca\/index.php?rest_route=\/wp\/v2\/types\/post"}],"author":[{"embeddable":true,"href":"http:\/\/www.lecarrefourdesopinions.ca\/index.php?rest_route=\/wp\/v2\/users\/1"}],"replies":[{"embeddable":true,"href":"http:\/\/www.lecarrefourdesopinions.ca\/index.php?rest_route=%2Fwp%2Fv2%2Fcomments&post=14783"}],"version-history":[{"count":1,"href":"http:\/\/www.lecarrefourdesopinions.ca\/index.php?rest_route=\/wp\/v2\/posts\/14783\/revisions"}],"predecessor-version":[{"id":14792,"href":"http:\/\/www.lecarrefourdesopinions.ca\/index.php?rest_route=\/wp\/v2\/posts\/14783\/revisions\/14792"}],"wp:attachment":[{"href":"http:\/\/www.lecarrefourdesopinions.ca\/index.php?rest_route=%2Fwp%2Fv2%2Fmedia&parent=14783"}],"wp:term":[{"taxonomy":"category","embeddable":true,"href":"http:\/\/www.lecarrefourdesopinions.ca\/index.php?rest_route=%2Fwp%2Fv2%2Fcategories&post=14783"},{"taxonomy":"post_tag","embeddable":true,"href":"http:\/\/www.lecarrefourdesopinions.ca\/index.php?rest_route=%2Fwp%2Fv2%2Ftags&post=14783"}],"curies":[{"name":"wp","href":"https:\/\/api.w.org\/{rel}","templated":true}]}}