{"id":14771,"date":"2018-04-05T13:13:28","date_gmt":"2018-04-05T17:13:28","guid":{"rendered":"http:\/\/www.lecarrefourdesopinions.ca\/?p=14771"},"modified":"2018-04-05T13:13:28","modified_gmt":"2018-04-05T17:13:28","slug":"se-plonger-davantage-dans-le-noir-des-tenebres","status":"publish","type":"post","link":"http:\/\/www.lecarrefourdesopinions.ca\/?p=14771","title":{"rendered":"Se plonger davantage, dans le noir des t\u00e9n\u00e8bres."},"content":{"rendered":"<p align=\"CENTER\"><em><span style=\"color: #632423;\"><span style=\"font-family: 'Comic Sans MS';\"><span style=\"font-size: large;\">Se plonger davantage, dans le noir des t\u00e9n\u00e8bres.<\/span><\/span><\/span><\/em><\/p>\n<p align=\"JUSTIFY\">\n<p align=\"JUSTIFY\"><img loading=\"lazy\" decoding=\"async\" class=\"alignnone size-full wp-image-14741\" title=\"Eric\" src=\"http:\/\/www.lecarrefourdesopinions.ca\/wp-content\/uploads\/2018\/03\/Eric1.jpg\" alt=\"\" width=\"134\" height=\"107\" \/><\/p>\n<p align=\"JUSTIFY\"><span style=\"color: #632423;\">\u00a0<span style=\"font-size: large;\">\u00c9ric EG Nogard<\/span><\/span><\/p>\n<p align=\"JUSTIFY\"><span style=\"color: #632423;\"><em><span style=\"color: #c00000;\"><span style=\"font-size: large;\">Chroniqueur<\/span><\/span><\/em><span style=\"color: #c00000;\"><span style=\"font-size: large;\">.<\/span><\/span><\/span><\/p>\n<p align=\"JUSTIFY\"><span style=\"color: #632423;\"><span style=\"font-family: 'Comic Sans MS';\"><span style=\"font-size: large;\">\u00ab\u00a0<\/span><\/span><\/span><em><span style=\"color: #580000;\"><span style=\"font-family: 'Comic Sans MS';\"><span style=\"font-size: large;\">Souvent les gens ne veulent pas voir, entendre et parler de la v\u00e9rit\u00e9 parce qu\u2019ils ne veulent pas que leurs illusions soient d\u00e9truites.<\/span><\/span><\/span><\/em><span style=\"color: #632423;\">\u00a0<\/span><span style=\"color: #632423;\"><span style=\"font-family: 'Comic Sans MS';\"><span style=\"font-size: large;\">\u00bb<\/span><\/span><\/span><\/p>\n<p align=\"JUSTIFY\"><span style=\"color: #632423;\"><span style=\"font-family: 'Comic Sans MS';\"><span style=\"font-size: large;\">Friedrich W. Nietzsche (1844-1900)<\/span><\/span><\/span><\/p>\n<p align=\"JUSTIFY\"><em><span style=\"color: #632423;\">\u00a0<\/span><\/em><\/p>\n<p align=\"JUSTIFY\"><em><span style=\"color: #632423;\">\u00a0<\/span><\/em><\/p>\n<p align=\"CENTER\"><em><span style=\"color: #632423;\"><img loading=\"lazy\" decoding=\"async\" class=\"alignnone size-medium wp-image-14772\" title=\"F1   Ou qu un effet miroir les renvoie a eux-m\u00eames   Comme eut pu dire Zarathoustra\" src=\"http:\/\/www.lecarrefourdesopinions.ca\/wp-content\/uploads\/2018\/04\/F1-Ou-qu-un-effet-miroir-les-renvoie-a-eux-m\u00eames-Comme-eut-pu-dire-Zarathoustra-300x192.jpg\" alt=\"\" width=\"300\" height=\"192\" \/>\u00a0<\/span><\/em><\/p>\n<p align=\"CENTER\"><strong><span style=\"font-size: large;\">F1\u00a0: <\/span><\/strong><em><span style=\"color: #c00000;\"><span style=\"font-size: large;\">Ou qu\u2019un effet miroir les renvoie \u00e0 eux-m\u00eames,<\/span><\/span><\/em><\/p>\n<p align=\"CENTER\"><em><span style=\"color: #c00000;\"><span style=\"font-size: large;\">Comme e\u00fbt pu dire Zarathoustra.<\/span><\/span><\/em><\/p>\n<p align=\"JUSTIFY\"><em><span style=\"color: #632423;\">\u00a0<\/span><\/em><\/p>\n<p align=\"CENTER\">\n<p align=\"CENTER\"><span style=\"color: #632423;\"><span style=\"font-size: large;\">***\u00a0\u00a0\u00a0\u00a0 ***\u00a0\u00a0\u00a0\u00a0 ***<\/span><\/span><\/p>\n<p>&nbsp;<\/p>\n<p align=\"JUSTIFY\"><em><span style=\"color: #000099;\"><span style=\"font-size: large;\">Se plonger davantage, dans le noir des t\u00e9n\u00e8bres.<\/span><\/span><\/em><\/p>\n<p align=\"JUSTIFY\"><span style=\"color: #000099;\">\u00a0<\/span><\/p>\n<p align=\"JUSTIFY\"><span style=\"color: #000099;\">\u00a0<\/span><\/p>\n<p align=\"CENTER\"><img loading=\"lazy\" decoding=\"async\" class=\"alignnone size-medium wp-image-14773\" title=\"F2   Sigmund FREUD pourrait nous l expliquer\" src=\"http:\/\/www.lecarrefourdesopinions.ca\/wp-content\/uploads\/2018\/04\/F2-Sigmund-FREUD-pourrait-nous-l-expliquer-300x200.jpg\" alt=\"\" width=\"300\" height=\"200\" \/><\/p>\n<p align=\"CENTER\">\n<p align=\"CENTER\"><strong><span style=\"font-size: large;\">F2\u00a0: <\/span><\/strong><em><span style=\"color: #c00000;\"><span style=\"font-size: large;\">Sigmund FREUD pourrait nous l\u2019expliquer.<\/span><\/span><\/em><\/p>\n<p align=\"JUSTIFY\"><span style=\"color: #000099;\">\u00a0<\/span><\/p>\n<p align=\"JUSTIFY\"><span style=\"color: #000099;\">\u00a0<\/span><\/p>\n<p align=\"JUSTIFY\"><strong><span style=\"font-family: 'Comic Sans MS';\"><span style=\"font-size: large;\">Sigmund FREUD pourrait certainement nous l\u2019expliquer, mais o\u00f9 est-il pass\u00e9, il n\u2019est plus l\u00e0, et personne pour le faire \u00e0 sa place.<\/span><\/span><\/strong><\/p>\n<p align=\"JUSTIFY\">\n<p align=\"JUSTIFY\"><span style=\"font-family: 'Comic Sans MS';\"><span style=\"font-size: large;\">Pourquoi d\u00e9veloppons-nous cette tendance \u00e0 nous cacher les choses, et m\u00eame \u00e0 nous d\u00e9tourner de notre\u00a0 propre miroir.<\/span><\/span><\/p>\n<p align=\"JUSTIFY\">\n<p align=\"JUSTIFY\"><span style=\"font-family: 'Comic Sans MS';\"><span style=\"font-size: large;\">Rec\u00e9lerions-nous dans notre ADN ou dans l\u2019un ou l\u2019autre de nos tractus, un tropisme qui nous forcerait \u00e0 travestir les faits, voire \u00e0 les escamoter comme si nous manquions d\u2019aptitude \u00e0 les regarder en face pour mieux les appr\u00e9hender et les r\u00e9soudre \u00e9ventuellement.<\/span><\/span><\/p>\n<p align=\"JUSTIFY\">\n<p align=\"JUSTIFY\">\n<p align=\"JUSTIFY\"><strong><span style=\"font-family: 'Comic Sans MS';\"><span style=\"font-size: large;\">Ainsi.<\/span><\/span><\/strong><\/p>\n<p align=\"JUSTIFY\">\n<p align=\"JUSTIFY\">\n<p align=\"JUSTIFY\"><strong><span style=\"font-size: large;\">Ne dit-on pas qu\u2019il \u00e9tait d\u2019usage qu\u2019on fasse \u00ab\u00a0un visage\u00a0\u00bb aux d\u00e9linquants pour qu\u2019ils aient aux yeux du monde \u00ab\u00a0le faci\u00e8s de leur \u00e9tat\u00a0\u00bb.<\/span><\/strong><\/p>\n<p align=\"JUSTIFY\">\n<p align=\"CENTER\"><img loading=\"lazy\" decoding=\"async\" class=\"alignnone size-medium wp-image-14774\" title=\"F3   Se faire   Faire un Visage\" src=\"http:\/\/www.lecarrefourdesopinions.ca\/wp-content\/uploads\/2018\/04\/F3-Se-faire-Faire-un-Visage-300x144.jpg\" alt=\"\" width=\"300\" height=\"144\" \/><\/p>\n<p align=\"CENTER\"><strong><span style=\"font-size: large;\">F3\u00a0: <\/span><\/strong><em><span style=\"color: #c00000;\"><span style=\"font-size: large;\">Se faire \u00ab\u00a0Faire un Visage\u00a0\u00bb.<\/span><\/span><\/em><\/p>\n<p align=\"CENTER\">\n<p align=\"JUSTIFY\">\n<p align=\"JUSTIFY\"><span style=\"font-size: large;\">Et puis, n\u2019en est-on pas venu \u00e0 ne plus indiquer dans les M\u00e9dias le Nom des Malandrins, au pr\u00e9texte qu\u2019ils \u00e9taient pr\u00e9sum\u00e9s, non Coupables \u2013 sur quel fondement en seraient-ils arriv\u00e9s l\u00e0 \u2013 donc pr\u00e9sum\u00e9s innocents, que leurs initiales devaient suffire, m\u00eame si elles comportaient <\/span><em><span style=\"font-family: Arial, sans-serif;\"><span style=\"font-size: large;\">the risk of misdirecting to the misdoer<\/span><\/span><\/em><span style=\"font-size: large;\">.<\/span><\/p>\n<p align=\"JUSTIFY\">\n<p align=\"JUSTIFY\"><span style=\"font-size: large;\">Pour enfin \u2013 en esp\u00e9rant avoir cette fois touch\u00e9 le fond de l\u2019\u00e9trange \u2013 r\u00e9clamer la prohibition de toute information (portrait comme identit\u00e9) concernant les Assassins, car il conviendrait d\u2019y voir un moyen s\u00fbr et certain d\u2019en faire des H\u00e9ros, de les Couvrir d\u2019\u00c9loges, de leur assurer la meilleure des Publicit\u00e9s.<\/span><\/p>\n<p align=\"JUSTIFY\">\n<p align=\"JUSTIFY\">\n<p align=\"JUSTIFY\"><strong><span style=\"font-size: large;\">Aurions-nous \u00e0 ce point d\u00e9gringol\u00e9 ou culbut\u00e9 sens dessus-dessous, pour faire d\u2019un Criminel Notoire un <\/span><\/strong><em><span style=\"font-family: Arial, sans-serif;\"><span style=\"font-size: large;\">Fra Diavolo<\/span><\/span><\/em><strong> <\/strong><strong><span style=\"font-size: large;\">en chair et en os, ou l\u2019Ars\u00e8ne LUPIN d\u2019un Maurice LEBLANC, pour l\u2019avoir vu, pour en avoir entendu parler par la Presse \u00c9crite, Parl\u00e9e ou Num\u00e9ris\u00e9e.<\/span><\/strong><\/p>\n<p align=\"JUSTIFY\">\n<p align=\"CENTER\">\u00a0\u00a0\u00a0\u00a0\u00a0\u00a0\u00a0\u00a0\u00a0\u00a0\u00a0\u00a0<img loading=\"lazy\" decoding=\"async\" class=\"alignnone size-medium wp-image-14775\" title=\"F4   Fra  DIAVOLO  Le Gibelin d Italie\" src=\"http:\/\/www.lecarrefourdesopinions.ca\/wp-content\/uploads\/2018\/04\/F4-Fra-DIAVOLO-Le-Gibelin-d-Italie-206x300.jpg\" alt=\"\" width=\"206\" height=\"300\" \/><\/p>\n<p align=\"CENTER\"><strong><span style=\"font-size: large;\">F4\u00a0: <\/span><\/strong><em><span style=\"color: #c00000;\"><span style=\"font-size: large;\">Fra\u2019 DIAVOLO <\/span><\/span><\/em><\/p>\n<p align=\"CENTER\"><em><span style=\"color: #c00000;\"><span style=\"font-size: large;\">Le Gibelin d\u2019Italie.<\/span><\/span><\/em><\/p>\n<p align=\"JUSTIFY\">\n<p align=\"JUSTIFY\">\n<p align=\"JUSTIFY\"><em><span style=\"font-size: large;\">Ou Alors.<\/span><\/em><\/p>\n<p align=\"JUSTIFY\">\n<p align=\"CENTER\"><img loading=\"lazy\" decoding=\"async\" class=\"alignnone size-medium wp-image-14776\" title=\"F5  Arsene LUPIN  Le Gentleman Cambrioleur\" src=\"http:\/\/www.lecarrefourdesopinions.ca\/wp-content\/uploads\/2018\/04\/F5-Arsene-LUPIN-Le-Gentleman-Cambrioleur-300x300.jpg\" alt=\"\" width=\"300\" height=\"300\" \/><\/p>\n<p align=\"CENTER\"><strong><span style=\"font-size: large;\">F5\u00a0:<\/span><\/strong><em><span style=\"color: #c00000;\"><span style=\"font-size: large;\"> Ars\u00e8ne LUPIN<\/span><\/span><\/em><\/p>\n<p align=\"CENTER\"><em><span style=\"color: #c00000;\"><span style=\"font-size: large;\">Le Gentleman-Cambrioleur.\u00a0\u00a0\u00a0\u00a0\u00a0\u00a0\u00a0\u00a0\u00a0\u00a0\u00a0 <\/span><\/span><\/em><\/p>\n<p align=\"JUSTIFY\">\n<p align=\"JUSTIFY\">\n<p align=\"JUSTIFY\"><span style=\"font-size: large;\">Redouterions-nous qu\u2019\u00e0 conna\u00eetre le Nom, l\u2019\u00c2ge et le Portrait de certains Hors-la-Loi, on ne r\u00e9alise comme la r\u00e9flexion d\u2019un rayon de Lune sur une eau tranquille, certaines d\u00e9ficiences de notre Soci\u00e9t\u00e9 donc certaines Carences de nos Institutions\u2026 donc certaines Carences inh\u00e9rentes \u00e0 nous-m\u00eames.<\/span><\/p>\n<p align=\"JUSTIFY\">\n<p align=\"JUSTIFY\"><span style=\"font-size: large;\">&#8211;<\/span><span style=\"font-size: large;\">\u00a0\u00a0\u00a0\u00a0\u00a0\u00a0\u00a0\u00a0 <\/span><span style=\"font-size: large;\">Ne sommes-nous pas la Soci\u00e9t\u00e9 \u00e0 laquelle nous appartenons.<\/span><\/p>\n<p align=\"JUSTIFY\">\n<p align=\"JUSTIFY\"><span style=\"font-size: large;\">&#8211;<\/span><span style=\"font-size: large;\">\u00a0\u00a0\u00a0\u00a0\u00a0\u00a0\u00a0\u00a0 <\/span><span style=\"font-size: large;\">Ne sommes-nous pas les Auteurs de nos Institutions.<\/span><\/p>\n<p align=\"JUSTIFY\">\n<p align=\"JUSTIFY\"><span style=\"font-size: large;\">&#8211;<\/span><span style=\"font-size: large;\">\u00a0\u00a0\u00a0\u00a0\u00a0\u00a0\u00a0\u00a0 <\/span><span style=\"font-size: large;\">Leurs Auteurs, ceux qui en tiennent les r\u00eanes, ceux qui en p\u00e2tissent ou qui en profitent, ceux qui en sont ou la Cr\u00e8me, ou la Lie. <\/span><\/p>\n<p align=\"JUSTIFY\">\n<p align=\"JUSTIFY\">\n<p align=\"JUSTIFY\"><strong><span style=\"font-size: large;\">Et de quelle Maturit\u00e9 peuvent se r\u00e9clamer une Soci\u00e9t\u00e9, une Institution, un Citoyen, si regarder en face et d\u2019un m\u00eame front les choses bonnes ou mauvaises, les insupporte \u00e0 ce point.<\/span><\/strong><\/p>\n<p align=\"JUSTIFY\">\n<p align=\"JUSTIFY\"><span style=\"font-size: large;\">Et qu\u2019est-ce qui pour eux rendrait les choses aussi insupportables, leur horreur en soi, ou ce qu\u2019ils n\u2019avouent pas ou redoutent de savoir.<\/span><\/p>\n<p align=\"JUSTIFY\">\n<p align=\"JUSTIFY\"><span style=\"font-size: large;\">Le Chirurgien, recule-t-il devant l\u2019horreur dont il doit faire l\u2019ablation, ou ne fait-il pas en sorte qu\u2019elle soit aussi seule que possible dans le collimateur et le tranchant de son bistouri.<\/span><\/p>\n<p align=\"JUSTIFY\">\n<p align=\"JUSTIFY\"><em><span style=\"font-family: Calibri, sans-serif;\"><span style=\"font-size: large;\">Le M\u00e9decin L\u00e9giste, r\u00e9clame-t-il qu\u2019on cache la Charogne \u00e0 sa vue.<\/span><\/span><\/em><\/p>\n<p align=\"JUSTIFY\"><em>\u00a0<\/em><\/p>\n<p align=\"JUSTIFY\"><em><span style=\"font-family: Calibri, sans-serif;\"><span style=\"font-size: large;\">L\u2019Exorciste se cache-t-il le mal \u00e0 qui il doit dire <\/span><\/span><\/em><em><span style=\"font-family: Arial, sans-serif;\"><span style=\"font-size: large;\">Vade Retro<\/span><\/span><\/em><span style=\"font-size: large;\">.<\/span><\/p>\n<p align=\"JUSTIFY\">\n<p style=\"text-align: center;\" align=\"JUSTIFY\">\u00a0<img loading=\"lazy\" decoding=\"async\" class=\"alignnone size-medium wp-image-14777\" title=\"F6   Vade retro Satana\" src=\"http:\/\/www.lecarrefourdesopinions.ca\/wp-content\/uploads\/2018\/04\/F6-Vade-retro-Satana-300x197.jpg\" alt=\"\" width=\"300\" height=\"197\" \/><\/p>\n<p align=\"CENTER\"><strong><span style=\"font-size: large;\">F6\u00a0: <\/span><\/strong><em><span style=\"color: #c00000;\"><span style=\"font-family: Arial, sans-serif;\"><span style=\"font-size: large;\">Vade retro Satana.<\/span><\/span><\/span><\/em><\/p>\n<p align=\"JUSTIFY\">\n<p align=\"JUSTIFY\">\n<p align=\"JUSTIFY\"><strong><span style=\"font-family: 'Comic Sans MS';\"><span style=\"font-size: large;\">Or, tant qu\u2019une Soci\u00e9t\u00e9, qu\u2019une Institution, qu\u2019un Citoyen n\u2019auront envers la Mal l\u2019approche du Chirurgien ou du m\u00e9decin L\u00e9giste, que Sigmund FREUD nous pardonne\u00a0:<\/span><\/span><\/strong><\/p>\n<p align=\"JUSTIFY\">\n<p align=\"JUSTIFY\"><span style=\"font-family: 'Comic Sans MS';\"><span style=\"font-size: large;\">C\u2019est qu\u2019ils ne seront pas M\u00fbrs ou auront Mal M\u00fbri si on en cro\u00eet Rudyard KIPLING dans son \u00ab\u00a0<\/span><\/span><em><span style=\"font-family: Arial, sans-serif;\"><span style=\"font-size: large;\">If<\/span><\/span><\/em>\u00a0<span style=\"font-family: 'Comic Sans MS';\"><span style=\"font-size: large;\">\u00bb\u2026 <\/span><\/span><em><span style=\"font-family: Arial, sans-serif;\"><span style=\"font-size: large;\">You will be a Man, my Son<\/span><\/span><\/em><span style=\"font-family: 'Comic Sans MS';\"><span style=\"font-size: large;\">.<\/span><\/span><\/p>\n<p align=\"JUSTIFY\">\n<p align=\"CENTER\">\u00a0<img loading=\"lazy\" decoding=\"async\" class=\"alignnone size-medium wp-image-14778\" title=\"F7   Rudyard KIPLING    If\" src=\"http:\/\/www.lecarrefourdesopinions.ca\/wp-content\/uploads\/2018\/04\/F7-Rudyard-KIPLING-If-300x189.jpg\" alt=\"\" width=\"300\" height=\"189\" \/><\/p>\n<p align=\"CENTER\"><strong><span style=\"font-size: large;\">F7\u00a0: <\/span><\/strong><em><span style=\"color: #c00000;\"><span style=\"font-size: large;\">Rudyard KIPLING, \u00ab\u00a0<\/span><\/span><\/em><em><span style=\"color: #c00000;\"><span style=\"font-family: Arial, sans-serif;\"><span style=\"font-size: large;\">If<\/span><\/span><\/span><\/em><em><span style=\"color: #c00000;\">\u00a0<\/span><\/em><em><span style=\"color: #c00000;\"><span style=\"font-size: large;\">\u00bb\u2026<\/span><\/span><\/em><\/p>\n<p align=\"CENTER\">\n<p align=\"JUSTIFY\">\n<p align=\"JUSTIFY\"><span style=\"font-family: 'Comic Sans MS';\"><span style=\"font-size: large;\">Le risque pour eux est grand, qu\u2019ils ne s\u2019enfoncent au plus profond du plus Noir des T\u00e9n\u00e8bres <\/span><\/span><em><span style=\"font-family: Arial, sans-serif;\"><span style=\"font-size: large;\">or sink down in deep water<\/span><\/span><\/em><span style=\"font-family: 'Comic Sans MS';\"><span style=\"font-size: large;\">.<\/span><\/span><\/p>\n<p align=\"JUSTIFY\">\n<p align=\"JUSTIFY\"><span style=\"font-family: 'Comic Sans MS';\"><span style=\"font-size: large;\">Leur Vocation \u00e0 la Transparence est sujette \u00e0 Caution, sans compter que montrer du doigt un Criminel n\u2019est pas plus \u00e0 craindre que certaines Obs\u00e9crations.<\/span><\/span><\/p>\n<p align=\"JUSTIFY\">\n<p align=\"JUSTIFY\"><span style=\"font-size: large;\">\u00c9ric EG Nogard<\/span><\/p>\n<p align=\"JUSTIFY\"><em><span style=\"color: #c00000;\"><span style=\"font-size: large;\">Chroniqueur<\/span><\/span><\/em><span style=\"color: #c00000;\"><span style=\"font-size: large;\">.<\/span><\/span><\/p>\n<p align=\"JUSTIFY\"><span style=\"color: #c00000;\">\u00a0<\/span><\/p>\n<p align=\"CENTER\"><strong><span style=\"font-size: large;\">***\u00a0\u00a0\u00a0\u00a0 ***\u00a0\u00a0\u00a0\u00a0 ***<\/span><\/strong><\/p>\n<p align=\"CENTER\"><strong>\u00a0<\/strong><\/p>\n<p align=\"CENTER\"><strong><span style=\"color: #ff0000;\">Ne Peut \u00eatre reproduit &#8211; m\u00eame partiellement &#8211;\u00a0 sans l\u2019autorisation de l\u2019Auteur.<\/span><\/strong><\/p>\n<p align=\"CENTER\"><strong>\u00a0<\/strong><\/p>\n<p align=\"CENTER\"><strong><span style=\"font-size: large;\">***\u00a0\u00a0\u00a0\u00a0 ***\u00a0\u00a0\u00a0\u00a0 ***<\/span><\/strong><\/p>\n<p align=\"CENTER\">\n<p align=\"CENTER\"><strong><span style=\"color: #ff0000;\"><span style=\"font-size: large;\">Nota : <\/span><\/span><\/strong><span style=\"color: #000000;\"><span style=\"font-size: large;\">Nous ne traitons que de Faits et de Noms rendus Publics.<\/span><\/span><\/p>\n<p align=\"CENTER\"><span style=\"color: #000000;\">\u00a0<\/span><\/p>\n<p align=\"CENTER\"><span style=\"color: #000000;\"><span style=\"font-size: large;\">***\u00a0\u00a0\u00a0\u00a0 ***\u00a0\u00a0\u00a0\u00a0 ***<\/span><\/span><\/p>\n<p align=\"JUSTIFY\">\n<p align=\"JUSTIFY\"><strong><span style=\"text-decoration: underline;\">Liens Sugg\u00e9r\u00e9s\u00a0:<\/span><\/strong><\/p>\n<ul type=\"DISC\">\n<li>\n<p align=\"JUSTIFY\"><a href=\"http:\/\/www.etatsgenerauxdeloutremer.fr\/reflexions\">http:\/\/www.etatsgenerauxdeloutremer.fr\/reflexions<\/a><\/p>\n<\/li>\n<\/ul>\n<p align=\"CENTER\"><strong><span style=\"color: #ff0000;\">\u00a0<\/span><\/strong><\/p>\n<p align=\"CENTER\"><strong>=<\/strong><\/p>\n<script type=\"text\/javascript\">\n\nvar addthis_config = {\"data_track_clickback\":false,\"data_track_addressbar\":false,\"data_track_textcopy\":false};\n<\/script><script type=\"text\/javascript\" src=\"\/\/s7.addthis.com\/js\/250\/addthis_widget.js#pubid=a457a6d63fb9e6ccabdde4110343bd85\"><\/script>","protected":false},"excerpt":{"rendered":"<p align=\"CENTER\"><span style=\"color: #632423;\"><span style=\"font-family: 'Comic Sans MS';\"><span style=\"font-size: large;\">Se plonger davantage, dans le noir des t\u00e9n\u00e8bres.<\/span><\/span><\/span><\/p>\n<p align=\"JUSTIFY\">\n<p align=\"JUSTIFY\">\n<p align=\"JUSTIFY\"><span style=\"color: #632423;\">\u00a0<span style=\"font-size: large;\">\u00c9ric EG Nogard<\/span><\/span><\/p>\n<p align=\"JUSTIFY\"><span style=\"color: #632423;\"><span style=\"color: #c00000;\"><span style=\"font-size: large;\">Chroniqueur<\/span><\/span><span style=\"color: #c00000;\"><span style=\"font-size: large;\">.<\/span><\/span><\/span><\/p>\n<p align=\"JUSTIFY\"><span style=\"color: #632423;\"><span style=\"font-family: 'Comic Sans MS';\"><span style=\"font-size: large;\">\u00ab\u00a0<\/span><\/span><\/span><span style=\"color: #580000;\"><span style=\"font-family: 'Comic Sans MS';\"><span style=\"font-size: large;\">Souvent les gens ne veulent pas voir, entendre et parler de la v\u00e9rit\u00e9 parce qu\u2019ils ne veulent pas que leurs illusions soient d\u00e9truites.<\/span><\/span><\/span>&hellip;<\/p>\n","protected":false},"author":1,"featured_media":0,"comment_status":"open","ping_status":"open","sticky":false,"template":"","format":"standard","meta":{"footnotes":""},"categories":[1],"tags":[],"class_list":["post-14771","post","type-post","status-publish","format-standard","hentry","category-accueil"],"_links":{"self":[{"href":"http:\/\/www.lecarrefourdesopinions.ca\/index.php?rest_route=\/wp\/v2\/posts\/14771","targetHints":{"allow":["GET"]}}],"collection":[{"href":"http:\/\/www.lecarrefourdesopinions.ca\/index.php?rest_route=\/wp\/v2\/posts"}],"about":[{"href":"http:\/\/www.lecarrefourdesopinions.ca\/index.php?rest_route=\/wp\/v2\/types\/post"}],"author":[{"embeddable":true,"href":"http:\/\/www.lecarrefourdesopinions.ca\/index.php?rest_route=\/wp\/v2\/users\/1"}],"replies":[{"embeddable":true,"href":"http:\/\/www.lecarrefourdesopinions.ca\/index.php?rest_route=%2Fwp%2Fv2%2Fcomments&post=14771"}],"version-history":[{"count":1,"href":"http:\/\/www.lecarrefourdesopinions.ca\/index.php?rest_route=\/wp\/v2\/posts\/14771\/revisions"}],"predecessor-version":[{"id":14779,"href":"http:\/\/www.lecarrefourdesopinions.ca\/index.php?rest_route=\/wp\/v2\/posts\/14771\/revisions\/14779"}],"wp:attachment":[{"href":"http:\/\/www.lecarrefourdesopinions.ca\/index.php?rest_route=%2Fwp%2Fv2%2Fmedia&parent=14771"}],"wp:term":[{"taxonomy":"category","embeddable":true,"href":"http:\/\/www.lecarrefourdesopinions.ca\/index.php?rest_route=%2Fwp%2Fv2%2Fcategories&post=14771"},{"taxonomy":"post_tag","embeddable":true,"href":"http:\/\/www.lecarrefourdesopinions.ca\/index.php?rest_route=%2Fwp%2Fv2%2Ftags&post=14771"}],"curies":[{"name":"wp","href":"https:\/\/api.w.org\/{rel}","templated":true}]}}