{"id":14739,"date":"2018-03-30T12:14:25","date_gmt":"2018-03-30T16:14:25","guid":{"rendered":"http:\/\/www.lecarrefourdesopinions.ca\/?p=14739"},"modified":"2018-03-30T12:14:25","modified_gmt":"2018-03-30T16:14:25","slug":"la-vieille-dame-est-morte-victime-de-lodieux","status":"publish","type":"post","link":"http:\/\/www.lecarrefourdesopinions.ca\/?p=14739","title":{"rendered":"La Vieille Dame est Morte, Victime de l\u2019Odieux !.."},"content":{"rendered":"<p align=\"CENTER\"><em><span style=\"color: #632423;\"><span style=\"font-family: 'Comic Sans MS';\"><span style=\"font-size: large;\">La Vieille Dame est Morte, Victime de l\u2019Odieux\u00a0!..<\/span><\/span><\/span><\/em><\/p>\n<p align=\"JUSTIFY\"><span style=\"color: #632423;\">\u00a0<\/span><\/p>\n<p align=\"JUSTIFY\"><span style=\"color: #632423;\"><span style=\"font-family: 'Comic Sans MS';\"><span style=\"font-size: large;\">\u00ab\u00a0Plus neutre est un Propos, mieux chacun s\u2019y retrouve\u00a0\u00bb.<\/span><\/span><\/span><\/p>\n<p align=\"JUSTIFY\"><em><span style=\"color: #632423;\">\u00a0<img loading=\"lazy\" decoding=\"async\" class=\"alignnone size-full wp-image-14741\" title=\"Eric\" src=\"http:\/\/www.lecarrefourdesopinions.ca\/wp-content\/uploads\/2018\/03\/Eric1.jpg\" alt=\"\" width=\"134\" height=\"107\" \/><\/span><\/em><\/p>\n<p align=\"JUSTIFY\"><span style=\"color: #632423;\"><span style=\"font-family: 'Comic Sans MS';\"><span style=\"font-size: large;\">\u00c9ric EG Nogard<\/span><\/span><\/span><\/p>\n<p align=\"JUSTIFY\"><em><span style=\"color: #c00000;\"><span style=\"font-size: large;\">Chroniqueur<\/span><\/span><\/em><span style=\"color: #c00000;\"><span style=\"font-size: large;\">.<\/span><\/span><\/p>\n<p align=\"CENTER\">\n<p align=\"CENTER\">\n<p align=\"CENTER\"><span style=\"color: #632423;\"><span style=\"font-size: large;\">***\u00a0\u00a0\u00a0\u00a0 ***\u00a0\u00a0\u00a0\u00a0 ***<\/span><\/span><\/p>\n<p align=\"CENTER\"><span style=\"color: #632423;\"><span style=\"font-size: large;\">***\u00a0\u00a0\u00a0\u00a0 ***\u00a0\u00a0\u00a0\u00a0 ***<\/span><\/span><\/p>\n<p>&nbsp;<\/p>\n<p><em><span style=\"color: #000099;\"><span style=\"font-size: large;\">La Vieille Dame est Morte, Victime de l\u2019Odieux\u00a0!..<\/span><\/span><\/em><\/p>\n<p>&nbsp;<\/p>\n<p align=\"JUSTIFY\">\n<p style=\"text-align: center;\" align=\"JUSTIFY\">\u00a0<img loading=\"lazy\" decoding=\"async\" class=\"alignnone size-full wp-image-14740\" title=\"F1   Mireille KNOLL    un visage de Bonne Maman\" src=\"http:\/\/www.lecarrefourdesopinions.ca\/wp-content\/uploads\/2018\/03\/F1-Mireille-KNOLL-un-visage-de-Bonne-Maman.jpg\" alt=\"\" width=\"585\" height=\"323\" \/><\/p>\n<p align=\"CENTER\"><strong><span style=\"font-size: large;\">F1\u00a0: <\/span><\/strong><em><span style=\"color: #c00000;\"><span style=\"font-size: large;\">Mireille KNOLL\u2026 un visage de Bonne Maman\u00a0!..<\/span><\/span><\/em><\/p>\n<p align=\"JUSTIFY\">\n<p align=\"JUSTIFY\">\n<p align=\"JUSTIFY\"><strong><span style=\"font-family: 'Comic Sans MS';\"><span style=\"font-size: large;\">Mireille KNOLL.<\/span><\/span><\/strong><\/p>\n<p align=\"JUSTIFY\">\n<p align=\"JUSTIFY\"><span style=\"font-family: 'Comic Sans MS';\"><span style=\"font-size: large;\">Elle \u00e9tait \u00e2g\u00e9e de quatre Vingt cinq ans, vivait humblement dans un modeste appartement, \u00e0 Paris, quand la plus ignominieuse des morts est venue la surprendre au pr\u00e9texte qu\u2019elle serait Juive et que donc, elle aurait de l\u2019argent.<\/span><\/span><\/p>\n<p align=\"JUSTIFY\">\n<p align=\"CENTER\"><img loading=\"lazy\" decoding=\"async\" class=\"alignnone size-full wp-image-14742\" title=\"F2   Tout comme helas  il doit se trouver encore des Juifs qui pensent que tout non Juif est un GOY\" src=\"http:\/\/www.lecarrefourdesopinions.ca\/wp-content\/uploads\/2018\/03\/F2-Tout-comme-helas-il-doit-se-trouver-encore-des-Juifs-qui-pensent-que-tout-non-Juif-est-un-GOY.jpg\" alt=\"\" width=\"300\" height=\"175\" \/><\/p>\n<p align=\"JUSTIFY\"><strong><span style=\"font-size: large;\">F2\u00a0: <\/span><\/strong><em><span style=\"color: #c00000;\"><span style=\"font-size: large;\">Tout comme h\u00e9las, il doit se trouver encore des Juifs qui pensent que tout non Juif est un <\/span><\/span><\/em><em><span style=\"color: #c00000;\"><span style=\"font-family: Arial, sans-serif;\"><span style=\"font-size: large;\">GOY<\/span><\/span><\/span><\/em><em><span style=\"color: #c00000;\"><span style=\"font-size: large;\">.<\/span><\/span><\/em><\/p>\n<p align=\"JUSTIFY\">\n<p align=\"JUSTIFY\">\n<p align=\"JUSTIFY\"><strong><span style=\"font-size: large;\">\u00catre Juif.<\/span><\/strong><\/p>\n<p align=\"JUSTIFY\">\n<p align=\"JUSTIFY\"><span style=\"font-size: large;\">Est-ce un pr\u00e9texte, est-ce une raison de se faire assassiner plus crapuleusement qu\u2019on ne pourrait l\u2019imaginer.<\/span><\/p>\n<p align=\"JUSTIFY\">\n<p align=\"JUSTIFY\">\n<p align=\"JUSTIFY\"><strong><span style=\"font-size: large;\">\u00catre pr\u00e9sum\u00e9 avoir de l\u2019argent.<\/span><\/strong><\/p>\n<p align=\"JUSTIFY\">\n<p align=\"JUSTIFY\"><span style=\"font-size: large;\">Est-ce davantage un pr\u00e9texte, est-ce autant une raison qui puisse expliquer un tel Meurtre, pareil Crime, semblable Assassinat.<\/span><\/p>\n<p align=\"JUSTIFY\">\n<p align=\"JUSTIFY\">\n<p align=\"JUSTIFY\"><strong><span style=\"font-size: large;\">Comment de tels st\u00e9r\u00e9otypes ont-ils pu, sinon appara\u00eetre en ce Monde, mais y survivre en plus bestial que jamais.<\/span><\/strong><\/p>\n<p align=\"JUSTIFY\">\n<p align=\"JUSTIFY\"><span style=\"font-size: large;\">Comment se peut-il que de tels st\u00e9r\u00e9otypes rencontrent chez les jeunes, les plus inattendus bien souvent, un terrain de barbarie aussi diabolique, aussi infernal, aussi propice \u00e0 leurs d\u00e9bordements.<\/span><\/p>\n<p align=\"JUSTIFY\">\n<p align=\"JUSTIFY\">\n<p align=\"JUSTIFY\"><strong><span style=\"font-size: large;\">Que faire pour y parer, que faire pour y contrer.<\/span><\/strong><\/p>\n<p align=\"JUSTIFY\">\n<p align=\"JUSTIFY\"><span style=\"font-size: large;\">La Cause serait-elle perdue, la t\u00e2che serait-elle surhumaine.<\/span><\/p>\n<p align=\"JUSTIFY\">\n<p align=\"JUSTIFY\">\n<p align=\"JUSTIFY\"><strong><span style=\"font-size: large;\">Comment avons-nous pu en arriver l\u00e0.<\/span><\/strong><\/p>\n<p align=\"JUSTIFY\">\n<p align=\"JUSTIFY\"><span style=\"font-size: large;\">Se trouver face \u00e0 une Vieille Dame \u2013 ne l\u2019est-on pas \u00e0 l\u2019\u00e2ge de Quatre Vingt Cinq Ans \u2013 une Vieille Dame qu\u2019on conna\u00eet bien pour avoir l\u2019habitude de lui rendre visite.<\/span><\/p>\n<p align=\"JUSTIFY\">\n<p align=\"JUSTIFY\"><span style=\"font-size: large;\">Se trouver face \u00e0 une Vieille Dame qu\u2019on conna\u00eet bien pour avoir l\u2019habitude de lui rendre visite, visiterait-on aussi assid\u00fbment les Cr\u00e9atures avares d\u2019une pi\u00e9cette et sans bont\u00e9 de c\u0153ur.<\/span><\/p>\n<p align=\"JUSTIFY\">\n<p align=\"JUSTIFY\">\n<p align=\"JUSTIFY\"><strong><span style=\"font-size: large;\">Se trouver face \u00e0 une Vieille Dame, qui soit-elle, et ne pas y voir le reflet de ce que pourrait \u00eatre, de ce que pourra \u00eatre sa propre M\u00e8re un jour\u2026<\/span><\/strong><\/p>\n<p align=\"JUSTIFY\"><strong>\u00a0<\/strong><\/p>\n<p align=\"CENTER\"><strong><span style=\"font-size: large;\">\u00ab\u00a0<\/span><\/strong><em><span style=\"font-size: large;\">Si Dieu lui pr\u00eate vie<\/span><\/em><strong><span style=\"font-size: large;\">\u00a0\u00bb.<\/span><\/strong><\/p>\n<p align=\"JUSTIFY\">\n<p align=\"JUSTIFY\"><span style=\"font-size: large;\">Et aussit\u00f4t se changer, si Cruel ou si Brute soit-on, de Bourreau en Ange Gardien pour lui venir en aide ou lui porter secours comme l\u2019exemple nous a \u00e9t\u00e9 donn\u00e9 tel un Divin Message, il y a quelques jours \u00e0 peine, selon la Chronique \u00ab\u00a0<\/span><em><span style=\"font-size: large;\">Un Don aussi Sublime, devrait nous Inspirer\u2026<\/span><\/em><span style=\"font-size: large;\">\u00a0\u00bb, Carrefour des Opinions, QU\u00c9, Canada, <\/span><em><span style=\"font-size: large;\">Lien R\u00e9f\u00e9rence<\/span><\/em><span style=\"font-size: large;\">\u00a0:<\/span><\/p>\n<p align=\"JUSTIFY\">\n<p align=\"CENTER\"><span style=\"font-size: large;\"><a href=\"http:\/\/www.lecarrefourdesopinions.ca\/?p=14729\">http:\/\/www.lecarrefourdesopinions.ca\/?p=14729<\/a>.<\/span><\/p>\n<p align=\"JUSTIFY\">\n<p align=\"JUSTIFY\">\n<p align=\"JUSTIFY\"><strong><span style=\"font-size: large;\">Se trouver devant une personne sans d\u00e9fense comme peut l\u2019\u00eatre une Dame \u00c2g\u00e9e de Quatre Vingt Cinq Ans, et porter sur elle une Main Assassine\u2026<\/span><\/strong><\/p>\n<p align=\"JUSTIFY\">\n<p align=\"CENTER\"><img loading=\"lazy\" decoding=\"async\" class=\"alignnone size-full wp-image-14743\" title=\"F3   O Crime     Un tel Crime\" src=\"http:\/\/www.lecarrefourdesopinions.ca\/wp-content\/uploads\/2018\/03\/F3-O-Crime-Un-tel-Crime.jpg\" alt=\"\" width=\"300\" height=\"200\" \/><\/p>\n<p align=\"CENTER\"><strong><span style=\"font-size: large;\">F3\u00a0: <\/span><\/strong><em><span style=\"color: #c00000;\"><span style=\"font-size: large;\">\u00d4 Crime\u00a0!.. Un tel Crime\u2026<\/span><\/span><\/em><\/p>\n<p align=\"JUSTIFY\">\n<p align=\"JUSTIFY\">\n<p align=\"JUSTIFY\"><em><span style=\"font-size: large;\">\u00d4 Crime\u2026 \u00d4 Ch\u00e2timent\u2026<\/span><\/em> <em><span style=\"font-size: large;\">tels que <\/span><\/em><em><span style=\"font-family: Arial, sans-serif;\"><span style=\"font-size: large;\">Fiodor<\/span><\/span><\/em><em> <\/em><em><span style=\"font-size: large;\">DOSTOIEVSKI ne saurait croire<\/span><\/em><span style=\"font-size: large;\">, eu \u00e9gard \u00e0 son \u0152uvre Magistrale tendant \u00e0 l\u2019Humanisation de l\u2019Homme, dans la Charit\u00e9 du Christianisme des Premiers Temps.<\/span><\/p>\n<p align=\"JUSTIFY\">\n<p align=\"CENTER\"><strong><img loading=\"lazy\" decoding=\"async\" class=\"alignnone size-large wp-image-14744\" title=\"F4   Devrait il se Commettre de nos Jours\" src=\"http:\/\/www.lecarrefourdesopinions.ca\/wp-content\/uploads\/2018\/03\/F4-Devrait-il-se-Commettre-de-nos-Jours-1024x369.jpg\" alt=\"\" width=\"450\" height=\"162\" \/>\u00a0<\/strong><\/p>\n<p align=\"CENTER\"><strong><span style=\"font-size: large;\">F4\u00a0: <\/span><\/strong><em><span style=\"color: #c00000;\"><span style=\"font-size: large;\">Devrait-il se Commettre de nos Jours.<\/span><\/span><\/em><\/p>\n<p align=\"JUSTIFY\">\n<p align=\"JUSTIFY\">\n<p align=\"JUSTIFY\"><em><span style=\"font-size: large;\">Aurait-il tant \u00e9crit pour rien.<\/span><\/em><\/p>\n<p align=\"JUSTIFY\">\n<p align=\"JUSTIFY\"><em><span style=\"font-size: large;\">Un Crime<\/span><\/em> <span style=\"font-size: large;\">comme celui perp\u00e9tr\u00e9 \u00e0 l\u2019encontre de Madame Mireille KNOLL devrait-il se commettre de nos jours.<\/span><\/p>\n<p align=\"JUSTIFY\">\n<p align=\"JUSTIFY\"><em><span style=\"font-size: large;\">Un Ch\u00e2timent<\/span><\/em> <span style=\"font-size: large;\">comme celui l\u00e0 \u2013 car \u00e7\u2019en est un \u2013 ne transcenderait-il pas le forfait impardonnable des Meurtriers de Madame Mireille KNOLL\u2026<\/span><\/p>\n<p align=\"JUSTIFY\">\n<p align=\"JUSTIFY\">\n<p align=\"JUSTIFY\"><strong><span style=\"font-family: 'Comic Sans MS';\"><span style=\"font-size: large;\">Ne serait-il pas celui qui convient le mieux \u00e0 une Soci\u00e9t\u00e9 <\/span><\/span><\/strong><em><span style=\"font-family: Arial, sans-serif;\"><span style=\"font-size: large;\">that refuse admitting or seeing in what it is sinning and what it ought to do to prevent such Odious abominations so common nowadays<\/span><\/span><\/em><strong><span style=\"font-family: 'Comic Sans MS';\"><span style=\"font-size: large;\">.<\/span><\/span><\/strong><\/p>\n<p align=\"JUSTIFY\">\n<p align=\"JUSTIFY\"><span style=\"font-family: 'Comic Sans MS';\"><span style=\"font-size: large;\">L\u2019Assassinat de Mireille KNOLL est un Crime et un Ch\u00e2timent, <\/span><\/span><em><span style=\"font-family: Arial, sans-serif;\"><span style=\"font-size: large;\">all together<\/span><\/span><\/em><span style=\"font-family: 'Comic Sans MS';\"><span style=\"font-size: large;\">. <\/span><\/span><\/p>\n<p align=\"JUSTIFY\">\n<p align=\"JUSTIFY\"><span style=\"font-family: 'Comic Sans MS';\"><span style=\"font-size: large;\">Ne peut-on y voir en effet le Crime d\u2019individus comme le Ch\u00e2timent de bien des Soci\u00e9t\u00e9s\u2026 un Rude Ch\u00e2timent, un Crime trop Odieux.<\/span><\/span><\/p>\n<p align=\"JUSTIFY\">\n<p align=\"JUSTIFY\"><span style=\"font-size: large;\">\u00c9ric EG Nogard<\/span><\/p>\n<p align=\"JUSTIFY\"><em><span style=\"color: #c00000;\"><span style=\"font-size: large;\">Chroniqueur<\/span><\/span><\/em><span style=\"color: #c00000;\"><span style=\"font-size: large;\">.<\/span><\/span><\/p>\n<p align=\"JUSTIFY\"><span style=\"color: #c00000;\">\u00a0<\/span><\/p>\n<p align=\"JUSTIFY\"><span style=\"color: #c00000;\">\u00a0<\/span><\/p>\n<p align=\"CENTER\"><strong><span style=\"font-size: large;\">***\u00a0\u00a0\u00a0\u00a0 ***\u00a0\u00a0\u00a0\u00a0 ***<\/span><\/strong><\/p>\n<p align=\"CENTER\"><strong>\u00a0<\/strong><\/p>\n<p align=\"CENTER\"><strong><span style=\"color: #ff0000;\">Ne Peut \u00eatre reproduit &#8211; m\u00eame partiellement &#8211;\u00a0 sans l\u2019autorisation de l\u2019Auteur.<\/span><\/strong><\/p>\n<p align=\"CENTER\"><strong>\u00a0<\/strong><\/p>\n<p align=\"CENTER\"><strong><span style=\"font-size: large;\">***\u00a0\u00a0\u00a0\u00a0 ***\u00a0\u00a0\u00a0\u00a0 ***<\/span><\/strong><\/p>\n<p align=\"CENTER\">\n<p align=\"CENTER\"><strong><span style=\"color: #ff0000;\"><span style=\"font-size: large;\">Nota : <\/span><\/span><\/strong><span style=\"color: #000000;\"><span style=\"font-size: large;\">Nous ne traitons que de Faits et de Noms rendus Publics.<\/span><\/span><\/p>\n<p align=\"CENTER\"><span style=\"color: #000000;\">\u00a0<\/span><\/p>\n<p align=\"CENTER\"><span style=\"color: #000000;\"><span style=\"font-size: large;\">***\u00a0\u00a0\u00a0\u00a0 ***\u00a0\u00a0\u00a0\u00a0 ***<\/span><\/span><\/p>\n<p align=\"JUSTIFY\">\n<p align=\"JUSTIFY\"><strong><span style=\"text-decoration: underline;\">Liens Sugg\u00e9r\u00e9s\u00a0:<\/span><\/strong><\/p>\n<ul type=\"DISC\">\n<li>\n<p align=\"JUSTIFY\"><a href=\"http:\/\/www.etatsgenerauxdeloutremer.fr\/reflexions\">http:\/\/www.etatsgenerauxdeloutremer.fr\/reflexions<\/a><\/p>\n<\/li>\n<\/ul>\n<p align=\"CENTER\">\n<p>&nbsp;<\/p>\n<script type=\"text\/javascript\">\n\nvar addthis_config = {\"data_track_clickback\":false,\"data_track_addressbar\":false,\"data_track_textcopy\":false};\n<\/script><script type=\"text\/javascript\" src=\"\/\/s7.addthis.com\/js\/250\/addthis_widget.js#pubid=a457a6d63fb9e6ccabdde4110343bd85\"><\/script>","protected":false},"excerpt":{"rendered":"<p align=\"CENTER\"><span style=\"color: #632423;\"><span style=\"font-family: 'Comic Sans MS';\"><span style=\"font-size: large;\">La Vieille Dame est Morte, Victime de l\u2019Odieux\u00a0!..<\/span><\/span><\/span><\/p>\n<p align=\"JUSTIFY\"><span style=\"color: #632423;\">\u00a0<\/span><\/p>\n<p align=\"JUSTIFY\"><span style=\"color: #632423;\"><span style=\"font-family: 'Comic Sans MS';\"><span style=\"font-size: large;\">\u00ab\u00a0Plus neutre est un Propos, mieux chacun s\u2019y retrouve\u00a0\u00bb.<\/span><\/span><\/span><\/p>\n<p align=\"JUSTIFY\"><span style=\"color: #632423;\">\u00a0<\/span><\/p>\n<p align=\"JUSTIFY\"><span style=\"color: #632423;\"><span style=\"font-family: 'Comic Sans MS';\"><span style=\"font-size: large;\">\u00c9ric EG Nogard<\/span><\/span><\/span><\/p>\n<p align=\"JUSTIFY\"><span style=\"color: #c00000;\"><span style=\"font-size: large;\">Chroniqueur<\/span><\/span><span style=\"color: #c00000;\"><span style=\"font-size: large;\">.<\/span><\/span><\/p>\n<p align=\"CENTER\">\n<p align=\"CENTER\">\n<p align=\"CENTER\"><span style=\"color: #632423;\"><span style=\"font-size: large;\">***\u00a0\u00a0\u00a0\u00a0 ***\u00a0\u00a0\u00a0\u00a0 ***<\/span><\/span><\/p>\n<p align=\"CENTER\"><span style=\"color: #632423;\"><span style=\"font-size: large;\">***\u00a0\u00a0\u00a0\u00a0 ***\u00a0\u00a0\u00a0\u00a0 ***<\/span><\/span><\/p>\n<p>&nbsp;<\/p>\n<p><span style=\"color: #000099;\"><span style=\"font-size: large;\">La Vieille Dame est Morte, <\/span><\/span>&hellip;<\/p>\n","protected":false},"author":1,"featured_media":0,"comment_status":"open","ping_status":"open","sticky":false,"template":"","format":"standard","meta":{"footnotes":""},"categories":[1],"tags":[],"class_list":["post-14739","post","type-post","status-publish","format-standard","hentry","category-accueil"],"_links":{"self":[{"href":"http:\/\/www.lecarrefourdesopinions.ca\/index.php?rest_route=\/wp\/v2\/posts\/14739","targetHints":{"allow":["GET"]}}],"collection":[{"href":"http:\/\/www.lecarrefourdesopinions.ca\/index.php?rest_route=\/wp\/v2\/posts"}],"about":[{"href":"http:\/\/www.lecarrefourdesopinions.ca\/index.php?rest_route=\/wp\/v2\/types\/post"}],"author":[{"embeddable":true,"href":"http:\/\/www.lecarrefourdesopinions.ca\/index.php?rest_route=\/wp\/v2\/users\/1"}],"replies":[{"embeddable":true,"href":"http:\/\/www.lecarrefourdesopinions.ca\/index.php?rest_route=%2Fwp%2Fv2%2Fcomments&post=14739"}],"version-history":[{"count":1,"href":"http:\/\/www.lecarrefourdesopinions.ca\/index.php?rest_route=\/wp\/v2\/posts\/14739\/revisions"}],"predecessor-version":[{"id":14745,"href":"http:\/\/www.lecarrefourdesopinions.ca\/index.php?rest_route=\/wp\/v2\/posts\/14739\/revisions\/14745"}],"wp:attachment":[{"href":"http:\/\/www.lecarrefourdesopinions.ca\/index.php?rest_route=%2Fwp%2Fv2%2Fmedia&parent=14739"}],"wp:term":[{"taxonomy":"category","embeddable":true,"href":"http:\/\/www.lecarrefourdesopinions.ca\/index.php?rest_route=%2Fwp%2Fv2%2Fcategories&post=14739"},{"taxonomy":"post_tag","embeddable":true,"href":"http:\/\/www.lecarrefourdesopinions.ca\/index.php?rest_route=%2Fwp%2Fv2%2Ftags&post=14739"}],"curies":[{"name":"wp","href":"https:\/\/api.w.org\/{rel}","templated":true}]}}