{"id":14729,"date":"2018-03-28T18:07:16","date_gmt":"2018-03-28T22:07:16","guid":{"rendered":"http:\/\/www.lecarrefourdesopinions.ca\/?p=14729"},"modified":"2018-03-28T18:07:16","modified_gmt":"2018-03-28T22:07:16","slug":"un-don-aussi-sublime-devrait-nous-inspirer","status":"publish","type":"post","link":"http:\/\/www.lecarrefourdesopinions.ca\/?p=14729","title":{"rendered":"Un Don aussi Sublime, devrait nous Inspirer\u2026"},"content":{"rendered":"<p align=\"CENTER\"><em><span style=\"color: #632423;\"><span style=\"font-family: 'Comic Sans MS';\"><span style=\"font-size: large;\">Un Don aussi Sublime, devrait nous Inspirer\u2026<\/span><\/span><\/span><\/em><\/p>\n<p align=\"JUSTIFY\"><em><span style=\"color: #632423;\">\u00a0<\/span><\/em><\/p>\n<p align=\"JUSTIFY\"><span style=\"color: #632423;\"><span style=\"font-family: 'Comic Sans MS';\"><span style=\"font-size: large;\">\u00ab\u00a0Ceci soit dit dans notre conviction d\u2019une France Courageuse et Chr\u00e9tienne, ce qui n\u2019exclut en rien l\u2019esprit d\u2019Hospitalit\u00e9, de Tol\u00e9rance et de Pardon\u00a0\u00bb<\/span><\/span><\/span><\/p>\n<p align=\"JUSTIFY\"><span style=\"color: #632423;\">\u00a0<img loading=\"lazy\" decoding=\"async\" class=\"alignnone size-full wp-image-14620\" title=\"Eric\" src=\"http:\/\/www.lecarrefourdesopinions.ca\/wp-content\/uploads\/2018\/03\/Eric.jpg\" alt=\"\" width=\"134\" height=\"107\" \/><\/span><\/p>\n<p align=\"JUSTIFY\"><span style=\"color: #632423;\"><span style=\"font-family: 'Comic Sans MS';\"><span style=\"font-size: large;\">\u00c9ric EG Nogard<\/span><\/span><\/span><\/p>\n<p align=\"JUSTIFY\"><em><span style=\"color: #c00000;\"><span style=\"font-size: large;\">Chroniqueur<\/span><\/span><\/em><span style=\"color: #c00000;\"><span style=\"font-size: large;\">.<\/span><\/span><\/p>\n<p align=\"CENTER\">\n<p align=\"CENTER\"><span style=\"color: #632423;\"><span style=\"font-size: large;\">***\u00a0\u00a0\u00a0\u00a0 ***\u00a0\u00a0\u00a0\u00a0 ***<\/span><\/span><\/p>\n<p align=\"CENTER\"><span style=\"color: #632423;\"><span style=\"font-size: large;\">***\u00a0\u00a0\u00a0\u00a0 ***\u00a0\u00a0\u00a0\u00a0 ***<\/span><\/span><\/p>\n<p>&nbsp;<\/p>\n<p><em><span style=\"color: #000099;\"><span style=\"font-size: large;\">Un Don aussi Sublime, devrait nous Inspirer\u2026<\/span><\/span><\/em><\/p>\n<p align=\"JUSTIFY\">\n<p align=\"JUSTIFY\">\n<p align=\"CENTER\"><img loading=\"lazy\" decoding=\"async\" class=\"alignnone size-medium wp-image-14730\" title=\"F1   Mort pour son Prochain\" src=\"http:\/\/www.lecarrefourdesopinions.ca\/wp-content\/uploads\/2018\/03\/F1-Mort-pour-son-Prochain-300x200.jpg\" alt=\"\" width=\"300\" height=\"200\" \/><\/p>\n<p align=\"CENTER\"><strong><span style=\"font-size: large;\">F1\u00a0: <\/span><\/strong><em><span style=\"color: #c00000;\"><span style=\"font-size: large;\">Mort pour son Prochain&#8230;<\/span><\/span><\/em><\/p>\n<p align=\"JUSTIFY\">\n<p align=\"JUSTIFY\">\n<p align=\"JUSTIFY\"><span style=\"font-family: 'Comic Sans MS';\"><span style=\"font-size: large;\">Le Lieutenant-Colonel de Gendarmerie Arnaud BELTRAME.\u00a0<\/span><\/span><\/p>\n<p align=\"JUSTIFY\">\n<p align=\"JUSTIFY\"><span style=\"font-family: 'Comic Sans MS';\"><span style=\"font-size: large;\">Mort pour son Prochain \u00e0 45 Ans, autant dire, dans l\u2019\u00e9panouissement de l\u2019\u00e2ge comme dans l\u2019estime et la Consid\u00e9ration de tous.<\/span><\/span><\/p>\n<p align=\"JUSTIFY\">\n<p align=\"JUSTIFY\"><span style=\"font-family: 'Comic Sans MS';\"><span style=\"font-size: large;\">Que son Nom et son image demeurent \u00e0 tout jamais grav\u00e9s dans le c\u0153ur et dans l\u2019esprit de toute personne de bien.<\/span><\/span><\/p>\n<p align=\"JUSTIFY\">\n<p align=\"CENTER\"><img loading=\"lazy\" decoding=\"async\" class=\"alignnone size-full wp-image-14731\" title=\"F2  Tombe en Heros du plus bel exemple\" src=\"http:\/\/www.lecarrefourdesopinions.ca\/wp-content\/uploads\/2018\/03\/F2-Tombe-en-Heros-du-plus-bel-exemple.jpg\" alt=\"\" width=\"300\" height=\"168\" \/><\/p>\n<p align=\"CENTER\"><strong><span style=\"font-size: large;\">F2\u00a0:<\/span><\/strong><em><span style=\"color: #c00000;\"><span style=\"font-size: large;\"> Tomb\u00e9 en H\u00e9ros du plus bel exemple.<\/span><\/span><\/em><\/p>\n<p>&nbsp;<\/p>\n<p>&nbsp;<\/p>\n<p align=\"JUSTIFY\"><strong><span style=\"font-size: large;\">Il aura pay\u00e9 de sa vie pour en racheter une autre, celle d\u2019une otage bien seule, bien faible et sans recours comme peut l\u2019\u00eatre une bien pauvre Dame surprise par le plus redoutable et le plus regrettable des dangers, l\u2019homme devenu le Tueur de son Prochain.<\/span><\/strong><\/p>\n<p align=\"JUSTIFY\">\n<p align=\"JUSTIFY\"><span style=\"font-size: large;\">Il aura pay\u00e9 de sa vie pour s\u2019\u00eatre Miraculeusement et Spontan\u00e9ment substitu\u00e9 \u00e0 une innocente, faisant \u00e0 son Nom, \u00e0 son Corps, \u00e0 sa Patrie, \u00e0 l\u2019Humanit\u00e9 un don aussi Sublime que celui de sa Vie.<\/span><\/p>\n<p align=\"JUSTIFY\">\n<p align=\"JUSTIFY\">\n<p align=\"JUSTIFY\"><strong><span style=\"font-size: large;\">Une Vie Heureuse, jeune, r\u00e9ussie, promise aux plus belles Esp\u00e9rances, en tout cas exemplaire en tous points et enviable \u00e0 plus d\u2019un titre.<\/span><\/strong><\/p>\n<p align=\"JUSTIFY\">\n<p align=\"CENTER\"><img loading=\"lazy\" decoding=\"async\" class=\"alignnone size-medium wp-image-14732\" title=\"F3   Arnaud  avec ses freres Cedric et Damien  avait une epouse Marielle  Ils formaient un   Couple Chretien\" src=\"http:\/\/www.lecarrefourdesopinions.ca\/wp-content\/uploads\/2018\/03\/F3-Arnaud-avec-ses-freres-Cedric-et-Damien-avait-une-epouse-Marielle-Ils-formaient-un-Couple-Chretien-300x168.jpg\" alt=\"\" width=\"300\" height=\"168\" \/><\/p>\n<p align=\"JUSTIFY\"><strong><span style=\"font-size: large;\">F3\u00a0: <\/span><\/strong><em><span style=\"color: #c00000;\"><span style=\"font-size: large;\">Arnaud (avec ses fr\u00e8res C\u00e9dric et Damien) avait une \u00e9pouse, Marielle. Ils formaient un \u00ab\u00a0Couple Chr\u00e9tien\u00a0\u00bb.<\/span><\/span><\/em><\/p>\n<p align=\"JUSTIFY\">\n<p align=\"JUSTIFY\">\n<p align=\"JUSTIFY\"><span style=\"font-size: large;\">Une Vie de Chr\u00e9tien comme l\u2019a si bien r\u00e9v\u00e9l\u00e9 sa Veuve, Madame Marielle BELTRAME, qui formait avec son Mari, \u00ab\u00a0un Couple Chr\u00e9tien\u00a0\u00bb.<\/span><\/p>\n<p align=\"JUSTIFY\">\n<p align=\"CENTER\"><img loading=\"lazy\" decoding=\"async\" class=\"alignnone size-medium wp-image-14733\" title=\"F4   Tombe en Gendarme\" src=\"http:\/\/www.lecarrefourdesopinions.ca\/wp-content\/uploads\/2018\/03\/F4-Tombe-en-Gendarme-300x264.png\" alt=\"\" width=\"300\" height=\"264\" \/><\/p>\n<p align=\"CENTER\"><strong><span style=\"font-size: large;\">F4\u00a0: <\/span><\/strong><em><span style=\"color: #c00000;\"><span style=\"font-size: large;\">Tomb\u00e9 en Gendarme.<\/span><\/span><\/em><\/p>\n<p align=\"JUSTIFY\">\n<p align=\"JUSTIFY\">\n<p align=\"JUSTIFY\"><strong><span style=\"font-size: large;\">Donc une Vie \u00e0 Donner\u00a0:<\/span><\/strong><\/p>\n<p align=\"JUSTIFY\">\n<p align=\"CENTER\"><span style=\"font-size: large;\">\u00ab\u00a0<\/span><em><span style=\"font-size: large;\">Je te donne mon Corps\u2026 je te donne mon Sang<\/span><\/em><span style=\"font-size: large;\">\u00a0\u00bb.<\/span><\/p>\n<p align=\"JUSTIFY\">\n<p align=\"JUSTIFY\"><span style=\"font-size: large;\">Ces Mots Sublimes ne nous disent-ils rien\u00a0!..<\/span><\/p>\n<p align=\"JUSTIFY\">\n<p align=\"CENTER\"><img loading=\"lazy\" decoding=\"async\" class=\"alignnone size-medium wp-image-14734\" title=\"F5   Donc une Vie a donner si la Patrie le reclame  et si Dieu le veut\" src=\"http:\/\/www.lecarrefourdesopinions.ca\/wp-content\/uploads\/2018\/03\/F5-Donc-une-Vie-a-donner-si-la-Patrie-le-reclame-et-si-Dieu-le-veut-300x199.jpg\" alt=\"\" width=\"300\" height=\"199\" \/><\/p>\n<p align=\"CENTER\"><strong><span style=\"font-size: large;\">F5\u00a0: <\/span><\/strong><em><span style=\"color: #c00000;\"><span style=\"font-size: large;\">Donc une Vie \u00e0 donner si la Patrie le r\u00e9clame, et si Dieu le veut.<\/span><\/span><\/em><\/p>\n<p align=\"JUSTIFY\">\n<p align=\"JUSTIFY\">\n<p align=\"JUSTIFY\"><strong><span style=\"font-size: large;\">En tout cas.<\/span><\/strong><\/p>\n<p align=\"JUSTIFY\">\n<p align=\"JUSTIFY\"><span style=\"font-size: large;\">Ce Don Sublime devrait nous en rappeler un autre \u00e0 l\u2019image duquel il est certainement fait.<\/span><\/p>\n<p align=\"JUSTIFY\">\n<p align=\"JUSTIFY\">\n<p align=\"JUSTIFY\"><span style=\"font-size: large;\">Certes ce Don Sublime du Colonel de Gendarmerie Arnaud BELTRAME a fait l\u2019Objet d\u2019une C\u00e9r\u00e9monie d\u2019Hommage National Parfaitement M\u00e9rit\u00e9, dans une immense et G\u00e9n\u00e9rale \u00c9motion, dans toute la Solennit\u00e9 requise par la Situation.<\/span><\/p>\n<p align=\"JUSTIFY\">\n<p align=\"CENTER\"><img loading=\"lazy\" decoding=\"async\" class=\"alignnone size-large wp-image-14735\" title=\"F6   Hommage merite  dans une immense Emotion\" src=\"http:\/\/www.lecarrefourdesopinions.ca\/wp-content\/uploads\/2018\/03\/F6-Hommage-merite-dans-une-immense-Emotion-1024x254.jpg\" alt=\"\" width=\"450\" height=\"111\" \/><\/p>\n<p align=\"CENTER\"><strong><span style=\"font-size: large;\">F6\u00a0: <\/span><\/strong><em><span style=\"color: #c00000;\"><span style=\"font-size: large;\">Hommage m\u00e9rit\u00e9, dans une immense \u00c9motion.<\/span><\/span><\/em><\/p>\n<p>&nbsp;<\/p>\n<p>&nbsp;<\/p>\n<p><span style=\"font-size: large;\">Certes le Pape Fran\u00e7ois s\u2019est \u00e9mu du \u00ab\u00a0geste g\u00e9n\u00e9reux et h\u00e9ro\u00efque de ce Fils de la France comme de la Chr\u00e9tient\u00e9\u00a0\u00bb, ne convient-il pas de le souligner.<\/span><\/p>\n<p>&nbsp;<\/p>\n<p align=\"CENTER\">\u00a0<img loading=\"lazy\" decoding=\"async\" class=\"alignnone size-full wp-image-14736\" title=\"F7       et tombe en Chretien\" src=\"http:\/\/www.lecarrefourdesopinions.ca\/wp-content\/uploads\/2018\/03\/F7-et-tombe-en-Chretien.jpg\" alt=\"\" width=\"817\" height=\"475\" \/><\/p>\n<p align=\"CENTER\"><strong><span style=\"font-size: large;\">F7\u00a0: <\/span><\/strong><em><span style=\"color: #c00000;\"><span style=\"font-size: large;\">\u2026 et tomb\u00e9 en Chr\u00e9tien.<\/span><\/span><\/em><\/p>\n<p align=\"JUSTIFY\">\n<p align=\"JUSTIFY\">\n<p align=\"JUSTIFY\"><strong><span style=\"font-family: 'Comic Sans MS';\"><span style=\"font-size: large;\">Cependant.<\/span><\/span><\/strong><\/p>\n<p align=\"JUSTIFY\">\n<p align=\"JUSTIFY\"><span style=\"font-family: 'Comic Sans MS';\"><span style=\"font-size: large;\">Un Don aussi Sublime ne devrait-il pas aussi nous Inspirer dans nos Commentaires, dans nos r\u00e9flexions, dans nos sentiments, tout comme dans nos Options de plus en plus empreintes d\u2019intentions belliqueuses, conflictuelles, voire guerri\u00e8res, vraies ou simul\u00e9es, en tout cas redoutables.<\/span><\/span><\/p>\n<p align=\"JUSTIFY\">\n<p align=\"JUSTIFY\"><span style=\"font-family: 'Comic Sans MS';\"><span style=\"font-size: large;\">Le Don Sublime du Colonel de Gendarmerie Arnaud BELTRAME ne subodorerait-il pas une Inspiration Divine tendant \u00e0 la Recherche et au Choix de plus de Fraternit\u00e9 et de Paix dans le Monde.<\/span><\/span><\/p>\n<p align=\"JUSTIFY\">\n<p align=\"JUSTIFY\"><span style=\"font-family: 'Comic Sans MS';\"><span style=\"font-size: large;\">Nos Dirigeants devraient peut-\u00eatre y penser.<\/span><\/span><\/p>\n<p align=\"JUSTIFY\">\n<p align=\"JUSTIFY\"><span style=\"font-size: large;\">\u00c9ric EG Nogard<\/span><\/p>\n<p align=\"JUSTIFY\"><em><span style=\"color: #c00000;\"><span style=\"font-size: large;\">Chroniqueur<\/span><\/span><\/em><span style=\"color: #c00000;\"><span style=\"font-size: large;\">.<\/span><\/span><\/p>\n<p align=\"JUSTIFY\"><span style=\"color: #c00000;\">\u00a0<\/span><\/p>\n<p align=\"CENTER\"><strong><span style=\"font-size: large;\">***\u00a0\u00a0\u00a0\u00a0 ***\u00a0\u00a0\u00a0\u00a0 ***<\/span><\/strong><\/p>\n<p align=\"CENTER\"><strong>\u00a0<\/strong><\/p>\n<p align=\"CENTER\"><strong><span style=\"color: #ff0000;\">Ne Peut \u00eatre reproduit &#8211; m\u00eame partiellement &#8211;\u00a0 sans l\u2019autorisation de l\u2019Auteur.<\/span><\/strong><\/p>\n<p align=\"CENTER\"><strong>\u00a0<\/strong><\/p>\n<p align=\"CENTER\"><strong><span style=\"font-size: large;\">***\u00a0\u00a0\u00a0\u00a0 ***\u00a0\u00a0\u00a0\u00a0 ***<\/span><\/strong><\/p>\n<p align=\"CENTER\">\n<p align=\"CENTER\"><strong><span style=\"color: #ff0000;\"><span style=\"font-size: large;\">Nota : <\/span><\/span><\/strong><span style=\"color: #000000;\"><span style=\"font-size: large;\">Nous ne traitons que de Faits et de Noms rendus Publics.<\/span><\/span><\/p>\n<p align=\"CENTER\"><span style=\"color: #000000;\">\u00a0<\/span><\/p>\n<p align=\"CENTER\"><span style=\"color: #000000;\"><span style=\"font-size: large;\">***\u00a0\u00a0\u00a0\u00a0 ***\u00a0\u00a0\u00a0\u00a0 ***<\/span><\/span><\/p>\n<p align=\"JUSTIFY\"><strong><span style=\"text-decoration: underline;\">Liens Sugg\u00e9r\u00e9s\u00a0:<\/span><\/strong><\/p>\n<ul type=\"DISC\">\n<li>\n<p align=\"JUSTIFY\"><a href=\"http:\/\/www.etatsgenerauxdeloutremer.fr\/reflexions\">http:\/\/www.etatsgenerauxdeloutremer.fr\/reflexions<\/a><\/p>\n<\/li>\n<\/ul>\n<p align=\"CENTER\">\n<script type=\"text\/javascript\">\n\nvar addthis_config = {\"data_track_clickback\":false,\"data_track_addressbar\":false,\"data_track_textcopy\":false};\n<\/script><script type=\"text\/javascript\" src=\"\/\/s7.addthis.com\/js\/250\/addthis_widget.js#pubid=a457a6d63fb9e6ccabdde4110343bd85\"><\/script>","protected":false},"excerpt":{"rendered":"<p align=\"CENTER\"><span style=\"color: #632423;\"><span style=\"font-family: 'Comic Sans MS';\"><span style=\"font-size: large;\">Un Don aussi Sublime, devrait nous Inspirer\u2026<\/span><\/span><\/span><\/p>\n<p align=\"JUSTIFY\"><span style=\"color: #632423;\">\u00a0<\/span><\/p>\n<p align=\"JUSTIFY\"><span style=\"color: #632423;\"><span style=\"font-family: 'Comic Sans MS';\"><span style=\"font-size: large;\">\u00ab\u00a0Ceci soit dit dans notre conviction d\u2019une France Courageuse et Chr\u00e9tienne, ce qui n\u2019exclut en rien l\u2019esprit d\u2019Hospitalit\u00e9, de Tol\u00e9rance et de Pardon\u00a0\u00bb<\/span><\/span><\/span><\/p>\n<p align=\"JUSTIFY\"><span style=\"color: #632423;\">\u00a0<\/span><\/p>\n<p align=\"JUSTIFY\"><span style=\"color: #632423;\"><span style=\"font-family: 'Comic Sans MS';\"><span style=\"font-size: large;\">\u00c9ric EG Nogard<\/span><\/span><\/span><\/p>\n<p align=\"JUSTIFY\"><span style=\"color: #c00000;\"><span style=\"font-size: large;\">Chroniqueur<\/span><\/span><span style=\"color: #c00000;\"><span style=\"font-size: large;\">.<\/span><\/span>&hellip;<\/p>\n","protected":false},"author":1,"featured_media":0,"comment_status":"open","ping_status":"open","sticky":false,"template":"","format":"standard","meta":{"footnotes":""},"categories":[1],"tags":[],"class_list":["post-14729","post","type-post","status-publish","format-standard","hentry","category-accueil"],"_links":{"self":[{"href":"http:\/\/www.lecarrefourdesopinions.ca\/index.php?rest_route=\/wp\/v2\/posts\/14729","targetHints":{"allow":["GET"]}}],"collection":[{"href":"http:\/\/www.lecarrefourdesopinions.ca\/index.php?rest_route=\/wp\/v2\/posts"}],"about":[{"href":"http:\/\/www.lecarrefourdesopinions.ca\/index.php?rest_route=\/wp\/v2\/types\/post"}],"author":[{"embeddable":true,"href":"http:\/\/www.lecarrefourdesopinions.ca\/index.php?rest_route=\/wp\/v2\/users\/1"}],"replies":[{"embeddable":true,"href":"http:\/\/www.lecarrefourdesopinions.ca\/index.php?rest_route=%2Fwp%2Fv2%2Fcomments&post=14729"}],"version-history":[{"count":1,"href":"http:\/\/www.lecarrefourdesopinions.ca\/index.php?rest_route=\/wp\/v2\/posts\/14729\/revisions"}],"predecessor-version":[{"id":14737,"href":"http:\/\/www.lecarrefourdesopinions.ca\/index.php?rest_route=\/wp\/v2\/posts\/14729\/revisions\/14737"}],"wp:attachment":[{"href":"http:\/\/www.lecarrefourdesopinions.ca\/index.php?rest_route=%2Fwp%2Fv2%2Fmedia&parent=14729"}],"wp:term":[{"taxonomy":"category","embeddable":true,"href":"http:\/\/www.lecarrefourdesopinions.ca\/index.php?rest_route=%2Fwp%2Fv2%2Fcategories&post=14729"},{"taxonomy":"post_tag","embeddable":true,"href":"http:\/\/www.lecarrefourdesopinions.ca\/index.php?rest_route=%2Fwp%2Fv2%2Ftags&post=14729"}],"curies":[{"name":"wp","href":"https:\/\/api.w.org\/{rel}","templated":true}]}}