{"id":14723,"date":"2018-03-27T09:06:10","date_gmt":"2018-03-27T13:06:10","guid":{"rendered":"http:\/\/www.lecarrefourdesopinions.ca\/?p=14723"},"modified":"2018-03-27T09:06:10","modified_gmt":"2018-03-27T13:06:10","slug":"nest-ce-pas-mascarade-quune-telle-action","status":"publish","type":"post","link":"http:\/\/www.lecarrefourdesopinions.ca\/?p=14723","title":{"rendered":"N\u2019est-ce pas Mascarade, qu\u2019une telle Action."},"content":{"rendered":"<p align=\"CENTER\"><em><span style=\"color: #632423;\"><span style=\"font-family: 'Comic Sans MS';\"><span style=\"font-size: large;\">N\u2019est-ce pas Mascarade, qu\u2019une telle Action.<\/span><\/span><\/span><\/em><\/p>\n<p align=\"JUSTIFY\"><span style=\"color: #632423;\">\u00a0<\/span><\/p>\n<p align=\"JUSTIFY\"><span style=\"color: #632423;\"><span style=\"font-family: 'Comic Sans MS';\"><span style=\"font-size: large;\">O Gordios\u00a0!<\/span><\/span><\/span><\/p>\n<p align=\"JUSTIFY\"><span style=\"color: #632423;\">\u00a0<\/span><\/p>\n<p align=\"JUSTIFY\"><span style=\"color: #632423;\"><span style=\"font-family: 'Comic Sans MS';\"><span style=\"font-size: large;\">D\u2019o\u00f9 vient que le N\u0153ud de ton char soit moins dur \u00e0 d\u00e9m\u00ealer que les Affaires Juridico-Politiciennes, en \u00cele de la Martinique.<\/span><\/span><\/span><\/p>\n<p align=\"JUSTIFY\"><span style=\"color: #632423;\">\u00a0<\/span><\/p>\n<p align=\"JUSTIFY\"><span style=\"color: #632423;\">\u00a0<\/span><\/p>\n<p align=\"CENTER\"><img loading=\"lazy\" decoding=\"async\" class=\"alignnone size-medium wp-image-14724\" title=\"F1   Alexandre liberant le Char  en tranchant le N\u0153ud\" src=\"http:\/\/www.lecarrefourdesopinions.ca\/wp-content\/uploads\/2018\/03\/F1-Alexandre-liberant-le-Char-en-tranchant-le-N\u0153ud-271x300.png\" alt=\"\" width=\"271\" height=\"300\" \/><\/p>\n<p align=\"CENTER\"><strong><span style=\"font-size: large;\">F1\u00a0: <\/span><\/strong><em><span style=\"color: #c00000;\"><span style=\"font-size: large;\">Alexandre lib\u00e9rant le Char, en tranchant le N\u0153ud.<\/span><\/span><\/em><\/p>\n<p align=\"JUSTIFY\"><span style=\"color: #632423;\">\u00a0<\/span><\/p>\n<p align=\"JUSTIFY\"><span style=\"color: #632423;\">\u00a0<\/span><\/p>\n<p align=\"JUSTIFY\"><span style=\"color: #632423;\"><span style=\"font-family: 'Comic Sans MS';\"><span style=\"font-size: large;\">Si dures \u00e0 d\u00e9m\u00ealer qu\u2019Alexandre lui-m\u00eame se verrait impuissant \u00e0 les \u00ab\u00a0trancher\u00a0\u00bb tout comme il f\u00eet du tien. <\/span><\/span><\/span><\/p>\n<p align=\"JUSTIFY\"><em><span style=\"color: #632423;\">\u00a0<img loading=\"lazy\" decoding=\"async\" class=\"alignnone size-full wp-image-14620\" title=\"Eric\" src=\"http:\/\/www.lecarrefourdesopinions.ca\/wp-content\/uploads\/2018\/03\/Eric.jpg\" alt=\"\" width=\"134\" height=\"107\" \/><\/span><\/em><\/p>\n<p align=\"JUSTIFY\"><span style=\"color: #632423;\"><span style=\"font-family: 'Comic Sans MS';\"><span style=\"font-size: large;\">\u00c9ric EG Nogard<\/span><\/span><\/span><\/p>\n<p align=\"JUSTIFY\"><em><span style=\"color: #c00000;\"><span style=\"font-size: large;\">Chroniqueur<\/span><\/span><\/em><span style=\"color: #c00000;\"><span style=\"font-size: large;\">.<\/span><\/span><\/p>\n<p align=\"CENTER\">\n<p align=\"CENTER\"><span style=\"color: #632423;\"><span style=\"font-size: large;\">***\u00a0\u00a0\u00a0\u00a0 ***\u00a0\u00a0\u00a0\u00a0 ***<\/span><\/span><\/p>\n<p align=\"CENTER\"><span style=\"color: #632423;\"><span style=\"font-size: large;\">***\u00a0\u00a0\u00a0\u00a0 ***\u00a0\u00a0\u00a0\u00a0 ***<\/span><\/span><\/p>\n<p>&nbsp;<\/p>\n<p><em><span style=\"color: #000099;\"><span style=\"font-size: large;\">N\u2019est-ce pas Mascarade, qu\u2019une telle Action.<\/span><\/span><\/em><\/p>\n<p>&nbsp;<\/p>\n<p align=\"JUSTIFY\">\n<p align=\"JUSTIFY\"><strong><span style=\"font-family: 'Comic Sans MS';\"><span style=\"font-size: large;\">C\u2019est une vieille Affaire Judiciaire qui revient sur le Tapis.<\/span><\/span><\/strong><\/p>\n<p align=\"JUSTIFY\">\n<p align=\"JUSTIFY\"><span style=\"font-family: 'Comic Sans MS';\"><span style=\"font-size: large;\">On la d\u00e9signe sous l\u2019appellation d\u2019Affaire <\/span><\/span><em><span style=\"font-family: Arial, sans-serif;\"><span style=\"font-size: large;\">Green Parrot<\/span><\/span><\/em><span style=\"font-family: 'Comic Sans MS';\"><span style=\"font-size: large;\">, le sobriquet de celui, de celle ou de ceux qui en seraient les <\/span><\/span><em><span style=\"font-family: Arial, sans-serif;\"><span style=\"font-size: large;\">boosters<\/span><\/span><\/em> <span style=\"font-family: 'Comic Sans MS';\"><span style=\"font-size: large;\">dans le d\u00e9bat Juridico-Politico-Social de la Collectivit\u00e9 Territoriale de la Martinique (CTM), Pupille de la France.<\/span><\/span><\/p>\n<p align=\"JUSTIFY\">\n<p align=\"CENTER\"><img loading=\"lazy\" decoding=\"async\" class=\"alignnone size-full wp-image-14725\" title=\"F2   MARIE JEANNE  sa Fille  son Gendre  Les Accuses\" src=\"http:\/\/www.lecarrefourdesopinions.ca\/wp-content\/uploads\/2018\/03\/F2-MARIE-JEANNE-sa-Fille-son-Gendre-Les-Accuses.png\" alt=\"\" width=\"186\" height=\"98\" \/><\/p>\n<p align=\"CENTER\"><strong><span style=\"font-size: large;\">F2\u00a0: <\/span><\/strong><em><span style=\"color: #943634;\"><span style=\"font-size: large;\">MARIE-JEANNE, sa Fille, son Gendre, <\/span><\/span><\/em><\/p>\n<p align=\"CENTER\"><em><span style=\"color: #c00000;\"><span style=\"font-size: large;\">Les Accus\u00e9s.<\/span><\/span><\/em><\/p>\n<p align=\"CENTER\">\n<p align=\"JUSTIFY\">\n<p align=\"JUSTIFY\"><strong><span style=\"font-size: large;\">Il est fait recours contre le Pr\u00e9sident de la R\u00e9gion-Martinique \u2013 il l\u2019\u00e9tait \u00e0 l\u2019\u00e9poque des faits et, la Martinique \u00e9tant aujourd\u2019hui une Collectivit\u00e9 Territoriale, il en est encore le Pr\u00e9sident, question de continuit\u00e9 quelque part. <\/span><\/strong><\/p>\n<p align=\"JUSTIFY\">\n<p align=\"JUSTIFY\"><span style=\"font-size: large;\">Donc il est fait recours contre le Pr\u00e9sident de Martinique d\u2019avoir proc\u00e9d\u00e9 es-qualit\u00e9, \u00e0 des op\u00e9rations de favoritisme au pr\u00e9judice p\u00e9cuniaire du Territoire, ces op\u00e9rations ayant profit\u00e9 \u00e0 sa fille comme \u00e0 son gendre, de Nationalit\u00e9 \u00e9trang\u00e8re.<\/span><\/p>\n<p align=\"JUSTIFY\">\n<p align=\"JUSTIFY\"><span style=\"font-size: large;\">Dans une certaine mesure, le \u00ab\u00a0Cri d\u2019alarme\u00a0\u00bb en a parl\u00e9 dans ses Chroniques dont la NL2016\/184 intitul\u00e9e \u00ab\u00a0<\/span><em><span style=\"font-size: large;\">\u00catre Partie civile, \u00e0 son Propre Proc\u00e8s.\u00a0\u00bb <\/span><\/em><span style=\"font-size: large;\">publi\u00e9e en Septembre par le Carrefour des Opinions, Qu\u00e9bec, Canada, Lien\u00a0:<\/span> <span style=\"font-size: large;\"><a href=\"http:\/\/www.lecarrefourdesopinions.ca\/?p=12652\">http:\/\/www.lecarrefourdesopinions.ca\/?p=12652<\/a>.<\/span><\/p>\n<p align=\"JUSTIFY\">\n<p align=\"JUSTIFY\">\n<p align=\"JUSTIFY\"><strong><span style=\"font-size: large;\">Alfred MARIE-JEANNE, l\u2019Accus\u00e9 en la Cause compara\u00eet donc pour avoir \u00e9t\u00e9 renvoy\u00e9 devant le Tribunal Correctionnel de Paris charg\u00e9 de d\u00e9m\u00ealer ce N\u0153ud Gordien, la Collectivit\u00e9 Territoriale s\u2019\u00e9tant constitu\u00e9e \u00ab\u00a0Partie Civile\u00a0\u00bb contre lui, et c\u2019est l\u00e0 que blesse le b\u00e2t.<\/span><\/strong><\/p>\n<p align=\"JUSTIFY\">\n<p align=\"JUSTIFY\"><span style=\"font-size: large;\">La Partie Civile plaidant devant un tribunal P\u00e9nal, une action Civile en vue de la R\u00e9paration du Dommage qu\u2019elle a subi, du fait de l\u2019Infraction commise par l\u2019Accus\u00e9.<\/span><\/p>\n<p align=\"JUSTIFY\">\n<p align=\"CENTER\"><img loading=\"lazy\" decoding=\"async\" class=\"alignnone size-medium wp-image-14726\" title=\"ette pretendue   Partie Civile   ne serait elle en rien   Partie Solidaire   de l Accuse  et des lors  recusable ipso facto\" src=\"http:\/\/www.lecarrefourdesopinions.ca\/wp-content\/uploads\/2018\/03\/ette-pretendue-Partie-Civile-ne-serait-elle-en-rien-Partie-Solidaire-de-l-Accuse-et-des-lors-recusable-ipso-facto-300x168.jpeg\" alt=\"\" width=\"300\" height=\"168\" \/><\/p>\n<p align=\"JUSTIFY\"><strong><span style=\"font-size: large;\">F3\u00a0: <\/span><\/strong><em><span style=\"color: #c00000;\"><span style=\"font-size: large;\">Cette pr\u00e9tendue \u00ab\u00a0Partie Civile\u00a0\u00bb ne serait-elle en rien \u00ab\u00a0Partie Solidaire\u00a0\u00bb de l\u2019Accus\u00e9, et d\u00e8s-lors, r\u00e9cusable<\/span><\/span><\/em><strong><\/strong><em><span style=\"color: #c00000;\"><span style=\"font-family: Arial, sans-serif;\"><span style=\"font-size: large;\">ipso-facto<\/span><\/span><\/span><\/em><strong><span style=\"color: #c00000;\"><span style=\"font-size: large;\">.<\/span><\/span><\/strong><\/p>\n<p align=\"JUSTIFY\">\n<p align=\"JUSTIFY\">\n<p align=\"JUSTIFY\"><strong><span style=\"font-size: large;\">D\u00e8s-lors.<\/span><\/strong><\/p>\n<p align=\"JUSTIFY\">\n<p align=\"JUSTIFY\"><span style=\"font-size: large;\">Y aurait-il compatibilit\u00e9 \u2013 par D\u00e9finition \u2013 entre la \u00ab\u00a0Partie Civile\u00a0\u00bb et sa d\u00e9signation par l\u2019Auteur de l\u2019Infraction.<\/span><\/p>\n<p align=\"JUSTIFY\">\n<p align=\"JUSTIFY\"><span style=\"font-size: large;\">Y aurait-il compatibilit\u00e9 d\u2019un quelconque lien, de Parent\u00e9, de Subordination ou d\u2019Int\u00e9r\u00eat entre l\u2019Accus\u00e9 et la Partie Civile.<\/span><\/p>\n<p align=\"JUSTIFY\">\n<p align=\"JUSTIFY\">\n<p align=\"JUSTIFY\"><strong><span style=\"font-size: large;\">Or.<\/span><\/strong><\/p>\n<p align=\"JUSTIFY\">\n<p align=\"JUSTIFY\"><span style=\"font-size: large;\">La d\u00e9signation du Porte-parole de la Partie Civile n\u2019a-t-elle pas \u00e9t\u00e9 laiss\u00e9e \u00e0 la discr\u00e9tion de l\u2019Accus\u00e9.<\/span><\/p>\n<p align=\"JUSTIFY\">\n<p align=\"JUSTIFY\"><span style=\"font-size: large;\">Le Porte-parole de la Partie Civile ne serait-il pas un Fid\u00e8le Collaborateur et Partisan de l\u2019Accus\u00e9.<\/span><\/p>\n<p align=\"JUSTIFY\">\n<p align=\"CENTER\"><img loading=\"lazy\" decoding=\"async\" class=\"alignnone size-medium wp-image-14727\" title=\"ie-Civile__En____Kant_e_=  kant epi    donc   en C\u0153ur a C\u0153ur avec   l Accuse MARIE JEANNE\" src=\"http:\/\/www.lecarrefourdesopinions.ca\/wp-content\/uploads\/2018\/03\/ie-Civile__En____Kant_e_-kant-epi-donc-en-C\u0153ur-a-C\u0153ur-avec-l-Accuse-MARIE-JEANNE-300x205.jpg\" alt=\"\" width=\"300\" height=\"205\" \/><\/p>\n<p align=\"CENTER\"><strong><span style=\"font-size: large;\">F4\u00a0: <\/span><\/strong><em><span style=\"color: #943634;\"><span style=\"font-size: large;\">Francis CAROLE, repr\u00e9sentant de la Partie-Civile<\/span><\/span><\/em><\/p>\n<p align=\"JUSTIFY\"><em><span style=\"color: #c00000;\"><span style=\"font-size: large;\">En\u00a0 \u00ab\u00a0<\/span><\/span><\/em><em><span style=\"color: #c00000;\"><span style=\"font-family: Arial, sans-serif;\"><span style=\"font-size: large;\">Kant \u00e9 kant \u00e9pi <\/span><\/span><\/span><\/em><em><span style=\"color: #c00000;\"><span style=\"font-size: large;\">\u00bb, donc \u00ab\u00a0en C\u0153ur-\u00e0-C\u0153ur avec\u00a0\u00bb l\u2019Accus\u00e9 MARIE-JEANNE. <\/span><\/span><\/em><\/p>\n<p align=\"JUSTIFY\">\n<p align=\"JUSTIFY\">\n<p align=\"JUSTIFY\"><strong><span style=\"font-size: large;\">En Cons\u00e9quence.<\/span><\/strong><\/p>\n<p align=\"JUSTIFY\">\n<p align=\"JUSTIFY\"><span style=\"font-size: large;\">Serait-il abusif de d\u00e9clarer\u00a0:<\/span><\/p>\n<p align=\"JUSTIFY\">\n<p align=\"JUSTIFY\"><span style=\"font-family: Symbol;\"><span style=\"font-size: large;\">\u00b7<\/span><\/span><span style=\"font-family: Symbol;\"><span style=\"font-size: large;\">\u00a0\u00a0\u00a0\u00a0\u00a0\u00a0\u00a0 <\/span><\/span><span style=\"font-size: large;\">Contraire au Bon-Droit la d\u00e9signation par l\u2019Accus\u00e9 de la Partie Civile qui Requiert contre lui.<\/span><\/p>\n<p align=\"JUSTIFY\">\n<p align=\"JUSTIFY\"><span style=\"font-family: Symbol;\"><span style=\"font-size: large;\">\u00b7<\/span><\/span><span style=\"font-family: Symbol;\"><span style=\"font-size: large;\">\u00a0\u00a0\u00a0\u00a0\u00a0\u00a0\u00a0 <\/span><\/span><span style=\"font-size: large;\">R\u00e9cusable au titre de la Partie Civile de tout Parent, ami, Subordonn\u00e9 ou partie solidaire de l\u2019Accus\u00e9.<\/span><\/p>\n<p>&nbsp;<\/p>\n<p align=\"JUSTIFY\"><span style=\"font-family: Symbol;\"><span style=\"font-size: large;\">\u00b7<\/span><\/span><span style=\"font-family: Symbol;\"><span style=\"font-size: large;\">\u00a0\u00a0\u00a0\u00a0\u00a0\u00a0\u00a0 <\/span><\/span><span style=\"font-size: large;\">Recevable le choix d\u2019un ressortissant de l\u2019Opposition comme Partie Civile dans l\u2019Affaire <\/span><em><span style=\"font-family: Arial, sans-serif;\"><span style=\"font-size: large;\">Green Parrot<\/span><\/span><\/em> <span style=\"font-size: large;\">ou, \u00e0 d\u00e9faut, d\u2019un repr\u00e9sentant de l\u2019Autorit\u00e9 de Tutelle, donc de l\u2019\u00c9tat Fran\u00e7ais.<\/span><\/p>\n<p>&nbsp;<\/p>\n<p align=\"JUSTIFY\">\n<p align=\"JUSTIFY\"><span style=\"font-family: 'Comic Sans MS';\"><span style=\"font-size: large;\">Sauf \u00e0 conclure \u00e0 la fois \u00e0 une Dictature d\u2019un C\u00f4t\u00e9, \u00e0 une D\u00e9faillance de l\u2019autre, \u00e0 une Parodie, voire \u00e0 une Mascarade de Proc\u00e8s, en tout Cas. <\/span><\/span><\/p>\n<p align=\"JUSTIFY\">\n<p align=\"JUSTIFY\"><span style=\"font-size: large;\">\u00c9ric EG Nogard<\/span><\/p>\n<p align=\"JUSTIFY\"><em><span style=\"color: #c00000;\"><span style=\"font-size: large;\">Chroniqueur<\/span><\/span><\/em><span style=\"color: #c00000;\"><span style=\"font-size: large;\">.<\/span><\/span><\/p>\n<p align=\"JUSTIFY\"><span style=\"color: #c00000;\">\u00a0<\/span><\/p>\n<p align=\"JUSTIFY\"><span style=\"color: #c00000;\">\u00a0<\/span><\/p>\n<p align=\"CENTER\"><strong><span style=\"font-size: large;\">***\u00a0\u00a0\u00a0\u00a0 ***\u00a0\u00a0\u00a0\u00a0 ***<\/span><\/strong><\/p>\n<p align=\"CENTER\"><strong><span style=\"color: #ff0000;\">Ne Peut \u00eatre reproduit &#8211; m\u00eame partiellement &#8211;\u00a0 sans l\u2019autorisation de l\u2019Auteur.<\/span><\/strong><\/p>\n<p align=\"CENTER\"><strong>\u00a0<\/strong><\/p>\n<p align=\"CENTER\"><strong><span style=\"font-size: large;\">***\u00a0\u00a0\u00a0\u00a0 ***\u00a0\u00a0\u00a0\u00a0 ***<\/span><\/strong><\/p>\n<p align=\"CENTER\">\n<p align=\"CENTER\"><strong><span style=\"color: #ff0000;\"><span style=\"font-size: large;\">Nota : <\/span><\/span><\/strong><span style=\"color: #000000;\"><span style=\"font-size: large;\">Nous ne traitons que de Faits et de Noms rendus Publics.<\/span><\/span><\/p>\n<p align=\"CENTER\"><span style=\"color: #000000;\">\u00a0<\/span><\/p>\n<p align=\"CENTER\"><span style=\"color: #000000;\"><span style=\"font-size: large;\">***\u00a0\u00a0\u00a0\u00a0 ***\u00a0\u00a0\u00a0\u00a0 ***<\/span><\/span><\/p>\n<p align=\"JUSTIFY\">\n<p align=\"JUSTIFY\"><strong><span style=\"text-decoration: underline;\">Liens Sugg\u00e9r\u00e9s\u00a0:<\/span><\/strong><\/p>\n<ul type=\"DISC\">\n<li>\n<p align=\"JUSTIFY\"><a href=\"http:\/\/www.etatsgenerauxdeloutremer.fr\/reflexions\">http:\/\/www.etatsgenerauxdeloutremer.fr\/reflexions<\/a><\/p>\n<\/li>\n<\/ul>\n<p align=\"CENTER\">\n<script type=\"text\/javascript\">\n\nvar addthis_config = {\"data_track_clickback\":false,\"data_track_addressbar\":false,\"data_track_textcopy\":false};\n<\/script><script type=\"text\/javascript\" src=\"\/\/s7.addthis.com\/js\/250\/addthis_widget.js#pubid=a457a6d63fb9e6ccabdde4110343bd85\"><\/script>","protected":false},"excerpt":{"rendered":"<p align=\"CENTER\"><span style=\"color: #632423;\"><span style=\"font-family: 'Comic Sans MS';\"><span style=\"font-size: large;\">N\u2019est-ce pas Mascarade, qu\u2019une telle Action.<\/span><\/span><\/span><\/p>\n<p align=\"JUSTIFY\"><span style=\"color: #632423;\">\u00a0<\/span><\/p>\n<p align=\"JUSTIFY\"><span style=\"color: #632423;\"><span style=\"font-family: 'Comic Sans MS';\"><span style=\"font-size: large;\">O Gordios\u00a0!<\/span><\/span><\/span><\/p>\n<p align=\"JUSTIFY\"><span style=\"color: #632423;\">\u00a0<\/span><\/p>\n<p align=\"JUSTIFY\"><span style=\"color: #632423;\"><span style=\"font-family: 'Comic Sans MS';\"><span style=\"font-size: large;\">D\u2019o\u00f9 vient que le N\u0153ud de ton char soit moins dur \u00e0 d\u00e9m\u00ealer que les Affaires Juridico-Politiciennes, en \u00cele de la Martinique.<\/span><\/span><\/span><\/p>\n<p align=\"JUSTIFY\"><span style=\"color: #632423;\">\u00a0<\/span><\/p>\n<p align=\"JUSTIFY\"><span style=\"color: #632423;\">\u00a0<\/span><\/p>\n<p align=\"CENTER\">\n<p align=\"CENTER\"><span style=\"font-size: large;\">F1\u00a0: <\/span><span style=\"color: #c00000;\"><span style=\"font-size: large;\">Alexandre lib\u00e9rant le Char, <\/span><\/span>&hellip;<\/p>\n","protected":false},"author":1,"featured_media":0,"comment_status":"open","ping_status":"open","sticky":false,"template":"","format":"standard","meta":{"footnotes":""},"categories":[1],"tags":[],"class_list":["post-14723","post","type-post","status-publish","format-standard","hentry","category-accueil"],"_links":{"self":[{"href":"http:\/\/www.lecarrefourdesopinions.ca\/index.php?rest_route=\/wp\/v2\/posts\/14723","targetHints":{"allow":["GET"]}}],"collection":[{"href":"http:\/\/www.lecarrefourdesopinions.ca\/index.php?rest_route=\/wp\/v2\/posts"}],"about":[{"href":"http:\/\/www.lecarrefourdesopinions.ca\/index.php?rest_route=\/wp\/v2\/types\/post"}],"author":[{"embeddable":true,"href":"http:\/\/www.lecarrefourdesopinions.ca\/index.php?rest_route=\/wp\/v2\/users\/1"}],"replies":[{"embeddable":true,"href":"http:\/\/www.lecarrefourdesopinions.ca\/index.php?rest_route=%2Fwp%2Fv2%2Fcomments&post=14723"}],"version-history":[{"count":1,"href":"http:\/\/www.lecarrefourdesopinions.ca\/index.php?rest_route=\/wp\/v2\/posts\/14723\/revisions"}],"predecessor-version":[{"id":14728,"href":"http:\/\/www.lecarrefourdesopinions.ca\/index.php?rest_route=\/wp\/v2\/posts\/14723\/revisions\/14728"}],"wp:attachment":[{"href":"http:\/\/www.lecarrefourdesopinions.ca\/index.php?rest_route=%2Fwp%2Fv2%2Fmedia&parent=14723"}],"wp:term":[{"taxonomy":"category","embeddable":true,"href":"http:\/\/www.lecarrefourdesopinions.ca\/index.php?rest_route=%2Fwp%2Fv2%2Fcategories&post=14723"},{"taxonomy":"post_tag","embeddable":true,"href":"http:\/\/www.lecarrefourdesopinions.ca\/index.php?rest_route=%2Fwp%2Fv2%2Ftags&post=14723"}],"curies":[{"name":"wp","href":"https:\/\/api.w.org\/{rel}","templated":true}]}}