{"id":14719,"date":"2018-03-27T08:07:56","date_gmt":"2018-03-27T12:07:56","guid":{"rendered":"http:\/\/www.lecarrefourdesopinions.ca\/?p=14719"},"modified":"2018-03-27T08:07:56","modified_gmt":"2018-03-27T12:07:56","slug":"lancement-du-livre-paul-cliche","status":"publish","type":"post","link":"http:\/\/www.lecarrefourdesopinions.ca\/?p=14719","title":{"rendered":"Lancement du livre  Paul Cliche"},"content":{"rendered":"<p>&nbsp;<\/p>\n<p style=\"text-align: center;\"><img loading=\"lazy\" decoding=\"async\" class=\"alignnone size-medium wp-image-14721\" title=\"F1 Cliche\" src=\"http:\/\/www.lecarrefourdesopinions.ca\/wp-content\/uploads\/2018\/03\/F1-Cliche1-225x300.jpg\" alt=\"\" width=\"225\" height=\"300\" \/><\/p>\n<p><span style=\"font-size: large;\">L\u2019\u00e9diteur me confirme que la livre sera en librairie mardi le 3 avril. Il compte 430 pages et se vendra\u00a0 25$. Voici l\u2019invitation pour le lancement qui aura lieu \u00e0 Montr\u00e9al le 13 avril. Un autre aura lieu \u00e0 Qu\u00e9bec le 12 mai.<\/span><\/p>\n<p>&nbsp;<\/p>\n<p><span style=\"font-size: large;\">Les \u00c9ditions Varia vous invitent au lancement du livre\u00a0\u00a0<em><strong>Paul Cliche, un militant qui n\u2019a jamais l\u00e2ch\u00e9<\/strong><\/em>\u00a0qui aura lieu\u00a0<strong>vendredi le 13 avril 2018 \u00e0 18h00\u00a0<\/strong>\u00e0 la librairie Paulines, 2653 rue Masson (\u00e0 l\u2019angle de la 2<sup>e<\/sup>\u00a0Avenue dans le Vieux Rosemont).<\/span><\/p>\n<p>\u00a0<span style=\"font-size: large;\">Prendront la parole, en plus de l\u2019auteur, le d\u00e9put\u00e9 solidaire\u00a0<strong>Amir Khadir\u00a0<\/strong>qui a sign\u00e9 la pr\u00e9face;\u00a0<strong>Denise Veilleux<\/strong>, ex-porte-parole de l\u2019Union des forces progressistes (UFP) et l\u2019essayiste\u00a0<strong>Jacques Pelletier<\/strong>, directeur des collections\u00a0<em>Interventions<\/em>\u00a0et\u00a0<em>Essais critiques<\/em>\u00a0aux \u00c9ditions Varia.<\/span><\/p>\n<p>&nbsp;<\/p>\n<script type=\"text\/javascript\">\n\nvar addthis_config = {\"data_track_clickback\":false,\"data_track_addressbar\":false,\"data_track_textcopy\":false};\n<\/script><script type=\"text\/javascript\" src=\"\/\/s7.addthis.com\/js\/250\/addthis_widget.js#pubid=a457a6d63fb9e6ccabdde4110343bd85\"><\/script>","protected":false},"excerpt":{"rendered":"<p>&nbsp;<\/p>\n<p style=\"text-align: center;\">\n<p><span style=\"font-size: large;\">L\u2019\u00e9diteur me confirme que la livre sera en librairie mardi le 3 avril. Il compte 430 pages et se vendra\u00a0 25$. Voici l\u2019invitation pour le lancement qui aura lieu \u00e0 Montr\u00e9al le 13 avril. Un autre <\/span>&hellip;<\/p>\n","protected":false},"author":1,"featured_media":0,"comment_status":"open","ping_status":"open","sticky":false,"template":"","format":"standard","meta":{"footnotes":""},"categories":[1],"tags":[],"class_list":["post-14719","post","type-post","status-publish","format-standard","hentry","category-accueil"],"_links":{"self":[{"href":"http:\/\/www.lecarrefourdesopinions.ca\/index.php?rest_route=\/wp\/v2\/posts\/14719","targetHints":{"allow":["GET"]}}],"collection":[{"href":"http:\/\/www.lecarrefourdesopinions.ca\/index.php?rest_route=\/wp\/v2\/posts"}],"about":[{"href":"http:\/\/www.lecarrefourdesopinions.ca\/index.php?rest_route=\/wp\/v2\/types\/post"}],"author":[{"embeddable":true,"href":"http:\/\/www.lecarrefourdesopinions.ca\/index.php?rest_route=\/wp\/v2\/users\/1"}],"replies":[{"embeddable":true,"href":"http:\/\/www.lecarrefourdesopinions.ca\/index.php?rest_route=%2Fwp%2Fv2%2Fcomments&post=14719"}],"version-history":[{"count":1,"href":"http:\/\/www.lecarrefourdesopinions.ca\/index.php?rest_route=\/wp\/v2\/posts\/14719\/revisions"}],"predecessor-version":[{"id":14722,"href":"http:\/\/www.lecarrefourdesopinions.ca\/index.php?rest_route=\/wp\/v2\/posts\/14719\/revisions\/14722"}],"wp:attachment":[{"href":"http:\/\/www.lecarrefourdesopinions.ca\/index.php?rest_route=%2Fwp%2Fv2%2Fmedia&parent=14719"}],"wp:term":[{"taxonomy":"category","embeddable":true,"href":"http:\/\/www.lecarrefourdesopinions.ca\/index.php?rest_route=%2Fwp%2Fv2%2Fcategories&post=14719"},{"taxonomy":"post_tag","embeddable":true,"href":"http:\/\/www.lecarrefourdesopinions.ca\/index.php?rest_route=%2Fwp%2Fv2%2Ftags&post=14719"}],"curies":[{"name":"wp","href":"https:\/\/api.w.org\/{rel}","templated":true}]}}