{"id":14711,"date":"2018-03-26T15:28:08","date_gmt":"2018-03-26T19:28:08","guid":{"rendered":"http:\/\/www.lecarrefourdesopinions.ca\/?p=14711"},"modified":"2018-03-26T15:28:08","modified_gmt":"2018-03-26T19:28:08","slug":"lintelligence-des-rats-au-service-des-humains","status":"publish","type":"post","link":"http:\/\/www.lecarrefourdesopinions.ca\/?p=14711","title":{"rendered":"L\u2019Intelligence des Rats, au service des Humains !.."},"content":{"rendered":"<p align=\"CENTER\"><em><span style=\"color: #632423;\"><span style=\"font-family: 'Comic Sans MS';\"><span style=\"font-size: large;\">L\u2019Intelligence des Rats, au service des Humains\u00a0!..<\/span><\/span><\/span><\/em><\/p>\n<p align=\"JUSTIFY\"><em><span style=\"color: #632423;\">\u00a0<img loading=\"lazy\" decoding=\"async\" class=\"alignnone size-full wp-image-14620\" title=\"Eric\" src=\"http:\/\/www.lecarrefourdesopinions.ca\/wp-content\/uploads\/2018\/03\/Eric.jpg\" alt=\"\" width=\"134\" height=\"107\" \/><\/span><\/em><\/p>\n<p align=\"JUSTIFY\"><span style=\"color: #632423;\"><span style=\"font-family: 'Comic Sans MS';\"><span style=\"font-size: large;\">\u00c9ric EG Nogard<\/span><\/span><\/span><\/p>\n<p align=\"JUSTIFY\"><em><span style=\"color: #c00000;\"><span style=\"font-size: large;\">Chroniqueur<\/span><\/span><\/em><span style=\"color: #c00000;\"><span style=\"font-size: large;\">.<\/span><\/span><\/p>\n<p align=\"CENTER\">\n<p align=\"CENTER\"><span style=\"color: #632423;\"><span style=\"font-size: large;\">***\u00a0\u00a0\u00a0\u00a0 ***\u00a0\u00a0\u00a0\u00a0 ***<\/span><\/span><\/p>\n<p align=\"CENTER\"><span style=\"color: #632423;\"><span style=\"font-size: large;\">***\u00a0\u00a0\u00a0\u00a0 ***\u00a0\u00a0\u00a0\u00a0 ***<\/span><\/span><\/p>\n<p align=\"JUSTIFY\">\n<p align=\"JUSTIFY\"><em><span style=\"color: #000099;\"><span style=\"font-size: large;\">L\u2019Intelligence des Rats, au service des Humains\u00a0!..<\/span><\/span><\/em><\/p>\n<p align=\"JUSTIFY\">\n<p align=\"JUSTIFY\">\n<p align=\"JUSTIFY\"><span style=\"font-family: 'Comic Sans MS';\"><span style=\"font-size: large;\">Le Rat, qu\u2019il soit des Champs, qu\u2019il soit des Villes, des \u00e9gouts ou de Laboratoires et m\u00eame, le petit animal de Compagnie de nos enfants, ne l\u2019oublions pas, qu\u2019une souris est un rat en devenir. <\/span><\/span><\/p>\n<p align=\"JUSTIFY\">\n<p align=\"JUSTIFY\"><span style=\"font-family: 'Comic Sans MS';\"><span style=\"font-size: large;\">Le Rat, finira-t-il de nous horrifier, de nous \u00e9merveiller, de nous surprendre, de nous interpeller, tant sont nombreuses et diverses, voire oppos\u00e9es, les facettes de sa nature.<\/span><\/span><\/p>\n<p align=\"JUSTIFY\">\n<p align=\"JUSTIFY\">\n<p align=\"JUSTIFY\"><strong><span style=\"font-size: large;\">Qui est aussi proche de nous que lui, aussi combattu par nous que lui, autant recherch\u00e9 par nous que lui\u2026 nous conna\u00eet mieux que lui.<\/span><\/strong><\/p>\n<p align=\"JUSTIFY\">\n<p align=\"JUSTIFY\"><span style=\"font-size: large;\">Rappelons-nous nos Campagnes de \u00ab\u00a0d\u00e9ratisation\u00a0\u00bb, sans parler de nos <\/span><em><span style=\"font-family: Arial, sans-serif;\"><span style=\"font-size: large;\">mouse-traps<\/span><\/span><\/em> <span style=\"font-size: large;\">d\u2019un autre \u00e2ge\u2026 si nous pouvions l\u2019\u00e9radiquer de la Surface du Globe.<\/span><\/p>\n<p align=\"JUSTIFY\">\n<p align=\"JUSTIFY\"><span style=\"font-size: large;\">Songeons aux Villes assi\u00e8g\u00e9es par les guerres et r\u00e9duites \u00e0 en faire leur rago\u00fbt du dimanche\u2026 leur pi\u00e8ce ma\u00eetresse des repas des grands jours chez les Princes\u2026 Dans son prestigieux <\/span><em><span style=\"font-family: Calibri, sans-serif;\"><span style=\"font-size: large;\">Tarass-Boulba<\/span><\/span><\/em><span style=\"font-size: large;\">, GOGOL nous en a assez dit et la Ville de Paris peut bien en t\u00e9moigner.<\/span><\/p>\n<p align=\"JUSTIFY\">\n<p align=\"JUSTIFY\"><span style=\"font-size: large;\">Le Rat.<\/span><\/p>\n<p align=\"JUSTIFY\">\n<p align=\"JUSTIFY\">\n<p align=\"JUSTIFY\"><strong><span style=\"font-size: large;\">Et voil\u00e0 qu\u2019une magnifique documentation du \u00ab\u00a0Carrefour des Opinions\u00a0\u00bb du Qu\u00e9bec, au Canada, Intitul\u00e9e \u00ab\u00a0Rats d\u00e9mineurs\u00a0\u00bb et Post\u00e9e le 21 Mars 2018, permet au \u00ab\u00a0Cri d\u2019Alarme\u00a0\u00bb d\u2019\u00e9merveiller peut-\u00eatre ses Lecteurs \u2013 comme nous l\u2019avons \u00e9t\u00e9 \u2013 au vu de ces Rats D\u00e9mineurs, sauveurs de vies humaines au Mozambique. <\/span><\/strong><\/p>\n<p align=\"JUSTIFY\">\n<p align=\"JUSTIFY\"><span style=\"font-size: large;\">Qu\u2019ils en jugent au vu de ce qui suit\u00a0:<\/span><\/p>\n<p align=\"JUSTIFY\">\n<p align=\"JUSTIFY\"><span style=\"font-family: Calibri, sans-serif;\"><span style=\"font-size: large;\">A Mille lieues de leur r\u00e9putation, des rats sauvent des vies en Afrique.<\/span><\/span><\/p>\n<p align=\"JUSTIFY\">\n<p align=\"JUSTIFY\"><em><span style=\"font-size: large;\">Ils sont D\u00e9mineurs.<\/span><\/em><\/p>\n<p align=\"JUSTIFY\">\n<p align=\"CENTER\"><img loading=\"lazy\" decoding=\"async\" class=\"alignnone size-medium wp-image-14712\" title=\"F1   Amis de l Homme ou pas     Ces Rats demineurs\" src=\"http:\/\/www.lecarrefourdesopinions.ca\/wp-content\/uploads\/2018\/03\/F1-Amis-de-l-Homme-ou-pas-Ces-Rats-demineurs-300x225.jpg\" alt=\"\" width=\"300\" height=\"225\" \/><\/p>\n<p align=\"CENTER\"><strong><span style=\"font-size: large;\">F1\u00a0: <\/span><\/strong><em><span style=\"color: #c00000;\"><span style=\"font-size: large;\">Amis de l\u2019Homme ou pas\u00a0?.. Ces Rats d\u00e9mineurs.<\/span><\/span><\/em><\/p>\n<p align=\"JUSTIFY\">\n<p align=\"JUSTIFY\">\n<p align=\"JUSTIFY\"><span style=\"font-size: large;\">Il ne leur faut que quelques mois d\u2019entra\u00eenement pour acqu\u00e9rir un savoir faire d\u2019une redoutable efficacit\u00e9.<\/span><\/p>\n<p align=\"JUSTIFY\">\n<p align=\"JUSTIFY\">\n<p align=\"JUSTIFY\"><em><span style=\"font-size: large;\">Ce n\u2019est pas \u00ab\u00a0Le Cri d\u2019Alarme\u00a0\u00bb qui parle\u00a0!.. l\u2019Image le fait d\u2019elle-m\u00eame.<\/span><\/em><\/p>\n<p align=\"JUSTIFY\">\n<p align=\"JUSTIFY\"><span style=\"font-size: large;\">L\u00e0 o\u00f9 il faut Cinq jours \u00e0 un homme \u00e9quip\u00e9 d\u2019un d\u00e9tecteur \u00e9lectronique pour inspecter 200 m<sup>2<\/sup>, un rat n\u2019aura besoin que de \u2026 Vingt minutes\u00a0!<\/span><\/p>\n<p align=\"JUSTIFY\">\n<p align=\"JUSTIFY\"><span style=\"font-size: large;\">Trois Cent Soixante fois moins de temps\u2026 Impressionnant.<\/span><\/p>\n<p align=\"JUSTIFY\">\n<p align=\"CENTER\">\u00a0<img loading=\"lazy\" decoding=\"async\" class=\"alignnone size-medium wp-image-14713\" title=\"F2   Leur sejour   a l Ecole   de leur future Mission\" src=\"http:\/\/www.lecarrefourdesopinions.ca\/wp-content\/uploads\/2018\/03\/F2-Leur-sejour-a-l-Ecole-de-leur-future-Mission-300x200.jpg\" alt=\"\" width=\"300\" height=\"200\" \/><\/p>\n<p align=\"CENTER\"><strong><span style=\"font-size: large;\">F2\u00a0: <\/span><\/strong><em><span style=\"color: #c00000;\"><span style=\"font-size: large;\">Leur s\u00e9jour \u00ab\u00a0\u00e0 l\u2019\u00c9cole\u00a0\u00bb de leur future Mission.<\/span><\/span><\/em><\/p>\n<p align=\"JUSTIFY\">\n<p align=\"JUSTIFY\">\n<p align=\"JUSTIFY\"><strong><span style=\"font-size: large;\">La finesse de leur flair, leur l\u00e9g\u00e8ret\u00e9 vis-\u00e0-vis du d\u00e9clenchement de la mine, leur agilit\u00e9 sans nom les d\u00e9signent pour le Job de d\u00e9tection des Explosifs, sans les faire sauter.<\/span><\/strong><\/p>\n<p align=\"JUSTIFY\">\n<p align=\"CENTER\"><img loading=\"lazy\" decoding=\"async\" class=\"alignnone size-large wp-image-14714\" title=\"F3   Les voila au Travail contre les Mines anti personnelles\" src=\"http:\/\/www.lecarrefourdesopinions.ca\/wp-content\/uploads\/2018\/03\/F3-Les-voila-au-Travail-contre-les-Mines-anti-personnelles-1024x344.jpg\" alt=\"\" width=\"450\" height=\"151\" \/><\/p>\n<p align=\"CENTER\"><strong><span style=\"font-size: large;\">F3\u00a0: <\/span><\/strong><em><span style=\"color: #c00000;\"><span style=\"font-size: large;\">Les voil\u00e0 au Travail contre les Mines anti-personnelles.<\/span><\/span><\/em><\/p>\n<p>&nbsp;<\/p>\n<p>&nbsp;<\/p>\n<p align=\"JUSTIFY\"><span style=\"font-size: large;\">Rien qu\u2019entre 2006 et 2014, au Mozambique (ce n\u2019est pas nous qui parlons) les rats d\u00e9mineurs auraient permis de nettoyer 2,8 Millions de M<sup>2<\/sup> et de mettre \u00e0 jour 1750 Mines et 970 Obus g\u00e9n\u00e9reusement mis en place par 15 ann\u00e9es de guerre civile ravageuse de ce Pays entre 1977 et 1992.<\/span><\/p>\n<p>&nbsp;<\/p>\n<p align=\"CENTER\"><img loading=\"lazy\" decoding=\"async\" class=\"alignnone size-large wp-image-14715\" title=\"F4   Tout en sauvant des Vies  ils procurent de l Emploi\" src=\"http:\/\/www.lecarrefourdesopinions.ca\/wp-content\/uploads\/2018\/03\/F4-Tout-en-sauvant-des-Vies-ils-procurent-de-l-Emploi-1024x326.jpg\" alt=\"\" width=\"450\" height=\"143\" \/><\/p>\n<p align=\"CENTER\"><strong><span style=\"font-size: large;\">F4\u00a0: <\/span><\/strong><em><span style=\"color: #c00000;\"><span style=\"font-size: large;\">Tout en sauvant des Vies, ils procurent de l\u2019Emploi.<\/span><\/span><\/em><\/p>\n<p align=\"JUSTIFY\">\n<p align=\"JUSTIFY\">\n<p align=\"JUSTIFY\"><span style=\"font-size: large;\">Quand on pense \u00e0 toutes les R\u00e9gions du Monde infest\u00e9es \u2013 ou devant l\u2019\u00eatre \u2013 de Mines anti-Personnelles, elles seraient plus de 66, les rats d\u00e9mineurs ne sont pas pr\u00e8s de Ch\u00f4mer, donc \u00e0 sauver des vies tout en procurant de l\u2019emploi \u00e0 toute personne de bonne volont\u00e9 et de courage aussi\u00a0!<\/span><\/p>\n<p align=\"JUSTIFY\">\n<p align=\"JUSTIFY\"><span style=\"font-size: large;\">Procurer de l\u2019Emploi comme \u00ab\u00a0Ma\u00eetre Rat\u00a0\u00bb et faire vivre des Familles\u00a0!..<\/span><\/p>\n<p align=\"JUSTIFY\">\n<p align=\"CENTER\"><img loading=\"lazy\" decoding=\"async\" class=\"alignnone size-large wp-image-14716\" title=\"F5   Et voici venue la paix des braves\" src=\"http:\/\/www.lecarrefourdesopinions.ca\/wp-content\/uploads\/2018\/03\/F5-Et-voici-venue-la-paix-des-braves-1024x243.jpg\" alt=\"\" width=\"450\" height=\"106\" \/><\/p>\n<p align=\"CENTER\"><strong><span style=\"font-size: large;\">F5\u00a0: <\/span><\/strong><em><span style=\"color: #c00000;\"><span style=\"font-size: large;\">Et voici venue la paix des braves.<\/span><\/span><\/em><\/p>\n<p align=\"JUSTIFY\">\n<p align=\"JUSTIFY\">\n<p align=\"JUSTIFY\"><strong><span style=\"font-family: 'Comic Sans MS';\"><span style=\"font-size: large;\">Et c\u2019est pour lui la paix des braves, \u00e0 la fin de sa carri\u00e8re, une fois sa mission achev\u00e9e.<\/span><\/span><\/strong><\/p>\n<p align=\"JUSTIFY\">\n<p align=\"JUSTIFY\"><span style=\"font-family: 'Comic Sans MS';\"><span style=\"font-size: large;\">Le Rat-D\u00e9mineur-Sauveteur a encore en moyenne deux ann\u00e9es devant lui, de sa vie terrestre qui peut d\u00e9passer les Huit ans.<\/span><\/span><\/p>\n<p align=\"JUSTIFY\">\n<p align=\"JUSTIFY\"><span style=\"font-family: 'Comic Sans MS';\"><span style=\"font-size: large;\">Il les passe alors \u00e0 manger des fruits et \u00e0 recevoir l\u2019affection de ses ma\u00eetres.<\/span><\/span><\/p>\n<p align=\"JUSTIFY\">\n<p align=\"JUSTIFY\"><span style=\"font-family: 'Comic Sans MS';\"><span style=\"font-size: large;\">Avec les remerciements les plus enthousiastes du \u00ab\u00a0Cri d\u2019Alarme\u00a0\u00bb au \u00ab\u00a0Carrefour des Opinions\u00a0\u00bb pour ce Merveilleux documentaire duquel nous tirons cette Moralit\u00e9\u00a0:<\/span><\/span><\/p>\n<p align=\"JUSTIFY\">\n<p align=\"CENTER\"><span style=\"font-family: 'Comic Sans MS';\"><span style=\"font-size: large;\">\u00ab\u00a0<\/span><\/span><strong><span style=\"font-family: 'Comic Sans MS';\"><span style=\"font-size: large;\">Du plus d\u00e9testable peut sortir quelque chose de bon<\/span><\/span><\/strong><span style=\"font-family: 'Comic Sans MS';\"><span style=\"font-size: large;\">\u00a0\u00bb.<\/span><\/span><\/p>\n<p align=\"JUSTIFY\">\n<p align=\"JUSTIFY\"><span style=\"font-size: large;\">\u00c9ric EG Nogard<\/span><\/p>\n<p align=\"JUSTIFY\"><em><span style=\"color: #c00000;\"><span style=\"font-size: large;\">Chroniqueur<\/span><\/span><\/em><span style=\"color: #c00000;\"><span style=\"font-size: large;\">.<\/span><\/span><\/p>\n<p align=\"JUSTIFY\"><span style=\"color: #c00000;\">\u00a0<\/span><\/p>\n<p align=\"JUSTIFY\"><span style=\"color: #c00000;\">\u00a0<\/span><\/p>\n<p align=\"CENTER\"><strong><span style=\"font-size: large;\">***\u00a0\u00a0\u00a0\u00a0 ***\u00a0\u00a0\u00a0\u00a0 ***<\/span><\/strong><\/p>\n<p align=\"CENTER\"><strong><span style=\"color: #ff0000;\">Ne Peut \u00eatre reproduit &#8211; m\u00eame partiellement &#8211;\u00a0 sans l\u2019autorisation de l\u2019Auteur.<\/span><\/strong><\/p>\n<p align=\"CENTER\"><strong><span style=\"font-size: large;\">***\u00a0\u00a0\u00a0\u00a0 ***\u00a0\u00a0\u00a0\u00a0 ***<\/span><\/strong><\/p>\n<p align=\"CENTER\"><strong><span style=\"color: #ff0000;\"><span style=\"font-size: large;\">Nota : <\/span><\/span><\/strong><span style=\"color: #000000;\"><span style=\"font-size: large;\">Nous ne traitons que de Faits et de Noms rendus Publics.<\/span><\/span><\/p>\n<p align=\"CENTER\"><span style=\"color: #000000;\"><span style=\"font-size: large;\">***\u00a0\u00a0\u00a0\u00a0 ***\u00a0\u00a0\u00a0\u00a0 ***<\/span><\/span><\/p>\n<p align=\"JUSTIFY\">\n<p align=\"JUSTIFY\"><strong><span style=\"text-decoration: underline;\">Liens Sugg\u00e9r\u00e9s\u00a0:<\/span><\/strong><\/p>\n<ul type=\"DISC\">\n<li>\n<p align=\"JUSTIFY\"><a href=\"http:\/\/www.etatsgenerauxdeloutremer.fr\/reflexions\">http:\/\/www.etatsgenerauxdeloutremer.fr\/reflexions<\/a><\/p>\n<\/li>\n<\/ul>\n<p align=\"CENTER\"><strong><span style=\"color: #ff0000;\">\u00a0<\/span><\/strong><\/p>\n<p align=\"CENTER\">\n<script type=\"text\/javascript\">\n\nvar addthis_config = {\"data_track_clickback\":false,\"data_track_addressbar\":false,\"data_track_textcopy\":false};\n<\/script><script type=\"text\/javascript\" src=\"\/\/s7.addthis.com\/js\/250\/addthis_widget.js#pubid=a457a6d63fb9e6ccabdde4110343bd85\"><\/script>","protected":false},"excerpt":{"rendered":"<p align=\"CENTER\"><span style=\"color: #632423;\"><span style=\"font-family: 'Comic Sans MS';\"><span style=\"font-size: large;\">L\u2019Intelligence des Rats, au service des Humains\u00a0!..<\/span><\/span><\/span><\/p>\n<p align=\"JUSTIFY\"><span style=\"color: #632423;\">\u00a0<\/span><\/p>\n<p align=\"JUSTIFY\"><span style=\"color: #632423;\"><span style=\"font-family: 'Comic Sans MS';\"><span style=\"font-size: large;\">\u00c9ric EG Nogard<\/span><\/span><\/span><\/p>\n<p align=\"JUSTIFY\"><span style=\"color: #c00000;\"><span style=\"font-size: large;\">Chroniqueur<\/span><\/span><span style=\"color: #c00000;\"><span style=\"font-size: large;\">.<\/span><\/span><\/p>\n<p align=\"CENTER\">\n<p align=\"CENTER\"><span style=\"color: #632423;\"><span style=\"font-size: large;\">***\u00a0\u00a0\u00a0\u00a0 ***\u00a0\u00a0\u00a0\u00a0 ***<\/span><\/span><\/p>\n<p align=\"CENTER\"><span style=\"color: #632423;\"><span style=\"font-size: large;\">***\u00a0\u00a0\u00a0\u00a0 ***\u00a0\u00a0\u00a0\u00a0 ***<\/span><\/span><\/p>\n<p align=\"JUSTIFY\">\n<p align=\"JUSTIFY\"><span style=\"color: #000099;\"><span style=\"font-size: large;\">L\u2019Intelligence des Rats, au service des Humains\u00a0!..<\/span><\/span><\/p>\n<p align=\"JUSTIFY\">\n<p align=\"JUSTIFY\">\n<p align=\"JUSTIFY\"><span style=\"font-family: 'Comic Sans MS';\"><span style=\"font-size: large;\">Le Rat, qu\u2019il soit des Champs, qu\u2019il soit des Villes, <\/span><\/span>&hellip;<\/p>\n","protected":false},"author":1,"featured_media":0,"comment_status":"open","ping_status":"open","sticky":false,"template":"","format":"standard","meta":{"footnotes":""},"categories":[1],"tags":[],"class_list":["post-14711","post","type-post","status-publish","format-standard","hentry","category-accueil"],"_links":{"self":[{"href":"http:\/\/www.lecarrefourdesopinions.ca\/index.php?rest_route=\/wp\/v2\/posts\/14711","targetHints":{"allow":["GET"]}}],"collection":[{"href":"http:\/\/www.lecarrefourdesopinions.ca\/index.php?rest_route=\/wp\/v2\/posts"}],"about":[{"href":"http:\/\/www.lecarrefourdesopinions.ca\/index.php?rest_route=\/wp\/v2\/types\/post"}],"author":[{"embeddable":true,"href":"http:\/\/www.lecarrefourdesopinions.ca\/index.php?rest_route=\/wp\/v2\/users\/1"}],"replies":[{"embeddable":true,"href":"http:\/\/www.lecarrefourdesopinions.ca\/index.php?rest_route=%2Fwp%2Fv2%2Fcomments&post=14711"}],"version-history":[{"count":1,"href":"http:\/\/www.lecarrefourdesopinions.ca\/index.php?rest_route=\/wp\/v2\/posts\/14711\/revisions"}],"predecessor-version":[{"id":14717,"href":"http:\/\/www.lecarrefourdesopinions.ca\/index.php?rest_route=\/wp\/v2\/posts\/14711\/revisions\/14717"}],"wp:attachment":[{"href":"http:\/\/www.lecarrefourdesopinions.ca\/index.php?rest_route=%2Fwp%2Fv2%2Fmedia&parent=14711"}],"wp:term":[{"taxonomy":"category","embeddable":true,"href":"http:\/\/www.lecarrefourdesopinions.ca\/index.php?rest_route=%2Fwp%2Fv2%2Fcategories&post=14711"},{"taxonomy":"post_tag","embeddable":true,"href":"http:\/\/www.lecarrefourdesopinions.ca\/index.php?rest_route=%2Fwp%2Fv2%2Ftags&post=14711"}],"curies":[{"name":"wp","href":"https:\/\/api.w.org\/{rel}","templated":true}]}}