{"id":14701,"date":"2018-03-25T15:37:05","date_gmt":"2018-03-25T19:37:05","guid":{"rendered":"http:\/\/www.lecarrefourdesopinions.ca\/?p=14701"},"modified":"2018-03-25T15:37:05","modified_gmt":"2018-03-25T19:37:05","slug":"malgre-lindignation-a-cette-seule-idee","status":"publish","type":"post","link":"http:\/\/www.lecarrefourdesopinions.ca\/?p=14701","title":{"rendered":"Malgr\u00e9 l\u2019Indignation, \u00e0 cette seule Id\u00e9e !&#8230;"},"content":{"rendered":"<p align=\"CENTER\"><em><span style=\"color: #632423;\"><span style=\"font-family: 'Comic Sans MS';\"><span style=\"font-size: large;\">Malgr\u00e9 l\u2019Indignation, \u00e0 cette seule Id\u00e9e\u00a0!&#8230;<\/span><\/span><\/span><\/em><\/p>\n<p align=\"JUSTIFY\"><span style=\"color: #632423;\">\u00a0<\/span><\/p>\n<p align=\"JUSTIFY\"><span style=\"color: #632423;\">\u00a0<\/span><\/p>\n<p align=\"JUSTIFY\"><span style=\"color: #632423;\"><span style=\"font-family: 'Comic Sans MS';\"><span style=\"font-size: large;\">La Chose est ainsi dite,<\/span><\/span><\/span><\/p>\n<p align=\"JUSTIFY\"><span style=\"color: #632423;\">\u00a0<\/span><\/p>\n<p align=\"JUSTIFY\"><span style=\"color: #632423;\">\u00a0<\/span><\/p>\n<p align=\"JUSTIFY\"><span style=\"color: #632423;\"><span style=\"font-family: 'Comic Sans MS';\"><span style=\"font-size: large;\">Vraie ou Fausse, ne m\u00e9rite-t-elle pas le b\u00e9n\u00e9fice d\u2019un petit brin d\u2019attention de la part de tous ceux qui devraient s\u2019en sentir concern\u00e9s\u00a0:<\/span><\/span><\/span><\/p>\n<p align=\"JUSTIFY\"><span style=\"color: #632423;\">\u00a0<\/span><\/p>\n<p align=\"CENTER\"><img loading=\"lazy\" decoding=\"async\" class=\"alignnone size-full wp-image-14702\" title=\"F1   Eustase JANKY  President de l Universite des Antilles\" src=\"http:\/\/www.lecarrefourdesopinions.ca\/wp-content\/uploads\/2018\/03\/F1-Eustase-JANKY-President-de-l-Universite-des-Antilles.jpg\" alt=\"\" width=\"299\" height=\"234\" \/><\/p>\n<p align=\"CENTER\"><strong><span style=\"font-size: large;\">F1\u00a0: <\/span><\/strong><em><span style=\"color: #c00000;\"><span style=\"font-size: large;\">Eustase JANKY, Pr\u00e9sident de l\u2019Universit\u00e9 des Antilles.<\/span><\/span><\/em><\/p>\n<p align=\"CENTER\"><a href=\"https:\/\/histoiresduniversites.wordpress.com\/2018\/03\/10\/laffaire-ceregmia-rebondit\">https:\/\/histoiresduniversites.wordpress.com\/2018\/03\/10\/laffaire-ceregmia-rebondit<\/a><\/p>\n<p align=\"JUSTIFY\"><span style=\"color: #632423;\">\u00a0<\/span><\/p>\n<p align=\"JUSTIFY\"><span style=\"color: #632423;\">\u00a0<\/span><\/p>\n<p align=\"JUSTIFY\"><span style=\"color: #632423;\"><span style=\"font-family: 'Comic Sans MS';\"><span style=\"font-size: large;\">Histoires d\u2019Universit\u00e9s \u2013 L\u2019Affaire C\u00c9REGMIA rebondit\u00a0:<\/span><\/span><\/span><\/p>\n<p align=\"JUSTIFY\"><span style=\"color: #632423;\">\u00a0<\/span><\/p>\n<p align=\"JUSTIFY\"><span style=\"color: #632423;\"><span style=\"font-family: 'Comic Sans MS';\"><span style=\"font-size: large;\">\u00ab\u00a0<\/span><\/span><\/span><em><span style=\"color: #632423;\"><span style=\"font-family: Cambria, serif;\"><span style=\"font-size: large;\">Le Nouveau Pr\u00e9sident Eustase JANKY fait tout pour remettre en place le Syst\u00e8me Mafieux \u2013 du S\u00e9rieux\u00a0? \u2013 qui perdurait depuis plus de 20Ans, en Bandes Organis\u00e9es qui ont cr\u00e9e un Pr\u00e9judice de 14 Millions d\u2019Euros \u00e0 l\u2019Universit\u00e9 des Antilles<\/span><\/span><\/span><\/em><span style=\"color: #632423;\">\u00a0<\/span><span style=\"color: #632423;\"><span style=\"font-family: 'Comic Sans MS';\"><span style=\"font-size: large;\">\u00bb.<\/span><\/span><\/span><\/p>\n<p align=\"JUSTIFY\"><span style=\"color: #632423;\">\u00a0<\/span><\/p>\n<p align=\"JUSTIFY\"><span style=\"color: #632423;\"><span style=\"font-family: 'Comic Sans MS';\"><span style=\"font-size: large;\">Le \u00ab\u00a0Cri d\u2019Alarme\u00a0\u00bb se contente d\u2019en dire\u00a0:<\/span><\/span><\/span><\/p>\n<p align=\"JUSTIFY\"><span style=\"color: #632423;\">\u00a0<\/span><\/p>\n<p align=\"CENTER\"><em><span style=\"color: #632423;\"><span style=\"font-family: 'Comic Sans MS';\"><span style=\"font-size: large;\">Y aurait-il Fum\u00e9e sans Feu.<\/span><\/span><\/span><\/em><\/p>\n<p align=\"JUSTIFY\"><span style=\"color: #632423;\">\u00a0<\/span><\/p>\n<p align=\"JUSTIFY\"><span style=\"color: #632423;\"><span style=\"font-family: 'Comic Sans MS';\"><span style=\"font-size: large;\">Should it be so much smoke, without any Fire.<\/span><\/span><\/span><\/p>\n<p align=\"JUSTIFY\"><span style=\"color: #632423;\">\u00a0<img loading=\"lazy\" decoding=\"async\" class=\"alignnone size-full wp-image-14620\" title=\"Eric\" src=\"http:\/\/www.lecarrefourdesopinions.ca\/wp-content\/uploads\/2018\/03\/Eric.jpg\" alt=\"\" width=\"134\" height=\"107\" \/><\/span><\/p>\n<p align=\"JUSTIFY\"><span style=\"color: #632423;\"><span style=\"font-family: 'Comic Sans MS';\"><span style=\"font-size: large;\">\u00c9ric EG Nogard<\/span><\/span><\/span><\/p>\n<p align=\"JUSTIFY\"><em><span style=\"color: #c00000;\"><span style=\"font-size: large;\">Chroniqueur<\/span><\/span><\/em><span style=\"color: #c00000;\"><span style=\"font-size: large;\">.<\/span><\/span><\/p>\n<p align=\"CENTER\">\n<p align=\"CENTER\"><span style=\"color: #632423;\"><span style=\"font-size: large;\">***\u00a0\u00a0\u00a0\u00a0 ***\u00a0\u00a0\u00a0\u00a0 ***<\/span><\/span><\/p>\n<p align=\"CENTER\"><span style=\"color: #632423;\">\u00a0<\/span><\/p>\n<p>&nbsp;<\/p>\n<p><em><span style=\"color: #000099;\"><span style=\"font-size: large;\">Malgr\u00e9 l\u2019Indignation, \u00e0 cette seule Id\u00e9e\u00a0!&#8230;<\/span><\/span><\/em><\/p>\n<p align=\"JUSTIFY\">\n<p align=\"JUSTIFY\"><span style=\"font-family: 'Comic Sans MS';\"><span style=\"font-size: large;\">Infirmant ainsi l\u2019Interdiction dont ils furent frapp\u00e9s par le Juge des Libert\u00e9s et de la D\u00e9tention, voil\u00e0 que, malgr\u00e9 l\u2019Indignation G\u00e9n\u00e9rale suscit\u00e9e \u00e0 cette seule id\u00e9e, la Chambre d\u2019Instruction de la Cour d\u2019Appel de la Collectivit\u00e9 territoriale de Martinique a Lev\u00e9 l\u2019Interdiction faite aux Sieurs Fred C\u00c9LIM<\/span><\/span><span style=\"font-size: large;\">\u0206<\/span><span style=\"font-family: 'Comic Sans MS';\"><span style=\"font-size: large;\">NE, Kinvi LOGOSSAH et \u00c9ric CARPIN d\u2019exercer leurs fonctions \u00e0 l\u2019Universit\u00e9 des Antilles, le Conseil d\u2019\u00c9tat ayant Cass\u00e9 pour Vice de Forme l\u2019Arr\u00eat prononc\u00e9 \u00e0 leur encontre.<\/span><\/span><\/p>\n<p align=\"JUSTIFY\">\n<p align=\"JUSTIFY\"><span style=\"font-size: large;\">Voir la Chronique NL2018\/423 intitul\u00e9e \u00ab\u00a0<\/span><em><span style=\"font-size: large;\">Intelligents trop peu\u2026 Ce coup l\u00e0 n\u2019est pas d\u2019eux.\u00a0\u00bb <\/span><\/em><span style=\"font-size: large;\">publi\u00e9e le 12 Mars 2018 par le Carrefour des Opinions, Qu\u00e9., Canada, Lien\u00a0: <a href=\"http:\/\/www.lecarrefourdesopinions.ca\/?p=14644\">http:\/\/www.lecarrefourdesopinions.ca\/?p=14644<\/a> .<\/span><\/p>\n<p align=\"JUSTIFY\">\n<p align=\"CENTER\"><img loading=\"lazy\" decoding=\"async\" class=\"alignnone size-medium wp-image-14703\" title=\"F2   Indignation  a la Seule Idee\" src=\"http:\/\/www.lecarrefourdesopinions.ca\/wp-content\/uploads\/2018\/03\/F2-Indignation-a-la-Seule-Idee-300x168.jpg\" alt=\"\" width=\"300\" height=\"168\" \/><\/p>\n<p align=\"CENTER\"><strong><span style=\"font-size: large;\">F2\u00a0: <\/span><\/strong><em><span style=\"color: #c00000;\"><span style=\"font-size: large;\">Indignation, \u00e0 la Seule Id\u00e9e\u2026<\/span><\/span><\/em><\/p>\n<p align=\"JUSTIFY\">\n<p align=\"JUSTIFY\">\n<p align=\"JUSTIFY\"><strong><span style=\"font-size: large;\">Malgr\u00e9 les Lourdes Pr\u00e9somptions qui les accablent, ces trois Enseignants-Chercheurs peuvent d\u00e9sormais r\u00e9int\u00e9grer leurs Anciennes Fonctions.<\/span><\/strong><\/p>\n<p align=\"JUSTIFY\">\n<p align=\"JUSTIFY\"><span style=\"font-size: large;\">Sans pr\u00e9juger de ce qui en r\u00e9sultera, au \u00ab\u00a0Cri d\u2019Alarme\u00a0\u00bb, nous nous rangeons \u00e0 l\u2019Avis sur cette D\u00e9cision de Justice, de Madame Aur\u00e9lie ROGER, Doyenne de la Facult\u00e9 de Droit et d\u2019\u00c9conomie de l\u2019Universit\u00e9 des Antilles Fran\u00e7aises, qui se voit r\u00e9duite \u00e0 Briser ainsi les Liens de son Obligation de R\u00e9serve\u2026 Car trop c\u2019est trop\u00a0!<\/span><\/p>\n<p align=\"JUSTIFY\">\n<p align=\"CENTER\">\u00a0<img loading=\"lazy\" decoding=\"async\" class=\"alignnone size-medium wp-image-14704\" title=\"F3   Aur\u00e9lie ROGER   Trop c\u2019est trop\" src=\"http:\/\/www.lecarrefourdesopinions.ca\/wp-content\/uploads\/2018\/03\/F3-Aur\u00e9lie-ROGER-Trop-c\u2019est-trop-272x300.jpg\" alt=\"\" width=\"272\" height=\"300\" \/><\/p>\n<p align=\"CENTER\"><strong><span style=\"font-size: large;\">F3\u00a0: <\/span><\/strong><em><span style=\"color: #943634;\"><span style=\"font-size: large;\">Aur\u00e9lie ROGER.<\/span><\/span><\/em><\/p>\n<p align=\"CENTER\"><em><span style=\"color: #c00000;\"><span style=\"font-size: large;\">Trop c\u2019est trop\u00a0!..<\/span><\/span><\/em><\/p>\n<p align=\"JUSTIFY\">\n<p align=\"JUSTIFY\">\n<p align=\"JUSTIFY\"><strong><span style=\"font-size: large;\">En revanche, il est douteux que nous partagions son \u00ab\u00a0\u00c9tonnement\u00a0\u00bb selon lequel\u00a0:<\/span><\/strong><\/p>\n<p align=\"JUSTIFY\">\n<p align=\"JUSTIFY\"><span style=\"font-size: large;\">\u00ab\u00a0<\/span><em><span style=\"font-size: large;\">L\u2019Universit\u00e9 et son Pr\u00e9sident aient pu se positionner et parler d\u2019apaisement, sans m\u00eame contacter les Principaux Concern\u00e9s, sur le P\u00f4le Martinique<\/span><\/em><span style=\"font-size: large;\">\u00a0\u00bb.<\/span><\/p>\n<p align=\"JUSTIFY\">\n<p align=\"JUSTIFY\">\n<p align=\"JUSTIFY\">\n<p align=\"JUSTIFY\"><strong><span style=\"font-size: large;\">Un Ca\u00efdat serait-il autre chose qu\u2019un Ca\u00efdat.<\/span><\/strong><\/p>\n<p align=\"JUSTIFY\">\n<p align=\"JUSTIFY\"><span style=\"font-size: large;\">Et comme l\u2019a toujours d\u00e9plor\u00e9 le \u00ab\u00a0Cri d\u2019Alarme\u00a0\u00bb qui en a toujours souffert, la Martinique n\u2019en serait-elle pas un des plus Authentiques\u2026 Le Ca\u00efd condescend-il \u00e0 Consulter, \u00e0 informer, le Concern\u00e9.<\/span><\/p>\n<p align=\"JUSTIFY\">\n<p align=\"JUSTIFY\"><em><span style=\"font-family: Arial, sans-serif;\"><span style=\"font-size: large;\">Who could answer that troublesome question<\/span><\/span><\/em><span style=\"font-size: large;\">.<\/span><\/p>\n<p align=\"JUSTIFY\">\n<p align=\"CENTER\">\u00a0<img loading=\"lazy\" decoding=\"async\" class=\"alignnone size-large wp-image-14705\" title=\"F4  FA du 14 Mars 2018 n 15377 page 6  Vigilance et Inquietude Parfaitement Legitimes Cependant fort Tardives\" src=\"http:\/\/www.lecarrefourdesopinions.ca\/wp-content\/uploads\/2018\/03\/F4-FA-du-14-Mars-2018-n-15377-page-6-Vigilance-et-Inquietude-Parfaitement-Legitimes-Cependant-fort-Tardives-1024x826.jpg\" alt=\"\" width=\"450\" height=\"362\" \/><\/p>\n<p align=\"CENTER\"><strong><span style=\"font-size: large;\">F4\u00a0: <\/span><\/strong><em><span style=\"color: #943634;\"><span style=\"font-size: large;\">France-Antilles Martinique du Mercredi 14 Mars 2018, n\u00b0 15377 page 6.<\/span><\/span><\/em><\/p>\n<p align=\"CENTER\"><em><span style=\"color: #c00000;\"><span style=\"font-size: large;\">Vigilance et Inqui\u00e9tude<\/span><\/span><\/em><\/p>\n<p align=\"CENTER\"><em><span style=\"color: #c00000;\"><span style=\"font-size: large;\">Parfaitement L\u00e9gitimes Cependant fort Tardives.<\/span><\/span><\/em><\/p>\n<p align=\"JUSTIFY\">\n<p align=\"JUSTIFY\">\n<p align=\"JUSTIFY\">\n<p align=\"JUSTIFY\"><span style=\"font-family: 'Comic Sans MS';\"><span style=\"font-size: large;\">A nos Aimables Lecteurs, la suite du d\u00e9roulement des Faits concernant les Affaires du Centre d\u2019\u00c9tude et de Recherche en \u00c9conomie, Gestion, Mod\u00e9lisation et Informatique Appliqu\u00e9e (CEREGMIA) du P\u00f4le Martinique de l\u2019Universit\u00e9 des Antilles Fran\u00e7aises. <\/span><\/span><\/p>\n<p align=\"JUSTIFY\">\n<p align=\"JUSTIFY\"><span style=\"font-family: 'Comic Sans MS';\"><span style=\"font-size: large;\">Chacun peut y trouver son Compte.<\/span><\/span><\/p>\n<p align=\"JUSTIFY\">\n<p align=\"JUSTIFY\"><span style=\"font-size: large;\">\u00c9ric EG Nogard<\/span><\/p>\n<p align=\"JUSTIFY\"><em><span style=\"color: #c00000;\"><span style=\"font-size: large;\">Chroniqueur<\/span><\/span><\/em><span style=\"color: #c00000;\"><span style=\"font-size: large;\">.<\/span><\/span><\/p>\n<p align=\"JUSTIFY\"><span style=\"color: #c00000;\">\u00a0<\/span><\/p>\n<p align=\"JUSTIFY\"><span style=\"color: #c00000;\">\u00a0<\/span><\/p>\n<p align=\"CENTER\"><strong><span style=\"font-size: large;\">***\u00a0\u00a0\u00a0\u00a0 ***\u00a0\u00a0\u00a0\u00a0 ***<\/span><\/strong><\/p>\n<p align=\"CENTER\"><strong><span style=\"color: #ff0000;\">Ne Peut \u00eatre reproduit &#8211; m\u00eame partiellement &#8211;\u00a0 sans l\u2019autorisation de l\u2019Auteur.<\/span><\/strong><\/p>\n<p align=\"CENTER\"><strong>\u00a0<\/strong><\/p>\n<p align=\"CENTER\"><strong><span style=\"font-size: large;\">***\u00a0\u00a0\u00a0\u00a0 ***\u00a0\u00a0\u00a0\u00a0 ***<\/span><\/strong><\/p>\n<p align=\"CENTER\">\n<p align=\"CENTER\"><strong><span style=\"color: #ff0000;\"><span style=\"font-size: large;\">Nota : <\/span><\/span><\/strong><span style=\"color: #000000;\"><span style=\"font-size: large;\">Nous ne traitons que de Faits et de Noms rendus Publics.<\/span><\/span><\/p>\n<p align=\"CENTER\"><span style=\"color: #000000;\">\u00a0<\/span><\/p>\n<p align=\"CENTER\"><span style=\"color: #000000;\"><span style=\"font-size: large;\">***\u00a0\u00a0\u00a0\u00a0 ***\u00a0\u00a0\u00a0\u00a0 ***<\/span><\/span><\/p>\n<p align=\"JUSTIFY\">\n<p align=\"JUSTIFY\"><strong><span style=\"text-decoration: underline;\">Liens Sugg\u00e9r\u00e9s\u00a0:<\/span><\/strong><\/p>\n<ul type=\"DISC\">\n<li>\n<p align=\"JUSTIFY\"><a href=\"http:\/\/www.etatsgenerauxdeloutremer.fr\/reflexions\">http:\/\/www.etatsgenerauxdeloutremer.fr\/reflexions<\/a><\/p>\n<\/li>\n<\/ul>\n<p align=\"CENTER\">\n<p>&nbsp;<\/p>\n<script type=\"text\/javascript\">\n\nvar addthis_config = {\"data_track_clickback\":false,\"data_track_addressbar\":false,\"data_track_textcopy\":false};\n<\/script><script type=\"text\/javascript\" src=\"\/\/s7.addthis.com\/js\/250\/addthis_widget.js#pubid=a457a6d63fb9e6ccabdde4110343bd85\"><\/script>","protected":false},"excerpt":{"rendered":"<p align=\"CENTER\"><span style=\"color: #632423;\"><span style=\"font-family: 'Comic Sans MS';\"><span style=\"font-size: large;\">Malgr\u00e9 l\u2019Indignation, \u00e0 cette seule Id\u00e9e\u00a0!&#8230;<\/span><\/span><\/span><\/p>\n<p align=\"JUSTIFY\"><span style=\"color: #632423;\">\u00a0<\/span><\/p>\n<p align=\"JUSTIFY\"><span style=\"color: #632423;\">\u00a0<\/span><\/p>\n<p align=\"JUSTIFY\"><span style=\"color: #632423;\"><span style=\"font-family: 'Comic Sans MS';\"><span style=\"font-size: large;\">La Chose est ainsi dite,<\/span><\/span><\/span><\/p>\n<p align=\"JUSTIFY\"><span style=\"color: #632423;\">\u00a0<\/span><\/p>\n<p align=\"JUSTIFY\"><span style=\"color: #632423;\">\u00a0<\/span><\/p>\n<p align=\"JUSTIFY\"><span style=\"color: #632423;\"><span style=\"font-family: 'Comic Sans MS';\"><span style=\"font-size: large;\">Vraie ou Fausse, ne m\u00e9rite-t-elle pas le b\u00e9n\u00e9fice d\u2019un petit brin d\u2019attention de la part de tous ceux qui devraient s\u2019en sentir concern\u00e9s\u00a0:<\/span><\/span><\/span><\/p>\n<p align=\"JUSTIFY\"><span style=\"color: #632423;\">\u00a0<\/span><\/p>\n<p align=\"CENTER\">\n<p align=\"CENTER\"><span style=\"font-size: large;\">F1\u00a0<\/span>&hellip;<\/p>\n","protected":false},"author":1,"featured_media":0,"comment_status":"open","ping_status":"open","sticky":false,"template":"","format":"standard","meta":{"footnotes":""},"categories":[1],"tags":[],"class_list":["post-14701","post","type-post","status-publish","format-standard","hentry","category-accueil"],"_links":{"self":[{"href":"http:\/\/www.lecarrefourdesopinions.ca\/index.php?rest_route=\/wp\/v2\/posts\/14701","targetHints":{"allow":["GET"]}}],"collection":[{"href":"http:\/\/www.lecarrefourdesopinions.ca\/index.php?rest_route=\/wp\/v2\/posts"}],"about":[{"href":"http:\/\/www.lecarrefourdesopinions.ca\/index.php?rest_route=\/wp\/v2\/types\/post"}],"author":[{"embeddable":true,"href":"http:\/\/www.lecarrefourdesopinions.ca\/index.php?rest_route=\/wp\/v2\/users\/1"}],"replies":[{"embeddable":true,"href":"http:\/\/www.lecarrefourdesopinions.ca\/index.php?rest_route=%2Fwp%2Fv2%2Fcomments&post=14701"}],"version-history":[{"count":1,"href":"http:\/\/www.lecarrefourdesopinions.ca\/index.php?rest_route=\/wp\/v2\/posts\/14701\/revisions"}],"predecessor-version":[{"id":14706,"href":"http:\/\/www.lecarrefourdesopinions.ca\/index.php?rest_route=\/wp\/v2\/posts\/14701\/revisions\/14706"}],"wp:attachment":[{"href":"http:\/\/www.lecarrefourdesopinions.ca\/index.php?rest_route=%2Fwp%2Fv2%2Fmedia&parent=14701"}],"wp:term":[{"taxonomy":"category","embeddable":true,"href":"http:\/\/www.lecarrefourdesopinions.ca\/index.php?rest_route=%2Fwp%2Fv2%2Fcategories&post=14701"},{"taxonomy":"post_tag","embeddable":true,"href":"http:\/\/www.lecarrefourdesopinions.ca\/index.php?rest_route=%2Fwp%2Fv2%2Ftags&post=14701"}],"curies":[{"name":"wp","href":"https:\/\/api.w.org\/{rel}","templated":true}]}}