{"id":14689,"date":"2018-03-22T10:13:22","date_gmt":"2018-03-22T14:13:22","guid":{"rendered":"http:\/\/www.lecarrefourdesopinions.ca\/?p=14689"},"modified":"2018-03-22T10:13:22","modified_gmt":"2018-03-22T14:13:22","slug":"et-la-contre-partie-du-financement-libyen","status":"publish","type":"post","link":"http:\/\/www.lecarrefourdesopinions.ca\/?p=14689","title":{"rendered":"Et la Contre-partie, du Financement Libyen ?.."},"content":{"rendered":"<p align=\"CENTER\"><em><span style=\"color: #632423;\">\u00a0<\/span><\/em><em><span style=\"color: #632423;\"><span style=\"font-family: 'Comic Sans MS';\"><span style=\"font-size: large;\">Et la Contre-partie, du Financement Libyen\u00a0?..<\/span><\/span><\/span><\/em><\/p>\n<p align=\"JUSTIFY\"><em><span style=\"color: #632423;\">\u00a0<img loading=\"lazy\" decoding=\"async\" class=\"alignnone size-full wp-image-14620\" title=\"Eric\" src=\"http:\/\/www.lecarrefourdesopinions.ca\/wp-content\/uploads\/2018\/03\/Eric.jpg\" alt=\"\" width=\"134\" height=\"107\" \/><\/span><\/em><\/p>\n<p align=\"JUSTIFY\"><span style=\"color: #632423;\"><span style=\"font-family: 'Comic Sans MS';\"><span style=\"font-size: large;\">\u00c9ric EG Nogard<\/span><\/span><\/span><\/p>\n<p align=\"JUSTIFY\"><em><span style=\"color: #c00000;\"><span style=\"font-size: large;\">Chroniqueur<\/span><\/span><\/em><span style=\"color: #c00000;\"><span style=\"font-size: large;\">.<\/span><\/span><\/p>\n<p align=\"CENTER\">\n<p align=\"CENTER\"><span style=\"color: #632423;\"><span style=\"font-size: large;\">***\u00a0\u00a0\u00a0\u00a0 ***\u00a0\u00a0\u00a0\u00a0 ***<\/span><\/span><\/p>\n<p align=\"CENTER\">\n<p><em><span style=\"color: #000099;\">\u00a0<\/span><\/em><\/p>\n<p><em><span style=\"color: #000099;\"><span style=\"font-size: large;\">Et la Contre-partie, du Financement Libyen\u00a0?..<\/span><\/span><\/em><\/p>\n<p>&nbsp;<\/p>\n<p>&nbsp;<\/p>\n<p align=\"CENTER\"><img loading=\"lazy\" decoding=\"async\" class=\"alignnone size-medium wp-image-14690\" title=\"F1   Assis au banc des mis en garde a vue    Ni cravate  ni ceinture  ni lacets\" src=\"http:\/\/www.lecarrefourdesopinions.ca\/wp-content\/uploads\/2018\/03\/F1-Assis-au-banc-des-mis-en-garde-a-vue-Ni-cravate-ni-ceinture-ni-lacets-300x200.jpg\" alt=\"\" width=\"300\" height=\"200\" \/><\/p>\n<p align=\"CENTER\"><strong><span style=\"font-size: large;\">F1\u00a0: <\/span><\/strong><em><span style=\"color: #c00000;\"><span style=\"font-size: large;\">Assis au banc des mis en garde \u00e0 vue\u00a0: <\/span><\/span><\/em><\/p>\n<p align=\"CENTER\"><em><span style=\"color: #c00000;\"><span style=\"font-size: large;\">Ni cravate, ni ceinture, ni lacets.<\/span><\/span><\/em><\/p>\n<p align=\"JUSTIFY\">\n<p align=\"JUSTIFY\">\n<p align=\"JUSTIFY\"><span style=\"font-family: 'Comic Sans MS';\"><span style=\"font-size: large;\">Voil\u00e0 Monsieur Nicolas SARKOZY assis au banc des mis en garde \u00e0 vue dans l\u2019enqu\u00eate sur des soup\u00e7ons de Financement Libyen \u2013 Mouammar Kadhafien pourrait-on dire \u2013 de sa Campagne de 2007 \u00e0 la Pr\u00e9sidence de la R\u00e9publique Fran\u00e7aise.<\/span><\/span><\/p>\n<p align=\"JUSTIFY\">\n<p align=\"CENTER\">\u00a0<img loading=\"lazy\" decoding=\"async\" class=\"alignnone size-medium wp-image-14691\" title=\"F2   Tapis rouge pour l Ami KADHAFI\" src=\"http:\/\/www.lecarrefourdesopinions.ca\/wp-content\/uploads\/2018\/03\/F2-Tapis-rouge-pour-l-Ami-KADHAFI-300x168.jpg\" alt=\"\" width=\"300\" height=\"168\" \/><\/p>\n<p align=\"CENTER\"><strong><span style=\"font-size: large;\">F2\u00a0: <\/span><\/strong><em><span style=\"color: #c00000;\"><span style=\"font-size: large;\">Tapis rouge pour l\u2019Ami KADHAFI\u00a0!<\/span><\/span><\/em><\/p>\n<p align=\"JUSTIFY\">\n<p align=\"JUSTIFY\">\n<p align=\"JUSTIFY\"><strong><span style=\"font-size: large;\">Les M\u00e9dias \u00ab\u00a0Le Monde\u00a0\u00bb et \u00ab\u00a0M\u00e9diapart\u00a0\u00bb qui nous l\u2019apprennent rappellent en passant que \u00ab\u00a0c\u2019est la premi\u00e8re fois que SARKOZY est entendu \u00e0 ce sujet depuis l\u2019ouverture d\u2019une information Judiciaire en 2013. <\/span><\/strong><\/p>\n<p align=\"JUSTIFY\">\n<p align=\"CENTER\">\u00a0<img loading=\"lazy\" decoding=\"async\" class=\"alignnone size-medium wp-image-14692\" title=\"F3   50 Millions d Euros    ce n\u2019est pas rien    Ou donc sont ils passes\" src=\"http:\/\/www.lecarrefourdesopinions.ca\/wp-content\/uploads\/2018\/03\/F3-50-Millions-d-Euros-ce-n\u2019est-pas-rien-Ou-donc-sont-ils-passes-300x200.jpg\" alt=\"\" width=\"300\" height=\"200\" \/><\/p>\n<p align=\"CENTER\"><strong><span style=\"font-size: large;\">F3\u00a0: <\/span><\/strong><em><span style=\"color: #c00000;\"><span style=\"font-size: large;\">50 Millions d\u2019Euros\u2026 ce n\u2019est pas rien\u00a0!<\/span><\/span><\/em><\/p>\n<p align=\"CENTER\"><em><span style=\"color: #c00000;\"><span style=\"font-size: large;\">O\u00f9 donc sont-ils pass\u00e9s.<\/span><\/span><\/em><\/p>\n<p align=\"CENTER\">\n<p align=\"JUSTIFY\">\n<p align=\"JUSTIFY\"><span style=\"font-size: large;\">Et selon ces M\u00e9dias, une Mise en Examen pourrait s\u2019ensuivre.<\/span><\/p>\n<p align=\"JUSTIFY\">\n<p align=\"JUSTIFY\">\n<p align=\"JUSTIFY\"><strong><span style=\"font-size: large;\">Faut-il rappeler que ces accusations port\u00e9es contre Nicolas SARKOZY ont \u00e9t\u00e9 formul\u00e9es par l\u2019interm\u00e9diaire Franco-Libanais Ziad TAKIEDDINE et d\u2019autres Ex-responsables Libyens et qu\u2019elles ont \u00e9t\u00e9 rejet\u00e9es de fa\u00e7on constante et Cat\u00e9gorique par l\u2019accus\u00e9 dont les Collaborateurs Claude GU\u00c9ANT et Brice HORTEFEUX sont,\u00a0 l\u2019un mis en examen, l\u2019autre entendu en audition libre, eu \u00e9gard \u00e0 l\u2019Immunit\u00e9 Parlementaire que lui Conf\u00e8re sa qualit\u00e9 de d\u00e9put\u00e9 Europ\u00e9en.<\/span><\/strong><\/p>\n<p align=\"JUSTIFY\">\n<p style=\"text-align: center;\" align=\"JUSTIFY\"><img loading=\"lazy\" decoding=\"async\" class=\"alignnone size-medium wp-image-14693\" title=\"F4   Saif  un des fils de KADHAFI assure que la Libye a finance\" src=\"http:\/\/www.lecarrefourdesopinions.ca\/wp-content\/uploads\/2018\/03\/F4-Saif-un-des-fils-de-KADHAFI-assure-que-la-Libye-a-finance-300x235.jpg\" alt=\"\" width=\"300\" height=\"235\" \/><\/p>\n<p align=\"JUSTIFY\"><strong><span style=\"font-size: large;\">F4\u00a0: <\/span><\/strong><em><span style=\"color: #c00000;\"><span style=\"font-size: large;\">Sa\u00eff, un des fils de KADHAFI assure que la Libye a financ\u00e9 la Campagne de SARKOZY.<\/span><\/span><\/em><\/p>\n<p align=\"JUSTIFY\">\n<p align=\"JUSTIFY\">\n<p align=\"JUSTIFY\"><span style=\"font-size: large;\">Quant \u00e0 Alexandre DJOUHRI, pr\u00e9sent\u00e9 comme un personnage cl\u00e9 de l\u2019enqu\u00eate, il est d\u00e9tenu \u00e0 Londres, dans l\u2019attente d\u2019un Jugement sur son \u00e9ventuelle extradition en France.<\/span><\/p>\n<p align=\"JUSTIFY\">\n<p align=\"CENTER\"><img loading=\"lazy\" decoding=\"async\" class=\"alignnone size-medium wp-image-14694\" title=\"F5   Saif Al Islam fils de KADHAFI reclame a SARKOZY le Remboursement de 50 Millions d Euros\" src=\"http:\/\/www.lecarrefourdesopinions.ca\/wp-content\/uploads\/2018\/03\/F5-Saif-Al-Islam-fils-de-KADHAFI-reclame-a-SARKOZY-le-Remboursement-de-50-Millions-d-Euros-300x168.png\" alt=\"\" width=\"300\" height=\"168\" srcset=\"http:\/\/www.lecarrefourdesopinions.ca\/wp-content\/uploads\/2018\/03\/F5-Saif-Al-Islam-fils-de-KADHAFI-reclame-a-SARKOZY-le-Remboursement-de-50-Millions-d-Euros-300x168.png 300w, http:\/\/www.lecarrefourdesopinions.ca\/wp-content\/uploads\/2018\/03\/F5-Saif-Al-Islam-fils-de-KADHAFI-reclame-a-SARKOZY-le-Remboursement-de-50-Millions-d-Euros-400x224.png 400w, http:\/\/www.lecarrefourdesopinions.ca\/wp-content\/uploads\/2018\/03\/F5-Saif-Al-Islam-fils-de-KADHAFI-reclame-a-SARKOZY-le-Remboursement-de-50-Millions-d-Euros.png 658w\" sizes=\"auto, (max-width: 300px) 100vw, 300px\" \/><\/p>\n<p align=\"JUSTIFY\"><strong><span style=\"font-size: large;\">F5\u00a0: <\/span><\/strong><em><span style=\"color: #c00000;\"><span style=\"font-size: large;\">Sa\u00eff Al-Islam fils de KADHAFI r\u00e9clame \u00e0 SARKOZY le Remboursement de 50 Millions d\u2019Euros.<\/span><\/span><\/em><\/p>\n<p align=\"JUSTIFY\">\n<p align=\"JUSTIFY\">\n<p align=\"JUSTIFY\"><strong><span style=\"font-size: large;\">Bref, beaucoup d\u2019Oseille de la Corne d\u2019Abondance Libyenne, \u00e0 des fins pr\u00e9sum\u00e9es hors de doute pour ce qui est de SARKOZY qui en a des Sueurs Chaudes.<\/span><\/strong><\/p>\n<p align=\"JUSTIFY\">\n<p align=\"JUSTIFY\"><span style=\"font-size: large;\">Bref, beaucoup de Grisby g\u00e9n\u00e9reusement adress\u00e9 en esp\u00e8ces par Mouammar KADHAFI, le Cr\u00e9sus de Libye.<\/span><\/p>\n<p align=\"JUSTIFY\">\n<p align=\"CENTER\">\u00a0<img loading=\"lazy\" decoding=\"async\" class=\"alignnone size-medium wp-image-14695\" title=\"F6   Beaucoup de Grisby du Cresus de Libye (2)\" src=\"http:\/\/www.lecarrefourdesopinions.ca\/wp-content\/uploads\/2018\/03\/F6-Beaucoup-de-Grisby-du-Cresus-de-Libye-2-300x198.jpg\" alt=\"\" width=\"300\" height=\"198\" \/><\/p>\n<p align=\"CENTER\"><strong><span style=\"font-size: large;\">F6\u00a0: <\/span><\/strong><em><span style=\"color: #c00000;\"><span style=\"font-size: large;\">Beaucoup de Grisby du Cr\u00e9sus de Libye.<\/span><\/span><\/em><\/p>\n<p align=\"JUSTIFY\">\n<p align=\"JUSTIFY\">\n<p align=\"JUSTIFY\"><strong><span style=\"font-size: large;\">Reste qu\u2019un Constat s\u2019impose.<\/span><\/strong><\/p>\n<p align=\"JUSTIFY\">\n<p align=\"JUSTIFY\"><span style=\"font-size: large;\">Le Diable aurait-il si large le c\u0153ur, serait-il aussi d\u00e9sint\u00e9ress\u00e9 que cela dans ses \u00e9lans de g\u00e9n\u00e9rosit\u00e9\u2026 pas du tout.<\/span><\/p>\n<p align=\"JUSTIFY\">\n<p align=\"JUSTIFY\"><span style=\"font-size: large;\">Or, force est de Constater que nul encore ne semble s\u2019\u00eatre souci\u00e9 de savoir quelle Contrepartie lui aurait \u00e9t\u00e9 offerte et aux d\u00e9pens de qui un pr\u00eat \u00e9tant un pr\u00eat, il implique un <\/span><em><span style=\"font-family: Arial, sans-serif;\"><span style=\"font-size: large;\">Pay-back <\/span><\/span><\/em><span style=\"font-size: large;\">sans parler de ce qu\u2019on se garde de dire&#8230; <\/span><em><span style=\"font-family: Arial, sans-serif;\"><span style=\"font-size: large;\">Something under pledge of Secrecy<\/span><\/span><\/em><span style=\"font-size: large;\">.<\/span><\/p>\n<p align=\"JUSTIFY\">\n<p align=\"JUSTIFY\">\n<p align=\"JUSTIFY\"><strong><span style=\"font-size: large;\">Reste qu\u2019une question se pose.<\/span><\/strong><\/p>\n<p align=\"JUSTIFY\">\n<p align=\"JUSTIFY\"><span style=\"font-family: Symbol;\"><span style=\"font-size: large;\">\u00b7<\/span><\/span><span style=\"font-family: Symbol;\"><span style=\"font-size: large;\">\u00a0\u00a0\u00a0\u00a0\u00a0\u00a0\u00a0 <\/span><\/span><em><span style=\"font-size: large;\">Serait-ce.<\/span><\/em><\/p>\n<p align=\"JUSTIFY\">\n<p align=\"JUSTIFY\"><span style=\"font-size: large;\">Le <\/span><em><span style=\"font-family: Arial, sans-serif;\"><span style=\"font-size: large;\">Pay-back<\/span><\/span><\/em> <span style=\"font-size: large;\">d\u2019un quelconque Candidat empruntant pour sa Campagne et remboursant de ses deniers\u2026 o\u00f9 prendrait-il pour honorer un tel remboursement.<\/span><\/p>\n<p align=\"JUSTIFY\">\n<p align=\"JUSTIFY\"><span style=\"font-family: Symbol;\"><span style=\"font-size: large;\">\u00b7<\/span><\/span><span style=\"font-family: Symbol;\"><span style=\"font-size: large;\">\u00a0\u00a0\u00a0\u00a0\u00a0\u00a0\u00a0 <\/span><\/span><em><span style=\"font-size: large;\">Ou Serait-ce, ce qui ne serait ni <\/span><\/em><em><span style=\"font-family: Arial, sans-serif;\"><span style=\"font-size: large;\">Fair<\/span><\/span><\/em><em> <\/em><em><span style=\"font-size: large;\">ni L\u00e9gal.<\/span><\/em><\/p>\n<p align=\"JUSTIFY\">\n<p align=\"JUSTIFY\"><span style=\"font-size: large;\">Le <\/span><em><span style=\"font-family: Arial, sans-serif;\"><span style=\"font-size: large;\">Pay-Back<\/span><\/span><\/em> <span style=\"font-size: large;\">aux d\u00e9pens du Contribuable d\u2019un Emprunt Imp\u00e9rial, sous r\u00e9serve que le d\u00e9biteur parvienne \u00e0 la Magistrature Supr\u00eame.<\/span><\/p>\n<p align=\"JUSTIFY\">\n<p align=\"CENTER\"><img loading=\"lazy\" decoding=\"async\" class=\"alignnone size-medium wp-image-14696\" title=\"F7   Pour un petit Charmeur     Du Diable l Ensorceleur\" src=\"http:\/\/www.lecarrefourdesopinions.ca\/wp-content\/uploads\/2018\/03\/F7-Pour-un-petit-Charmeur-Du-Diable-l-Ensorceleur-300x168.jpg\" alt=\"\" width=\"300\" height=\"168\" \/><\/p>\n<p align=\"CENTER\"><strong><span style=\"font-size: large;\">F7\u00a0: <\/span><\/strong><em><span style=\"color: #c00000;\"><span style=\"font-size: large;\">Pour un petit Charmeur\u2026<\/span><\/span><\/em><\/p>\n<p align=\"CENTER\"><em><span style=\"color: #c00000;\"><span style=\"font-size: large;\">Du Diable l\u2019Ensorceleur\u00a0!<\/span><\/span><\/em><\/p>\n<p align=\"JUSTIFY\">\n<p align=\"JUSTIFY\">\n<p align=\"JUSTIFY\"><strong><span style=\"font-size: large;\">Quelle Contre-partie a \u00e9t\u00e9 promise \u00e0 KADHAFI, aux d\u00e9pens de la Bourse ou de l\u2019Int\u00e9grit\u00e9 de qui, c\u2019est l\u00e0 toute la Question.<\/span><\/strong><\/p>\n<p align=\"JUSTIFY\">\n<p align=\"JUSTIFY\"><span style=\"font-family: Symbol;\"><span style=\"font-size: large;\">\u00b7<\/span><\/span><span style=\"font-family: Symbol;\"><span style=\"font-size: large;\">\u00a0\u00a0\u00a0\u00a0\u00a0\u00a0\u00a0 <\/span><\/span><span style=\"font-size: large;\">Emprunter pour ses besoins personnels, qu\u2019importe d\u00e8s-lors qu\u2019on rembourse de sa poche.<\/span><\/p>\n<p align=\"JUSTIFY\">\n<p align=\"JUSTIFY\"><span style=\"font-family: Symbol;\"><span style=\"font-size: large;\">\u00b7<\/span><\/span><span style=\"font-family: Symbol;\"><span style=\"font-size: large;\">\u00a0\u00a0\u00a0\u00a0\u00a0\u00a0\u00a0 <\/span><\/span><span style=\"font-size: large;\">Emprunter pour ses besoins personnels sur le dos d\u2019autrui, il y a pour cela des Tribunaux ordinaires, tellement <\/span><em><span style=\"font-family: Arial, sans-serif;\"><span style=\"font-size: large;\">some people are good at borrowing but bad at giving back<\/span><\/span><\/em><span style=\"font-size: large;\">.<\/span><\/p>\n<p>&nbsp;<\/p>\n<p align=\"JUSTIFY\"><span style=\"font-family: Symbol;\"><span style=\"font-size: large;\">\u00b7<\/span><\/span><span style=\"font-family: Symbol;\"><span style=\"font-size: large;\">\u00a0\u00a0\u00a0\u00a0\u00a0\u00a0\u00a0 <\/span><\/span><span style=\"font-size: large;\">Mais emprunter de ces sommes l\u00e0, et pour quoi donc, aux frais du Contribuable\u2026 50 Millions d\u2019Euros en un simple coup d\u2019\u0153il, n\u2019est-ce pas Colossal pour un petit Charmeur Ensorceleur du Diable.<\/span><\/p>\n<p>&nbsp;<\/p>\n<p align=\"JUSTIFY\"><em><span style=\"font-size: large;\">Pah\u00a0!..<\/span><\/em> <span style=\"font-size: large;\">pour peu qu\u2019on songe \u00e0 ce que c\u2019est et o\u00f9 cela peut Conduire\u2026 \u00e0 Vendre son Pays, \u00e0 le Trahir, et cela, qu\u2019est-ce que c\u2019est <\/span><em><span style=\"font-family: Arial, sans-serif;\"><span style=\"font-size: large;\">wether this is not an humbug as an humbug can be\u2026 a felony<\/span><\/span><\/em><span style=\"font-size: large;\">.<\/span><\/p>\n<p align=\"JUSTIFY\">\n<p align=\"CENTER\"><img loading=\"lazy\" decoding=\"async\" class=\"alignnone size-medium wp-image-14697\" title=\"8___50_Millions_d_Euros_au_Candidat_Fran=C3=A7ais___A_qu_= oi \u00e7a pourrait bien servir et ou sont ils passes\" src=\"http:\/\/www.lecarrefourdesopinions.ca\/wp-content\/uploads\/2018\/03\/8___50_Millions_d_Euros_au_Candidat_FranC3A7ais___A_qu_-oi-\u00e7a-pourrait-bien-servir-et-ou-sont-ils-passes-300x112.jpg\" alt=\"\" width=\"300\" height=\"112\" \/><\/p>\n<p align=\"CENTER\"><strong><span style=\"font-size: large;\">F8\u00a0: <\/span><\/strong><em><span style=\"color: #c00000;\"><span style=\"font-size: large;\">50 Millions d\u2019Euros au Candidat Fran\u00e7ais,<\/span><\/span><\/em><\/p>\n<p align=\"CENTER\"><em><span style=\"color: #c00000;\"><span style=\"font-size: large;\">A quoi \u00e7a pourrait bien servir et o\u00f9 sont-ils pass\u00e9s.<\/span><\/span><\/em><\/p>\n<p align=\"JUSTIFY\">\n<p align=\"JUSTIFY\">\n<p align=\"JUSTIFY\"><strong><span style=\"font-family: 'Comic Sans MS';\"><span style=\"font-size: large;\">Et n\u2019est-ce pas sous la Qualification de F\u00e9lonie que doit \u00eatre jug\u00e9 un semblable agissement s\u2019il venait \u00e0 \u00eatre av\u00e9r\u00e9, ce que nous ne souhaitons pas.<\/span><\/span><\/strong><\/p>\n<p align=\"JUSTIFY\">\n<p align=\"JUSTIFY\"><span style=\"font-family: 'Comic Sans MS';\"><span style=\"font-size: large;\">Et surtout, qu\u2019on ne minimise pas en disant \u00ab\u00a0Kadhaf\u00a0\u00bb\u00a0?.. un ami de SARKO, donc un Ami de la France, aucune crainte \u00e0 avoir, CQFD.<\/span><\/span><\/p>\n<p align=\"JUSTIFY\">\n<p align=\"JUSTIFY\"><span style=\"font-family: 'Comic Sans MS';\"><span style=\"font-size: large;\">Les transactions de ce genre n\u2019ont rien qui soit de l\u2019Amiti\u00e9.<\/span><\/span><\/p>\n<p align=\"JUSTIFY\">\n<p align=\"JUSTIFY\"><span style=\"font-family: 'Comic Sans MS';\"><span style=\"font-size: large;\">Le grand Charles ne disait-il pas \u00ab\u00a0<\/span><\/span><em><span style=\"font-family: 'Comic Sans MS';\"><span style=\"font-size: large;\">Entre \u00c9tats, des Amis y\u2019en a pas<\/span><\/span><\/em><span style=\"font-family: 'Comic Sans MS';\"><span style=\"font-size: large;\">\u00a0\u00bb.<\/span><\/span><\/p>\n<p align=\"JUSTIFY\">\n<p align=\"JUSTIFY\"><span style=\"font-size: large;\">\u00c9ric EG Nogard<\/span><\/p>\n<p align=\"JUSTIFY\"><em><span style=\"color: #c00000;\"><span style=\"font-size: large;\">Chroniqueur<\/span><\/span><\/em><span style=\"color: #c00000;\"><span style=\"font-size: large;\">.<\/span><\/span><\/p>\n<p align=\"JUSTIFY\"><span style=\"color: #c00000;\">\u00a0<\/span><\/p>\n<p align=\"CENTER\"><strong><span style=\"font-size: large;\">***\u00a0\u00a0\u00a0\u00a0 ***\u00a0\u00a0\u00a0\u00a0 ***<\/span><\/strong><\/p>\n<p align=\"CENTER\"><strong>\u00a0<\/strong><\/p>\n<p align=\"CENTER\"><strong><span style=\"color: #ff0000;\">Ne Peut \u00eatre reproduit &#8211; m\u00eame partiellement &#8211;\u00a0 sans l\u2019autorisation de l\u2019Auteur.<\/span><\/strong><\/p>\n<p align=\"CENTER\"><strong>\u00a0<\/strong><\/p>\n<p align=\"CENTER\"><strong><span style=\"font-size: large;\">***\u00a0\u00a0\u00a0\u00a0 ***\u00a0\u00a0\u00a0\u00a0 ***<\/span><\/strong><\/p>\n<p align=\"CENTER\">\n<p align=\"CENTER\"><strong><span style=\"color: #ff0000;\"><span style=\"font-size: large;\">Nota : <\/span><\/span><\/strong><span style=\"color: #000000;\"><span style=\"font-size: large;\">Nous ne traitons que de Faits et de Noms rendus Publics.<\/span><\/span><\/p>\n<p align=\"CENTER\"><span style=\"color: #000000;\">\u00a0<\/span><\/p>\n<p align=\"CENTER\"><span style=\"color: #000000;\"><span style=\"font-size: large;\">***\u00a0\u00a0\u00a0\u00a0 ***\u00a0\u00a0\u00a0\u00a0 ***<\/span><\/span><\/p>\n<p align=\"JUSTIFY\"><strong><span style=\"text-decoration: underline;\">Liens Sugg\u00e9r\u00e9s\u00a0:<\/span><\/strong><\/p>\n<ul type=\"DISC\">\n<li>\n<p align=\"JUSTIFY\"><a href=\"http:\/\/www.etatsgenerauxdeloutremer.fr\/reflexions\">http:\/\/www.etatsgenerauxdeloutremer.fr\/reflexions<\/a><\/p>\n<\/li>\n<\/ul>\n<script type=\"text\/javascript\">\n\nvar addthis_config = {\"data_track_clickback\":false,\"data_track_addressbar\":false,\"data_track_textcopy\":false};\n<\/script><script type=\"text\/javascript\" src=\"\/\/s7.addthis.com\/js\/250\/addthis_widget.js#pubid=a457a6d63fb9e6ccabdde4110343bd85\"><\/script>","protected":false},"excerpt":{"rendered":"<p align=\"CENTER\"><span style=\"color: #632423;\">\u00a0<\/span><span style=\"color: #632423;\"><span style=\"font-family: 'Comic Sans MS';\"><span style=\"font-size: large;\">Et la Contre-partie, du Financement Libyen\u00a0?..<\/span><\/span><\/span><\/p>\n<p align=\"JUSTIFY\"><span style=\"color: #632423;\">\u00a0<\/span><\/p>\n<p align=\"JUSTIFY\"><span style=\"color: #632423;\"><span style=\"font-family: 'Comic Sans MS';\"><span style=\"font-size: large;\">\u00c9ric EG Nogard<\/span><\/span><\/span><\/p>\n<p align=\"JUSTIFY\"><span style=\"color: #c00000;\"><span style=\"font-size: large;\">Chroniqueur<\/span><\/span><span style=\"color: #c00000;\"><span style=\"font-size: large;\">.<\/span><\/span><\/p>\n<p align=\"CENTER\">\n<p align=\"CENTER\"><span style=\"color: #632423;\"><span style=\"font-size: large;\">***\u00a0\u00a0\u00a0\u00a0 ***\u00a0\u00a0\u00a0\u00a0 ***<\/span><\/span><\/p>\n<p align=\"CENTER\">\n<p><span style=\"color: #000099;\">\u00a0<\/span><\/p>\n<p><span style=\"color: #000099;\"><span style=\"font-size: large;\">Et la Contre-partie, du Financement Libyen\u00a0?..<\/span><\/span><\/p>\n<p>&nbsp;<\/p>\n<p>&nbsp;<\/p>\n<p align=\"CENTER\">\n<p align=\"CENTER\"><span style=\"font-size: large;\">F1\u00a0: <\/span><span style=\"color: #c00000;\"><span style=\"font-size: large;\">Assis au banc des mis en garde \u00e0 vue\u00a0: <\/span><\/span><\/p>\n<p align=\"CENTER\"><span style=\"color: #c00000;\"><span style=\"font-size: large;\">Ni <\/span><\/span>&hellip;<\/p>\n","protected":false},"author":1,"featured_media":0,"comment_status":"open","ping_status":"open","sticky":false,"template":"","format":"standard","meta":{"footnotes":""},"categories":[1],"tags":[],"class_list":["post-14689","post","type-post","status-publish","format-standard","hentry","category-accueil"],"_links":{"self":[{"href":"http:\/\/www.lecarrefourdesopinions.ca\/index.php?rest_route=\/wp\/v2\/posts\/14689","targetHints":{"allow":["GET"]}}],"collection":[{"href":"http:\/\/www.lecarrefourdesopinions.ca\/index.php?rest_route=\/wp\/v2\/posts"}],"about":[{"href":"http:\/\/www.lecarrefourdesopinions.ca\/index.php?rest_route=\/wp\/v2\/types\/post"}],"author":[{"embeddable":true,"href":"http:\/\/www.lecarrefourdesopinions.ca\/index.php?rest_route=\/wp\/v2\/users\/1"}],"replies":[{"embeddable":true,"href":"http:\/\/www.lecarrefourdesopinions.ca\/index.php?rest_route=%2Fwp%2Fv2%2Fcomments&post=14689"}],"version-history":[{"count":1,"href":"http:\/\/www.lecarrefourdesopinions.ca\/index.php?rest_route=\/wp\/v2\/posts\/14689\/revisions"}],"predecessor-version":[{"id":14698,"href":"http:\/\/www.lecarrefourdesopinions.ca\/index.php?rest_route=\/wp\/v2\/posts\/14689\/revisions\/14698"}],"wp:attachment":[{"href":"http:\/\/www.lecarrefourdesopinions.ca\/index.php?rest_route=%2Fwp%2Fv2%2Fmedia&parent=14689"}],"wp:term":[{"taxonomy":"category","embeddable":true,"href":"http:\/\/www.lecarrefourdesopinions.ca\/index.php?rest_route=%2Fwp%2Fv2%2Fcategories&post=14689"},{"taxonomy":"post_tag","embeddable":true,"href":"http:\/\/www.lecarrefourdesopinions.ca\/index.php?rest_route=%2Fwp%2Fv2%2Ftags&post=14689"}],"curies":[{"name":"wp","href":"https:\/\/api.w.org\/{rel}","templated":true}]}}