{"id":14656,"date":"2018-03-16T11:10:28","date_gmt":"2018-03-16T15:10:28","guid":{"rendered":"http:\/\/www.lecarrefourdesopinions.ca\/?p=14656"},"modified":"2018-03-16T11:10:28","modified_gmt":"2018-03-16T15:10:28","slug":"les-enfouir-sous-la-bure-au-benefice-de-qui","status":"publish","type":"post","link":"http:\/\/www.lecarrefourdesopinions.ca\/?p=14656","title":{"rendered":"Les Enfouir sous la Bure, au B\u00e9n\u00e9fice de Qui !.."},"content":{"rendered":"<p align=\"CENTER\"><em><span style=\"color: #632423;\">\u00a0<\/span><\/em><em><span style=\"color: #632423;\"><span style=\"font-family: 'Comic Sans MS';\"><span style=\"font-size: large;\">Les Enfouir sous la Bure, au B\u00e9n\u00e9fice de Qui\u00a0!..<\/span><\/span><\/span><\/em><\/p>\n<p align=\"JUSTIFY\"><em><span style=\"color: #632423;\">\u00a0<img loading=\"lazy\" decoding=\"async\" class=\"alignnone size-full wp-image-14620\" title=\"Eric\" src=\"http:\/\/www.lecarrefourdesopinions.ca\/wp-content\/uploads\/2018\/03\/Eric.jpg\" alt=\"\" width=\"134\" height=\"107\" \/><\/span><\/em><\/p>\n<p align=\"JUSTIFY\"><span style=\"color: #632423;\"><span style=\"font-family: 'Comic Sans MS';\"><span style=\"font-size: large;\">\u00c9ric EG Nogard<\/span><\/span><\/span><\/p>\n<p align=\"JUSTIFY\"><em><span style=\"color: #c00000;\"><span style=\"font-size: large;\">Chroniqueur<\/span><\/span><\/em><span style=\"color: #c00000;\"><span style=\"font-size: large;\">.<\/span><\/span><\/p>\n<p align=\"CENTER\">\n<p align=\"CENTER\"><span style=\"color: #632423;\"><span style=\"font-size: large;\">***\u00a0\u00a0\u00a0\u00a0 ***\u00a0\u00a0\u00a0\u00a0 ***<\/span><\/span><\/p>\n<p align=\"CENTER\"><span style=\"color: #632423;\">\u00a0<\/span><\/p>\n<p>&nbsp;<\/p>\n<p><em><span style=\"color: #000099;\"><span style=\"font-size: large;\">Les Enfouir sous la Bure, au B\u00e9n\u00e9fice de Qui\u00a0!..<\/span><\/span><\/em><\/p>\n<p>&nbsp;<\/p>\n<p align=\"JUSTIFY\">\n<p align=\"JUSTIFY\">\n<p align=\"JUSTIFY\"><strong><span style=\"font-family: 'Comic Sans MS';\"><span style=\"font-size: large;\">Des D\u00e9chets Nucl\u00e9aires enfouis sous leurs pieds, \u00e0 Bure, dans la Meuse.<\/span><\/span><\/strong><\/p>\n<p align=\"JUSTIFY\">\n<p align=\"CENTER\">\u00a0<img loading=\"lazy\" decoding=\"async\" class=\"alignnone size-medium wp-image-14657\" title=\"F1   Sous la Bure  dans la Meuse\" src=\"http:\/\/www.lecarrefourdesopinions.ca\/wp-content\/uploads\/2018\/03\/F1-Sous-la-Bure-dans-la-Meuse-300x236.jpg\" alt=\"\" width=\"300\" height=\"236\" \/><\/p>\n<p align=\"CENTER\"><strong><span style=\"font-size: large;\">F1\u00a0: <\/span><\/strong><em><span style=\"color: #c00000;\"><span style=\"font-size: large;\">Sous la Bure, dans la Meuse.<\/span><\/span><\/em><\/p>\n<p align=\"JUSTIFY\">\n<p align=\"JUSTIFY\">\n<p align=\"JUSTIFY\"><span style=\"font-family: 'Comic Sans MS';\"><span style=\"font-size: large;\">Tel est le \u00ab\u00a0Projet\u00a0\u00bb auquel ont tent\u00e9 de s\u2019opposer les Gens du Nord de la France, dans leur Affrontement avec les Forces de l\u2019Ordre ob\u00e9issantes aux Ordres donn\u00e9s par la Nation.<\/span><\/span><\/p>\n<p align=\"JUSTIFY\">\n<p align=\"CENTER\"><img loading=\"lazy\" decoding=\"async\" class=\"alignnone size-medium wp-image-14658\" title=\"F2   Manu Militari\" src=\"http:\/\/www.lecarrefourdesopinions.ca\/wp-content\/uploads\/2018\/03\/F2-Manu-Militari-300x244.jpg\" alt=\"\" width=\"300\" height=\"244\" srcset=\"http:\/\/www.lecarrefourdesopinions.ca\/wp-content\/uploads\/2018\/03\/F2-Manu-Militari-300x244.jpg 300w, http:\/\/www.lecarrefourdesopinions.ca\/wp-content\/uploads\/2018\/03\/F2-Manu-Militari-400x326.jpg 400w, http:\/\/www.lecarrefourdesopinions.ca\/wp-content\/uploads\/2018\/03\/F2-Manu-Militari.jpg 906w\" sizes=\"auto, (max-width: 300px) 100vw, 300px\" \/><\/p>\n<p align=\"CENTER\"><strong><span style=\"font-size: large;\">F2\u00a0: <\/span><\/strong><em><span style=\"color: #c00000;\"><span style=\"font-family: Arial, sans-serif;\"><span style=\"font-size: large;\">Manu Militari\u00a0!<\/span><\/span><\/span><\/em><\/p>\n<p align=\"JUSTIFY\">\n<p align=\"JUSTIFY\">\n<p align=\"JUSTIFY\"><strong><span style=\"font-size: large;\">Huit d\u2019entre eux ont \u00e9t\u00e9 interpell\u00e9s pour\u00a0:<\/span><\/strong><\/p>\n<p align=\"JUSTIFY\">\n<p align=\"JUSTIFY\"><span style=\"font-size: large;\">\u00ab\u00a0<\/span><em><span style=\"font-family: Calibri, sans-serif;\"><span style=\"font-size: large;\">Participation SANS ARME \u00e0 un attroupement, apr\u00e8s Sommation de se Disperser<\/span><\/span><\/em>\u00a0<span style=\"font-size: large;\">\u00bb.<\/span><\/p>\n<p align=\"JUSTIFY\">\n<p align=\"JUSTIFY\"><span style=\"font-size: large;\">Certains de ces Huit l\u2019auraient \u00e9t\u00e9 pour <\/span><em><span style=\"font-family: Calibri, sans-serif;\"><span style=\"font-size: large;\">Violences Aggrav\u00e9es<\/span><\/span><\/em><span style=\"font-size: large;\">, selon le Parquet de Bar-le-Duc.<\/span><\/p>\n<p align=\"JUSTIFY\">\n<p align=\"JUSTIFY\">\n<p align=\"JUSTIFY\"><strong><span style=\"font-size: large;\">De quelles violences, aggrav\u00e9es en quoi, pourrait-il s\u2019agir de la part de Gens aux Mains Nues, face \u00e0 des Forces plus \u00ab\u00a0Bard\u00e9es\u00a0\u00bb et mieux arm\u00e9es peut-\u00eatre qu\u2019un Cuirassier\u2026 ce qui en soi ne leur est fait aucun grief.<\/span><\/strong><\/p>\n<p align=\"JUSTIFY\">\n<p align=\"CENTER\"><img loading=\"lazy\" decoding=\"async\" class=\"alignnone size-medium wp-image-14659\" title=\"F3   Vu les Forces en presence\" src=\"http:\/\/www.lecarrefourdesopinions.ca\/wp-content\/uploads\/2018\/03\/F3-Vu-les-Forces-en-presence-300x160.jpg\" alt=\"\" width=\"300\" height=\"160\" \/><\/p>\n<p align=\"CENTER\"><strong><span style=\"font-size: large;\">F3\u00a0: <\/span><\/strong><em><span style=\"color: #c00000;\"><span style=\"font-size: large;\">Vu les Forces en pr\u00e9sence.<\/span><\/span><\/em><\/p>\n<p align=\"JUSTIFY\">\n<p align=\"JUSTIFY\">\n<p align=\"JUSTIFY\"><span style=\"font-size: large;\">Abus donc de langage dans la Qualification des Faits reproch\u00e9s.<\/span><\/p>\n<p align=\"JUSTIFY\">\n<p align=\"JUSTIFY\"><span style=\"font-size: large;\">Abus donc de traitement dans les Peines Inflig\u00e9es \u00e0 des Gens anim\u00e9s d\u2019un m\u00eame \u00c9lan, mus d\u2019un m\u00eame C\u0153ur dans un mouvement qui sans conteste, n\u2019a eu pour Causalit\u00e9 que la L\u00e9gitime D\u00e9fense activ\u00e9e par l\u2019Instinct de Conservation dont nul ne peut faire reproche \u00e0 personne.<\/span><\/p>\n<p align=\"JUSTIFY\">\n<p align=\"JUSTIFY\">\n<p align=\"JUSTIFY\"><strong><span style=\"font-size: large;\">Un Mouvement de L\u00e9gitime D\u00e9fense contre l\u2019Enfouissement sous leurs pieds, du pire des Dangers de Mort dans des Conditions dont on ne voit gu\u00e8re comment on pourrait y pallier une fois l\u2019Enterrement accompli.<\/span><\/strong><\/p>\n<p align=\"JUSTIFY\">\n<p align=\"CENTER\">\u00a0<img loading=\"lazy\" decoding=\"async\" class=\"alignnone size-medium wp-image-14660\" title=\"F4   Sauf qu en dessous  c est pas l Eau du Bon Dieu\" src=\"http:\/\/www.lecarrefourdesopinions.ca\/wp-content\/uploads\/2018\/03\/F4-Sauf-qu-en-dessous-c-est-pas-l-Eau-du-Bon-Dieu-300x287.jpg\" alt=\"\" width=\"300\" height=\"287\" srcset=\"http:\/\/www.lecarrefourdesopinions.ca\/wp-content\/uploads\/2018\/03\/F4-Sauf-qu-en-dessous-c-est-pas-l-Eau-du-Bon-Dieu-300x287.jpg 300w, http:\/\/www.lecarrefourdesopinions.ca\/wp-content\/uploads\/2018\/03\/F4-Sauf-qu-en-dessous-c-est-pas-l-Eau-du-Bon-Dieu-400x383.jpg 400w, http:\/\/www.lecarrefourdesopinions.ca\/wp-content\/uploads\/2018\/03\/F4-Sauf-qu-en-dessous-c-est-pas-l-Eau-du-Bon-Dieu.jpg 620w\" sizes=\"auto, (max-width: 300px) 100vw, 300px\" \/><\/p>\n<p align=\"CENTER\"><strong><span style=\"font-size: large;\">F4\u00a0: <\/span><\/strong><em><span style=\"color: #c00000;\"><span style=\"font-size: large;\">Sauf qu\u2019en dessous, c\u2019est pas l\u2019Eau du Bon Dieu\u00a0!<\/span><\/span><\/em><\/p>\n<p align=\"JUSTIFY\">\n<p align=\"JUSTIFY\">\n<p align=\"JUSTIFY\"><span style=\"font-size: large;\">L\u2019Enfouissement d\u2019un Danger permanent dont nul ne peut pr\u00e9dire ni pr\u00e9voir, que de son vivant ou apr\u00e8s Paling\u00e9n\u00e9sie or Transmigration, comment on pourra, d\u00e8s-lors, s\u2019en sortir et laisser en H\u00e9ritage une Terre Saine aux G\u00e9n\u00e9rations \u00e0 Venir.<\/span><\/p>\n<p align=\"JUSTIFY\">\n<p align=\"CENTER\">\u00a0<img loading=\"lazy\" decoding=\"async\" class=\"alignnone size-medium wp-image-14661\" title=\"F5   Et ou de qui    Et ou de quoi    Ou de la part   de qui voulait du bien   aux Generations a Venir\" src=\"http:\/\/www.lecarrefourdesopinions.ca\/wp-content\/uploads\/2018\/03\/F5-Et-ou-de-qui-Et-ou-de-quoi-Ou-de-la-part-de-qui-voulait-du-bien-aux-Generations-a-Venir-300x106.jpg\" alt=\"\" width=\"300\" height=\"106\" \/><\/p>\n<p align=\"CENTER\"><strong><span style=\"font-size: large;\">F5\u00a0: <\/span><\/strong><em><span style=\"color: #c00000;\"><span style=\"font-size: large;\">Et\/ou de qui\u2026 Et\/ou de quoi\u00a0?<\/span><\/span><\/em><\/p>\n<p align=\"CENTER\"><em><span style=\"color: #c00000;\"><span style=\"font-size: large;\">Ou de la part \u00ab\u00a0de qui voulait du bien\u00a0\u00bb aux G\u00e9n\u00e9rations \u00e0 Venir\u00a0?<\/span><\/span><\/em><\/p>\n<p align=\"JUSTIFY\">\n<p align=\"JUSTIFY\">\n<p align=\"JUSTIFY\"><em><span style=\"font-family: Arial, sans-serif;\"><span style=\"font-size: large;\">No foreknowing, no forsight, nothing forthcoming at all to prevent from any Nuclear Disaster.<\/span><\/span><\/em><\/p>\n<p align=\"JUSTIFY\">\n<p align=\"JUSTIFY\">\n<p align=\"JUSTIFY\"><strong><span style=\"font-size: large;\">Aussi, trouvons-nous au \u201cCri d\u2019Alarme\u201d, parfaitement d\u00e9sappropri\u00e9e l\u2019Arrestation des Gens de Bure en Meuse, et tout \u00e0 fait fantaisiste la qualification des Faits qui leur sont injustement reproch\u00e9s. <\/span><\/strong><\/p>\n<p align=\"JUSTIFY\">\n<p align=\"CENTER\">\u00a0<img loading=\"lazy\" decoding=\"async\" class=\"alignnone size-medium wp-image-14662\" title=\"F6   Set them free    Sending them to goal is a shame\" src=\"http:\/\/www.lecarrefourdesopinions.ca\/wp-content\/uploads\/2018\/03\/F6-Set-them-free-Sending-them-to-goal-is-a-shame-300x156.png\" alt=\"\" width=\"300\" height=\"156\" \/><\/p>\n<p align=\"CENTER\"><strong><span style=\"font-size: large;\">F6\u00a0: <\/span><\/strong><em><span style=\"color: #c00000;\"><span style=\"font-family: Arial, sans-serif;\"><span style=\"font-size: large;\">Set them free\u00a0!<\/span><\/span><\/span><\/em><\/p>\n<p align=\"CENTER\"><em><span style=\"color: #c00000;\"><span style=\"font-family: Arial, sans-serif;\"><span style=\"font-size: large;\">Sending them to goal is a shame.<\/span><\/span><\/span><\/em><\/p>\n<p align=\"JUSTIFY\">\n<p align=\"JUSTIFY\">\n<p align=\"JUSTIFY\"><span style=\"font-size: large;\">Ils n\u2019ont pas \u00e0 payer \u2013 si peu que ce soit \u2013 les cons\u00e9quences d\u2019une Faute Collective qui nous met tous le dos au mur en nous montrant, tant la limite de nos Moyens que l\u2019\u00e9tendue de nos Abus.<\/span><\/p>\n<p align=\"JUSTIFY\">\n<p align=\"JUSTIFY\"><em><span style=\"font-family: Arial, sans-serif;\"><span style=\"font-size: large;\">Sending them to goal is just a shame<\/span><\/span><\/em><span style=\"font-size: large;\">.<\/span><\/p>\n<p align=\"JUSTIFY\">\n<p align=\"JUSTIFY\">\n<p align=\"JUSTIFY\"><span style=\"font-family: 'Comic Sans MS';\"><span style=\"font-size: large;\">Nous ne verrions en leur Lib\u00e9ration Imm\u00e9diate que la Marque d\u2019une Saine\u00a0 Autorit\u00e9 et d\u2019une Bonne Justice.<\/span><\/span><\/p>\n<p align=\"JUSTIFY\">\n<p align=\"CENTER\">\u00a0<img loading=\"lazy\" decoding=\"async\" class=\"alignnone size-medium wp-image-14663\" title=\"F7   \u00c7a peut se dire comme \u00c7a\" src=\"http:\/\/www.lecarrefourdesopinions.ca\/wp-content\/uploads\/2018\/03\/F7-\u00c7a-peut-se-dire-comme-\u00c7a-241x300.jpg\" alt=\"\" width=\"241\" height=\"300\" \/><\/p>\n<p align=\"CENTER\"><strong><span style=\"font-size: large;\">F7\u00a0: <\/span><\/strong><em><span style=\"color: #c00000;\"><span style=\"font-size: large;\">\u00c7a peut se dire comme \u00c7a\u00a0!..<\/span><\/span><\/em><\/p>\n<p>&nbsp;<\/p>\n<p>&nbsp;<\/p>\n<p><span style=\"font-family: 'Comic Sans MS';\"><span style=\"font-size: large;\">Ils ont pris du Risque pour la Cause de Tous, par la Faute de Tous dans l\u2019Usage Abusif du plus Grand des Dangers.<\/span><\/span><\/p>\n<p>&nbsp;<\/p>\n<p><span style=\"font-family: 'Comic Sans MS';\"><span style=\"font-size: large;\">Qu\u2019ils soient rendus \u00e0 la Libert\u00e9 et Honor\u00e9s\u2026<\/span><\/span><\/p>\n<p>&nbsp;<\/p>\n<p><em><span style=\"font-family: Arial, sans-serif;\"><span style=\"font-size: large;\">Let\u2019s keep them Free, let\u2019s pay Homage to their Courage.<\/span><\/span><\/em><\/p>\n<p>&nbsp;<\/p>\n<p><strong><span style=\"font-family: 'Comic Sans MS';\"><span style=\"font-size: large;\">Que la France Unanime s\u2019y emploie.<\/span><\/span><\/strong><\/p>\n<p>&nbsp;<\/p>\n<p align=\"JUSTIFY\"><span style=\"font-size: large;\">\u00c9ric EG Nogard<\/span><\/p>\n<p align=\"JUSTIFY\"><em><span style=\"color: #c00000;\"><span style=\"font-size: large;\">Chroniqueur<\/span><\/span><\/em><span style=\"color: #c00000;\"><span style=\"font-size: large;\">.<\/span><\/span><\/p>\n<p align=\"JUSTIFY\"><span style=\"color: #c00000;\">\u00a0<\/span><\/p>\n<p align=\"CENTER\"><strong><span style=\"font-size: large;\">***\u00a0\u00a0\u00a0\u00a0 *** \u00a0\u00a0\u00a0\u00a0***<\/span><\/strong><\/p>\n<p align=\"CENTER\"><strong><span style=\"color: #ff0000;\">Ne Peut \u00eatre reproduit &#8211; m\u00eame partiellement &#8211;\u00a0 sans l\u2019autorisation de l\u2019Auteur.<\/span><\/strong><\/p>\n<p align=\"CENTER\"><strong><span style=\"font-size: large;\">***\u00a0\u00a0\u00a0\u00a0 ***\u00a0\u00a0\u00a0\u00a0 ***<\/span><\/strong><\/p>\n<p align=\"CENTER\"><strong><span style=\"color: #ff0000;\"><span style=\"font-size: large;\">Nota : <\/span><\/span><\/strong><span style=\"color: #000000;\"><span style=\"font-size: large;\">Nous ne traitons que de Faits et de Noms rendus Publics.<\/span><\/span><\/p>\n<p align=\"CENTER\"><span style=\"color: #000000;\">\u00a0<\/span><\/p>\n<p align=\"CENTER\"><span style=\"color: #000000;\"><span style=\"font-size: large;\">***\u00a0\u00a0\u00a0\u00a0 ***\u00a0\u00a0\u00a0\u00a0 ***<\/span><\/span><\/p>\n<p align=\"JUSTIFY\">\n<p align=\"JUSTIFY\"><strong><span style=\"text-decoration: underline;\">Liens Sugg\u00e9r\u00e9s\u00a0:<\/span><\/strong><\/p>\n<ul type=\"DISC\">\n<li>\n<p align=\"JUSTIFY\"><a href=\"http:\/\/www.etatsgenerauxdeloutremer.fr\/reflexions\">http:\/\/www.etatsgenerauxdeloutremer.fr\/reflexions<\/a><\/p>\n<\/li>\n<\/ul>\n<p align=\"CENTER\">\n<p>&nbsp;<\/p>\n<script type=\"text\/javascript\">\n\nvar addthis_config = {\"data_track_clickback\":false,\"data_track_addressbar\":false,\"data_track_textcopy\":false};\n<\/script><script type=\"text\/javascript\" src=\"\/\/s7.addthis.com\/js\/250\/addthis_widget.js#pubid=a457a6d63fb9e6ccabdde4110343bd85\"><\/script>","protected":false},"excerpt":{"rendered":"<p align=\"CENTER\"><span style=\"color: #632423;\">\u00a0<\/span><span style=\"color: #632423;\"><span style=\"font-family: 'Comic Sans MS';\"><span style=\"font-size: large;\">Les Enfouir sous la Bure, au B\u00e9n\u00e9fice de Qui\u00a0!..<\/span><\/span><\/span><\/p>\n<p align=\"JUSTIFY\"><span style=\"color: #632423;\">\u00a0<\/span><\/p>\n<p align=\"JUSTIFY\"><span style=\"color: #632423;\"><span style=\"font-family: 'Comic Sans MS';\"><span style=\"font-size: large;\">\u00c9ric EG Nogard<\/span><\/span><\/span><\/p>\n<p align=\"JUSTIFY\"><span style=\"color: #c00000;\"><span style=\"font-size: large;\">Chroniqueur<\/span><\/span><span style=\"color: #c00000;\"><span style=\"font-size: large;\">.<\/span><\/span><\/p>\n<p align=\"CENTER\">\n<p align=\"CENTER\"><span style=\"color: #632423;\"><span style=\"font-size: large;\">***\u00a0\u00a0\u00a0\u00a0 ***\u00a0\u00a0\u00a0\u00a0 ***<\/span><\/span><\/p>\n<p align=\"CENTER\"><span style=\"color: #632423;\">\u00a0<\/span><\/p>\n<p>&nbsp;<\/p>\n<p><span style=\"color: #000099;\"><span style=\"font-size: large;\">Les Enfouir sous la Bure, au B\u00e9n\u00e9fice de Qui\u00a0!..<\/span><\/span><\/p>\n<p>&nbsp;<\/p>\n<p align=\"JUSTIFY\">\n<p align=\"JUSTIFY\">\n<p align=\"JUSTIFY\"><span style=\"font-family: 'Comic Sans MS';\"><span style=\"font-size: large;\">Des D\u00e9chets Nucl\u00e9aires enfouis sous leurs pieds, <\/span><\/span>&hellip;<\/p>\n","protected":false},"author":1,"featured_media":0,"comment_status":"open","ping_status":"open","sticky":false,"template":"","format":"standard","meta":{"footnotes":""},"categories":[1],"tags":[],"class_list":["post-14656","post","type-post","status-publish","format-standard","hentry","category-accueil"],"_links":{"self":[{"href":"http:\/\/www.lecarrefourdesopinions.ca\/index.php?rest_route=\/wp\/v2\/posts\/14656","targetHints":{"allow":["GET"]}}],"collection":[{"href":"http:\/\/www.lecarrefourdesopinions.ca\/index.php?rest_route=\/wp\/v2\/posts"}],"about":[{"href":"http:\/\/www.lecarrefourdesopinions.ca\/index.php?rest_route=\/wp\/v2\/types\/post"}],"author":[{"embeddable":true,"href":"http:\/\/www.lecarrefourdesopinions.ca\/index.php?rest_route=\/wp\/v2\/users\/1"}],"replies":[{"embeddable":true,"href":"http:\/\/www.lecarrefourdesopinions.ca\/index.php?rest_route=%2Fwp%2Fv2%2Fcomments&post=14656"}],"version-history":[{"count":1,"href":"http:\/\/www.lecarrefourdesopinions.ca\/index.php?rest_route=\/wp\/v2\/posts\/14656\/revisions"}],"predecessor-version":[{"id":14664,"href":"http:\/\/www.lecarrefourdesopinions.ca\/index.php?rest_route=\/wp\/v2\/posts\/14656\/revisions\/14664"}],"wp:attachment":[{"href":"http:\/\/www.lecarrefourdesopinions.ca\/index.php?rest_route=%2Fwp%2Fv2%2Fmedia&parent=14656"}],"wp:term":[{"taxonomy":"category","embeddable":true,"href":"http:\/\/www.lecarrefourdesopinions.ca\/index.php?rest_route=%2Fwp%2Fv2%2Fcategories&post=14656"},{"taxonomy":"post_tag","embeddable":true,"href":"http:\/\/www.lecarrefourdesopinions.ca\/index.php?rest_route=%2Fwp%2Fv2%2Ftags&post=14656"}],"curies":[{"name":"wp","href":"https:\/\/api.w.org\/{rel}","templated":true}]}}