{"id":14644,"date":"2018-03-14T10:17:54","date_gmt":"2018-03-14T14:17:54","guid":{"rendered":"http:\/\/www.lecarrefourdesopinions.ca\/?p=14644"},"modified":"2018-03-14T10:17:54","modified_gmt":"2018-03-14T14:17:54","slug":"intelligents-trop-peu-ce-coup-la-nest-pas-deux","status":"publish","type":"post","link":"http:\/\/www.lecarrefourdesopinions.ca\/?p=14644","title":{"rendered":"Intelligents trop peu\u2026 Ce coup l\u00e0 n\u2019est pas d\u2019eux."},"content":{"rendered":"<p align=\"CENTER\"><em><span style=\"color: #632423;\"><span style=\"font-family: 'Comic Sans MS';\"><span style=\"font-size: large;\">Intelligents trop peu\u2026 Ce coup l\u00e0 n\u2019est pas d\u2019eux.<\/span><\/span><\/span><\/em><\/p>\n<p align=\"JUSTIFY\"><em><span style=\"color: #632423;\">\u00a0<img loading=\"lazy\" decoding=\"async\" class=\"alignnone size-full wp-image-14620\" title=\"Eric\" src=\"http:\/\/www.lecarrefourdesopinions.ca\/wp-content\/uploads\/2018\/03\/Eric.jpg\" alt=\"\" width=\"134\" height=\"107\" \/><\/span><\/em><\/p>\n<p align=\"JUSTIFY\"><span style=\"color: #632423;\"><span style=\"font-family: 'Comic Sans MS';\"><span style=\"font-size: large;\">\u00c9ric EG Nogard<\/span><\/span><\/span><\/p>\n<p align=\"JUSTIFY\"><em><span style=\"color: #c00000;\"><span style=\"font-size: large;\">Chroniqueur<\/span><\/span><\/em><span style=\"color: #c00000;\"><span style=\"font-size: large;\">.<\/span><\/span><\/p>\n<p align=\"CENTER\">\n<p align=\"CENTER\"><span style=\"color: #632423;\"><span style=\"font-size: large;\">***\u00a0\u00a0\u00a0\u00a0 ***\u00a0 \u00a0\u00a0\u00a0***<\/span><\/span><\/p>\n<p>&nbsp;<\/p>\n<p><em><span style=\"color: #000099;\"><span style=\"font-size: large;\">Intelligents trop peu\u2026 Ce coup l\u00e0 n\u2019est pas d\u2019eux.<\/span><\/span><\/em><\/p>\n<p align=\"JUSTIFY\">\n<p align=\"JUSTIFY\">\n<p align=\"JUSTIFY\"><strong><span style=\"font-family: 'Comic Sans MS';\"><span style=\"font-size: large;\">Voil\u00e0 qu\u2019est relanc\u00e9e une Affaire d\u2019Escroquerie de Haut Vol impliquant le CEREGMIA de Martinique (Centre d\u2019\u00c9tude et de Recherche en \u00c9conomie, Gestion, Mod\u00e9lisation et Informatique Appliqu\u00e9e).<\/span><\/span><\/strong><\/p>\n<p align=\"JUSTIFY\">\n<p align=\"JUSTIFY\"><span style=\"font-family: 'Comic Sans MS';\"><span style=\"font-size: large;\">Une Affaire port\u00e9e en Justice le 24 septembre 2015, par Madame Corine MENC\u00c9-CASTER, Pr\u00e9sidente fra\u00eechement \u00c9lue de l\u2019Ex-Universit\u00e9 des Antilles-Guyane si\u00e9geant \u00e0 Fort-de-France, Ex-D\u00e9partement de la Martinique.<\/span><\/span><\/p>\n<p align=\"JUSTIFY\">\n<p align=\"CENTER\"><img loading=\"lazy\" decoding=\"async\" class=\"alignnone size-medium wp-image-14645\" title=\"F1   CELIMENE  LETCHIMY  SAFFACHE\" src=\"http:\/\/www.lecarrefourdesopinions.ca\/wp-content\/uploads\/2018\/03\/F1-CELIMENE-LETCHIMY-SAFFACHE-300x124.jpg\" alt=\"\" width=\"300\" height=\"124\" \/><\/p>\n<p align=\"CENTER\"><strong><span style=\"font-size: large;\">F1\u00a0: <\/span><\/strong><em><span style=\"color: #c00000;\"><span style=\"font-size: large;\">C\u00c9LIM\u0206NE, LETCHIMY, SAFFACHE.<\/span><\/span><\/em><\/p>\n<p align=\"JUSTIFY\">\n<p align=\"JUSTIFY\">\n<p align=\"JUSTIFY\"><span style=\"font-family: 'Comic Sans MS';\"><span style=\"font-size: large;\">En cons\u00e9quence de cela, les Protagonistes Fred C\u00c9LIM<\/span><\/span><span style=\"font-size: large;\">\u0206<\/span><span style=\"font-family: 'Comic Sans MS';\"><span style=\"font-size: large;\">NE, Kinvi LOGOSSAH et \u00c9ric CARPIN sont mis en Examen en Janvier 2016 pour Sept Chefs d\u2019Accusation dont un D\u00e9tournement de Fonds en bande Organis\u00e9e, au D\u00e9triment de l\u2019Union Europ\u00e9enne, pour Dix Millions d\u2019Euros.<\/span><\/span><\/p>\n<p align=\"JUSTIFY\">\n<p align=\"JUSTIFY\"><span style=\"font-family: 'Comic Sans MS';\"><span style=\"font-size: large;\">Si ce n\u2019est du Grand Banditisme, dira-t-on ce que c\u2019est.<\/span><\/span><\/p>\n<p align=\"JUSTIFY\">\n<p align=\"JUSTIFY\">\n<p align=\"JUSTIFY\"><strong><span style=\"font-size: large;\">Une Premi\u00e8re D\u00e9cision en date de Juin 2016 du Conseil National de l\u2019Enseignement sup\u00e9rieur et de la Recherche Conduisant \u00e0\u00a0:<\/span><\/strong><\/p>\n<p align=\"JUSTIFY\">\n<p align=\"JUSTIFY\"><span style=\"font-family: Symbol;\"><span style=\"font-size: large;\">\u00b7<\/span><\/span><span style=\"font-family: Symbol;\"><span style=\"font-size: large;\">\u00a0\u00a0\u00a0\u00a0\u00a0\u00a0\u00a0 <\/span><\/span><em><span style=\"font-family: Calibri, sans-serif;\"><span style=\"font-size: large;\">La Radiation \u00e0 Vie de Fred C\u00c9LIM\u0206NE, Directeur du C\u00c9REGMIA, de toute Carri\u00e8re Universitaire.<\/span><\/span><\/em><\/p>\n<p align=\"JUSTIFY\"><em>\u00a0<\/em><\/p>\n<p align=\"JUSTIFY\"><span style=\"font-family: Symbol;\"><span style=\"font-size: large;\">\u00b7<\/span><\/span><span style=\"font-family: Symbol;\"><span style=\"font-size: large;\">\u00a0\u00a0\u00a0\u00a0\u00a0\u00a0\u00a0 <\/span><\/span><em><span style=\"font-family: Calibri, sans-serif;\"><span style=\"font-size: large;\">La Suspension pour Cinq Ans de ses Comparses LOGOSSAH et CARPIN.<\/span><\/span><\/em><\/p>\n<p>&nbsp;<\/p>\n<p style=\"text-align: center;\" align=\"JUSTIFY\"><img loading=\"lazy\" decoding=\"async\" class=\"alignnone size-medium wp-image-14646\" title=\"F2   LOGOSSAH  CELIMENE  CARPIN  les presumes Comparses en cett\" src=\"http:\/\/www.lecarrefourdesopinions.ca\/wp-content\/uploads\/2018\/03\/F2-LOGOSSAH-CELIMENE-CARPIN-les-presumes-Comparses-en-cett-300x155.jpg\" alt=\"\" width=\"300\" height=\"155\" \/><\/p>\n<p align=\"JUSTIFY\"><strong><span style=\"font-size: large;\">F2\u00a0: <\/span><\/strong><em><span style=\"color: #c00000;\"><span style=\"font-size: large;\">LOGOSSAH, C\u00c9LIM\u0206NE, CARPIN, les pr\u00e9sum\u00e9s Comparses en cette pr\u00e9sum\u00e9e Filouterie.<\/span><\/span><\/em><\/p>\n<p align=\"JUSTIFY\">\n<p align=\"JUSTIFY\">\n<p align=\"JUSTIFY\"><strong><span style=\"font-size: large;\">Cette D\u00e9cision est Cass\u00e9e le 08 Novembre 2017 pour Question de Forme.<\/span><\/strong><\/p>\n<p align=\"JUSTIFY\">\n<p align=\"JUSTIFY\"><span style=\"font-size: large;\">Les Pr\u00e9sum\u00e9s Innocents revendiquent leur r\u00e9int\u00e9gration dans le Syst\u00e8me Universitaire, en Martinique.<\/span><\/p>\n<p align=\"JUSTIFY\">\n<p align=\"JUSTIFY\"><span style=\"font-size: large;\">L\u2019Universit\u00e9 des Antilles s\u2019en indigne et manifeste son Opposition que partage le \u00ab\u00a0Cri d\u2019Alarme\u00a0\u00bb.<\/span><\/p>\n<p align=\"JUSTIFY\">\n<p align=\"JUSTIFY\"><span style=\"font-size: large;\">C\u2019e\u00fbt \u00e9t\u00e9 faire l\u2019Apologie d\u2019un Crime devenu trop Banal en Martinique.<\/span><\/p>\n<p align=\"JUSTIFY\">\n<p align=\"JUSTIFY\">\n<p align=\"JUSTIFY\"><strong><span style=\"font-size: large;\">Et voil\u00e0 que ressurgit une autre Affaire C\u00c9REGMIA d\u00e9sign\u00e9e sous l\u2019appellation de l\u2019\u00a0\u00ab\u00a0<\/span><\/strong><em><span style=\"font-family: Cambria, serif;\"><span style=\"font-size: large;\">Affaire des Archives Patrimoniales de l\u2019Institut Oc\u00e9anographique de la Principaut\u00e9 de MONACO<\/span><\/span><\/em><strong>\u00a0<\/strong><strong><span style=\"font-size: large;\">\u00bb.\u00a0<\/span><\/strong><\/p>\n<p align=\"JUSTIFY\">\n<p align=\"CENTER\"><img loading=\"lazy\" decoding=\"async\" class=\"alignnone size-large wp-image-14647\" title=\"F3   Affaire CEREGMIA   Nouvelles Revelations\" src=\"http:\/\/www.lecarrefourdesopinions.ca\/wp-content\/uploads\/2018\/03\/F3-Affaire-CEREGMIA-Nouvelles-Revelations-1019x1024.jpg\" alt=\"\" width=\"450\" height=\"452\" \/><\/p>\n<p align=\"CENTER\"><strong><span style=\"font-size: large;\">F3\u00a0: <\/span><\/strong><em><span style=\"color: #943634;\"><span style=\"font-size: large;\">Affaire C\u00c9REGMIA\u00a0: <\/span><\/span><\/em><em><span style=\"color: #c00000;\"><span style=\"font-size: large;\">Nouvelles R\u00e9v\u00e9lations.<\/span><\/span><\/em><\/p>\n<p align=\"CENTER\">\n<p align=\"JUSTIFY\">\n<p align=\"JUSTIFY\"><span style=\"font-size: large;\">Archives Patrimoniales auxquelles, par ses Travaux, a particip\u00e9 le Prince Albert 1<sup>er<\/sup> de Monaco.<\/span><\/p>\n<p align=\"JUSTIFY\">\n<p align=\"JUSTIFY\">\n<p align=\"JUSTIFY\"><strong><span style=\"font-size: large;\">Sont mis en Cause Fred C\u00c9LIM\u0206NE du C\u00c9REGMIA, Pascal SAFFACHE de l\u2019Ex Universit\u00e9 des Antilles-Guyane, Serge LETCHIMY, Ex-Pr\u00e9sident de R\u00e9gion, actuel D\u00e9put\u00e9 de la Collectivit\u00e9 Territoriale de Martinique aupr\u00e8s de \u00a0l\u2019Assembl\u00e9e Nationale Fran\u00e7aise.<\/span><\/strong><\/p>\n<p align=\"JUSTIFY\">\n<p align=\"JUSTIFY\"><span style=\"font-size: large;\">LETCHIMY se voyant appel\u00e9 comme T\u00e9moin Assist\u00e9.<\/span><\/p>\n<p align=\"JUSTIFY\">\n<p align=\"CENTER\"><img loading=\"lazy\" decoding=\"async\" class=\"alignnone size-large wp-image-14648\" title=\"F4   Selon France Antilles Martinique n 15374 des 10 et 11 Mars 2018 Page 3\" src=\"http:\/\/www.lecarrefourdesopinions.ca\/wp-content\/uploads\/2018\/03\/F4-Selon-France-Antilles-Martinique-n-15374-des-10-et-11-Mars-2018-Page-3-760x1024.jpg\" alt=\"\" width=\"450\" height=\"606\" \/><\/p>\n<p align=\"CENTER\"><strong><span style=\"font-size: large;\">F4\u00a0: <\/span><\/strong><em><span style=\"color: #c00000;\">Selon France-Antilles Martinique n\u00b015374 des 10 et 11 Mars 2018 Page 3.<\/span><\/em><\/p>\n<p align=\"JUSTIFY\">\n<p align=\"JUSTIFY\">\n<p align=\"JUSTIFY\"><strong><span style=\"font-size: large;\">Un Machin qui Promet.<\/span><\/strong><\/p>\n<p align=\"JUSTIFY\">\n<p align=\"JUSTIFY\"><span style=\"font-size: large;\">Et tellement Prometteur, que le \u00ab\u00a0Cri d\u2019Alarme\u00a0\u00bb, se pin\u00e7ant le bout du nez, pr\u00e9f\u00e8re risquer \u00e0 son sujet ces quelques rares observations.<\/span><\/p>\n<p align=\"JUSTIFY\">\n<p align=\"JUSTIFY\"><span style=\"font-size: large;\">&#8211;<\/span><span style=\"font-size: large;\">\u00a0\u00a0\u00a0\u00a0\u00a0\u00a0\u00a0\u00a0 <\/span><span style=\"font-size: large;\">Dans la mesure o\u00f9 il y aurait en la cause, D\u00e9tournement de Fonds aux d\u00e9pens de l\u2019Union Europ\u00e9enne et Escroquerie \u00e0 qualifier au Pr\u00e9judice de la Principaut\u00e9 de MONACO, il semble peu \u00e9vident que cette Affaire soit de la Comp\u00e9tence d\u2019une Instance Territoriale, voire Nationale, eu \u00e9gard au nombre et \u00e0 la qualit\u00e9 des \u00c9tats \u00ab\u00a0roul\u00e9s\u00a0\u00bb dans la farine.<\/span><\/p>\n<p align=\"JUSTIFY\">\n<p align=\"JUSTIFY\"><span style=\"font-size: large;\">&#8211;<\/span><span style=\"font-size: large;\">\u00a0\u00a0\u00a0\u00a0\u00a0\u00a0\u00a0\u00a0 <\/span><span style=\"font-size: large;\">Dans la mesure o\u00f9, selon le \u00ab\u00a0Cri d\u2019alarme\u00a0\u00bb, malgr\u00e9 leurs Comp\u00e9tences \u2013 et Dieu sait qu\u2019elles sont immenses et multiples \u2013 les Protagonistes Pr\u00e9sum\u00e9s n\u2019ont pas l\u2019Intelligence requise pour Concevoir des Coups pareils\u2026 peut-\u00eatre conviendrait-il de pousser les investigations au plus profond du Labyrinthe comme l\u2019e\u00fbt fait TH\u00c9S\u00c9E en qu\u00eate du MINOTAURE qui, lui, <\/span><em><span style=\"font-family: Arial, sans-serif;\"><span style=\"font-size: large;\">has Wit enough to realize such a Job and to Carry it on satisfactorily<\/span><\/span><\/em><span style=\"font-size: large;\">.<\/span><\/p>\n<p align=\"JUSTIFY\">\n<p align=\"CENTER\"><img loading=\"lazy\" decoding=\"async\" class=\"alignnone size-full wp-image-14649\" title=\"F5   Ni des Marionnettistes  ni du Commenditaire     Mais du Marionnettiste  trouvez le\" src=\"http:\/\/www.lecarrefourdesopinions.ca\/wp-content\/uploads\/2018\/03\/F5-Ni-des-Marionnettistes-ni-du-Commenditaire-Mais-du-Marionnettiste-trouvez-le.jpg\" alt=\"\" width=\"220\" height=\"165\" \/><\/p>\n<p align=\"CENTER\"><strong><span style=\"font-size: large;\">F5\u00a0: <\/span><\/strong><em><span style=\"color: #943634;\"><span style=\"font-size: large;\">Ni des Marionnettistes, ni du Commenditaire\u2026<\/span><\/span><\/em><\/p>\n<p align=\"CENTER\"><em><span style=\"color: #c00000;\"><span style=\"font-size: large;\">Mais du Marionnettiste, trouvez-le\u00a0!<\/span><\/span><\/em><\/p>\n<p align=\"JUSTIFY\">\n<p align=\"JUSTIFY\">\n<p align=\"JUSTIFY\"><em><span style=\"font-family: Arial, sans-serif;\"><span style=\"font-size: large;\">They are not endowed with Wit enough nor with the proper Professionnalism and the Necessary Audacy to Carry on such a \u00ab\u00a0Flight\u00a0\u00bb without an Adequate Booster kept hidden in the dark.<\/span><\/span><\/em><\/p>\n<p align=\"JUSTIFY\">\n<p align=\"JUSTIFY\">\n<p align=\"JUSTIFY\"><strong><span style=\"font-family: 'Comic Sans MS';\"><span style=\"font-size: large;\">L\u2019Art n\u2019est pas des Marionnettes, mais du Marionnettiste.<\/span><\/span><\/strong><\/p>\n<p align=\"JUSTIFY\">\n<p align=\"JUSTIFY\"><span style=\"font-family: 'Comic Sans MS';\"><span style=\"font-size: large;\">Trouvez le, et vous aurez l\u2019Artiste\u00a0!..<\/span><\/span><\/p>\n<p align=\"JUSTIFY\">\n<p align=\"JUSTIFY\"><span style=\"font-size: large;\">\u00c9ric EG Nogard<\/span><\/p>\n<p align=\"JUSTIFY\"><em><span style=\"color: #c00000;\"><span style=\"font-size: large;\">Chroniqueur<\/span><\/span><\/em><span style=\"color: #c00000;\"><span style=\"font-size: large;\">.<\/span><\/span><\/p>\n<p align=\"JUSTIFY\"><span style=\"color: #c00000;\">\u00a0<\/span><\/p>\n<p align=\"CENTER\"><strong><span style=\"font-size: large;\">***\u00a0\u00a0\u00a0\u00a0 ***\u00a0\u00a0\u00a0\u00a0 ***<\/span><\/strong><\/p>\n<p align=\"CENTER\"><strong>\u00a0<\/strong><\/p>\n<p align=\"CENTER\"><strong><span style=\"color: #ff0000;\">Ne Peut \u00eatre reproduit &#8211; m\u00eame partiellement &#8211;\u00a0 sans l\u2019autorisation de l\u2019Auteur.<\/span><\/strong><\/p>\n<p align=\"CENTER\"><strong>\u00a0<\/strong><\/p>\n<p align=\"CENTER\"><strong><span style=\"font-size: large;\">***\u00a0\u00a0\u00a0\u00a0 ***\u00a0\u00a0\u00a0\u00a0 ***<\/span><\/strong><\/p>\n<p align=\"CENTER\">\n<p align=\"CENTER\"><strong><span style=\"color: #ff0000;\"><span style=\"font-size: large;\">Nota : <\/span><\/span><\/strong><span style=\"color: #000000;\"><span style=\"font-size: large;\">Nous ne traitons que de Faits et de Noms rendus Publics.<\/span><\/span><\/p>\n<p align=\"CENTER\"><span style=\"color: #000000;\">\u00a0<\/span><\/p>\n<p align=\"CENTER\"><span style=\"color: #000000;\"><span style=\"font-size: large;\">***\u00a0\u00a0\u00a0\u00a0 ***\u00a0\u00a0\u00a0\u00a0 ***<\/span><\/span><\/p>\n<p align=\"JUSTIFY\">\n<p align=\"JUSTIFY\"><strong><span style=\"text-decoration: underline;\">Liens Sugg\u00e9r\u00e9s\u00a0:<\/span><\/strong><\/p>\n<p align=\"JUSTIFY\">\n<ul type=\"DISC\">\n<li>\n<p align=\"JUSTIFY\"><a href=\"http:\/\/www.etatsgenerauxdeloutremer.fr\/reflexions\">http:\/\/www.etatsgenerauxdeloutremer.fr\/reflexions<\/a><\/p>\n<\/li>\n<\/ul>\n<p align=\"CENTER\">\n<p>&nbsp;<\/p>\n<script type=\"text\/javascript\">\n\nvar addthis_config = {\"data_track_clickback\":false,\"data_track_addressbar\":false,\"data_track_textcopy\":false};\n<\/script><script type=\"text\/javascript\" src=\"\/\/s7.addthis.com\/js\/250\/addthis_widget.js#pubid=a457a6d63fb9e6ccabdde4110343bd85\"><\/script>","protected":false},"excerpt":{"rendered":"<p align=\"CENTER\"><span style=\"color: #632423;\"><span style=\"font-family: 'Comic Sans MS';\"><span style=\"font-size: large;\">Intelligents trop peu\u2026 Ce coup l\u00e0 n\u2019est pas d\u2019eux.<\/span><\/span><\/span><\/p>\n<p align=\"JUSTIFY\"><span style=\"color: #632423;\">\u00a0<\/span><\/p>\n<p align=\"JUSTIFY\"><span style=\"color: #632423;\"><span style=\"font-family: 'Comic Sans MS';\"><span style=\"font-size: large;\">\u00c9ric EG Nogard<\/span><\/span><\/span><\/p>\n<p align=\"JUSTIFY\"><span style=\"color: #c00000;\"><span style=\"font-size: large;\">Chroniqueur<\/span><\/span><span style=\"color: #c00000;\"><span style=\"font-size: large;\">.<\/span><\/span><\/p>\n<p align=\"CENTER\">\n<p align=\"CENTER\"><span style=\"color: #632423;\"><span style=\"font-size: large;\">***\u00a0\u00a0\u00a0\u00a0 ***\u00a0 \u00a0\u00a0\u00a0***<\/span><\/span><\/p>\n<p>&nbsp;<\/p>\n<p><span style=\"color: #000099;\"><span style=\"font-size: large;\">Intelligents trop peu\u2026 Ce coup l\u00e0 n\u2019est pas d\u2019eux.<\/span><\/span><\/p>\n<p align=\"JUSTIFY\">\n<p align=\"JUSTIFY\">\n<p align=\"JUSTIFY\"><span style=\"font-family: 'Comic Sans MS';\"><span style=\"font-size: large;\">Voil\u00e0 qu\u2019est relanc\u00e9e une Affaire d\u2019Escroquerie de Haut Vol impliquant <\/span><\/span>&hellip;<\/p>\n","protected":false},"author":1,"featured_media":0,"comment_status":"open","ping_status":"open","sticky":false,"template":"","format":"standard","meta":{"footnotes":""},"categories":[1],"tags":[],"class_list":["post-14644","post","type-post","status-publish","format-standard","hentry","category-accueil"],"_links":{"self":[{"href":"http:\/\/www.lecarrefourdesopinions.ca\/index.php?rest_route=\/wp\/v2\/posts\/14644","targetHints":{"allow":["GET"]}}],"collection":[{"href":"http:\/\/www.lecarrefourdesopinions.ca\/index.php?rest_route=\/wp\/v2\/posts"}],"about":[{"href":"http:\/\/www.lecarrefourdesopinions.ca\/index.php?rest_route=\/wp\/v2\/types\/post"}],"author":[{"embeddable":true,"href":"http:\/\/www.lecarrefourdesopinions.ca\/index.php?rest_route=\/wp\/v2\/users\/1"}],"replies":[{"embeddable":true,"href":"http:\/\/www.lecarrefourdesopinions.ca\/index.php?rest_route=%2Fwp%2Fv2%2Fcomments&post=14644"}],"version-history":[{"count":1,"href":"http:\/\/www.lecarrefourdesopinions.ca\/index.php?rest_route=\/wp\/v2\/posts\/14644\/revisions"}],"predecessor-version":[{"id":14650,"href":"http:\/\/www.lecarrefourdesopinions.ca\/index.php?rest_route=\/wp\/v2\/posts\/14644\/revisions\/14650"}],"wp:attachment":[{"href":"http:\/\/www.lecarrefourdesopinions.ca\/index.php?rest_route=%2Fwp%2Fv2%2Fmedia&parent=14644"}],"wp:term":[{"taxonomy":"category","embeddable":true,"href":"http:\/\/www.lecarrefourdesopinions.ca\/index.php?rest_route=%2Fwp%2Fv2%2Fcategories&post=14644"},{"taxonomy":"post_tag","embeddable":true,"href":"http:\/\/www.lecarrefourdesopinions.ca\/index.php?rest_route=%2Fwp%2Fv2%2Ftags&post=14644"}],"curies":[{"name":"wp","href":"https:\/\/api.w.org\/{rel}","templated":true}]}}