{"id":14619,"date":"2018-03-12T14:55:25","date_gmt":"2018-03-12T18:55:25","guid":{"rendered":"http:\/\/www.lecarrefourdesopinions.ca\/?p=14619"},"modified":"2018-03-12T14:55:25","modified_gmt":"2018-03-12T18:55:25","slug":"la-vraie-malediction-qui-souffle-sur-la-zone","status":"publish","type":"post","link":"http:\/\/www.lecarrefourdesopinions.ca\/?p=14619","title":{"rendered":"La vraie Mal\u00e9diction, qui souffle sur la Zone."},"content":{"rendered":"<p align=\"CENTER\"><em><span style=\"color: #632423;\"><span style=\"font-family: 'Comic Sans MS';\"><span style=\"font-size: large;\">La vraie Mal\u00e9diction, qui souffle sur la Zone.<\/span><\/span><\/span><\/em><\/p>\n<p align=\"JUSTIFY\"><em><span style=\"color: #632423;\">\u00a0<img loading=\"lazy\" decoding=\"async\" class=\"alignnone size-full wp-image-14620\" title=\"Eric\" src=\"http:\/\/www.lecarrefourdesopinions.ca\/wp-content\/uploads\/2018\/03\/Eric.jpg\" alt=\"\" width=\"134\" height=\"107\" \/><\/span><\/em><\/p>\n<p align=\"JUSTIFY\"><span style=\"color: #632423;\"><span style=\"font-family: 'Comic Sans MS';\"><span style=\"font-size: large;\">\u00c9ric EG Nogard<\/span><\/span><\/span><\/p>\n<p align=\"JUSTIFY\"><em><span style=\"color: #c00000;\"><span style=\"font-size: large;\">Chroniqueur<\/span><\/span><\/em><span style=\"color: #c00000;\"><span style=\"font-size: large;\">.<\/span><\/span><\/p>\n<p align=\"CENTER\">\n<p align=\"CENTER\"><span style=\"color: #632423;\"><span style=\"font-size: large;\">***\u00a0\u00a0\u00a0\u00a0 ***\u00a0\u00a0\u00a0\u00a0 ***<\/span><\/span><\/p>\n<p>&nbsp;<\/p>\n<p align=\"JUSTIFY\"><em><span style=\"color: #000099;\"><span style=\"font-size: large;\">La vraie Mal\u00e9diction, qui souffle sur la Zone.<\/span><\/span><\/em><\/p>\n<p align=\"JUSTIFY\">\n<p align=\"JUSTIFY\">\n<p align=\"CENTER\"><img loading=\"lazy\" decoding=\"async\" class=\"alignnone size-medium wp-image-14621\" title=\"F1   Est ce un Cessez le Feu que le temps de Resserrer les Rangs et Recharger ses Batteries\" src=\"http:\/\/www.lecarrefourdesopinions.ca\/wp-content\/uploads\/2018\/03\/F1-Est-ce-un-Cessez-le-Feu-que-le-temps-de-Resserrer-les-Rangs-et-Recharger-ses-Batteries-300x211.jpg\" alt=\"\" width=\"300\" height=\"211\" srcset=\"http:\/\/www.lecarrefourdesopinions.ca\/wp-content\/uploads\/2018\/03\/F1-Est-ce-un-Cessez-le-Feu-que-le-temps-de-Resserrer-les-Rangs-et-Recharger-ses-Batteries-300x211.jpg 300w, http:\/\/www.lecarrefourdesopinions.ca\/wp-content\/uploads\/2018\/03\/F1-Est-ce-un-Cessez-le-Feu-que-le-temps-de-Resserrer-les-Rangs-et-Recharger-ses-Batteries-400x281.jpg 400w, http:\/\/www.lecarrefourdesopinions.ca\/wp-content\/uploads\/2018\/03\/F1-Est-ce-un-Cessez-le-Feu-que-le-temps-de-Resserrer-les-Rangs-et-Recharger-ses-Batteries.jpg 568w\" sizes=\"auto, (max-width: 300px) 100vw, 300px\" \/><\/p>\n<p align=\"JUSTIFY\"><strong><span style=\"font-size: large;\">F1\u00a0: <\/span><\/strong><em><span style=\"color: #c00000;\"><span style=\"font-size: large;\">Est-ce un Cessez-le-Feu que le temps de Resserrer les Rangs et Recharger ses Batteries\u2026<\/span><\/span><\/em><\/p>\n<p align=\"JUSTIFY\">\n<p align=\"JUSTIFY\">\n<p align=\"JUSTIFY\"><strong><span style=\"font-family: 'Comic Sans MS';\"><span style=\"font-size: large;\">Puisque c\u2019est la Guerre, faut-il qu\u2019il y ait deux Antagonistes, chacun d\u2019eux pouvant ou pas compter sur ses Alli\u00e9s respectifs.<\/span><\/span><\/strong><\/p>\n<p align=\"JUSTIFY\">\n<p align=\"CENTER\"><img loading=\"lazy\" decoding=\"async\" class=\"alignnone size-medium wp-image-14622\" title=\"F2   Cependant  ne faut il pas qu on en finisse une fois pour toutes  de ce Cauchemar\" src=\"http:\/\/www.lecarrefourdesopinions.ca\/wp-content\/uploads\/2018\/03\/F2-Cependant-ne-faut-il-pas-qu-on-en-finisse-une-fois-pour-toutes-de-ce-Cauchemar-300x241.jpg\" alt=\"\" width=\"300\" height=\"241\" \/><\/p>\n<p align=\"JUSTIFY\"><strong><span style=\"font-size: large;\">F2\u00a0: <\/span><\/strong><em><span style=\"color: #c00000;\"><span style=\"font-size: large;\">Cependant, ne faut-il pas qu\u2019on en finisse une fois pour toutes, de ce Cauchemar.<\/span><\/span><\/em><\/p>\n<p align=\"JUSTIFY\">\n<p align=\"JUSTIFY\">\n<p align=\"JUSTIFY\"><span style=\"font-family: 'Comic Sans MS';\"><span style=\"font-size: large;\">Or, tout se passe comme si Bachar Al ASSAD, le Tyran Pr\u00e9sum\u00e9 de Syrie \u00e9tait le seul \u00e0 devoir r\u00e9pondre du cessez-le Feu r\u00e9clam\u00e9 \u00e0 Corps et \u00e0 cris par toutes les Bonnes \u0152uvres et C\u0153urs compatissants que semble Compter notre Univers. <\/span><\/span><\/p>\n<p align=\"CENTER\">\n<p align=\"CENTER\"><img loading=\"lazy\" decoding=\"async\" class=\"alignnone size-medium wp-image-14623\" title=\"F3   Qui gagne a cette tuerie     Qui gagne a ce qu elle dure\" src=\"http:\/\/www.lecarrefourdesopinions.ca\/wp-content\/uploads\/2018\/03\/F3-Qui-gagne-a-cette-tuerie-Qui-gagne-a-ce-qu-elle-dure-300x250.jpg\" alt=\"\" width=\"300\" height=\"250\" \/><\/p>\n<p align=\"CENTER\"><strong><span style=\"font-size: large;\">F3\u00a0: <\/span><\/strong><em><span style=\"color: #c00000;\"><span style=\"font-size: large;\">Qui gagne \u00e0 cette tuerie\u2026<\/span><\/span><\/em><\/p>\n<p align=\"CENTER\"><em><span style=\"color: #c00000;\"><span style=\"font-size: large;\">Qui gagne \u00e0 ce qu\u2019elle dure.<\/span><\/span><\/em><\/p>\n<p align=\"JUSTIFY\">\n<p align=\"JUSTIFY\">\n<p align=\"JUSTIFY\"><span style=\"font-family: 'Comic Sans MS';\"><span style=\"font-size: large;\">Voil\u00e0 donc une Guerre qui ne compterait que des victimes Innocentes, Cent, cinq Cents, plus de Mille\u2026 sous les Bombes d\u2019un Assaillant qui userait m\u00eame de Gaz Toxiques, Prohib\u00e9s par la Loi de la Guerre, pour parvenir \u00e0 une Fin des Hostilit\u00e9s qu\u2019\u00e0 l\u2019\u00c9vidence il pr\u00e9f\u00e8re \u00e0 toute Tr\u00eave Trompeuse dans ses Effets comme dans sa Finalit\u00e9.<\/span><\/span><\/p>\n<p align=\"JUSTIFY\">\n<p align=\"JUSTIFY\">\n<p align=\"JUSTIFY\"><strong><span style=\"font-size: large;\">Cependant, qui gagne \u00e0 cette tuerie, qui \u00e9pandrait les Gaz, qui pourrait en jurer, qui gagne \u00e0 ce qu\u2019elle dure.<\/span><\/strong><\/p>\n<p align=\"JUSTIFY\">\n<p align=\"JUSTIFY\"><span style=\"font-size: large;\">Serait-il Condamnable de voir ainsi la Situation qui \u00c9meut au point de mettre \u00e0 pleurnicher comme des Mioches, nos Champions de la Paix dans le Monde.<\/span><\/p>\n<p align=\"JUSTIFY\">\n<p align=\"CENTER\">\u00a0<img loading=\"lazy\" decoding=\"async\" class=\"alignnone size-medium wp-image-14624\" title=\"F4   Que s est il donc passe   Quel Vent a pu souffler sur la Zone\" src=\"http:\/\/www.lecarrefourdesopinions.ca\/wp-content\/uploads\/2018\/03\/F4-Que-s-est-il-donc-passe-Quel-Vent-a-pu-souffler-sur-la-Zone-300x218.jpg\" alt=\"\" width=\"300\" height=\"218\" \/><\/p>\n<p align=\"CENTER\"><strong><span style=\"font-size: large;\">F4\u00a0: <\/span><\/strong><em><span style=\"color: #c00000;\"><span style=\"font-size: large;\">Que s\u2019est-il donc pass\u00e9\u00a0?<\/span><\/span><\/em><\/p>\n<p align=\"CENTER\"><em><span style=\"color: #c00000;\"><span style=\"font-size: large;\">Quel Vent a pu souffler sur la Zone\u00a0!<\/span><\/span><\/em><\/p>\n<p align=\"JUSTIFY\">\n<p align=\"JUSTIFY\">\n<p align=\"JUSTIFY\"><em><span style=\"font-size: large;\">En tout \u00e9tat de cause, il faut croire que de deux choses l\u2019une.<\/span><\/em><\/p>\n<p align=\"JUSTIFY\">\n<p align=\"JUSTIFY\"><span style=\"font-family: Symbol;\"><span style=\"font-size: large;\">\u00b7<\/span><\/span><span style=\"font-family: Symbol;\"><span style=\"font-size: large;\">\u00a0\u00a0\u00a0\u00a0\u00a0\u00a0\u00a0 <\/span><\/span><span style=\"font-size: large;\">Ou Bachar est un Criminel qui n\u2019arr\u00eate pas de perp\u00e9trer ses M\u00e9faits.<\/span><\/p>\n<p align=\"JUSTIFY\">\n<p align=\"CENTER\"><img loading=\"lazy\" decoding=\"async\" class=\"alignnone size-medium wp-image-14625\" title=\"F5   \u00c7a baigne plutot bien     Sauf la Couleur du BAIN IN IN       Qui i i    un brin\" src=\"http:\/\/www.lecarrefourdesopinions.ca\/wp-content\/uploads\/2018\/03\/F5-\u00c7a-baigne-plutot-bien-Sauf-la-Couleur-du-BAIN-IN-IN-Qui-i-i-un-brin-300x288.jpg\" alt=\"\" width=\"300\" height=\"288\" \/><\/p>\n<p align=\"CENTER\"><strong><span style=\"font-size: large;\">F5\u00a0: <\/span><\/strong><em><span style=\"color: #c00000;\"><span style=\"font-size: large;\">\u00c7a baigne plut\u00f4t bien\u2026<\/span><\/span><\/em><\/p>\n<p align=\"CENTER\"><em><span style=\"color: #c00000;\"><span style=\"font-size: large;\">Sauf la Couleur du BAIN-IN-IN\u2026\u00a0!<\/span><\/span><\/em><\/p>\n<p align=\"CENTER\"><em><span style=\"color: #c00000;\"><span style=\"font-size: large;\">Qui-i-i\u2026 un brin.<\/span><\/span><\/em><\/p>\n<p align=\"JUSTIFY\">\n<p align=\"JUSTIFY\">\n<p align=\"JUSTIFY\"><em><span style=\"font-size: large;\">Quelle Cons\u00e9quence l\u2019O.N.U. devrait-elle en tirer, sauf \u00e0 se d\u00e9clarer \u00ab\u00a0inappropri\u00e9e\u00a0\u00bb et vider les Fauteuils qu\u2019elle occupe telle une Colonie de Rats dans une \u00ab\u00a0Roue\u00a0\u00bb de gruy\u00e8re.<\/span><\/em><\/p>\n<p align=\"JUSTIFY\">\n<p align=\"JUSTIFY\"><em><span style=\"font-size: large;\">A moins qu\u2019elle avoue en toute humilit\u00e9 la peur que lui inspire le \u00ab\u00a0Bouton Nucl\u00e9aire\u00a0\u00bb, tellement il y en a en mal de <\/span><\/em><em><span style=\"font-family: Arial, sans-serif;\"><span style=\"font-size: large;\">Blooming<\/span><\/span><\/em><em><span style=\"font-size: large;\">, en attente d\u2019un Fatal <\/span><\/em><em><span style=\"font-family: Arial, sans-serif;\"><span style=\"font-size: large;\">Blowing<\/span><\/span><\/em><em><span style=\"font-size: large;\">.<\/span><\/em><\/p>\n<p align=\"JUSTIFY\">\n<p align=\"JUSTIFY\"><em><span style=\"font-size: large;\">En ce cas sa Capacit\u00e9 \u00e0 pr\u00e9venir le Danger serait-elle une \u00c9vidence ou une Tromperie\u2026 un Mensonge qui a trop perdur\u00e9.<\/span><\/em><\/p>\n<p align=\"JUSTIFY\"><em>\u00a0<\/em><\/p>\n<p align=\"JUSTIFY\"><em><span style=\"font-family: Calibri, sans-serif;\"><span style=\"font-size: large;\">Une Promesse de Rameau d\u2019Olivier au bec d\u2019une Colombe,<\/span><\/span><\/em><\/p>\n<p align=\"JUSTIFY\"><em><span style=\"font-family: Calibri, sans-serif;\"><span style=\"font-size: large;\">Ou l\u2019ombre de l\u2019Extermination \u00e0 port\u00e9e de la main.<\/span><\/span><\/em><\/p>\n<p align=\"JUSTIFY\"><em>\u00a0<\/em><\/p>\n<p align=\"JUSTIFY\">\n<p align=\"JUSTIFY\"><em><span style=\"font-size: large;\">A l\u2019O.N.U. de se mettre courageusement en Cause.<\/span><\/em><\/p>\n<p align=\"JUSTIFY\">\n<p align=\"CENTER\"><img loading=\"lazy\" decoding=\"async\" class=\"alignnone size-medium wp-image-14626\" title=\"F6   Entre ces deux Extremites du Profit   O   que le C\u0153ur balance\" src=\"http:\/\/www.lecarrefourdesopinions.ca\/wp-content\/uploads\/2018\/03\/F6-Entre-ces-deux-Extremites-du-Profit-O-que-le-C\u0153ur-balance-300x138.jpg\" alt=\"\" width=\"300\" height=\"138\" \/><\/p>\n<p align=\"CENTER\"><strong><span style=\"font-size: large;\">F6\u00a0: <\/span><\/strong><em><span style=\"color: #c00000;\"><span style=\"font-size: large;\">Entre ces deux Extr\u00e9mit\u00e9s du Profit,<\/span><\/span><\/em><\/p>\n<p align=\"CENTER\"><em><span style=\"color: #c00000;\"><span style=\"font-size: large;\">O\u00a0! que le C\u0153ur balance\u00a0!<\/span><\/span><\/em><\/p>\n<p align=\"JUSTIFY\">\n<p align=\"JUSTIFY\">\n<p align=\"JUSTIFY\"><span style=\"font-family: Symbol;\"><span style=\"font-size: large;\">\u00b7<\/span><\/span><span style=\"font-family: Symbol;\"><span style=\"font-size: large;\">\u00a0\u00a0\u00a0\u00a0\u00a0\u00a0\u00a0 <\/span><\/span><span style=\"font-size: large;\">Ou les Opposants au R\u00e9gime de Bachar Al ASSAD \u2013 on se garde bien de dire qui ils sont ni ce qu\u2019il serait bon pour eux d\u2019envisager, au point ou ils en sont \u2013 donc, ou les Opposants Assi\u00e9g\u00e9s auraient davantage \u00e0 gagner de la Tr\u00eave que leurs bouclier humains qui semblent susciter tant de Commis\u00e9ration, ou ils devraient s\u2019avouer vaincus et mettre bas les Armes.<\/span><\/p>\n<p align=\"JUSTIFY\">\n<p style=\"text-align: center;\" align=\"JUSTIFY\"><img loading=\"lazy\" decoding=\"async\" class=\"alignnone size-medium wp-image-14627\" title=\"F7   Plus rien ne bouge    plus rien ne vit\" src=\"http:\/\/www.lecarrefourdesopinions.ca\/wp-content\/uploads\/2018\/03\/F7-Plus-rien-ne-bouge-plus-rien-ne-vit-300x189.jpg\" alt=\"\" width=\"300\" height=\"189\" \/><\/p>\n<p align=\"CENTER\"><strong><span style=\"font-size: large;\">F7\u00a0: <\/span><\/strong><em><span style=\"color: #c00000;\"><span style=\"font-size: large;\">Plus rien ne bouge\u2026 plus rien ne vit\u00a0!<\/span><\/span><\/em><\/p>\n<p align=\"JUSTIFY\">\n<p align=\"JUSTIFY\">\n<p align=\"JUSTIFY\"><em><span style=\"font-size: large;\">En tout cas, une Tr\u00eave pour quoi faire.<\/span><\/em><\/p>\n<p align=\"JUSTIFY\">\n<p align=\"JUSTIFY\"><em><span style=\"font-size: large;\">A-t-on encore le choix, n\u2019aurait-on pas le dos au mur, devant ces deux alternatives\u00a0:<\/span><\/em><\/p>\n<p align=\"JUSTIFY\"><em>\u00a0<\/em><\/p>\n<p align=\"JUSTIFY\"><em><span style=\"font-family: Cambria, serif;\"><span style=\"font-size: large;\">Vaincre ASSAD ou Convaincre ses Opposants de d\u00e9poser les Armes\u2026 Si elle en est capable, que l\u2019O.N.U. s\u2019y mette, qu\u2019elle y parvienne.<\/span><\/span><\/em><\/p>\n<p align=\"JUSTIFY\">\n<p align=\"CENTER\"><img loading=\"lazy\" decoding=\"async\" class=\"alignnone size-medium wp-image-14628\" title=\"F8   C est comme si c \u00e9tait fait\" src=\"http:\/\/www.lecarrefourdesopinions.ca\/wp-content\/uploads\/2018\/03\/F8-C-est-comme-si-c-\u00e9tait-fait-300x230.jpg\" alt=\"\" width=\"300\" height=\"230\" \/><\/p>\n<p align=\"CENTER\"><strong><span style=\"font-size: large;\">F8\u00a0: <\/span><\/strong><em><span style=\"color: #c00000;\"><span style=\"font-size: large;\">C\u2019est comme si c\u2019\u00e9tait fait\u00a0!..<\/span><\/span><\/em><\/p>\n<p align=\"JUSTIFY\">\n<p align=\"JUSTIFY\">\n<p align=\"JUSTIFY\"><strong><span style=\"font-family: 'Comic Sans MS';\"><span style=\"font-size: large;\">Il est vrai qu\u2019il y a ceux qui vivent de la Guerre.<\/span><\/span><\/strong><\/p>\n<p align=\"JUSTIFY\">\n<p align=\"JUSTIFY\"><span style=\"font-family: 'Comic Sans MS';\"><span style=\"font-size: large;\">Et pour Eux, cette Guerre ne doit pas finir.<\/span><\/span><\/p>\n<p align=\"JUSTIFY\">\n<p align=\"JUSTIFY\"><span style=\"font-family: 'Comic Sans MS';\"><span style=\"font-size: large;\">N\u2019est-ce pas en ceci la Vraie Mal\u00e9diction qui souffle sur la zone.<\/span><\/span><\/p>\n<p align=\"JUSTIFY\">\n<p align=\"JUSTIFY\"><em><span style=\"font-family: Arial, sans-serif;\"><span style=\"font-size: large;\">The real fie and Curse this Country is suffering from.<\/span><\/span><\/em><\/p>\n<p align=\"JUSTIFY\">\n<p align=\"JUSTIFY\"><span style=\"font-size: large;\">\u00c9ric EG Nogard<\/span><\/p>\n<p align=\"JUSTIFY\"><em><span style=\"color: #c00000;\"><span style=\"font-size: large;\">Chroniqueur<\/span><\/span><\/em><span style=\"color: #c00000;\"><span style=\"font-size: large;\">.<\/span><\/span><\/p>\n<p align=\"JUSTIFY\"><span style=\"color: #c00000;\">\u00a0<\/span><\/p>\n<p align=\"CENTER\"><strong><span style=\"font-size: large;\">***\u00a0\u00a0\u00a0\u00a0 ***\u00a0\u00a0\u00a0\u00a0 ***<\/span><\/strong><\/p>\n<p align=\"CENTER\"><strong><span style=\"color: #ff0000;\">Ne Peut \u00eatre reproduit &#8211; m\u00eame partiellement &#8211;\u00a0 sans l\u2019autorisation de l\u2019Auteur.<\/span><\/strong><\/p>\n<p align=\"CENTER\"><strong>\u00a0<\/strong><\/p>\n<p align=\"CENTER\"><strong><span style=\"font-size: large;\">***\u00a0\u00a0\u00a0\u00a0 ***\u00a0\u00a0\u00a0\u00a0 ***<\/span><\/strong><\/p>\n<p align=\"CENTER\"><strong><span style=\"color: #ff0000;\"><span style=\"font-size: large;\">Nota : <\/span><\/span><\/strong><span style=\"color: #000000;\"><span style=\"font-size: large;\">Nous ne traitons que de Faits et de Noms rendus Publics.<\/span><\/span><\/p>\n<p align=\"CENTER\"><span style=\"color: #000000;\">\u00a0<\/span><\/p>\n<p align=\"CENTER\"><span style=\"color: #000000;\"><span style=\"font-size: large;\">***\u00a0\u00a0\u00a0\u00a0 ***\u00a0\u00a0\u00a0\u00a0 ***<\/span><\/span><\/p>\n<p align=\"JUSTIFY\">\n<p align=\"JUSTIFY\"><strong><span style=\"text-decoration: underline;\">Liens Sugg\u00e9r\u00e9s\u00a0:<\/span><\/strong><\/p>\n<ul type=\"DISC\">\n<li>\n<p align=\"JUSTIFY\"><a href=\"http:\/\/www.etatsgenerauxdeloutremer.fr\/reflexions\">http:\/\/www.etatsgenerauxdeloutremer.fr\/reflexions<\/a><\/p>\n<\/li>\n<\/ul>\n<p align=\"CENTER\">\n<script type=\"text\/javascript\">\n\nvar addthis_config = {\"data_track_clickback\":false,\"data_track_addressbar\":false,\"data_track_textcopy\":false};\n<\/script><script type=\"text\/javascript\" src=\"\/\/s7.addthis.com\/js\/250\/addthis_widget.js#pubid=a457a6d63fb9e6ccabdde4110343bd85\"><\/script>","protected":false},"excerpt":{"rendered":"<p align=\"CENTER\"><span style=\"color: #632423;\"><span style=\"font-family: 'Comic Sans MS';\"><span style=\"font-size: large;\">La vraie Mal\u00e9diction, qui souffle sur la Zone.<\/span><\/span><\/span><\/p>\n<p align=\"JUSTIFY\"><span style=\"color: #632423;\">\u00a0<\/span><\/p>\n<p align=\"JUSTIFY\"><span style=\"color: #632423;\"><span style=\"font-family: 'Comic Sans MS';\"><span style=\"font-size: large;\">\u00c9ric EG Nogard<\/span><\/span><\/span><\/p>\n<p align=\"JUSTIFY\"><span style=\"color: #c00000;\"><span style=\"font-size: large;\">Chroniqueur<\/span><\/span><span style=\"color: #c00000;\"><span style=\"font-size: large;\">.<\/span><\/span><\/p>\n<p align=\"CENTER\">\n<p align=\"CENTER\"><span style=\"color: #632423;\"><span style=\"font-size: large;\">***\u00a0\u00a0\u00a0\u00a0 ***\u00a0\u00a0\u00a0\u00a0 ***<\/span><\/span><\/p>\n<p>&nbsp;<\/p>\n<p align=\"JUSTIFY\"><span style=\"color: #000099;\"><span style=\"font-size: large;\">La vraie Mal\u00e9diction, qui souffle sur la Zone.<\/span><\/span><\/p>\n<p align=\"JUSTIFY\">\n<p align=\"JUSTIFY\">\n<p align=\"CENTER\">\n<p align=\"JUSTIFY\"><span style=\"font-size: large;\">F1\u00a0: <\/span><span style=\"color: #c00000;\"><span style=\"font-size: large;\">Est-ce un Cessez-le-Feu que le temps de Resserrer les Rangs <\/span><\/span>&hellip;<\/p>\n","protected":false},"author":1,"featured_media":0,"comment_status":"open","ping_status":"open","sticky":false,"template":"","format":"standard","meta":{"footnotes":""},"categories":[1],"tags":[],"class_list":["post-14619","post","type-post","status-publish","format-standard","hentry","category-accueil"],"_links":{"self":[{"href":"http:\/\/www.lecarrefourdesopinions.ca\/index.php?rest_route=\/wp\/v2\/posts\/14619","targetHints":{"allow":["GET"]}}],"collection":[{"href":"http:\/\/www.lecarrefourdesopinions.ca\/index.php?rest_route=\/wp\/v2\/posts"}],"about":[{"href":"http:\/\/www.lecarrefourdesopinions.ca\/index.php?rest_route=\/wp\/v2\/types\/post"}],"author":[{"embeddable":true,"href":"http:\/\/www.lecarrefourdesopinions.ca\/index.php?rest_route=\/wp\/v2\/users\/1"}],"replies":[{"embeddable":true,"href":"http:\/\/www.lecarrefourdesopinions.ca\/index.php?rest_route=%2Fwp%2Fv2%2Fcomments&post=14619"}],"version-history":[{"count":1,"href":"http:\/\/www.lecarrefourdesopinions.ca\/index.php?rest_route=\/wp\/v2\/posts\/14619\/revisions"}],"predecessor-version":[{"id":14629,"href":"http:\/\/www.lecarrefourdesopinions.ca\/index.php?rest_route=\/wp\/v2\/posts\/14619\/revisions\/14629"}],"wp:attachment":[{"href":"http:\/\/www.lecarrefourdesopinions.ca\/index.php?rest_route=%2Fwp%2Fv2%2Fmedia&parent=14619"}],"wp:term":[{"taxonomy":"category","embeddable":true,"href":"http:\/\/www.lecarrefourdesopinions.ca\/index.php?rest_route=%2Fwp%2Fv2%2Fcategories&post=14619"},{"taxonomy":"post_tag","embeddable":true,"href":"http:\/\/www.lecarrefourdesopinions.ca\/index.php?rest_route=%2Fwp%2Fv2%2Ftags&post=14619"}],"curies":[{"name":"wp","href":"https:\/\/api.w.org\/{rel}","templated":true}]}}