{"id":14608,"date":"2018-03-06T09:23:48","date_gmt":"2018-03-06T14:23:48","guid":{"rendered":"http:\/\/www.lecarrefourdesopinions.ca\/?p=14608"},"modified":"2018-03-06T09:23:48","modified_gmt":"2018-03-06T14:23:48","slug":"supprimer-le-mot-race-quaurait-il-fait-de-mal","status":"publish","type":"post","link":"http:\/\/www.lecarrefourdesopinions.ca\/?p=14608","title":{"rendered":"Supprimer le mot Race ? qu\u2019aurait-il fait de Mal."},"content":{"rendered":"<p style=\"text-align: center;\" align=\"JUSTIFY\"><em><span style=\"color: #632423;\"><span style=\"font-family: 'Comic Sans MS';\"><span style=\"font-size: large;\">Supprimer le mot Race\u00a0? qu\u2019aurait-il fait de Mal.<\/span><\/span><\/span><\/em><\/p>\n<p align=\"JUSTIFY\"><em><span style=\"color: #632423;\">\u00a0<img loading=\"lazy\" decoding=\"async\" class=\"alignnone size-full wp-image-14473\" title=\"Eric\" src=\"http:\/\/www.lecarrefourdesopinions.ca\/wp-content\/uploads\/2018\/01\/Eric.jpg\" alt=\"\" width=\"134\" height=\"107\" \/><\/span><\/em><\/p>\n<p align=\"JUSTIFY\"><span style=\"color: #632423;\"><span style=\"font-family: 'Comic Sans MS';\"><span style=\"font-size: large;\">\u00c9ric EG Nogard<\/span><\/span><\/span><\/p>\n<p align=\"JUSTIFY\"><em><span style=\"color: #c00000;\"><span style=\"font-size: large;\">Chroniqueur<\/span><\/span><\/em><span style=\"color: #c00000;\"><span style=\"font-size: large;\">.<\/span><\/span><\/p>\n<p align=\"CENTER\">\n<p align=\"CENTER\"><span style=\"color: #632423;\"><span style=\"font-size: large;\">***\u00a0\u00a0\u00a0\u00a0 ***\u00a0\u00a0\u00a0\u00a0 ***<\/span><\/span><\/p>\n<p>&nbsp;<\/p>\n<p><em><span style=\"color: #000099;\"><span style=\"font-size: large;\">Supprimer le mot Race\u00a0? qu\u2019aurait-il fait de Mal.<\/span><\/span><\/em><\/p>\n<p>&nbsp;<\/p>\n<p align=\"JUSTIFY\">\n<p align=\"JUSTIFY\"><strong><span style=\"font-family: 'Comic Sans MS';\"><span style=\"font-size: large;\">Vouloir supprimer le mot Race de la CONSTITUTION Fran\u00e7aise.<\/span><\/span><\/strong><\/p>\n<p align=\"JUSTIFY\">\n<p align=\"JUSTIFY\"><em><span style=\"font-family: 'Comic Sans MS';\"><span style=\"font-size: large;\">Pourquoi pas,<\/span><\/span><\/em> <span style=\"font-family: 'Comic Sans MS';\"><span style=\"font-size: large;\">surtout s\u2019il est de nature \u00e0 donner des urticaires \u00e0 certains dont l\u2019argumentaire consiste \u00e0 soutenir que selon les savants \u2013 lesquels \u2013 l\u2019Humanit\u00e9 ne compterait pas de race, qu\u2019elle serait une seule et m\u00eame Communaut\u00e9. <\/span><\/span><\/p>\n<p align=\"JUSTIFY\">\n<p align=\"CENTER\"><img loading=\"lazy\" decoding=\"async\" class=\"alignnone size-medium wp-image-14609\" title=\"imale    bien entendu   Cependant  qu est ce qui expliquerait le mot Race chez les Canins   Ils sont pourtant tous des Touto\" src=\"http:\/\/www.lecarrefourdesopinions.ca\/wp-content\/uploads\/2018\/03\/imale-bien-entendu-Cependant-qu-est-ce-qui-expliquerait-le-mot-Race-chez-les-Canins-Ils-sont-pourtant-tous-des-Touto-300x276.jpg\" alt=\"\" width=\"300\" height=\"276\" srcset=\"http:\/\/www.lecarrefourdesopinions.ca\/wp-content\/uploads\/2018\/03\/imale-bien-entendu-Cependant-qu-est-ce-qui-expliquerait-le-mot-Race-chez-les-Canins-Ils-sont-pourtant-tous-des-Touto-300x276.jpg 300w, http:\/\/www.lecarrefourdesopinions.ca\/wp-content\/uploads\/2018\/03\/imale-bien-entendu-Cependant-qu-est-ce-qui-expliquerait-le-mot-Race-chez-les-Canins-Ils-sont-pourtant-tous-des-Touto.jpg 345w\" sizes=\"auto, (max-width: 300px) 100vw, 300px\" \/><\/p>\n<p align=\"CENTER\"><strong><span style=\"font-size: large;\">F1\u00a0: <\/span><\/strong><em><span style=\"color: #943634;\"><span style=\"font-size: large;\">Animale\u2026 bien entendu.<\/span><\/span><\/em><\/p>\n<p align=\"CENTER\"><em><span style=\"color: #c00000;\"><span style=\"font-size: large;\">Cependant, qu\u2019est-ce qui expliquerait le mot Race chez les Canins,<\/span><\/span><\/em><\/p>\n<p align=\"CENTER\"><em><span style=\"color: #c00000;\"><span style=\"font-size: large;\">Ils sont pourtant tous des Toutous\u00a0!<\/span><\/span><\/em><\/p>\n<p align=\"JUSTIFY\">\n<p align=\"JUSTIFY\">\n<p align=\"JUSTIFY\"><em><span style=\"font-family: 'Comic Sans MS';\"><span style=\"font-size: large;\">Argument Recevable,<\/span><\/span><\/em> <span style=\"font-family: 'Comic Sans MS';\"><span style=\"font-size: large;\">pour peu que nous remontions \u00e0 <\/span><\/span><span style=\"font-size: large;\">\u0206<\/span><span style=\"font-family: 'Comic Sans MS';\"><span style=\"font-size: large;\">ve Femme d\u2019Adam ou \u00e0 Lucie d\u00e9couverte en Afrique\u2026 notre A\u00efeule Commune.<\/span><\/span><\/p>\n<p align=\"JUSTIFY\">\n<p align=\"JUSTIFY\"><em><span style=\"font-family: 'Comic Sans MS';\"><span style=\"font-size: large;\">Argument Contestable,<\/span><\/span><\/em> <span style=\"font-family: 'Comic Sans MS';\"><span style=\"font-size: large;\">comme semblent le sugg\u00e9rer les Guerres Tribales qui ne datent quand m\u00eame pas de la Guerre de Syrie\u00a0!..<\/span><\/span><\/p>\n<p align=\"JUSTIFY\">\n<p align=\"JUSTIFY\">\n<p align=\"JUSTIFY\"><strong><span style=\"font-size: large;\">Combien \u00e9tait-on en ce temps l\u00e0, et r\u00e9partis sur quel \u00e9tendue de territoire et dans quel contexte alimentaire et climatique qui ne soit pareil pour tous.<\/span><\/strong><\/p>\n<p align=\"JUSTIFY\">\n<p align=\"JUSTIFY\"><span style=\"font-size: large;\">&#8211;<\/span><span style=\"font-size: large;\">\u00a0\u00a0\u00a0\u00a0\u00a0\u00a0\u00a0\u00a0 <\/span><span style=\"font-size: large;\">Donc le m\u00eame moule, le m\u00eame cadre si l\u2019on pr\u00e9f\u00e8re, pour le m\u00eame traitement.<\/span><\/p>\n<p align=\"JUSTIFY\">\n<p align=\"JUSTIFY\"><span style=\"font-size: large;\">&#8211;<\/span><span style=\"font-size: large;\">\u00a0\u00a0\u00a0\u00a0\u00a0\u00a0\u00a0\u00a0 <\/span><span style=\"font-size: large;\">Donc la m\u00eame adaptation, la m\u00eame \u00e9volution au sens du Darwinisme.<\/span><\/p>\n<p>&nbsp;<\/p>\n<p>&nbsp;<\/p>\n<p align=\"JUSTIFY\"><em><span style=\"font-family: Cambria, serif;\"><span style=\"font-size: large;\">En cons\u00e9quence,<\/span><\/span><\/em> <span style=\"font-family: Cambria, serif;\"><span style=\"font-size: large;\">quelle serait la n\u00e9cessit\u00e9 du mot \u00ab\u00a0Race\u00a0\u00bb chez les Humains.<\/span><\/span><\/p>\n<p align=\"JUSTIFY\">\n<p align=\"JUSTIFY\"><span style=\"font-family: Cambria, serif;\"><span style=\"font-size: large;\">\u00c9tait-il alors, de la moindre actualit\u00e9.<\/span><\/span><\/p>\n<p align=\"JUSTIFY\">\n<p align=\"JUSTIFY\">\n<p align=\"JUSTIFY\"><strong><span style=\"font-size: large;\">Mais voil\u00e0 que la Communaut\u00e9 Humaine a connu l\u2019\u00c9clatement, l\u2019Exode, les Grandes Migrations, qu\u2019elle a essaim\u00e9 \u00e0 tous vents, tout comme \u00ab\u00a0la fleur du pissenlit ou celle du fromager, cet arbre gigantesque des R\u00e9gions inter-tropicales.<\/span><\/strong><\/p>\n<p align=\"JUSTIFY\">\n<p align=\"CENTER\"><img loading=\"lazy\" decoding=\"async\" class=\"alignnone size-medium wp-image-14610\" title=\"F2   Essaimer  qu \u00e0 la faveur ou que sous la Contrainte du Vent\" src=\"http:\/\/www.lecarrefourdesopinions.ca\/wp-content\/uploads\/2018\/03\/F2-Essaimer-qu-\u00e0-la-faveur-ou-que-sous-la-Contrainte-du-Vent-300x92.jpg\" alt=\"\" width=\"300\" height=\"92\" srcset=\"http:\/\/www.lecarrefourdesopinions.ca\/wp-content\/uploads\/2018\/03\/F2-Essaimer-qu-\u00e0-la-faveur-ou-que-sous-la-Contrainte-du-Vent-300x92.jpg 300w, http:\/\/www.lecarrefourdesopinions.ca\/wp-content\/uploads\/2018\/03\/F2-Essaimer-qu-\u00e0-la-faveur-ou-que-sous-la-Contrainte-du-Vent-1024x314.jpg 1024w, http:\/\/www.lecarrefourdesopinions.ca\/wp-content\/uploads\/2018\/03\/F2-Essaimer-qu-\u00e0-la-faveur-ou-que-sous-la-Contrainte-du-Vent-400x122.jpg 400w, http:\/\/www.lecarrefourdesopinions.ca\/wp-content\/uploads\/2018\/03\/F2-Essaimer-qu-\u00e0-la-faveur-ou-que-sous-la-Contrainte-du-Vent.jpg 1266w\" sizes=\"auto, (max-width: 300px) 100vw, 300px\" \/><\/p>\n<p align=\"JUSTIFY\"><strong><span style=\"font-size: large;\">F2\u00a0: <\/span><\/strong><em><span style=\"color: #c00000;\"><span style=\"font-size: large;\">Essaimer, qu\u2019\u00e0 la faveur ou que sous la Contrainte du Vent ou de quelqu\u2019autre \u00e9v\u00e8nement.<\/span><\/span><\/em><\/p>\n<p align=\"JUSTIFY\">\n<p align=\"JUSTIFY\">\n<p align=\"JUSTIFY\"><span style=\"font-size: large;\">Mais voil\u00e0 qu\u2019elle a essaim\u00e9 par bon plaisir ou par contrainte \u2013 cherchez \u00e0 le savoir \u2013 obligeant les uns \u00e0 s\u2019adapter \u00e0 la vie en <\/span><em><span style=\"font-family: Arial, sans-serif;\"><span style=\"font-size: large;\">Igloo by Fifty degrees Celsius below Zero<\/span><\/span><\/em><span style=\"font-size: large;\">, les autres \u00e0 la vie en <\/span><em><span style=\"font-family: Arial, sans-serif;\"><span style=\"font-size: large;\">Troglodyte by Fifty degrees Celsius over Zero<\/span><\/span><\/em><span style=\"font-size: large;\">, d\u2019autres \u00e0 une vie Paradisiaque, pensons \u00e0 Hawa\u00ef, d\u2019autres encore soumis \u00e0 une Mousson qui vous mouille jusqu\u2019\u00e0 la moelle des os\u2026 et la Liste n\u2019est pas exhaustive.<\/span><\/p>\n<p align=\"JUSTIFY\">\n<p align=\"CENTER\"><img loading=\"lazy\" decoding=\"async\" class=\"alignnone size-medium wp-image-14611\" title=\"F3  Igloo des Inuits   Troglodytes de Turquie  Beberes et vents\" src=\"http:\/\/www.lecarrefourdesopinions.ca\/wp-content\/uploads\/2018\/03\/F3-Igloo-des-Inuits-Troglodytes-de-Turquie-Beberes-et-vents-300x180.jpg\" alt=\"\" width=\"300\" height=\"180\" srcset=\"http:\/\/www.lecarrefourdesopinions.ca\/wp-content\/uploads\/2018\/03\/F3-Igloo-des-Inuits-Troglodytes-de-Turquie-Beberes-et-vents-300x180.jpg 300w, http:\/\/www.lecarrefourdesopinions.ca\/wp-content\/uploads\/2018\/03\/F3-Igloo-des-Inuits-Troglodytes-de-Turquie-Beberes-et-vents-1024x615.jpg 1024w, http:\/\/www.lecarrefourdesopinions.ca\/wp-content\/uploads\/2018\/03\/F3-Igloo-des-Inuits-Troglodytes-de-Turquie-Beberes-et-vents-400x240.jpg 400w, http:\/\/www.lecarrefourdesopinions.ca\/wp-content\/uploads\/2018\/03\/F3-Igloo-des-Inuits-Troglodytes-de-Turquie-Beberes-et-vents.jpg 1226w\" sizes=\"auto, (max-width: 300px) 100vw, 300px\" \/><\/p>\n<p align=\"CENTER\"><strong><span style=\"font-size: large;\">F3\u00a0: <\/span><\/strong><em><span style=\"color: #c00000;\"><span style=\"font-size: large;\">Igloo des Inuits \u2013 Troglodytes de Turquie<\/span><\/span><\/em><\/p>\n<p align=\"CENTER\"><em><span style=\"color: #c00000;\"><span style=\"font-size: large;\">B\u00e8b\u00e8res et vents de sable \u2013 Asiatiques vivant \u00ab\u00a0sur Pilotis\u00a0\u00bb.<\/span><\/span><\/em><\/p>\n<p align=\"JUSTIFY\">\n<p align=\"JUSTIFY\">\n<p align=\"JUSTIFY\"><span style=\"font-size: large;\">Les uns devant se creuser les m\u00e9ninges pour trouver un Moyen de Survie.<\/span><\/p>\n<p align=\"JUSTIFY\">\n<p align=\"JUSTIFY\"><span style=\"font-size: large;\">Les autres se contentant de se laisser vivre, les orteils en \u00e9ventail.<\/span><\/p>\n<p align=\"JUSTIFY\">\n<p align=\"JUSTIFY\">\n<p align=\"JUSTIFY\"><strong><span style=\"font-size: large;\">Au Stade o\u00f9 nous voil\u00e0, pouvons-nous nous \u00e9tonner que, de semblables comme des Clones que nous f\u00fbmes, nous ayions subi certaines \u00e9volutions chromatiques, morphologiques ou autres, certaines diff\u00e9renciations en somme, sinon majeures, mais suffisantes pour Justifier le Concept de Race.<\/span><\/strong><\/p>\n<p align=\"JUSTIFY\">\n<p align=\"CENTER\"><img loading=\"lazy\" decoding=\"async\" class=\"alignnone size-medium wp-image-14612\" title=\"F4   Certaines mutations devenues Hereditaires  en tout cas de nature \u00e0 justifier le Mot Race\" src=\"http:\/\/www.lecarrefourdesopinions.ca\/wp-content\/uploads\/2018\/03\/F4-Certaines-mutations-devenues-Hereditaires-en-tout-cas-de-nature-\u00e0-justifier-le-Mot-Race-300x143.png\" alt=\"\" width=\"300\" height=\"143\" srcset=\"http:\/\/www.lecarrefourdesopinions.ca\/wp-content\/uploads\/2018\/03\/F4-Certaines-mutations-devenues-Hereditaires-en-tout-cas-de-nature-\u00e0-justifier-le-Mot-Race-300x143.png 300w, http:\/\/www.lecarrefourdesopinions.ca\/wp-content\/uploads\/2018\/03\/F4-Certaines-mutations-devenues-Hereditaires-en-tout-cas-de-nature-\u00e0-justifier-le-Mot-Race-400x191.png 400w, http:\/\/www.lecarrefourdesopinions.ca\/wp-content\/uploads\/2018\/03\/F4-Certaines-mutations-devenues-Hereditaires-en-tout-cas-de-nature-\u00e0-justifier-le-Mot-Race.png 640w\" sizes=\"auto, (max-width: 300px) 100vw, 300px\" \/><\/p>\n<p align=\"JUSTIFY\"><strong><span style=\"font-size: large;\">F4\u00a0: <\/span><\/strong><em><span style=\"color: #c00000;\"><span style=\"font-size: large;\">Certaines mutations devenues H\u00e9r\u00e9ditaires, en tout cas de nature \u00e0 justifier le Mot Race\u2026<\/span><\/span><\/em><\/p>\n<p align=\"JUSTIFY\">\n<p align=\"JUSTIFY\">\n<p align=\"JUSTIFY\"><span style=\"font-family: Cambria, serif;\"><span style=\"font-size: large;\">Si le mot Race n\u2019existait pas, ne faudrait-il pas l\u2019inventer.<\/span><\/span><\/p>\n<p align=\"JUSTIFY\">\n<p align=\"JUSTIFY\">\n<p align=\"JUSTIFY\"><strong><span style=\"font-size: large;\">Maintenant qu\u2019il existe et que quelques uns ne le supportent pas, lui qui n\u2019a fait de mal \u00e0 personne, m\u00e9rite-t-il d\u2019\u00eatre <\/span><\/strong><em><span style=\"font-family: Arial, sans-serif;\"><span style=\"font-size: large;\">erased from the blackboard of the French CONSTITUTION<\/span><\/span><\/em><strong>\u00a0<\/strong><strong><span style=\"font-size: large;\">?<\/span><\/strong><\/p>\n<p align=\"JUSTIFY\">\n<p align=\"JUSTIFY\"><span style=\"font-size: large;\">Nous ne le pensons pas.<\/span><\/p>\n<p align=\"JUSTIFY\">\n<p align=\"JUSTIFY\"><span style=\"font-size: large;\">Il y a mieux \u00e0 faire et le temps presse.<\/span><\/p>\n<p align=\"JUSTIFY\">\n<p align=\"CENTER\"><img loading=\"lazy\" decoding=\"async\" class=\"alignnone size-medium wp-image-14613\" title=\"F5   On peut songer a autre chose qui serait mieux que   TOP et tellement plus profitable aux Humains\" src=\"http:\/\/www.lecarrefourdesopinions.ca\/wp-content\/uploads\/2018\/03\/F5-On-peut-songer-a-autre-chose-qui-serait-mieux-que-TOP-et-tellement-plus-profitable-aux-Humains-300x242.jpg\" alt=\"\" width=\"300\" height=\"242\" srcset=\"http:\/\/www.lecarrefourdesopinions.ca\/wp-content\/uploads\/2018\/03\/F5-On-peut-songer-a-autre-chose-qui-serait-mieux-que-TOP-et-tellement-plus-profitable-aux-Humains-300x242.jpg 300w, http:\/\/www.lecarrefourdesopinions.ca\/wp-content\/uploads\/2018\/03\/F5-On-peut-songer-a-autre-chose-qui-serait-mieux-que-TOP-et-tellement-plus-profitable-aux-Humains-134x107.jpg 134w, http:\/\/www.lecarrefourdesopinions.ca\/wp-content\/uploads\/2018\/03\/F5-On-peut-songer-a-autre-chose-qui-serait-mieux-que-TOP-et-tellement-plus-profitable-aux-Humains-400x323.jpg 400w, http:\/\/www.lecarrefourdesopinions.ca\/wp-content\/uploads\/2018\/03\/F5-On-peut-songer-a-autre-chose-qui-serait-mieux-que-TOP-et-tellement-plus-profitable-aux-Humains.jpg 527w\" sizes=\"auto, (max-width: 300px) 100vw, 300px\" \/><\/p>\n<p align=\"CENTER\"><strong><span style=\"font-size: large;\">F5\u00a0: <\/span><\/strong><em><span style=\"color: #c00000;\"><span style=\"font-size: large;\">On peut songer \u00e0 autre chose qui serait mieux que \u00ab\u00a0TOP\u00a0\u00bb<\/span><\/span><\/em><\/p>\n<p align=\"CENTER\"><em><span style=\"color: #c00000;\">\u2026 <\/span><\/em><em><span style=\"color: #c00000;\"><span style=\"font-size: large;\">et tellement plus profitable aux Humains.<\/span><\/span><\/em><\/p>\n<p align=\"JUSTIFY\">\n<p align=\"JUSTIFY\">\n<p align=\"JUSTIFY\"><strong><span style=\"font-size: large;\">Trop de gens sont en attente de r\u00e9formes qui leur apportent une Vie Meilleure.<\/span><\/strong><\/p>\n<p align=\"JUSTIFY\">\n<p align=\"JUSTIFY\"><span style=\"font-size: large;\">Et trop d\u2019autres, bien trop d\u2019autres Abusent du Pouvoir \u00e0 la faveur d\u2019une CONSTITUTION devenue insupportable et qu\u2019il conviendrait de rabibocher avec le Citoyen, avec le Justiciable.<\/span><\/p>\n<p align=\"JUSTIFY\">\n<p align=\"JUSTIFY\">\n<p align=\"JUSTIFY\"><strong><span style=\"font-size: large;\">C\u2019est \u00e0 cela que nous devons penser dans nos besoins de R\u00e9formes, et non \u00e0 ceux qui se plaignent de Trombidiose d\u00e8s-lors que certains mots leur effleure l\u2019oreille.<\/span><\/strong><\/p>\n<p align=\"JUSTIFY\">\n<p align=\"JUSTIFY\"><em><span style=\"font-family: Arial, sans-serif;\"><span style=\"font-size: large;\">No reason to declare the word Race guilty for anything and Condamn it to be erased from the CONSTITUTION.<\/span><\/span><\/em><\/p>\n<p align=\"JUSTIFY\">\n<p align=\"JUSTIFY\">\n<p align=\"JUSTIFY\"><strong><span style=\"font-family: 'Comic Sans MS';\"><span style=\"font-size: large;\">Supprimer le Mot Race de la CONSTITUTION ?<\/span><\/span><\/strong><\/p>\n<p align=\"JUSTIFY\">\n<p align=\"JUSTIFY\"><span style=\"font-family: 'Comic Sans MS';\"><span style=\"font-size: large;\">Qu\u2019aurait-il fait de mal.<\/span><\/span><\/p>\n<p align=\"JUSTIFY\">\n<p align=\"JUSTIFY\"><span style=\"font-family: 'Comic Sans MS';\"><span style=\"font-size: large;\">Que ferait-il d\u2019autre que de Constater certaines Diff\u00e9renciations, disons certaines \u00c9volutions Anatomiques,, Biologiques, Chromatiques Morphologiques, voire Psychiques ou autres, au sein d\u2019une esp\u00e8ce donn\u00e9e, quelle soit Bovine, qu\u2019elle soit Canine, voire Humaine ou autre.<\/span><\/span><\/p>\n<p align=\"JUSTIFY\">\n<p align=\"CENTER\"><img loading=\"lazy\" decoding=\"async\" class=\"alignnone size-medium wp-image-14614\" title=\"F6     Ce qui n exclut en rien que nous soyions tous des Humain\" src=\"http:\/\/www.lecarrefourdesopinions.ca\/wp-content\/uploads\/2018\/03\/F6-Ce-qui-n-exclut-en-rien-que-nous-soyions-tous-des-Humain-300x286.jpg\" alt=\"\" width=\"300\" height=\"286\" srcset=\"http:\/\/www.lecarrefourdesopinions.ca\/wp-content\/uploads\/2018\/03\/F6-Ce-qui-n-exclut-en-rien-que-nous-soyions-tous-des-Humain-300x286.jpg 300w, http:\/\/www.lecarrefourdesopinions.ca\/wp-content\/uploads\/2018\/03\/F6-Ce-qui-n-exclut-en-rien-que-nous-soyions-tous-des-Humain-400x382.jpg 400w, http:\/\/www.lecarrefourdesopinions.ca\/wp-content\/uploads\/2018\/03\/F6-Ce-qui-n-exclut-en-rien-que-nous-soyions-tous-des-Humain.jpg 686w\" sizes=\"auto, (max-width: 300px) 100vw, 300px\" \/><\/p>\n<p align=\"JUSTIFY\"><strong><span style=\"font-size: large;\">F6\u00a0: <\/span><\/strong><em><span style=\"color: #c00000;\"><span style=\"font-size: large;\">\u00ab\u00a0Ce qui n\u2019exclut en rien que nous soyions tous des Humains, ni meilleurs, ni pires, les uns que les autres\u00a0\u00bb.<\/span><\/span><\/em><\/p>\n<p align=\"JUSTIFY\">\n<p align=\"JUSTIFY\">\n<p align=\"JUSTIFY\"><strong><span style=\"font-family: Cambria, serif;\"><span style=\"font-size: large;\">Le Mot Race est innocent de ce dont on l\u2019Accuse.<\/span><\/span><\/strong><\/p>\n<p align=\"JUSTIFY\">\n<p align=\"JUSTIFY\"><span style=\"font-family: Cambria, serif;\"><span style=\"font-size: large;\">Est-ce la faute de la muleta si sa \u00ab\u00a0peau rouge\u00a0\u00bb irrite le Taureau.<\/span><\/span><\/p>\n<p align=\"JUSTIFY\">\n<p align=\"JUSTIFY\"><span style=\"font-size: large;\">\u00c9ric EG Nogard<\/span><\/p>\n<p align=\"JUSTIFY\"><em><span style=\"color: #c00000;\"><span style=\"font-size: large;\">Chroniqueur<\/span><\/span><\/em><span style=\"color: #c00000;\"><span style=\"font-size: large;\">.<\/span><\/span><\/p>\n<p align=\"JUSTIFY\"><span style=\"color: #c00000;\">\u00a0<\/span><\/p>\n<p align=\"JUSTIFY\"><span style=\"color: #c00000;\">\u00a0<\/span><\/p>\n<p align=\"CENTER\"><strong><span style=\"font-size: large;\">***\u00a0\u00a0\u00a0\u00a0 ***\u00a0\u00a0\u00a0\u00a0 ***<\/span><\/strong><\/p>\n<p align=\"CENTER\"><strong>\u00a0<\/strong><\/p>\n<p align=\"CENTER\"><strong><span style=\"color: #ff0000;\">Ne Peut \u00eatre reproduit &#8211; m\u00eame partiellement &#8211;\u00a0 sans l\u2019autorisation de l\u2019Auteur.<\/span><\/strong><\/p>\n<p align=\"CENTER\"><strong>\u00a0<\/strong><\/p>\n<p align=\"CENTER\"><strong><span style=\"font-size: large;\">***\u00a0\u00a0\u00a0\u00a0 ***\u00a0\u00a0\u00a0\u00a0 ***<\/span><\/strong><\/p>\n<p align=\"CENTER\">\n<p align=\"CENTER\"><strong><span style=\"color: #ff0000;\"><span style=\"font-size: large;\">Nota : <\/span><\/span><\/strong><span style=\"color: #000000;\"><span style=\"font-size: large;\">Nous ne traitons que de Faits et de Noms rendus Publics.<\/span><\/span><\/p>\n<p align=\"CENTER\"><span style=\"color: #000000;\">\u00a0<\/span><\/p>\n<p align=\"CENTER\"><span style=\"color: #000000;\"><span style=\"font-size: large;\">***\u00a0\u00a0\u00a0\u00a0 ***\u00a0\u00a0\u00a0\u00a0 ***<\/span><\/span><\/p>\n<p align=\"JUSTIFY\">\n<p align=\"JUSTIFY\"><strong><span style=\"text-decoration: underline;\">Liens Sugg\u00e9r\u00e9s\u00a0:<\/span><\/strong><\/p>\n<p align=\"JUSTIFY\">\n<ul type=\"DISC\">\n<li>\n<p align=\"JUSTIFY\"><a href=\"http:\/\/www.etatsgenerauxdeloutremer.fr\/reflexions\">http:\/\/www.etatsgenerauxdeloutremer.fr\/reflexions<\/a><\/p>\n<\/li>\n<\/ul>\n<p align=\"CENTER\"><strong><span style=\"color: #ff0000;\">\u00a0<\/span><\/strong><\/p>\n<p align=\"CENTER\"><strong>==================================================================<\/strong><\/p>\n<hr \/>\n<p>&nbsp;<\/p>\n<script type=\"text\/javascript\">\n\nvar addthis_config = {\"data_track_clickback\":false,\"data_track_addressbar\":false,\"data_track_textcopy\":false};\n<\/script><script type=\"text\/javascript\" src=\"\/\/s7.addthis.com\/js\/250\/addthis_widget.js#pubid=a457a6d63fb9e6ccabdde4110343bd85\"><\/script>","protected":false},"excerpt":{"rendered":"<p style=\"text-align: center;\" align=\"JUSTIFY\"><span style=\"color: #632423;\"><span style=\"font-family: 'Comic Sans MS';\"><span style=\"font-size: large;\">Supprimer le mot Race\u00a0? qu\u2019aurait-il fait de Mal.<\/span><\/span><\/span><\/p>\n<p align=\"JUSTIFY\"><span style=\"color: #632423;\">\u00a0<\/span><\/p>\n<p align=\"JUSTIFY\"><span style=\"color: #632423;\"><span style=\"font-family: 'Comic Sans MS';\"><span style=\"font-size: large;\">\u00c9ric EG Nogard<\/span><\/span><\/span><\/p>\n<p align=\"JUSTIFY\"><span style=\"color: #c00000;\"><span style=\"font-size: large;\">Chroniqueur<\/span><\/span><span style=\"color: #c00000;\"><span style=\"font-size: large;\">.<\/span><\/span><\/p>\n<p align=\"CENTER\">\n<p align=\"CENTER\"><span style=\"color: #632423;\"><span style=\"font-size: large;\">***\u00a0\u00a0\u00a0\u00a0 ***\u00a0\u00a0\u00a0\u00a0 ***<\/span><\/span><\/p>\n<p>&nbsp;<\/p>\n<p><span style=\"color: #000099;\"><span style=\"font-size: large;\">Supprimer le mot Race\u00a0? qu\u2019aurait-il fait de Mal.<\/span><\/span><\/p>\n<p>&nbsp;<\/p>\n<p align=\"JUSTIFY\">\n<p align=\"JUSTIFY\"><span style=\"font-family: 'Comic Sans MS';\"><span style=\"font-size: large;\">Vouloir supprimer le mot Race de la CONSTITUTION Fran\u00e7aise.<\/span><\/span>&hellip;<\/p>\n","protected":false},"author":1,"featured_media":0,"comment_status":"open","ping_status":"open","sticky":false,"template":"","format":"standard","meta":{"footnotes":""},"categories":[1],"tags":[],"class_list":["post-14608","post","type-post","status-publish","format-standard","hentry","category-accueil"],"_links":{"self":[{"href":"http:\/\/www.lecarrefourdesopinions.ca\/index.php?rest_route=\/wp\/v2\/posts\/14608","targetHints":{"allow":["GET"]}}],"collection":[{"href":"http:\/\/www.lecarrefourdesopinions.ca\/index.php?rest_route=\/wp\/v2\/posts"}],"about":[{"href":"http:\/\/www.lecarrefourdesopinions.ca\/index.php?rest_route=\/wp\/v2\/types\/post"}],"author":[{"embeddable":true,"href":"http:\/\/www.lecarrefourdesopinions.ca\/index.php?rest_route=\/wp\/v2\/users\/1"}],"replies":[{"embeddable":true,"href":"http:\/\/www.lecarrefourdesopinions.ca\/index.php?rest_route=%2Fwp%2Fv2%2Fcomments&post=14608"}],"version-history":[{"count":1,"href":"http:\/\/www.lecarrefourdesopinions.ca\/index.php?rest_route=\/wp\/v2\/posts\/14608\/revisions"}],"predecessor-version":[{"id":14615,"href":"http:\/\/www.lecarrefourdesopinions.ca\/index.php?rest_route=\/wp\/v2\/posts\/14608\/revisions\/14615"}],"wp:attachment":[{"href":"http:\/\/www.lecarrefourdesopinions.ca\/index.php?rest_route=%2Fwp%2Fv2%2Fmedia&parent=14608"}],"wp:term":[{"taxonomy":"category","embeddable":true,"href":"http:\/\/www.lecarrefourdesopinions.ca\/index.php?rest_route=%2Fwp%2Fv2%2Fcategories&post=14608"},{"taxonomy":"post_tag","embeddable":true,"href":"http:\/\/www.lecarrefourdesopinions.ca\/index.php?rest_route=%2Fwp%2Fv2%2Ftags&post=14608"}],"curies":[{"name":"wp","href":"https:\/\/api.w.org\/{rel}","templated":true}]}}