{"id":14587,"date":"2018-03-03T15:51:47","date_gmt":"2018-03-03T20:51:47","guid":{"rendered":"http:\/\/www.lecarrefourdesopinions.ca\/?p=14587"},"modified":"2018-03-03T15:51:47","modified_gmt":"2018-03-03T20:51:47","slug":"bien-des-betes-et-des-gens-pourraient-vivre-de-cette-herbe","status":"publish","type":"post","link":"http:\/\/www.lecarrefourdesopinions.ca\/?p=14587","title":{"rendered":"Bien des B\u00eates et des Gens, pourraient Vivre de cette Herbe."},"content":{"rendered":"<p style=\"text-align: center;\" align=\"JUSTIFY\"><em><span style=\"color: #632423;\"><span style=\"font-family: 'Comic Sans MS';\"><span style=\"font-size: large;\">Bien des B\u00eates et des Gens, pourraient Vivre de cette Herbe.<\/span><\/span><\/span><\/em><\/p>\n<p style=\"text-align: left;\" align=\"JUSTIFY\"><em><span style=\"color: #632423;\"><img loading=\"lazy\" decoding=\"async\" class=\"alignnone size-full wp-image-14473\" title=\"Eric\" src=\"http:\/\/www.lecarrefourdesopinions.ca\/wp-content\/uploads\/2018\/01\/Eric.jpg\" alt=\"\" width=\"134\" height=\"107\" \/>\u00a0<\/span><\/em><\/p>\n<p align=\"JUSTIFY\"><span style=\"color: #632423;\"><span style=\"font-family: 'Comic Sans MS';\"><span style=\"font-size: large;\">\u00c9ric EG Nogard<\/span><\/span><\/span><\/p>\n<p align=\"JUSTIFY\"><em><span style=\"color: #c00000;\"><span style=\"font-size: large;\">Chroniqueur<\/span><\/span><\/em><span style=\"color: #c00000;\"><span style=\"font-size: large;\">.<\/span><\/span><\/p>\n<p align=\"CENTER\">\n<p align=\"CENTER\"><span style=\"color: #632423;\"><span style=\"font-size: large;\">***\u00a0\u00a0\u00a0\u00a0 ***\u00a0\u00a0\u00a0\u00a0 ***<\/span><\/span><\/p>\n<p><em><span style=\"color: #000099;\">\u00a0<\/span><\/em><\/p>\n<p align=\"JUSTIFY\"><em><span style=\"color: #000099;\"><span style=\"font-size: large;\">Bien des B\u00eates et des Gens, pourraient Vivre de cette Herbe.<\/span><\/span><\/em><\/p>\n<p align=\"JUSTIFY\">\n<p align=\"JUSTIFY\">\n<p align=\"CENTER\"><img loading=\"lazy\" decoding=\"async\" class=\"alignnone size-medium wp-image-14588\" title=\"F1   Voyons comme elle pousse ici\" src=\"http:\/\/www.lecarrefourdesopinions.ca\/wp-content\/uploads\/2018\/03\/F1-Voyons-comme-elle-pousse-ici-300x135.jpg\" alt=\"\" width=\"300\" height=\"135\" srcset=\"http:\/\/www.lecarrefourdesopinions.ca\/wp-content\/uploads\/2018\/03\/F1-Voyons-comme-elle-pousse-ici-300x135.jpg 300w, http:\/\/www.lecarrefourdesopinions.ca\/wp-content\/uploads\/2018\/03\/F1-Voyons-comme-elle-pousse-ici-400x180.jpg 400w, http:\/\/www.lecarrefourdesopinions.ca\/wp-content\/uploads\/2018\/03\/F1-Voyons-comme-elle-pousse-ici.jpg 1000w\" sizes=\"auto, (max-width: 300px) 100vw, 300px\" \/><\/p>\n<p align=\"CENTER\"><strong><span style=\"font-size: large;\">F1\u00a0: <\/span><\/strong><em><span style=\"color: #c00000;\"><span style=\"font-size: large;\">Voyons comme elle pousse ici\u2026<\/span><\/span><\/em><\/p>\n<p align=\"JUSTIFY\">\n<p align=\"JUSTIFY\">\n<p align=\"JUSTIFY\"><strong><span style=\"font-family: 'Comic Sans MS';\"><span style=\"font-size: large;\">Sacrifier autant d\u2019herbe, comme c\u2019est le Cas en France.<\/span><\/span><\/strong><\/p>\n<p align=\"JUSTIFY\">\n<p align=\"JUSTIFY\"><span style=\"font-family: 'Comic Sans MS';\"><span style=\"font-size: large;\">Quand elle manque autant, en zone Sub-saharienne, voire au beau Pays de Manon des Sources, la petite Sauvageonne de la Douce Provence.<\/span><\/span><\/p>\n<p align=\"JUSTIFY\">\n<p align=\"CENTER\"><img loading=\"lazy\" decoding=\"async\" class=\"alignnone size-medium wp-image-14589\" title=\"F2   Et comme elle manque la\" src=\"http:\/\/www.lecarrefourdesopinions.ca\/wp-content\/uploads\/2018\/03\/F2-Et-comme-elle-manque-la-300x234.jpg\" alt=\"\" width=\"300\" height=\"234\" srcset=\"http:\/\/www.lecarrefourdesopinions.ca\/wp-content\/uploads\/2018\/03\/F2-Et-comme-elle-manque-la-300x234.jpg 300w, http:\/\/www.lecarrefourdesopinions.ca\/wp-content\/uploads\/2018\/03\/F2-Et-comme-elle-manque-la.jpg 400w\" sizes=\"auto, (max-width: 300px) 100vw, 300px\" \/><\/p>\n<p align=\"CENTER\"><strong><span style=\"font-size: large;\">F2\u00a0: <\/span><\/strong><em><span style=\"color: #c00000;\"><span style=\"font-size: large;\">Et comme elle manque l\u00e0\u00a0!<\/span><\/span><\/em><\/p>\n<p align=\"JUSTIFY\">\n<p align=\"JUSTIFY\">\n<p align=\"JUSTIFY\"><span style=\"font-family: 'Comic Sans MS';\"><span style=\"font-size: large;\">Sacrifier autant d\u2019Herbe, en m\u00eame temps que de vies de tellement d\u2019Esp\u00e8ces, \u00e0 cause de Glyphosate dont nul ne sait (ou n\u2019avoue en tout cas) tous les dangers et m\u00e9faits.<\/span><\/span><\/p>\n<p align=\"JUSTIFY\">\n<p align=\"JUSTIFY\">\n<p align=\"JUSTIFY\"><strong><span style=\"font-size: large;\">Tenir \u00e0 ce Poison et l\u2019acheter fort cher.<\/span><\/strong><\/p>\n<p align=\"JUSTIFY\">\n<p align=\"JUSTIFY\"><span style=\"font-size: large;\">&#8211;<\/span><span style=\"font-size: large;\">\u00a0\u00a0\u00a0\u00a0\u00a0\u00a0\u00a0\u00a0 <\/span><span style=\"font-size: large;\">Tellement le Paysan succombe sous la besogne qui le nourrit \u00e0 peine.<\/span><\/p>\n<p align=\"JUSTIFY\">\n<p align=\"CENTER\"><img loading=\"lazy\" decoding=\"async\" class=\"alignnone size-medium wp-image-14590\" title=\"F3   Let s get rid of glyphosate\" src=\"http:\/\/www.lecarrefourdesopinions.ca\/wp-content\/uploads\/2018\/03\/F3-Let-s-get-rid-of-glyphosate-276x300.jpg\" alt=\"\" width=\"276\" height=\"300\" \/><\/p>\n<p align=\"CENTER\"><strong><span style=\"font-size: large;\">F3\u00a0: <\/span><\/strong><em><span style=\"color: #c00000;\"><span style=\"font-size: large;\">Let\u2019s get rid of glyphosate\u00a0!<\/span><\/span><\/em><\/p>\n<p align=\"JUSTIFY\">\n<p align=\"JUSTIFY\">\n<p align=\"JUSTIFY\"><span style=\"font-size: large;\">&#8211;<\/span><span style=\"font-size: large;\">\u00a0\u00a0\u00a0\u00a0\u00a0\u00a0\u00a0\u00a0 <\/span><span style=\"font-size: large;\">Tellement ses Moyens p\u00e9cuniaires sont en de\u00e7\u00e0 de ce qu\u2019il devrait investir pour privil\u00e9gier un autre proc\u00e9d\u00e9 de lutte contre l\u2019Herbe qui envahit son champ\u2026 <\/span><em><span style=\"font-family: Arial, sans-serif;\"><span style=\"font-size: large;\">and so, get rid of Glyphosate<\/span><\/span><\/em><span style=\"font-size: large;\">.<\/span><\/p>\n<p align=\"JUSTIFY\">\n<p align=\"JUSTIFY\">\n<p align=\"JUSTIFY\"><strong><span style=\"font-size: large;\">Cette Affaire ne serait-elle pas de l\u2019Ordre du salut Public.<\/span><\/strong><\/p>\n<p align=\"JUSTIFY\">\n<p align=\"CENTER\"><img loading=\"lazy\" decoding=\"async\" class=\"alignnone size-full wp-image-14591\" title=\"F4   Sans le savoir  la vie en Coprophages   Ne serait elle pas deja bien amorcee\" src=\"http:\/\/www.lecarrefourdesopinions.ca\/wp-content\/uploads\/2018\/03\/F4-Sans-le-savoir-la-vie-en-Coprophages-Ne-serait-elle-pas-deja-bien-amorcee.jpg\" alt=\"\" width=\"300\" height=\"297\" \/><\/p>\n<p align=\"CENTER\"><strong><span style=\"font-size: large;\">F4\u00a0: <\/span><\/strong><em><span style=\"color: #c00000;\"><span style=\"font-size: large;\">Sans le savoir, la vie en Coprophages,<\/span><\/span><\/em><\/p>\n<p align=\"CENTER\"><em><span style=\"color: #c00000;\"><span style=\"font-size: large;\">Ne serait-elle pas d\u00e9j\u00e0 bien amorc\u00e9e.<\/span><\/span><\/em><\/p>\n<p align=\"JUSTIFY\">\n<p align=\"JUSTIFY\">\n<p align=\"JUSTIFY\"><em><span style=\"font-size: large;\">D\u00e8s-lors.<\/span><\/em><\/p>\n<p align=\"JUSTIFY\">\n<p align=\"JUSTIFY\"><span style=\"font-size: large;\">La Caisse Publique ne devrait-elle pas \u2013 cependant le peut-elle \u2013 contribuer \u00e0 la mise en place de moyens propres \u00e0 la conversion comme \u00e0 la conservation de cette ressource h\u00e9las d\u00e9cri\u00e9e, en granul\u00e9s propres \u00e0\u00a0 l\u2019alimentation de tant d\u2019Esp\u00e8ces d\u00e9j\u00e0 r\u00e9duites \u00e0 survivre en coprophages, faute d\u2019avoir autre chose que les selles, \u00e0 se mettre sous la dent.<\/span><\/p>\n<p align=\"JUSTIFY\">\n<p align=\"CENTER\"><img loading=\"lazy\" decoding=\"async\" class=\"alignnone size-medium wp-image-14592\" title=\"F5   Que sous forme de   Ballots\" src=\"http:\/\/www.lecarrefourdesopinions.ca\/wp-content\/uploads\/2018\/03\/F5-Que-sous-forme-de-Ballots-300x105.jpg\" alt=\"\" width=\"300\" height=\"105\" \/><\/p>\n<p align=\"CENTER\"><strong><span style=\"font-size: large;\">F5\u00a0: <\/span><\/strong><em><span style=\"color: #c00000;\"><span style=\"font-size: large;\">Que sous forme de \u00ab\u00a0Ballots\u00a0\u00bb\u2026<\/span><\/span><\/em><\/p>\n<p align=\"CENTER\"><strong>\u00a0<\/strong><\/p>\n<p align=\"JUSTIFY\">\n<p align=\"JUSTIFY\"><span style=\"font-size: large;\">Survivre en Coprophages ou emprunter les Routes Migratoires <\/span><em><span style=\"font-family: Arial, sans-serif;\"><span style=\"font-size: large;\">where the Evil eyes surch at every turn for new victims to rush on without mercy<\/span><\/span><\/em><span style=\"font-size: large;\">.<\/span><\/p>\n<p align=\"JUSTIFY\">\n<p align=\"JUSTIFY\">\n<p align=\"JUSTIFY\"><strong><span style=\"font-size: large;\">Pourquoi ne pas convertir cette ressource en granul\u00e9s propre \u00e0 Nourrir les troupeaux de Bovins, Ovins et Caprins d\u00e9cim\u00e9s faute d\u2019une herbe qui parvienne \u00e0 pousser en ces zones o\u00f9 la s\u00e9cheresse s\u00e9vit sans piti\u00e9, avec plus de s\u00e9v\u00e9rit\u00e9 de jour en jour. <\/span><\/strong><\/p>\n<p align=\"JUSTIFY\">\u00a0<img loading=\"lazy\" decoding=\"async\" class=\"alignnone size-medium wp-image-14593\" title=\"F6       Que sous forme de   Berlingots   de  Sainfoin\" src=\"http:\/\/www.lecarrefourdesopinions.ca\/wp-content\/uploads\/2018\/03\/F6-Que-sous-forme-de-Berlingots-de-Sainfoin-300x164.jpg\" alt=\"\" width=\"300\" height=\"164\" srcset=\"http:\/\/www.lecarrefourdesopinions.ca\/wp-content\/uploads\/2018\/03\/F6-Que-sous-forme-de-Berlingots-de-Sainfoin-300x164.jpg 300w, http:\/\/www.lecarrefourdesopinions.ca\/wp-content\/uploads\/2018\/03\/F6-Que-sous-forme-de-Berlingots-de-Sainfoin-400x219.jpg 400w, http:\/\/www.lecarrefourdesopinions.ca\/wp-content\/uploads\/2018\/03\/F6-Que-sous-forme-de-Berlingots-de-Sainfoin.jpg 747w\" sizes=\"auto, (max-width: 300px) 100vw, 300px\" \/><\/p>\n<p align=\"CENTER\">\n<p align=\"CENTER\"><strong><span style=\"font-size: large;\">F6\u00a0: <\/span><\/strong><em><span style=\"color: #c00000;\"><span style=\"font-size: large;\">\u2026 Que sous forme de \u00ab\u00a0Berlingots\u00a0\u00bb de \u00a0Sainfoin\u00a0\u2026<\/span><\/span><\/em><\/p>\n<p align=\"JUSTIFY\">\n<p align=\"JUSTIFY\">\n<p align=\"JUSTIFY\"><span style=\"font-size: large;\">Pourquoi ne pas la vendre aux \u00c9leveurs Africains (vendre m\u00eame \u00e0 perte \u00e9quivalant au co\u00fbt du glyphosate), les Pays acqu\u00e9reurs les payant, non pas en \u00ab\u00a0monnaie sonnante et tr\u00e9buchante\u00a0\u00bb, personne n\u2019en ayant plus dit-on, mais en \u00e9change de ressources mini\u00e8res dont ils\u00a0 regorgent quand elles nous font d\u00e9faut.<\/span><\/p>\n<p align=\"JUSTIFY\">\n<p align=\"CENTER\"><img loading=\"lazy\" decoding=\"async\" class=\"alignnone size-medium wp-image-14594\" title=\"F7       Imaginons cette Herbe livree a ces betes et a ces gens\" src=\"http:\/\/www.lecarrefourdesopinions.ca\/wp-content\/uploads\/2018\/03\/F7-Imaginons-cette-Herbe-livree-a-ces-betes-et-a-ces-gens-300x111.jpg\" alt=\"\" width=\"300\" height=\"111\" srcset=\"http:\/\/www.lecarrefourdesopinions.ca\/wp-content\/uploads\/2018\/03\/F7-Imaginons-cette-Herbe-livree-a-ces-betes-et-a-ces-gens-300x111.jpg 300w, http:\/\/www.lecarrefourdesopinions.ca\/wp-content\/uploads\/2018\/03\/F7-Imaginons-cette-Herbe-livree-a-ces-betes-et-a-ces-gens-1024x380.jpg 1024w, http:\/\/www.lecarrefourdesopinions.ca\/wp-content\/uploads\/2018\/03\/F7-Imaginons-cette-Herbe-livree-a-ces-betes-et-a-ces-gens-400x148.jpg 400w, http:\/\/www.lecarrefourdesopinions.ca\/wp-content\/uploads\/2018\/03\/F7-Imaginons-cette-Herbe-livree-a-ces-betes-et-a-ces-gens.jpg 1074w\" sizes=\"auto, (max-width: 300px) 100vw, 300px\" \/><\/p>\n<p align=\"JUSTIFY\"><strong><span style=\"font-size: large;\">F7\u00a0: <\/span><\/strong><em><span style=\"color: #943634;\"><span style=\"font-size: large;\">\u2026 Imaginons cette Herbe livr\u00e9e \u00e0 ces b\u00eates et \u00e0 ces gens, plut\u00f4t qu\u2019au Glyphosate.<\/span><\/span><\/em><\/p>\n<p align=\"CENTER\"><em><span style=\"color: #c00000;\"><span style=\"font-size: large;\">Pensons au verre de lait de Pierre MENDES-FRANCE.<\/span><\/span><\/em><\/p>\n<p align=\"JUSTIFY\">\n<p align=\"JUSTIFY\">\n<p align=\"JUSTIFY\"><span style=\"font-size: large;\">L\u2019\u00c9leveur pouvant relancer son troupeau aurait un peu de Lait <\/span><em><span style=\"font-family: Arial, sans-serif;\"><span style=\"font-size: large;\">to ease enough the hunger that causes so many to migrate to Europe, or to the U.S.A. or to elsewhere, at the risk of their life<\/span><\/span><\/em><span style=\"font-size: large;\">. <\/span><\/p>\n<p align=\"JUSTIFY\">\n<p align=\"CENTER\"><img loading=\"lazy\" decoding=\"async\" class=\"alignnone size-full wp-image-14595\" title=\"F8   En arriverait on au Rush migratoire qui risque de tout submerger ineluctablement\" src=\"http:\/\/www.lecarrefourdesopinions.ca\/wp-content\/uploads\/2018\/03\/F8-En-arriverait-on-au-Rush-migratoire-qui-risque-de-tout-submerger-ineluctablement.jpg\" alt=\"\" width=\"267\" height=\"241\" \/><\/p>\n<p align=\"JUSTIFY\"><strong><span style=\"font-size: large;\">F8 : <\/span><\/strong><em><span style=\"color: #c00000;\"><span style=\"font-size: large;\">En arriverait-on au <\/span><\/span><\/em><em><span style=\"color: #c00000;\"><span style=\"font-family: Arial, sans-serif;\"><span style=\"font-size: large;\">Rush<\/span><\/span><\/span><\/em><em><\/em><em><span style=\"color: #c00000;\"><span style=\"font-size: large;\">migratoire qui risque de tout submerger in\u00e9luctablement.<\/span><\/span><\/em><\/p>\n<p align=\"CENTER\">\n<p align=\"JUSTIFY\">\n<p align=\"JUSTIFY\"><em><span style=\"font-family: Arial, sans-serif;\"><span style=\"font-size: large;\">Do we realize how we can\u2019t get rid of migration unless we get rid of the main cause of Migration.<\/span><\/span><\/em><\/p>\n<p align=\"JUSTIFY\">\n<p align=\"JUSTIFY\"><span style=\"font-size: large;\">Or, auront beau dire les gens au C\u0153ur plus grand que l\u2019hospitalit\u00e9 qu\u2019ils vous offrent, faute de pouvoir faire autrement, tout est dans la mesure, tout est affaire de seuil et question d\u2019\u00e9quilibre.<\/span><\/p>\n<p align=\"JUSTIFY\">\n<p align=\"JUSTIFY\">\n<p align=\"JUSTIFY\"><strong><span style=\"font-size: large;\">Les Flux Migratoires sont une r\u00e9alit\u00e9 \u2013 parfois bien n\u00e9cessaire \u2013 depuis que le Monde existe.<\/span><\/strong><\/p>\n<p align=\"JUSTIFY\">\n<p align=\"JUSTIFY\"><span style=\"font-size: large;\">En revanche, qu\u2019ils fassent Tsunami, qu\u2019ils brisent les berges qui les canalisent, qu\u2019ils brisent les barrages qui les contiennent, qui d\u00e9sormais pourra en r\u00e9pondre.<\/span><\/p>\n<p align=\"JUSTIFY\">\n<p align=\"JUSTIFY\">\n<p align=\"JUSTIFY\"><strong><span style=\"font-family: 'Comic Sans MS';\"><span style=\"font-size: large;\">Or, si au prix de cette Herbe qui envahit nos Champs, les Troupeaux du Sub-Sahara, au lieu d\u2019\u00eatre d\u00e9cim\u00e9s par la famine, pouvaient prosp\u00e9rer et prodiguer aux Enfants Africains le lait quotidien que pr\u00e9conisait MENDES-FRANCE pour tous les \u00c9coliers de France\u2026 qu\u2019en serait-il de ces Flux Migratoires qui soufflent du Sud de mani\u00e8re inqui\u00e9tante.<\/span><\/span><\/strong><\/p>\n<p align=\"JUSTIFY\">\n<p align=\"CENTER\">\u00a0<img loading=\"lazy\" decoding=\"async\" class=\"alignnone size-medium wp-image-14596\" title=\"F9   Seven good reasons at least  To Ban and get rid of Glyphos\" src=\"http:\/\/www.lecarrefourdesopinions.ca\/wp-content\/uploads\/2018\/03\/F9-Seven-good-reasons-at-least-To-Ban-and-get-rid-of-Glyphos-300x106.jpg\" alt=\"\" width=\"300\" height=\"106\" srcset=\"http:\/\/www.lecarrefourdesopinions.ca\/wp-content\/uploads\/2018\/03\/F9-Seven-good-reasons-at-least-To-Ban-and-get-rid-of-Glyphos-300x106.jpg 300w, http:\/\/www.lecarrefourdesopinions.ca\/wp-content\/uploads\/2018\/03\/F9-Seven-good-reasons-at-least-To-Ban-and-get-rid-of-Glyphos-1024x364.jpg 1024w, http:\/\/www.lecarrefourdesopinions.ca\/wp-content\/uploads\/2018\/03\/F9-Seven-good-reasons-at-least-To-Ban-and-get-rid-of-Glyphos-400x142.jpg 400w, http:\/\/www.lecarrefourdesopinions.ca\/wp-content\/uploads\/2018\/03\/F9-Seven-good-reasons-at-least-To-Ban-and-get-rid-of-Glyphos.jpg 1261w\" sizes=\"auto, (max-width: 300px) 100vw, 300px\" \/><\/p>\n<p align=\"CENTER\"><strong><span style=\"font-size: large;\">F9\u00a0: <\/span><\/strong><em><span style=\"color: #c00000;\"><span style=\"font-family: Arial, sans-serif;\"><span style=\"font-size: large;\">Seven good reasons at least,<\/span><\/span><\/span><\/em><\/p>\n<p align=\"CENTER\"><em><span style=\"color: #c00000;\"><span style=\"font-family: Arial, sans-serif;\"><span style=\"font-size: large;\">To Ban and get rid of Glyphosate.<\/span><\/span><\/span><\/em><\/p>\n<p align=\"JUSTIFY\">\n<p align=\"JUSTIFY\">\n<p align=\"JUSTIFY\"><span style=\"font-family: 'Comic Sans MS';\"><span style=\"font-size: large;\">D\u00e8s-lors, serions-nous mal inspir\u00e9s d\u2019\u00e9pargner toute cette Herbe au profit des b\u0153ufs du MALI, plut\u00f4t que de la livrer \u00e0 ces dangereux et on\u00e9reux inconnus que sont le Glyphosate et tous ses homologues. \u00a0<\/span><\/span><\/p>\n<p align=\"JUSTIFY\">\n<p align=\"JUSTIFY\"><span style=\"font-size: large;\">\u00c9ric EG Nogard<\/span><\/p>\n<p align=\"JUSTIFY\"><em><span style=\"color: #c00000;\"><span style=\"font-size: large;\">Chroniqueur<\/span><\/span><\/em><span style=\"color: #c00000;\"><span style=\"font-size: large;\">.<\/span><\/span><\/p>\n<p align=\"JUSTIFY\"><span style=\"color: #c00000;\">\u00a0<\/span><\/p>\n<p align=\"JUSTIFY\"><span style=\"color: #c00000;\">\u00a0<\/span><\/p>\n<p align=\"CENTER\"><strong><span style=\"font-size: large;\">***\u00a0\u00a0\u00a0\u00a0 ***\u00a0\u00a0\u00a0\u00a0 ***<\/span><\/strong><\/p>\n<p align=\"CENTER\"><strong>\u00a0<\/strong><\/p>\n<p align=\"CENTER\"><strong><span style=\"color: #ff0000;\">Ne Peut \u00eatre reproduit &#8211; m\u00eame partiellement &#8211;\u00a0 sans l\u2019autorisation de l\u2019Auteur.<\/span><\/strong><\/p>\n<p align=\"CENTER\"><strong>\u00a0<\/strong><\/p>\n<p align=\"CENTER\"><strong><span style=\"font-size: large;\">***\u00a0\u00a0\u00a0\u00a0 ***\u00a0\u00a0\u00a0\u00a0 ***<\/span><\/strong><\/p>\n<p align=\"CENTER\">\n<p align=\"CENTER\"><strong><span style=\"color: #ff0000;\"><span style=\"font-size: large;\">Nota : <\/span><\/span><\/strong><span style=\"color: #000000;\"><span style=\"font-size: large;\">Nous ne traitons que de Faits et de Noms rendus Publics.<\/span><\/span><\/p>\n<p align=\"CENTER\"><span style=\"color: #000000;\">\u00a0<\/span><\/p>\n<p align=\"CENTER\"><span style=\"color: #000000;\"><span style=\"font-size: large;\">***\u00a0\u00a0\u00a0\u00a0 ***\u00a0\u00a0\u00a0\u00a0 ***<\/span><\/span><\/p>\n<p align=\"JUSTIFY\">\n<p align=\"JUSTIFY\"><strong><span style=\"text-decoration: underline;\">Liens Sugg\u00e9r\u00e9s\u00a0:<\/span><\/strong><\/p>\n<ul type=\"DISC\">\n<li>\n<p align=\"JUSTIFY\"><a href=\"http:\/\/www.etatsgenerauxdeloutremer.fr\/reflexions\">http:\/\/www.etatsgenerauxdeloutremer.fr\/reflexions<\/a><\/p>\n<\/li>\n<\/ul>\n<p align=\"CENTER\">\n<script type=\"text\/javascript\">\n\nvar addthis_config = {\"data_track_clickback\":false,\"data_track_addressbar\":false,\"data_track_textcopy\":false};\n<\/script><script type=\"text\/javascript\" src=\"\/\/s7.addthis.com\/js\/250\/addthis_widget.js#pubid=a457a6d63fb9e6ccabdde4110343bd85\"><\/script>","protected":false},"excerpt":{"rendered":"<p style=\"text-align: center;\" align=\"JUSTIFY\"><span style=\"color: #632423;\"><span style=\"font-family: 'Comic Sans MS';\"><span style=\"font-size: large;\">Bien des B\u00eates et des Gens, pourraient Vivre de cette Herbe.<\/span><\/span><\/span><\/p>\n<p style=\"text-align: left;\" align=\"JUSTIFY\"><span style=\"color: #632423;\">\u00a0<\/span><\/p>\n<p align=\"JUSTIFY\"><span style=\"color: #632423;\"><span style=\"font-family: 'Comic Sans MS';\"><span style=\"font-size: large;\">\u00c9ric EG Nogard<\/span><\/span><\/span><\/p>\n<p align=\"JUSTIFY\"><span style=\"color: #c00000;\"><span style=\"font-size: large;\">Chroniqueur<\/span><\/span><span style=\"color: #c00000;\"><span style=\"font-size: large;\">.<\/span><\/span><\/p>\n<p align=\"CENTER\">\n<p align=\"CENTER\"><span style=\"color: #632423;\"><span style=\"font-size: large;\">***\u00a0\u00a0\u00a0\u00a0 ***\u00a0\u00a0\u00a0\u00a0 ***<\/span><\/span><\/p>\n<p><span style=\"color: #000099;\">\u00a0<\/span><\/p>\n<p align=\"JUSTIFY\"><span style=\"color: #000099;\"><span style=\"font-size: large;\">Bien des B\u00eates et des Gens, pourraient Vivre de cette Herbe.<\/span><\/span><\/p>\n<p align=\"JUSTIFY\">\n<p align=\"JUSTIFY\">\n<p align=\"CENTER\">\n<p align=\"CENTER\"><span style=\"font-size: large;\">F1\u00a0: <\/span><span style=\"color: #c00000;\"><span style=\"font-size: large;\">Voyons comme elle pousse ici\u2026<\/span><\/span>&hellip;<\/p>\n","protected":false},"author":1,"featured_media":0,"comment_status":"open","ping_status":"open","sticky":false,"template":"","format":"standard","meta":{"footnotes":""},"categories":[1],"tags":[],"class_list":["post-14587","post","type-post","status-publish","format-standard","hentry","category-accueil"],"_links":{"self":[{"href":"http:\/\/www.lecarrefourdesopinions.ca\/index.php?rest_route=\/wp\/v2\/posts\/14587","targetHints":{"allow":["GET"]}}],"collection":[{"href":"http:\/\/www.lecarrefourdesopinions.ca\/index.php?rest_route=\/wp\/v2\/posts"}],"about":[{"href":"http:\/\/www.lecarrefourdesopinions.ca\/index.php?rest_route=\/wp\/v2\/types\/post"}],"author":[{"embeddable":true,"href":"http:\/\/www.lecarrefourdesopinions.ca\/index.php?rest_route=\/wp\/v2\/users\/1"}],"replies":[{"embeddable":true,"href":"http:\/\/www.lecarrefourdesopinions.ca\/index.php?rest_route=%2Fwp%2Fv2%2Fcomments&post=14587"}],"version-history":[{"count":1,"href":"http:\/\/www.lecarrefourdesopinions.ca\/index.php?rest_route=\/wp\/v2\/posts\/14587\/revisions"}],"predecessor-version":[{"id":14597,"href":"http:\/\/www.lecarrefourdesopinions.ca\/index.php?rest_route=\/wp\/v2\/posts\/14587\/revisions\/14597"}],"wp:attachment":[{"href":"http:\/\/www.lecarrefourdesopinions.ca\/index.php?rest_route=%2Fwp%2Fv2%2Fmedia&parent=14587"}],"wp:term":[{"taxonomy":"category","embeddable":true,"href":"http:\/\/www.lecarrefourdesopinions.ca\/index.php?rest_route=%2Fwp%2Fv2%2Fcategories&post=14587"},{"taxonomy":"post_tag","embeddable":true,"href":"http:\/\/www.lecarrefourdesopinions.ca\/index.php?rest_route=%2Fwp%2Fv2%2Ftags&post=14587"}],"curies":[{"name":"wp","href":"https:\/\/api.w.org\/{rel}","templated":true}]}}