{"id":14584,"date":"2018-03-01T15:41:43","date_gmt":"2018-03-01T20:41:43","guid":{"rendered":"http:\/\/www.lecarrefourdesopinions.ca\/?p=14584"},"modified":"2018-03-01T15:41:43","modified_gmt":"2018-03-01T20:41:43","slug":"ne-repetons-pas-les-erreurs-du-passe","status":"publish","type":"post","link":"http:\/\/www.lecarrefourdesopinions.ca\/?p=14584","title":{"rendered":"Ne r\u00e9p\u00e9tons pas les erreurs du pass\u00e9!"},"content":{"rendered":"<p style=\"text-align: center;\" lang=\"fr-CA\"><span style=\"font-size: large;\"><strong>Ne r\u00e9p\u00e9tons pas les erreurs du pass\u00e9!<\/strong><\/span><\/p>\n<p style=\"text-align: left;\" lang=\"fr-CA\"><img loading=\"lazy\" decoding=\"async\" class=\"alignnone size-thumbnail wp-image-14585\" title=\"F1   Monsieur Christian MARTIN Nous met en Garde contre un Exterminateur\" src=\"http:\/\/www.lecarrefourdesopinions.ca\/wp-content\/uploads\/2018\/03\/F1-Monsieur-Christian-MARTIN-Nous-met-en-Garde-contre-un-Exterminateur-134x107.jpg\" alt=\"\" width=\"134\" height=\"107\" \/><\/p>\n<p style=\"text-align: left;\" lang=\"fr-CA\"><em><span style=\"color: #800000;\">par Christian Martin<\/span><\/em><\/p>\n<p lang=\"fr-CA\"><span style=\"font-size: large;\">J\u2019ai eu l\u2019occasion Le 29 01 2018 d\u2019\u00e9crire un article sous le titre suivant\u00a0:<\/span><\/p>\n<p lang=\"fr-CA\"><span style=\"font-size: large;\">\u00c9tatiser la production du cannabis : Un enjeu Politico-social ?<\/span><\/p>\n<p lang=\"fr-CA\"><span style=\"font-size: large;\">\u00ab Une faille consid\u00e9rable dans le projet cannabis, la privatisation int\u00e9grale de la production, un danger majeur \u00e0 l\u2019\u00e9chelon national \u00bb Christian Martin.<\/span><\/p>\n<p lang=\"fr-CA\"><span style=\"font-size: large;\">Aujourd\u2019hui apr\u00e8s discussion avec un ami, nous pensons qu\u2019il serait n\u00e9cessaire de clarifier la question primordiale \u00ab \u00c9tatiser la production \u00bb. <\/span><\/p>\n<p lang=\"fr-CA\"><span style=\"font-size: large;\">J\u2019ai \u00e9voqu\u00e9 dans mon pr\u00e9c\u00e9dent article la possibilit\u00e9 que l&rsquo;\u00c9tat cr\u00e9e des entit\u00e9s qu&rsquo;il g\u00e9rerait. Une piste \u00e0 envisager. Le gouvernement semble persister \u00e0 privatiser la production, ce que je consid\u00e8re comme une aberration compte tenu des points suivants:<\/span><\/p>\n<ol>\n<li>\n<p><a name=\"_GoBack\"><\/a><span style=\"font-size: large;\">la <strong>p\u00e9riode chaotique actuelle<\/strong>, qui risque de s\u2019aggraver apr\u00e8s la mise en place de la l\u00e9galisation puisque nous nous pr\u00e9parons \u00e0 r\u00e9p\u00e9ter les m\u00eames erreurs du pass\u00e9 comme pour la gestion du tabac et de l\u2019alcool;<\/span><\/p>\n<\/li>\n<li>\n<p><span style=\"font-size: large;\"><strong>les incertitudes<\/strong> concernant la pr\u00e9vention et la s\u00e9curisation de la production afin que cette derni\u00e8re ne devienne pas un nouveau Cartel de la drogue au Canada\/Qu\u00e9bec ;<\/span><\/p>\n<\/li>\n<li>\n<p><span style=\"font-size: large;\"><strong>la d\u00e9stabilisation <\/strong>pr\u00e9visible de la justice par des lois vot\u00e9es dans la pr\u00e9cipitation sans \u00e9tude approfondie et,<\/span><\/p>\n<\/li>\n<li>\n<p><span style=\"font-size: large;\"><strong>l&rsquo;impact ind\u00e9niable<\/strong> de cette drogue sur la sant\u00e9 et l\u2019\u00e9ducation de nos enfants, \u00e9tant donn\u00e9 que la l\u00e9galisation aboutira obligatoirement \u00e0 un accroissement de la consommation.<\/span><\/p>\n<\/li>\n<\/ol>\n<p lang=\"fr-CA\"><span style=\"font-size: large;\">Il est encore temps pour tous les Canadiens d\u2019\u00e9mettre des r\u00e9serves et de rejeter la privatisation de la production afin de pr\u00e9venir qu&rsquo;elle ne d\u00e9bouche sur la cr\u00e9ation d&rsquo;un Cartel qui pourra importer et exporter \u00e0 son gr\u00e9 cette drogue.<\/span><\/p>\n<p lang=\"fr-CA\"><span style=\"font-size: large;\">Quoique \u00ab\u00a0\u00e9tatiser\u00a0\u00bb signifie \u00e9galement \u00a0\u00bbnationaliser\u00a0\u00bb, toutefois, l&rsquo;\u00e9tatisation pourrait \u00eatre partielle, c&rsquo;est-\u00e0-dire que les gouvernements (f\u00e9d\u00e9ral et provincial) auraient la majorit\u00e9 des parts de l&rsquo;entreprise. Ceci permettrait aux gouvernements d&rsquo;assurer le contr\u00f4le effectif de la production ainsi que de toute l&rsquo;activit\u00e9 de ce nouveau secteur d&rsquo;\u00e9conomie. Cette \u00e9tatisation partielle permettrait \u00e9galement d&#8217;emp\u00eacher des tiers de prendre le contr\u00f4le des compagnies.<\/span><\/p>\n<p lang=\"fr-CA\"><span style=\"font-size: large;\">Ce but est d\u2019instaurer un dirigisme \u00e9conomique de qualit\u00e9 et une fixation des prix du march\u00e9 tout en interdisant la contrebande.<\/span><\/p>\n<p lang=\"fr-CA\"><span style=\"font-size: large;\">La distinction entre cannabis m\u00e9dical et cannabis r\u00e9cr\u00e9atif disparaitra avec la l\u00e9galisation. La production sera globale. Les consommateurs de cannabis \u00e0 usage m\u00e9dical devront toutefois poss\u00e9der une prescription m\u00e9dicale s&rsquo;ils veulent se faire rembourser comme il est d&rsquo;usage en ce moment. <\/span><\/p>\n<p lang=\"fr-CA\"><span style=\"font-size: large;\">Par cons\u00e9quent les 88 producteurs priv\u00e9s devraient \u00eatre \u00e9tatis\u00e9s par une prise de participation des gouvernements provinciaux respectifs de leur localisation afin d\u2019en assurer le contr\u00f4le<\/span><\/p>\n<script type=\"text\/javascript\">\n\nvar addthis_config = {\"data_track_clickback\":false,\"data_track_addressbar\":false,\"data_track_textcopy\":false};\n<\/script><script type=\"text\/javascript\" src=\"\/\/s7.addthis.com\/js\/250\/addthis_widget.js#pubid=a457a6d63fb9e6ccabdde4110343bd85\"><\/script>","protected":false},"excerpt":{"rendered":"<p style=\"text-align: center;\" lang=\"fr-CA\"><span style=\"font-size: large;\">Ne r\u00e9p\u00e9tons pas les erreurs du pass\u00e9!<\/span><\/p>\n<p style=\"text-align: left;\" lang=\"fr-CA\">\n<p style=\"text-align: left;\" lang=\"fr-CA\"><span style=\"color: #800000;\">par Christian Martin<\/span><\/p>\n<p lang=\"fr-CA\"><span style=\"font-size: large;\">J\u2019ai eu l\u2019occasion Le 29 01 2018 d\u2019\u00e9crire un article sous le titre suivant\u00a0:<\/span><\/p>\n<p lang=\"fr-CA\"><span style=\"font-size: large;\">\u00c9tatiser la production du cannabis : Un enjeu Politico-social ?<\/span><\/p>\n<p lang=\"fr-CA\"><span style=\"font-size: large;\">\u00ab Une <\/span>&hellip;<\/p>\n","protected":false},"author":1,"featured_media":0,"comment_status":"open","ping_status":"open","sticky":false,"template":"","format":"standard","meta":{"footnotes":""},"categories":[1],"tags":[],"class_list":["post-14584","post","type-post","status-publish","format-standard","hentry","category-accueil"],"_links":{"self":[{"href":"http:\/\/www.lecarrefourdesopinions.ca\/index.php?rest_route=\/wp\/v2\/posts\/14584","targetHints":{"allow":["GET"]}}],"collection":[{"href":"http:\/\/www.lecarrefourdesopinions.ca\/index.php?rest_route=\/wp\/v2\/posts"}],"about":[{"href":"http:\/\/www.lecarrefourdesopinions.ca\/index.php?rest_route=\/wp\/v2\/types\/post"}],"author":[{"embeddable":true,"href":"http:\/\/www.lecarrefourdesopinions.ca\/index.php?rest_route=\/wp\/v2\/users\/1"}],"replies":[{"embeddable":true,"href":"http:\/\/www.lecarrefourdesopinions.ca\/index.php?rest_route=%2Fwp%2Fv2%2Fcomments&post=14584"}],"version-history":[{"count":1,"href":"http:\/\/www.lecarrefourdesopinions.ca\/index.php?rest_route=\/wp\/v2\/posts\/14584\/revisions"}],"predecessor-version":[{"id":14586,"href":"http:\/\/www.lecarrefourdesopinions.ca\/index.php?rest_route=\/wp\/v2\/posts\/14584\/revisions\/14586"}],"wp:attachment":[{"href":"http:\/\/www.lecarrefourdesopinions.ca\/index.php?rest_route=%2Fwp%2Fv2%2Fmedia&parent=14584"}],"wp:term":[{"taxonomy":"category","embeddable":true,"href":"http:\/\/www.lecarrefourdesopinions.ca\/index.php?rest_route=%2Fwp%2Fv2%2Fcategories&post=14584"},{"taxonomy":"post_tag","embeddable":true,"href":"http:\/\/www.lecarrefourdesopinions.ca\/index.php?rest_route=%2Fwp%2Fv2%2Ftags&post=14584"}],"curies":[{"name":"wp","href":"https:\/\/api.w.org\/{rel}","templated":true}]}}