{"id":14576,"date":"2018-02-28T08:33:05","date_gmt":"2018-02-28T13:33:05","guid":{"rendered":"http:\/\/www.lecarrefourdesopinions.ca\/?p=14576"},"modified":"2018-02-28T08:33:05","modified_gmt":"2018-02-28T13:33:05","slug":"une-treve-ou-sortir-du-merdier-de-syrie","status":"publish","type":"post","link":"http:\/\/www.lecarrefourdesopinions.ca\/?p=14576","title":{"rendered":"Une tr\u00eave ou sortir, du Merdier de Syrie."},"content":{"rendered":"<p align=\"CENTER\"><em><span style=\"color: #632423;\">\u00a0<\/span><\/em><em><span style=\"color: #632423;\"><span style=\"font-family: 'Comic Sans MS';\"><span style=\"font-size: large;\">Une tr\u00eave ou sortir, du Merdier de Syrie.<\/span><\/span><\/span><\/em><\/p>\n<p align=\"JUSTIFY\"><em><span style=\"color: #632423;\">\u00a0<img loading=\"lazy\" decoding=\"async\" class=\"alignnone size-full wp-image-14473\" title=\"Eric\" src=\"http:\/\/www.lecarrefourdesopinions.ca\/wp-content\/uploads\/2018\/01\/Eric.jpg\" alt=\"\" width=\"134\" height=\"107\" \/><\/span><\/em><\/p>\n<p align=\"JUSTIFY\"><span style=\"color: #632423;\"><span style=\"font-family: 'Comic Sans MS';\"><span style=\"font-size: large;\">\u00c9ric EG Nogard<\/span><\/span><\/span><\/p>\n<p align=\"JUSTIFY\"><em><span style=\"color: #c00000;\"><span style=\"font-size: large;\">Chroniqueur<\/span><\/span><\/em><span style=\"color: #c00000;\"><span style=\"font-size: large;\">.<\/span><\/span><\/p>\n<p align=\"CENTER\">\n<p align=\"CENTER\"><span style=\"color: #632423;\"><span style=\"font-size: large;\">***\u00a0\u00a0\u00a0\u00a0 ***\u00a0\u00a0\u00a0\u00a0 ***<\/span><\/span><\/p>\n<p align=\"CENTER\"><span style=\"color: #632423;\"><span style=\"font-size: large;\">***\u00a0\u00a0\u00a0\u00a0 ***\u00a0\u00a0\u00a0\u00a0 ***<\/span><\/span><\/p>\n<p>&nbsp;<\/p>\n<p align=\"JUSTIFY\"><em><span style=\"color: #000099;\"><span style=\"font-size: large;\">Une tr\u00eave ou sortir, du Merdier de Syrie.<\/span><\/span><\/em><\/p>\n<p align=\"JUSTIFY\">\n<p align=\"JUSTIFY\">\n<p align=\"CENTER\">\n<p align=\"CENTER\">\u00a0<img loading=\"lazy\" decoding=\"async\" class=\"alignnone size-medium wp-image-14577\" title=\"F1   C est a chacun de choisir entre  Une Treve Aleatoire ou  sortir du Merdier de Syrie\" src=\"http:\/\/www.lecarrefourdesopinions.ca\/wp-content\/uploads\/2018\/02\/F1-C-est-a-chacun-de-choisir-entre-Une-Treve-Aleatoire-ou-sortir-du-Merdier-de-Syrie-300x186.png\" alt=\"\" width=\"300\" height=\"186\" srcset=\"http:\/\/www.lecarrefourdesopinions.ca\/wp-content\/uploads\/2018\/02\/F1-C-est-a-chacun-de-choisir-entre-Une-Treve-Aleatoire-ou-sortir-du-Merdier-de-Syrie-300x186.png 300w, http:\/\/www.lecarrefourdesopinions.ca\/wp-content\/uploads\/2018\/02\/F1-C-est-a-chacun-de-choisir-entre-Une-Treve-Aleatoire-ou-sortir-du-Merdier-de-Syrie-400x248.png 400w, http:\/\/www.lecarrefourdesopinions.ca\/wp-content\/uploads\/2018\/02\/F1-C-est-a-chacun-de-choisir-entre-Une-Treve-Aleatoire-ou-sortir-du-Merdier-de-Syrie.png 750w\" sizes=\"auto, (max-width: 300px) 100vw, 300px\" \/><\/p>\n<p align=\"CENTER\"><strong><span style=\"font-size: large;\">F1\u00a0: <\/span><\/strong><em><span style=\"color: #c00000;\"><span style=\"font-size: large;\">C\u2019est \u00e0 chacun de choisir entre<\/span><\/span><\/em><\/p>\n<p align=\"CENTER\"><em><span style=\"color: #c00000;\"><span style=\"font-size: large;\">Une Tr\u00eave Al\u00e9atoire ou, sortir du Merdier de Syrie. <\/span><\/span><\/em><\/p>\n<p align=\"JUSTIFY\">\n<p align=\"JUSTIFY\">\n<p align=\"JUSTIFY\"><span style=\"font-family: 'Comic Sans MS';\"><span style=\"font-size: large;\">Toute id\u00e9ologie mise \u00e0 part, le souci de transcendance r\u00e9clamant que le simple bon sens ait son mot \u00e0 dire, qui doive \u00eatre pris en compte aussi bien que le sont les Consid\u00e9rations les plus autoris\u00e9es.<\/span><\/span><\/p>\n<p align=\"JUSTIFY\">\n<p align=\"JUSTIFY\"><span style=\"font-family: 'Comic Sans MS';\"><span style=\"font-size: large;\">La Guerre \u00e9tant la Guerre et ses R\u00e8gles du Jeu \u00e9tant bien ce qu\u2019elles sont.<\/span><\/span><\/p>\n<p align=\"JUSTIFY\">\n<p align=\"JUSTIFY\"><span style=\"font-family: 'Comic Sans MS';\"><span style=\"font-size: large;\">Le mieux est d\u2019en finir, ou de la faire durer par des initiatives partant peut-\u00eatre des meilleurs intentions, mais h\u00e9las peu appropri\u00e9es.<\/span><\/span><\/p>\n<p align=\"JUSTIFY\">\n<p align=\"JUSTIFY\"><span style=\"font-family: 'Comic Sans MS';\"><span style=\"font-size: large;\">Certes, des Populations innocentes sont prises au Pi\u00e8ge du Si\u00e8ge de la Ghouta Orientale, tenue par les Opposants les plus d\u00e9termin\u00e9s du R\u00e9gime de Bachar al ASSAD, le Tyran de Syrie.<\/span><\/span><\/p>\n<p align=\"JUSTIFY\">\n<p align=\"JUSTIFY\"><span style=\"font-family: 'Comic Sans MS';\"><span style=\"font-size: large;\">Cependant, gare \u00e0 l\u2019Effet <\/span><\/span><em><span style=\"font-family: Arial, sans-serif;\"><span style=\"font-size: large;\">Muleta<\/span><\/span><\/em> <span style=\"font-family: 'Comic Sans MS';\"><span style=\"font-size: large;\">que pourrait exercer Al ASSAD sur certains Taureaux, protagonistes de ce Drame Dantesque.<\/span><\/span><\/p>\n<p align=\"JUSTIFY\">\n<p style=\"text-align: center;\" align=\"JUSTIFY\"><img loading=\"lazy\" decoding=\"async\" class=\"alignnone size-medium wp-image-14578\" title=\"l ONU a exige lundi que la treve de 30 jours decidee samedi par le Conseil de securite soit  immediatement appliquee    Cep\" src=\"http:\/\/www.lecarrefourdesopinions.ca\/wp-content\/uploads\/2018\/02\/l-ONU-a-exige-lundi-que-la-treve-de-30-jours-decidee-samedi-par-le-Conseil-de-securite-soit-immediatement-appliquee-Cep-300x168.jpg\" alt=\"\" width=\"300\" height=\"168\" srcset=\"http:\/\/www.lecarrefourdesopinions.ca\/wp-content\/uploads\/2018\/02\/l-ONU-a-exige-lundi-que-la-treve-de-30-jours-decidee-samedi-par-le-Conseil-de-securite-soit-immediatement-appliquee-Cep-300x168.jpg 300w, http:\/\/www.lecarrefourdesopinions.ca\/wp-content\/uploads\/2018\/02\/l-ONU-a-exige-lundi-que-la-treve-de-30-jours-decidee-samedi-par-le-Conseil-de-securite-soit-immediatement-appliquee-Cep-400x225.jpg 400w, http:\/\/www.lecarrefourdesopinions.ca\/wp-content\/uploads\/2018\/02\/l-ONU-a-exige-lundi-que-la-treve-de-30-jours-decidee-samedi-par-le-Conseil-de-securite-soit-immediatement-appliquee-Cep.jpg 640w\" sizes=\"auto, (max-width: 300px) 100vw, 300px\" \/><\/p>\n<p align=\"JUSTIFY\"><strong><span style=\"font-size: large;\">F2\u00a0: <\/span><\/strong><em><span style=\"color: #943634;\"><span style=\"font-size: large;\">Le chef de l&rsquo;ONU a exig\u00e9 lundi que la tr\u00eave de 30 jours d\u00e9cid\u00e9e samedi par le Conseil de s\u00e9curit\u00e9 soit \u00ab\u00a0imm\u00e9diatement appliqu\u00e9e\u00a0\u00bb.<\/span><\/span><\/em><\/p>\n<p align=\"JUSTIFY\"><em><span style=\"color: #c00000;\"><span style=\"font-size: large;\">Cependant, s\u2019est-il assur\u00e9, tant de la faisabilit\u00e9 que de l\u2019efficacit\u00e9 d\u2019une telle Op\u00e9ration.<\/span><\/span><\/em><\/p>\n<p align=\"JUSTIFY\">\n<p align=\"JUSTIFY\">\n<p align=\"JUSTIFY\"><strong><span style=\"font-size: large;\">Quoi de plus G\u00e9n\u00e9reux, d\u2019aussi Noble, que l\u2019id\u00e9e d\u2019une Tr\u00eave au plus Chaud de ce Conflit que Dante lui-m\u00eame n\u2019e\u00fbt pas imagin\u00e9.<\/span><\/strong><\/p>\n<p align=\"JUSTIFY\">\n<p align=\"JUSTIFY\"><span style=\"font-size: large;\">N\u00e9anmoins cette Tr\u00eave, serait-elle Opportune.<\/span><\/p>\n<p align=\"JUSTIFY\">\n<p align=\"JUSTIFY\"><span style=\"font-size: large;\">Une Tr\u00eave consistant en un cessez-le-feu de trente jours, qui permette \u00ab\u00a0entre autres\u00a0\u00bb, l\u2019Organisation des \u00c9vacuations sanitaires, ainsi que l\u2019acheminement des aides Alimentaires au profit des bless\u00e9s et nombreuses victimes notamment.<\/span><\/p>\n<p align=\"JUSTIFY\">\n<p align=\"JUSTIFY\"><span style=\"font-size: large;\">Cependant il arrive que la Th\u00e9orie soit une chose et la R\u00e9alit\u00e9 une tout\u2019autre.<\/span><\/p>\n<p align=\"JUSTIFY\">\n<p align=\"CENTER\">\u00a0<img loading=\"lazy\" decoding=\"async\" class=\"alignnone size-medium wp-image-14579\" title=\"F3   N arrive t il pas de meme  Que le Nombre soit ce qu il est excepte le Bon sens\" src=\"http:\/\/www.lecarrefourdesopinions.ca\/wp-content\/uploads\/2018\/02\/F3-N-arrive-t-il-pas-de-meme-Que-le-Nombre-soit-ce-qu-il-est-excepte-le-Bon-sens-300x198.jpg\" alt=\"\" width=\"300\" height=\"198\" srcset=\"http:\/\/www.lecarrefourdesopinions.ca\/wp-content\/uploads\/2018\/02\/F3-N-arrive-t-il-pas-de-meme-Que-le-Nombre-soit-ce-qu-il-est-excepte-le-Bon-sens-300x198.jpg 300w, http:\/\/www.lecarrefourdesopinions.ca\/wp-content\/uploads\/2018\/02\/F3-N-arrive-t-il-pas-de-meme-Que-le-Nombre-soit-ce-qu-il-est-excepte-le-Bon-sens-400x264.jpg 400w, http:\/\/www.lecarrefourdesopinions.ca\/wp-content\/uploads\/2018\/02\/F3-N-arrive-t-il-pas-de-meme-Que-le-Nombre-soit-ce-qu-il-est-excepte-le-Bon-sens.jpg 600w\" sizes=\"auto, (max-width: 300px) 100vw, 300px\" \/><\/p>\n<p align=\"CENTER\"><strong><span style=\"font-size: large;\">F3\u00a0: <\/span><\/strong><em><span style=\"color: #c00000;\"><span style=\"font-size: large;\">N\u2019arrive-t-il pas de m\u00eame<\/span><\/span><\/em><\/p>\n<p align=\"CENTER\"><em><span style=\"color: #c00000;\"><span style=\"font-size: large;\">Que le Nombre soit ce qu\u2019il est, except\u00e9 le Bon sens.<\/span><\/span><\/em><\/p>\n<p align=\"JUSTIFY\">\n<p align=\"JUSTIFY\">\n<p align=\"JUSTIFY\"><strong><span style=\"font-size: large;\">Une Tr\u00eave faisant l\u2019objet d\u2019une R\u00e9solution en discussion entre les Quinze Membres du Conseil de S\u00e9curit\u00e9 de l\u2019O.N.U.<\/span><\/strong><\/p>\n<p align=\"JUSTIFY\">\n<p align=\"JUSTIFY\"><span style=\"font-size: large;\">Une Tr\u00eave sur laquelle plane la Peur du <\/span><em><span style=\"font-family: Arial, sans-serif;\"><span style=\"font-size: large;\">VETO <\/span><\/span><\/em><span style=\"font-size: large;\">de la Russie.<\/span><\/p>\n<p align=\"JUSTIFY\">\n<p align=\"CENTER\"><img loading=\"lazy\" decoding=\"async\" class=\"alignnone size-medium wp-image-14580\" title=\"F4   A craindre ou a Souhaiter\" src=\"http:\/\/www.lecarrefourdesopinions.ca\/wp-content\/uploads\/2018\/02\/F4-A-craindre-ou-a-Souhaiter-300x168.jpg\" alt=\"\" width=\"300\" height=\"168\" srcset=\"http:\/\/www.lecarrefourdesopinions.ca\/wp-content\/uploads\/2018\/02\/F4-A-craindre-ou-a-Souhaiter-300x168.jpg 300w, http:\/\/www.lecarrefourdesopinions.ca\/wp-content\/uploads\/2018\/02\/F4-A-craindre-ou-a-Souhaiter-1024x576.jpg 1024w, http:\/\/www.lecarrefourdesopinions.ca\/wp-content\/uploads\/2018\/02\/F4-A-craindre-ou-a-Souhaiter-400x225.jpg 400w, http:\/\/www.lecarrefourdesopinions.ca\/wp-content\/uploads\/2018\/02\/F4-A-craindre-ou-a-Souhaiter.jpg 1248w\" sizes=\"auto, (max-width: 300px) 100vw, 300px\" \/><\/p>\n<p align=\"CENTER\"><strong><span style=\"font-size: large;\">F4\u00a0: <\/span><\/strong><em><span style=\"color: #c00000;\"><span style=\"font-size: large;\">A craindre ou \u00e0 Souhaiter.<\/span><\/span><\/em><\/p>\n<p align=\"CENTER\">\n<p align=\"JUSTIFY\">\n<p align=\"JUSTIFY\"><strong><span style=\"font-size: large;\">Pour justifi\u00e9e en soi, quelle en serait la Port\u00e9e, c\u2019est l\u00e0 la Question qui se pose, pour peu qu\u2019on sache l\u2019Exp\u00e9rience, la Maturit\u00e9 et la Pertinence du Pr\u00e9sident POUTINE, dans la R\u00e9solution de si Graves Probl\u00e8mes.<\/span><\/strong><\/p>\n<p align=\"JUSTIFY\">\n<p align=\"JUSTIFY\"><span style=\"font-size: large;\">Une Tr\u00eave qui ne peut Profiter qu\u2019\u00e0 la Guerre ainsi que subsidiairement peut-\u00eatre, \u00e0 ceux qui croient pouvoir en tirer un quelconque B\u00e9n\u00e9fice ou un semblant de Gloire\u2026 car cette \u00ab\u00a0Colonne\u00a0\u00bb existe aussi, pourtant nul ne s\u2019en doute.<\/span><\/p>\n<p align=\"JUSTIFY\">\n<p align=\"JUSTIFY\">\n<p align=\"JUSTIFY\"><strong><span style=\"font-size: large;\">En tout cas, bon jeu bon argent, ne vaudrait-il pas bien mieux qu\u2019on en finisse une fois pour toutes de ce Merdier, quitte \u00e0 y mettre le Prix que de toute fa\u00e7on il faudra bien payer d\u2019une mani\u00e8re ou d\u2019une autre.<\/span><\/strong><\/p>\n<p align=\"JUSTIFY\">\n<p align=\"JUSTIFY\"><span style=\"font-size: large;\">Ne vaudrait-il pas mieux qu\u2019on en finisse en y mettant le prix plut\u00f4t que de vaines incantations assorties de Cataplasmes humect\u00e9s de Larmes de Pitres sinon de Crocodiles.<\/span><\/p>\n<p style=\"text-align: center;\" align=\"JUSTIFY\"><img loading=\"lazy\" decoding=\"async\" class=\"alignnone size-medium wp-image-14581\" title=\"la Russie s oppose a un cessez le feu humanitaire en Syrie    Peut etre la mesure la plus sage  dans cette Guerre de Troie\" src=\"http:\/\/www.lecarrefourdesopinions.ca\/wp-content\/uploads\/2018\/02\/la-Russie-s-oppose-a-un-cessez-le-feu-humanitaire-en-Syrie-Peut-etre-la-mesure-la-plus-sage-dans-cette-Guerre-de-Troie-300x169.jpg\" alt=\"\" width=\"300\" height=\"169\" srcset=\"http:\/\/www.lecarrefourdesopinions.ca\/wp-content\/uploads\/2018\/02\/la-Russie-s-oppose-a-un-cessez-le-feu-humanitaire-en-Syrie-Peut-etre-la-mesure-la-plus-sage-dans-cette-Guerre-de-Troie-300x169.jpg 300w, http:\/\/www.lecarrefourdesopinions.ca\/wp-content\/uploads\/2018\/02\/la-Russie-s-oppose-a-un-cessez-le-feu-humanitaire-en-Syrie-Peut-etre-la-mesure-la-plus-sage-dans-cette-Guerre-de-Troie-400x225.jpg 400w, http:\/\/www.lecarrefourdesopinions.ca\/wp-content\/uploads\/2018\/02\/la-Russie-s-oppose-a-un-cessez-le-feu-humanitaire-en-Syrie-Peut-etre-la-mesure-la-plus-sage-dans-cette-Guerre-de-Troie.jpg 1024w\" sizes=\"auto, (max-width: 300px) 100vw, 300px\" \/><\/p>\n<h1 align=\"JUSTIFY\"><span style=\"font-family: 'Times New Roman', serif;\"><span style=\"font-size: large;\">F5\u00a0:<\/span><\/span> <em><span style=\"color: #c00000;\"><span style=\"font-family: 'Times New Roman', serif;\">ONU: la Russie s&rsquo;oppose \u00e0 un cessez-le-feu humanitaire en Syrie\u2026 Peut-\u00eatre la mesure la plus sage, dans cette Guerre de Troie.<\/span><\/span><\/em><\/h1>\n<h1><\/h1>\n<p align=\"JUSTIFY\">\n<p align=\"JUSTIFY\"><strong><span style=\"font-size: large;\">Qui seraient selon nous, les mieux \u00e0 m\u00eame de faire leur Manne C\u00e9leste de cette Pr\u00e9tendue Tr\u00eave, les Victimes qu\u2019on voudrait secourir, ou les Opposants au R\u00e9gime.<\/span><\/strong><\/p>\n<p align=\"JUSTIFY\">\n<p align=\"JUSTIFY\"><span style=\"font-size: large;\">Ce Cessez-le Feu aux mille vertus selon les Uns, ne serait-il pas, pour les Opposants peut-\u00eatre sur le point, non pas de se voir r\u00e9duits \u00e0 R\u00e9sipiscence, mais de se rendre et que Cesse la Guerre.<\/span><\/p>\n<p align=\"JUSTIFY\">\n<p align=\"JUSTIFY\">\n<p align=\"JUSTIFY\"><strong><span style=\"font-size: large;\">Un Cessez-le-Feu on ne peut plus propice pour des opposants \u00e0 bout de souffle, \u00e0 court de munitions, de combattants de toute logistique et surtout en qu\u00eate d\u2019une Ouverture propice \u00e0 l\u2019\u00c9vasion et \u00e0 la Formation de tant de M\u00e9tastases guerri\u00e8res aux d\u00e9pens de qui on voudrait dit-on, porter aide et Assistance.<\/span><\/strong><\/p>\n<p align=\"JUSTIFY\">\n<p align=\"JUSTIFY\"><span style=\"font-size: large;\">Et vu sous ce Rapport, le <\/span><em><span style=\"font-family: Arial, sans-serif;\"><span style=\"font-size: large;\">VETO<\/span><\/span><\/em> <span style=\"font-size: large;\">Russe ne serait-il pas une fois de plus la mesure la plus Sage qu\u2019e\u00fbt pu prendre Nestor doubl\u00e9 d\u2019Ulysse, lui-m\u00eame, en pleine Guerre de Troie.<\/span><\/p>\n<p align=\"JUSTIFY\">\n<p align=\"JUSTIFY\">\n<p align=\"JUSTIFY\"><strong><span style=\"font-family: 'Comic Sans MS';\"><span style=\"font-size: large;\">La Peur du <\/span><\/span><\/strong><em><span style=\"font-family: Arial, sans-serif;\"><span style=\"font-size: large;\">VETO<\/span><\/span><\/em><strong> <\/strong><strong><span style=\"font-family: 'Comic Sans MS';\"><span style=\"font-size: large;\">Russe exclurait-elle la Conviction inconsciente ou refoul\u00e9e peut-\u00eatre de tout le bien-fond\u00e9 du Pr\u00e9sident POUTINE dans ses Avis comme en ses Mises en Garde relatifs au Merdier de Syrie.<\/span><\/span><\/strong><\/p>\n<p align=\"JUSTIFY\">\n<p align=\"JUSTIFY\"><span style=\"font-family: 'Comic Sans MS';\"><span style=\"font-size: large;\">Dans ses Cons\u00e9quences, la Tr\u00eave demand\u00e9e pourrait faire davantage de Morts et de Victimes que la Guerre incrimin\u00e9e dont il est souhaitable qu\u2019on en finisse enfin. <\/span><\/span><\/p>\n<p align=\"JUSTIFY\">\n<p align=\"JUSTIFY\"><span style=\"font-family: 'Comic Sans MS';\"><span style=\"font-size: large;\">Est-ce vraiment une Tr\u00eave, qu\u2019un CESSEZ-le-FEU qui complique la Guerre, au risque de la faire durer, de la rendre plus Meurtri\u00e8re encore, qu\u2019elle ne l\u2019est d\u00e9j\u00e0. <\/span><\/span><\/p>\n<p align=\"JUSTIFY\">\n<p align=\"JUSTIFY\"><span style=\"font-size: large;\">\u00c9ric EG Nogard<\/span><\/p>\n<p align=\"JUSTIFY\"><em><span style=\"color: #c00000;\"><span style=\"font-size: large;\">Chroniqueur<\/span><\/span><\/em><span style=\"color: #c00000;\"><span style=\"font-size: large;\">.<\/span><\/span><\/p>\n<p align=\"JUSTIFY\"><span style=\"color: #c00000;\">\u00a0<\/span><\/p>\n<p align=\"JUSTIFY\"><span style=\"color: #c00000;\">\u00a0<\/span><\/p>\n<p align=\"CENTER\"><strong><span style=\"font-size: large;\">***\u00a0\u00a0\u00a0\u00a0 ***\u00a0\u00a0\u00a0\u00a0 ***<\/span><\/strong><\/p>\n<p align=\"CENTER\"><strong><span style=\"color: #ff0000;\">Ne Peut \u00eatre reproduit &#8211; m\u00eame partiellement &#8211;\u00a0 sans l\u2019autorisation de l\u2019Auteur.<\/span><\/strong><\/p>\n<p align=\"CENTER\"><strong>\u00a0<\/strong><\/p>\n<p align=\"CENTER\"><strong><span style=\"font-size: large;\">***\u00a0\u00a0\u00a0\u00a0 ***\u00a0\u00a0\u00a0\u00a0 ***<\/span><\/strong><\/p>\n<p align=\"CENTER\"><strong><span style=\"color: #ff0000;\"><span style=\"font-size: large;\">Nota : <\/span><\/span><\/strong><span style=\"color: #000000;\"><span style=\"font-size: large;\">Nous ne traitons que de Faits et de Noms rendus Publics.<\/span><\/span><\/p>\n<p align=\"CENTER\"><span style=\"color: #000000;\">\u00a0<\/span><\/p>\n<p align=\"CENTER\"><span style=\"color: #000000;\"><span style=\"font-size: large;\">***\u00a0\u00a0\u00a0\u00a0 ***\u00a0\u00a0\u00a0\u00a0 ***<\/span><\/span><\/p>\n<p align=\"JUSTIFY\"><strong><span style=\"text-decoration: underline;\">Liens Sugg\u00e9r\u00e9s\u00a0:<\/span><\/strong><\/p>\n<p align=\"JUSTIFY\"><a href=\"http:\/\/www.etatsgenerauxdeloutremer.fr\/reflexions\">http:\/\/www.etatsgenerauxdeloutremer.fr\/reflexion<\/a><\/p>\n<script type=\"text\/javascript\">\n\nvar addthis_config = {\"data_track_clickback\":false,\"data_track_addressbar\":false,\"data_track_textcopy\":false};\n<\/script><script type=\"text\/javascript\" src=\"\/\/s7.addthis.com\/js\/250\/addthis_widget.js#pubid=a457a6d63fb9e6ccabdde4110343bd85\"><\/script>","protected":false},"excerpt":{"rendered":"<p align=\"CENTER\"><span style=\"color: #632423;\">\u00a0<\/span><span style=\"color: #632423;\"><span style=\"font-family: 'Comic Sans MS';\"><span style=\"font-size: large;\">Une tr\u00eave ou sortir, du Merdier de Syrie.<\/span><\/span><\/span><\/p>\n<p align=\"JUSTIFY\"><span style=\"color: #632423;\">\u00a0<\/span><\/p>\n<p align=\"JUSTIFY\"><span style=\"color: #632423;\"><span style=\"font-family: 'Comic Sans MS';\"><span style=\"font-size: large;\">\u00c9ric EG Nogard<\/span><\/span><\/span><\/p>\n<p align=\"JUSTIFY\"><span style=\"color: #c00000;\"><span style=\"font-size: large;\">Chroniqueur<\/span><\/span><span style=\"color: #c00000;\"><span style=\"font-size: large;\">.<\/span><\/span><\/p>\n<p align=\"CENTER\">\n<p align=\"CENTER\"><span style=\"color: #632423;\"><span style=\"font-size: large;\">***\u00a0\u00a0\u00a0\u00a0 ***\u00a0\u00a0\u00a0\u00a0 ***<\/span><\/span><\/p>\n<p align=\"CENTER\"><span style=\"color: #632423;\"><span style=\"font-size: large;\">***\u00a0\u00a0\u00a0\u00a0 ***\u00a0\u00a0\u00a0\u00a0 ***<\/span><\/span><\/p>\n<p>&nbsp;<\/p>\n<p align=\"JUSTIFY\"><span style=\"color: #000099;\"><span style=\"font-size: large;\">Une tr\u00eave ou sortir, du Merdier de Syrie.<\/span><\/span><\/p>\n<p align=\"JUSTIFY\">\n<p align=\"JUSTIFY\">\n<p align=\"CENTER\">\n<p align=\"CENTER\">\u00a0<\/p>\n<p align=\"CENTER\"><span style=\"font-size: large;\">F1\u00a0: <\/span><span style=\"color: #c00000;\"><span style=\"font-size: large;\">C\u2019est \u00e0 chacun de choisir entre<\/span><\/span><\/p>\n<p align=\"CENTER\"><span style=\"color: #c00000;\"><span style=\"font-size: large;\">Une <\/span><\/span>&hellip;<\/p>\n","protected":false},"author":1,"featured_media":0,"comment_status":"open","ping_status":"open","sticky":false,"template":"","format":"standard","meta":{"footnotes":""},"categories":[1],"tags":[],"class_list":["post-14576","post","type-post","status-publish","format-standard","hentry","category-accueil"],"_links":{"self":[{"href":"http:\/\/www.lecarrefourdesopinions.ca\/index.php?rest_route=\/wp\/v2\/posts\/14576","targetHints":{"allow":["GET"]}}],"collection":[{"href":"http:\/\/www.lecarrefourdesopinions.ca\/index.php?rest_route=\/wp\/v2\/posts"}],"about":[{"href":"http:\/\/www.lecarrefourdesopinions.ca\/index.php?rest_route=\/wp\/v2\/types\/post"}],"author":[{"embeddable":true,"href":"http:\/\/www.lecarrefourdesopinions.ca\/index.php?rest_route=\/wp\/v2\/users\/1"}],"replies":[{"embeddable":true,"href":"http:\/\/www.lecarrefourdesopinions.ca\/index.php?rest_route=%2Fwp%2Fv2%2Fcomments&post=14576"}],"version-history":[{"count":1,"href":"http:\/\/www.lecarrefourdesopinions.ca\/index.php?rest_route=\/wp\/v2\/posts\/14576\/revisions"}],"predecessor-version":[{"id":14582,"href":"http:\/\/www.lecarrefourdesopinions.ca\/index.php?rest_route=\/wp\/v2\/posts\/14576\/revisions\/14582"}],"wp:attachment":[{"href":"http:\/\/www.lecarrefourdesopinions.ca\/index.php?rest_route=%2Fwp%2Fv2%2Fmedia&parent=14576"}],"wp:term":[{"taxonomy":"category","embeddable":true,"href":"http:\/\/www.lecarrefourdesopinions.ca\/index.php?rest_route=%2Fwp%2Fv2%2Fcategories&post=14576"},{"taxonomy":"post_tag","embeddable":true,"href":"http:\/\/www.lecarrefourdesopinions.ca\/index.php?rest_route=%2Fwp%2Fv2%2Ftags&post=14576"}],"curies":[{"name":"wp","href":"https:\/\/api.w.org\/{rel}","templated":true}]}}