{"id":14560,"date":"2018-02-25T18:08:01","date_gmt":"2018-02-25T23:08:01","guid":{"rendered":"http:\/\/www.lecarrefourdesopinions.ca\/?p=14560"},"modified":"2018-02-25T18:08:01","modified_gmt":"2018-02-25T23:08:01","slug":"la-privatisation-ou-etatisation-de-la-production-3","status":"publish","type":"post","link":"http:\/\/www.lecarrefourdesopinions.ca\/?p=14560","title":{"rendered":"LA PRIVATISATION OU \u00c9TATISATION DE LA PRODUCTION (3) ?"},"content":{"rendered":"<ol start=\"4\">\n<li>\n<p style=\"text-align: center;\"><span style=\"font-size: large;\"><strong>LA PRIVATISATION OU \u00c9TATISATION DE LA PRODUCTION?<\/strong><\/span><\/p>\n<\/li>\n<\/ol>\n<div><span style=\"font-size: large;\"><strong><img loading=\"lazy\" decoding=\"async\" class=\"alignnone size-thumbnail wp-image-14536\" title=\"Christian-c\" src=\"http:\/\/www.lecarrefourdesopinions.ca\/wp-content\/uploads\/2018\/02\/Christian-c-134x107.jpg\" alt=\"\" width=\"134\" height=\"107\" \/><\/strong><\/span><\/div>\n<div><\/div>\n<h3><span style=\"color: #800000;\"><em>par\u00a0Christian Martin<\/em><\/span><\/h3>\n<p><span style=\"font-size: large;\"><strong>Je partage l\u2019opinion<\/strong> de l\u2019Honorable Ralph Goodale pour qui \u00ab cette loi est un \u00e9chec \u00bb.<\/span><\/p>\n<p><span style=\"font-size: large;\">Avant de cueillir un fruit, il doit passer par un stade de maturit\u00e9, \u00eatre tri\u00e9, \u00e9valu\u00e9 pour sa qualit\u00e9. Il sera ensuite mis sur le march\u00e9 ou jet\u00e9 s\u2019il ne r\u00e9pond aux normes. Dans le cas pr\u00e9sent, le leitmotiv principal est l\u2019argent.<\/span><\/p>\n<p><span style=\"font-size: large;\">La sant\u00e9 du citoyen semble \u00eatre peu ou pas consid\u00e9r\u00e9e. M\u00eame sur le plan th\u00e9rapeutique il y a discorde : \u00ab <em>L\u2019utilisation de cannabis th\u00e9rapeutique est peu connue, donc les professionnels de la sant\u00e9 ne connaissent pas r\u00e9ellement les doses \u00e0 prescrire. C&rsquo;est la raison pour laquelle l&rsquo;AMC (association m\u00e9dicale Canada) somme d&rsquo;\u00e9tablir des programmes obligatoires de formation et d\u2019autorisation \u00e0 l\u2019intention des m\u00e9decins qui autorisent leurs patients \u00e0 utiliser la marijuana . Depuis 2016, le cannabis \u00e0 usage th\u00e9rapeutique est rembours\u00e9 par l&rsquo;ARC (agence du revenu du Canada)<\/em><\/span><\/p>\n<p><span style=\"font-size: large;\"><em>Il y a donc un d\u00e9saccord entre Sant\u00e9 Canada qui pr\u00f4ne la prescription du cannabis et le coll\u00e8ge des m\u00e9decins du Qu\u00e9bec \u00bb <a href=\"https:\/\/fr.wikipedia.org\/wiki\/Cannabis_au_Canada\">https:\/\/fr.wikipedia.org\/wiki\/Cannabis_au_Canada<\/a><\/em><\/span><\/p>\n<p><span style=\"font-size: large;\"><em>La l\u00e9galisation de la marijuana au f\u00e9d\u00e9ral: du boulot pour les provinces (le Devoir, 14 avril 2017)<\/em><\/span><\/p>\n<p><span style=\"font-size: large;\"><em>\u00ab La loi actuelle est \u00ab un \u00e9chec lamentable \u00bb, a martel\u00e9 le ministre de la S\u00e9curit\u00e9 publique, Ralph Goodale\u2026.Les corps policiers du pays d\u00e9pensent deux \u00e0 trois milliards par ann\u00e9e pour prohiber la marijuana, le crime organis\u00e9 tire sept \u00e0 huit milliards de profits et les jeunes Canadiens demeurent parmi les plus gros consommateurs en Occident. Chez les 15-19 ans, le taux de consommation atteint 21 % ; chez les 20-24 ans, il \u00e9tait de 30 % en 2015, selon le gouvernement. \u00ab On doit tout simplement faire mieux \u00bb, a insist\u00e9 le ministre.<\/em><\/span><\/p>\n<p><a href=\"http:\/\/www.ledevoir.com\/politique\/canada\/496375\/legalisation-de-la-marijuana\"><span style=\"font-size: large;\">http:\/\/www.ledevoir.com\/politique\/canada\/496375\/legalisation-de-la-marijuana<\/span><\/a><\/p>\n<p><span style=\"font-size: large;\"><strong>Une faille consid\u00e9rable dans le projet cannabis, la privatisation int\u00e9grale de la production un danger majeur \u00e0 l\u2019\u00e9chelon National<\/strong><\/span><\/p>\n<p><span style=\"font-size: large;\">Rappelons-nous que la privatisation de la production th\u00e9rapeutique a \u00e9t\u00e9 \u00e9tablie depuis 2001:<\/span><\/p>\n<p><span style=\"font-size: large;\">\u00ab L&rsquo;utilisation du cannabis aux fins m\u00e9dicales a \u00e9t\u00e9 permise pour la premi\u00e8re fois en 2001. Suivant un effort de d\u00e9criminalisation de Jean Chr\u00e9tien en 2003 avec le projet de loi C-38 \u00bb <a href=\"https:\/\/fr.wikipedia.org\/wiki\/Cannabis_au_Canada\">https:\/\/fr.wikipedia.org\/wiki\/Cannabis_au_Canada<\/a><\/span><\/p>\n<p><span style=\"font-size: large;\">M\u00eame si le pr\u00e9c\u00e9dent existe, la consommation est limit\u00e9e puisque r\u00e9serv\u00e9e \u00e0 des fins th\u00e9rapeutiques. La barri\u00e8re actuelle de prescriptions m\u00e9dicales sera d\u00e9truite le 01 07 2018 si le Canada tout entier ne prend pas conscience que :<\/span><\/p>\n<ul>\n<li>\n<p><span style=\"font-size: large;\">La production n\u2019est plus r\u00e9serv\u00e9e seulement \u00e0 la th\u00e9rapie mais aussi, comme il est dit, de fa\u00e7on subtile, \u00e0 l\u2019utilisation r\u00e9cr\u00e9ative.<\/span><\/p>\n<\/li>\n<li>\n<p><span style=\"font-size: large;\">La production deviendra donc int\u00e9gralement privatis\u00e9e et la consommation lib\u00e9ralis\u00e9e.<\/span><\/p>\n<\/li>\n<\/ul>\n<p><span style=\"font-size: large;\"><em>\u00ab Les 41 producteurs de marijuana m\u00e9dicale approuv\u00e9s par Sant\u00e9 Canada seront de facto autoris\u00e9s \u00e0 rejoindre le march\u00e9 r\u00e9cr\u00e9atif. Les crit\u00e8res de production seront toutefois d\u00e9voil\u00e9s \u00ab dans les prochaines semaines \u00bb, par voie de r\u00e9glementation\u2026\u2026 Adam Greenblatt, de la compagnie Tweed \u2014 propri\u00e9t\u00e9 de Canopy Growth, avec Mettrum et Bedrocan \u2014, est ravi. \u00ab Les producteurs autoris\u00e9s alimenteront le futur march\u00e9 r\u00e9cr\u00e9atif. On est assez contents. \u00bb Il ne craint pas un possible l\u00e9ger assouplissement des r\u00e8gles pour permettre l\u2019arriv\u00e9e d\u2019autres joueurs\u2026 S\u2019ils le font, \u00e7a va faciliter nos projets d\u2019expansion. Et on veut un march\u00e9 concurrentiel. \u00bb Martin St-Louis, d\u2019Hydropothicaire \u00e0 Gatineau, a aussi salu\u00e9 \u00ab une excellente nouvelle pour les producteurs autoris\u00e9s \u00bb. Il reconna\u00eet que \u00ab le travail ne fait que commencer \u00bb et compte proposer aux provinces, avec ses partenaires membres de l\u2019Association Cannabis Canada, un mod\u00e8le de distribution par le biais de magasins au d\u00e9tail sp\u00e9cialis\u00e9s\u2026<\/em>. \u00bb<\/span><\/p>\n<p><a href=\"http:\/\/www.ledevoir.com\/politique\/canada\/496375\/legalisation-de-la-marijuana\"><span style=\"font-size: large;\">http:\/\/www.ledevoir.com\/politique\/canada\/496375\/legalisation-de-la-marijuana<\/span><\/a><\/p>\n<p><span style=\"font-size: large;\"><strong>Focaliser la discussion sur la distribution<\/strong> telle que nous le constatons actuellement, est une fa\u00e7on de d\u00e9tourner les vraies questions de la production, <strong>privatisation ou \u00e9tatisation<\/strong>?<\/span><\/p>\n<p><span style=\"font-size: large;\">Avant de penser \u00e0 \u00e9tatiser la distribution avec des r\u00e9glementations s\u00e9v\u00e8res, il est de rigueur d\u2019\u00e9tatiser la production int\u00e9grale, <strong>pour tous les consommateurs<\/strong>.<\/span><\/p>\n<p><span style=\"font-size: large;\">La production privatis\u00e9e actuelle et r\u00e9serv\u00e9e \u00e0 la th\u00e9rapie r\u00e9pond aux normes m\u00e9dicales. La production pour le r\u00e9cr\u00e9atif r\u00e9pondrait alors \u00e0 des normes s\u00e9lectives plus faibles en teneur d\u2019excipients afin de favoriser la pr\u00e9vention. Les discussions sous-jacentes par contre indiquent de toute \u00e9vidence qu\u2019il n\u2019y aura pas de production \u00e0 deux vitesses, puisque les soci\u00e9t\u00e9s priv\u00e9es ont d\u00e9j\u00e0 annonc\u00e9 que la <strong>privatisation int\u00e9grale<\/strong> facilitera un march\u00e9 concurrentiel.<\/span><\/p>\n<p><span style=\"font-size: large;\"><strong>CONCLUSION<\/strong><\/span><\/p>\n<p><span style=\"font-size: large;\">Nous faisons donc face \u00e0 une situation extr\u00eamement grave avec des cons\u00e9quences n\u00e9fastes pour notre jeunesse. Il nous faut r\u00e9agir promptement sur l\u2019attribution de la production aux entreprises priv\u00e9es.<\/span><\/p>\n<p><span style=\"font-size: large;\">La production devrait \u00eatre assur\u00e9e par des <strong>entit\u00e9s gouvernementales<\/strong> \u00e0 la fois pour s\u00e9curiser, g\u00e9rer la production \u00e0 la source et ce afin d\u2019\u00e9viter la prise du march\u00e9 par des entit\u00e9s priv\u00e9es qui seraient peut-\u00eatre difficilement contr\u00f4lables. La drogue a toujours \u00e9t\u00e9 un milieu g\u00e9r\u00e9 par la contrebande. Les entreprises priv\u00e9es ne pourront \u00eatre \u00e0 100% \u00e0 l&rsquo;abri d\u2019une gestion s\u00e9curis\u00e9e. Cette fois, Il ne s\u2019agit plus d\u2019une exploitation limit\u00e9e \u00e0 de la th\u00e9rapie mais qui touche <strong>toute la population du Canada<\/strong>. Cette insouciance de certains de nos responsables risque d\u2019engendrer une calamit\u00e9 publique tant sur le plan sant\u00e9, l\u00e9gislatif et bien entendu social.<\/span><\/p>\n<p><span style=\"font-size: large;\">J\u2019exhorte tous les qu\u00e9b\u00e9cois \u00e0 prendre position afin que la mise en application de cette l\u00e9gislation g\u00e9n\u00e9rale du cannabis soit report\u00e9e jusqu\u2019\u00e0 ce que :<\/span><\/p>\n<ul>\n<li>\n<p><span style=\"font-size: large;\">L\u2019\u00e9tatisation de la production et distribution soit d\u00e9battue et vot\u00e9e.<\/span><\/p>\n<\/li>\n<li>\n<p><span style=\"font-size: large;\">Des r\u00e9ponses soient apport\u00e9es aux questions soulev\u00e9es par certains d\u00e9put\u00e9s et par les citoyens, ce qui inclut les professions lib\u00e9rales (avocats, m\u00e9decins, g\u00e9rants d\u2019immeuble etc..), et<\/span><\/p>\n<\/li>\n<li>\n<p><span style=\"font-size: large;\">Des solutions soient apport\u00e9es dans le respect et l\u2019int\u00e9r\u00eat de tous.<\/span><\/p>\n<\/li>\n<\/ul>\n<p>&nbsp;<\/p>\n<script type=\"text\/javascript\">\n\nvar addthis_config = {\"data_track_clickback\":false,\"data_track_addressbar\":false,\"data_track_textcopy\":false};\n<\/script><script type=\"text\/javascript\" src=\"\/\/s7.addthis.com\/js\/250\/addthis_widget.js#pubid=a457a6d63fb9e6ccabdde4110343bd85\"><\/script>","protected":false},"excerpt":{"rendered":"<ol start=\"4\">\n<li>\n<p style=\"text-align: center;\"><span style=\"font-size: large;\">LA PRIVATISATION OU \u00c9TATISATION DE LA PRODUCTION?<\/span><\/p>\n<\/li>\n<\/ol>\n<p><span style=\"font-size: large;\"><\/span><\/p>\n<p><span style=\"color: #800000;\">par\u00a0Christian Martin<\/span><\/p>\n<p><span style=\"font-size: large;\">Je partage l\u2019opinion de l\u2019Honorable Ralph Goodale pour qui \u00ab cette loi est un \u00e9chec \u00bb.<\/span><\/p>\n<p><span style=\"font-size: large;\">Avant de cueillir un fruit, il doit passer par un stade <\/span>&hellip;<\/p>\n","protected":false},"author":1,"featured_media":0,"comment_status":"open","ping_status":"open","sticky":false,"template":"","format":"standard","meta":{"footnotes":""},"categories":[1],"tags":[],"class_list":["post-14560","post","type-post","status-publish","format-standard","hentry","category-accueil"],"_links":{"self":[{"href":"http:\/\/www.lecarrefourdesopinions.ca\/index.php?rest_route=\/wp\/v2\/posts\/14560","targetHints":{"allow":["GET"]}}],"collection":[{"href":"http:\/\/www.lecarrefourdesopinions.ca\/index.php?rest_route=\/wp\/v2\/posts"}],"about":[{"href":"http:\/\/www.lecarrefourdesopinions.ca\/index.php?rest_route=\/wp\/v2\/types\/post"}],"author":[{"embeddable":true,"href":"http:\/\/www.lecarrefourdesopinions.ca\/index.php?rest_route=\/wp\/v2\/users\/1"}],"replies":[{"embeddable":true,"href":"http:\/\/www.lecarrefourdesopinions.ca\/index.php?rest_route=%2Fwp%2Fv2%2Fcomments&post=14560"}],"version-history":[{"count":1,"href":"http:\/\/www.lecarrefourdesopinions.ca\/index.php?rest_route=\/wp\/v2\/posts\/14560\/revisions"}],"predecessor-version":[{"id":14561,"href":"http:\/\/www.lecarrefourdesopinions.ca\/index.php?rest_route=\/wp\/v2\/posts\/14560\/revisions\/14561"}],"wp:attachment":[{"href":"http:\/\/www.lecarrefourdesopinions.ca\/index.php?rest_route=%2Fwp%2Fv2%2Fmedia&parent=14560"}],"wp:term":[{"taxonomy":"category","embeddable":true,"href":"http:\/\/www.lecarrefourdesopinions.ca\/index.php?rest_route=%2Fwp%2Fv2%2Fcategories&post=14560"},{"taxonomy":"post_tag","embeddable":true,"href":"http:\/\/www.lecarrefourdesopinions.ca\/index.php?rest_route=%2Fwp%2Fv2%2Ftags&post=14560"}],"curies":[{"name":"wp","href":"https:\/\/api.w.org\/{rel}","templated":true}]}}