{"id":14548,"date":"2018-02-24T11:38:28","date_gmt":"2018-02-24T16:38:28","guid":{"rendered":"http:\/\/www.lecarrefourdesopinions.ca\/?p=14548"},"modified":"2018-02-23T11:53:52","modified_gmt":"2018-02-23T16:53:52","slug":"quy-a-t-il-a-comprendre-que-cest-un-cours-cest-tout","status":"publish","type":"post","link":"http:\/\/www.lecarrefourdesopinions.ca\/?p=14548","title":{"rendered":"Qu\u2019y a-t-il \u00e0 Comprendre ? Que c\u2019est un Cours, c\u2019est tout !&#8230;"},"content":{"rendered":"<p align=\"CENTER\"><span style=\"color: #632423;\">\u00a0<\/span><em><span style=\"color: #632423;\"><span style=\"font-family: 'Comic Sans MS';\"><span style=\"font-size: large;\">Qu\u2019y a-t-il \u00e0 Comprendre\u00a0? Que c\u2019est un Cours, c\u2019est tout\u00a0!&#8230;<\/span><\/span><\/span><\/em><\/p>\n<p align=\"JUSTIFY\"><em><span style=\"color: #632423;\">\u00a0<img loading=\"lazy\" decoding=\"async\" class=\"alignnone size-full wp-image-14473\" title=\"Eric\" src=\"http:\/\/www.lecarrefourdesopinions.ca\/wp-content\/uploads\/2018\/01\/Eric.jpg\" alt=\"\" width=\"134\" height=\"107\" \/><\/span><\/em><\/p>\n<p align=\"JUSTIFY\"><span style=\"color: #632423;\"><span style=\"font-family: 'Comic Sans MS';\"><span style=\"font-size: large;\">\u00c9ric EG Nogard<\/span><\/span><\/span><\/p>\n<p align=\"JUSTIFY\"><em><span style=\"color: #c00000;\"><span style=\"font-size: large;\">Chroniqueur<\/span><\/span><\/em><span style=\"color: #c00000;\"><span style=\"font-size: large;\">.<\/span><\/span><\/p>\n<p align=\"CENTER\">\n<p align=\"CENTER\"><span style=\"color: #632423;\"><span style=\"font-size: large;\">***\u00a0\u00a0\u00a0\u00a0 ***\u00a0\u00a0\u00a0\u00a0 ***<\/span><\/span><\/p>\n<p align=\"CENTER\"><span style=\"color: #632423;\"><span style=\"font-size: large;\">***\u00a0\u00a0\u00a0\u00a0 ***\u00a0\u00a0\u00a0\u00a0 ***<\/span><\/span><\/p>\n<p>&nbsp;<\/p>\n<p>&nbsp;<\/p>\n<p><em><span style=\"color: #000099;\"><span style=\"font-size: large;\">Qu\u2019y a-t-il \u00e0 Comprendre\u00a0? Que c\u2019est un Cours, c\u2019est tout\u00a0!&#8230;<\/span><\/span><\/em><\/p>\n<p><em><span style=\"color: #000099;\">\u00a0<\/span><\/em><\/p>\n<p>&nbsp;<\/p>\n<p align=\"CENTER\"><img loading=\"lazy\" decoding=\"async\" class=\"alignnone size-medium wp-image-14549\" title=\"F1   Il semble avoir tous ses moyens\" src=\"http:\/\/www.lecarrefourdesopinions.ca\/wp-content\/uploads\/2018\/02\/F1-Il-semble-avoir-tous-ses-moyens-300x162.jpg\" alt=\"\" width=\"300\" height=\"162\" \/><\/p>\n<p align=\"CENTER\"><strong><span style=\"font-size: large;\">F1\u00a0: <\/span><\/strong><em><span style=\"color: #c00000;\"><span style=\"font-size: large;\">Il semble avoir tous ses moyens\u00a0!<\/span><\/span><\/em><\/p>\n<p align=\"JUSTIFY\">\n<p align=\"JUSTIFY\">\n<p align=\"JUSTIFY\"><span style=\"font-family: 'Comic Sans MS';\"><span style=\"font-size: large;\">M\u00eame nos plus fameux Publicistes s\u2019interrogent (ou feignent de le faire), non pas sur la divulgation des propos adress\u00e9s \u00e0 ses \u00c9tudiants \u2013 (Publicains \u00e0 l\u2019\u00c9cole <\/span><\/span><em><span style=\"font-family: Arial, sans-serif;\"><span style=\"font-size: large;\">E.M. Business School<\/span><\/span><\/em> <span style=\"font-family: 'Comic Sans MS';\"><span style=\"font-size: large;\">de Lyon), sur les \u00ab\u00a0<\/span><\/span><em><span style=\"font-family: 'Comic Sans MS';\"><span style=\"font-size: large;\">Grands Enjeux Contemporains<\/span><\/span><\/em><span style=\"font-family: 'Comic Sans MS';\"><span style=\"font-size: large;\">\u00a0\u00bb, par le Professeur Laurent WAUQUIEZ, Pr\u00e9sident du Premier Parti d\u2019Opposition \u00ab\u00a0les R\u00e9publicains\u00a0\u00bb Fond\u00e9 par l\u2019Ex-Pr\u00e9sident de la R\u00e9publique Nicolas SARKOZY.<\/span><\/span><\/p>\n<p align=\"JUSTIFY\">\n<p align=\"CENTER\"><img loading=\"lazy\" decoding=\"async\" class=\"alignnone size-medium wp-image-14550\" title=\"F2   C est que tout est relatif   c est le moins qu on puisse dire\" src=\"http:\/\/www.lecarrefourdesopinions.ca\/wp-content\/uploads\/2018\/02\/F2-C-est-que-tout-est-relatif-c-est-le-moins-qu-on-puisse-dire-300x168.jpg\" alt=\"\" width=\"300\" height=\"168\" srcset=\"http:\/\/www.lecarrefourdesopinions.ca\/wp-content\/uploads\/2018\/02\/F2-C-est-que-tout-est-relatif-c-est-le-moins-qu-on-puisse-dire-300x168.jpg 300w, http:\/\/www.lecarrefourdesopinions.ca\/wp-content\/uploads\/2018\/02\/F2-C-est-que-tout-est-relatif-c-est-le-moins-qu-on-puisse-dire-400x224.jpg 400w, http:\/\/www.lecarrefourdesopinions.ca\/wp-content\/uploads\/2018\/02\/F2-C-est-que-tout-est-relatif-c-est-le-moins-qu-on-puisse-dire.jpg 427w\" sizes=\"auto, (max-width: 300px) 100vw, 300px\" \/><\/p>\n<p align=\"CENTER\"><strong><span style=\"font-size: large;\">F2\u00a0: <\/span><\/strong><em><span style=\"color: #c00000;\"><span style=\"font-size: large;\">C\u2019est que tout est relatif\u00a0! c\u2019est le moins qu\u2019on puisse dire.<\/span><\/span><\/em><\/p>\n<p align=\"JUSTIFY\">\n<p align=\"JUSTIFY\">\n<p align=\"JUSTIFY\"><strong><span style=\"font-size: large;\">M\u00eame nos plus fameux Publicistes s\u2019interrogent sur les Propos WAUQUIEZ selon lesquels\u00a0:<\/span><\/strong><\/p>\n<p align=\"JUSTIFY\">\n<p align=\"CENTER\"><img loading=\"lazy\" decoding=\"async\" class=\"alignnone size-medium wp-image-14551\" title=\"F3   Serait il la reincarnation de Denys  Tyran de Syracuse\" src=\"http:\/\/www.lecarrefourdesopinions.ca\/wp-content\/uploads\/2018\/02\/F3-Serait-il-la-reincarnation-de-Denys-Tyran-de-Syracuse-300x168.jpg\" alt=\"\" width=\"300\" height=\"168\" \/><\/p>\n<p align=\"CENTER\"><strong><span style=\"font-size: large;\">F3\u00a0: <\/span><\/strong><em><span style=\"color: #c00000;\"><span style=\"font-size: large;\">Serait-il la r\u00e9incarnation de <\/span><\/span><\/em><em><span style=\"color: #c00000;\"><span style=\"font-family: Arial, sans-serif;\"><span style=\"font-size: large;\">Denys<\/span><\/span><\/span><\/em><em><span style=\"color: #c00000;\"><span style=\"font-size: large;\">, Tyran de Syracuse.<\/span><\/span><\/em><\/p>\n<p align=\"JUSTIFY\">\n<p align=\"JUSTIFY\">\n<p align=\"JUSTIFY\"><span style=\"font-size: large;\">&#8211;<\/span><span style=\"font-size: large;\">\u00a0\u00a0\u00a0\u00a0\u00a0\u00a0\u00a0\u00a0 <\/span><em><span style=\"font-size: large;\">Nicolas SARKOZY<\/span><\/em> <span style=\"font-size: large;\">mettrait ses Ministres sur \u00c9coute et Contr\u00f4lerait leur T\u00e9l\u00e9phone \u00e0 leur entr\u00e9e en Conseil\u2026 qu\u2019il serait donc un Espion ou serait-il la R\u00e9incarnation de <\/span><em><span style=\"font-size: large;\">Denys l\u2019Ancien<\/span><\/em><span style=\"font-size: large;\">, de Syracuse.<\/span><\/p>\n<p align=\"JUSTIFY\">\n<p align=\"CENTER\"><img loading=\"lazy\" decoding=\"async\" class=\"alignnone size-full wp-image-14552\" title=\"F4   Une  Dictature Totale  et cela depuis qui    Ou alors depuis quand\" src=\"http:\/\/www.lecarrefourdesopinions.ca\/wp-content\/uploads\/2018\/02\/F4-Une-Dictature-Totale-et-cela-depuis-qui-Ou-alors-depuis-quand.jpg\" alt=\"\" width=\"300\" height=\"175\" \/><\/p>\n<p align=\"CENTER\"><strong><span style=\"font-size: large;\">F4\u00a0: <\/span><\/strong><em><span style=\"color: #c00000;\"><span style=\"font-size: large;\">Une\u00a0 Dictature Totale, et cela depuis qui\u00a0?<\/span><\/span><\/em><\/p>\n<p align=\"CENTER\"><em><span style=\"color: #c00000;\"><span style=\"font-size: large;\">Ou alors depuis quand.<\/span><\/span><\/em><\/p>\n<p align=\"CENTER\">\n<p align=\"JUSTIFY\">\n<p align=\"JUSTIFY\"><span style=\"font-size: large;\">&#8211;<\/span><span style=\"font-size: large;\">\u00a0\u00a0\u00a0\u00a0\u00a0\u00a0\u00a0\u00a0 <\/span><em><span style=\"font-size: large;\">La France<\/span><\/em> <span style=\"font-size: large;\">serait soumise \u00e0 une Dictature Totale, faute du moindre \u00e9quilibre des Pouvoirs\u2026 et cela depuis quand, depuis qui si on pr\u00e9f\u00e8re.<\/span><\/p>\n<p>&nbsp;<\/p>\n<p align=\"JUSTIFY\"><span style=\"font-size: large;\">&#8211;<\/span><span style=\"font-size: large;\">\u00a0\u00a0\u00a0\u00a0\u00a0\u00a0\u00a0\u00a0 <\/span><em><span style=\"font-size: large;\">La CGT<\/span><\/em> <span style=\"font-size: large;\">se faisait un Joli ch\u00e8que de Trois Millions d\u2019Euros l\u2019An, sur le budget de la R\u00e9gion Auvergne-Rh\u00f4ne-Alpes, qu\u2019il Pr\u00e9side actuellement\u2026 Pourquoi ne pas l\u2019avoir dit plus t\u00f4t\u00a0?<\/span><\/p>\n<p>&nbsp;<\/p>\n<p align=\"JUSTIFY\"><span style=\"font-size: large;\">&#8211;<\/span><span style=\"font-size: large;\">\u00a0\u00a0\u00a0\u00a0\u00a0\u00a0\u00a0\u00a0 <\/span><em><span style=\"font-size: large;\">Le M\u00c9DEF, la CGPME,<\/span><\/em> <span style=\"font-size: large;\">les Pires que tout, les plus Catastrophiques, n\u2019aspireraient-t-ils qu\u2019\u00e0 l\u2019Air du Cr\u00e9ateur, ou \u00e0 l\u2019Oseille Publique\u2026 Question Recevable\u00a0!<\/span><\/p>\n<p>&nbsp;<\/p>\n<p align=\"CENTER\"><img loading=\"lazy\" decoding=\"async\" class=\"alignnone size-medium wp-image-14553\" title=\"nn=C3=A9_pour_un_gar=C3=A7on_sup_= er intelligent  Or l intelligence peut etre \u00e0 deux trancha\" src=\"http:\/\/www.lecarrefourdesopinions.ca\/wp-content\/uploads\/2018\/02\/nnC3A9_pour_un_garC3A7on_sup_-er-intelligent-Or-l-intelligence-peut-etre-\u00e0-deux-trancha-300x193.jpeg\" alt=\"\" width=\"300\" height=\"193\" \/><\/p>\n<p align=\"JUSTIFY\"><strong><span style=\"font-size: large;\">F5\u00a0: <\/span><\/strong><strong><span style=\"color: #943634;\"><span style=\"font-size: large;\">Celui-l\u00e0\u00a0! D\u00e9j\u00e0 qu\u2019enfant il \u00e9tait donn\u00e9 pour un gar\u00e7on super intelligent.<\/span><\/span><\/strong><\/p>\n<p align=\"CENTER\"><strong><span style=\"color: #c00000;\"><span style=\"font-size: large;\">Or l\u2019intelligence peut \u00eatre \u00e0 deux tranchants\u00a0!<\/span><\/span><\/strong><\/p>\n<p>&nbsp;<\/p>\n<p>&nbsp;<\/p>\n<p align=\"JUSTIFY\"><span style=\"font-size: large;\">&#8211;<\/span><span style=\"font-size: large;\">\u00a0\u00a0\u00a0\u00a0\u00a0\u00a0\u00a0\u00a0 <\/span><em><span style=\"font-size: large;\">Alain JUPP\u00c9<\/span><\/em> <span style=\"font-size: large;\">aurait Cram\u00e9 la Caisse\u2026 \u00e9minemment et respectablement.<\/span><\/p>\n<p align=\"JUSTIFY\">\n<p align=\"CENTER\"><img loading=\"lazy\" decoding=\"async\" class=\"alignnone size-medium wp-image-14554\" title=\"F6   A la regarder  que lui demanderait de plus notre Grand Georges BRASSENS\" src=\"http:\/\/www.lecarrefourdesopinions.ca\/wp-content\/uploads\/2018\/02\/F6-A-la-regarder-que-lui-demanderait-de-plus-notre-Grand-Georges-BRASSENS-300x168.jpg\" alt=\"\" width=\"300\" height=\"168\" srcset=\"http:\/\/www.lecarrefourdesopinions.ca\/wp-content\/uploads\/2018\/02\/F6-A-la-regarder-que-lui-demanderait-de-plus-notre-Grand-Georges-BRASSENS-300x168.jpg 300w, http:\/\/www.lecarrefourdesopinions.ca\/wp-content\/uploads\/2018\/02\/F6-A-la-regarder-que-lui-demanderait-de-plus-notre-Grand-Georges-BRASSENS-400x225.jpg 400w, http:\/\/www.lecarrefourdesopinions.ca\/wp-content\/uploads\/2018\/02\/F6-A-la-regarder-que-lui-demanderait-de-plus-notre-Grand-Georges-BRASSENS.jpg 1024w\" sizes=\"auto, (max-width: 300px) 100vw, 300px\" \/><\/p>\n<p align=\"JUSTIFY\"><strong><span style=\"font-size: large;\">F6\u00a0: <\/span><\/strong><em><span style=\"color: #c00000;\"><span style=\"font-size: large;\">A la regarder, que lui demanderait de plus notre Grand Georges BRASSENS.<\/span><\/span><\/em><\/p>\n<p align=\"JUSTIFY\">\n<p align=\"JUSTIFY\">\n<p align=\"JUSTIFY\"><span style=\"font-size: large;\">&#8211;<\/span><span style=\"font-size: large;\">\u00a0\u00a0\u00a0\u00a0\u00a0\u00a0\u00a0\u00a0 <\/span><em><span style=\"font-size: large;\">Val\u00e9rie P\u00c9CRESSE<\/span><\/em><span style=\"font-size: large;\">, une Ma\u00eetresse en Conneries\u2026 Parole de Professeur ou celle de BRASSENS.<\/span><\/p>\n<p align=\"JUSTIFY\"><span style=\"font-size: large;\">&#8211;<\/span><span style=\"font-size: large;\">\u00a0\u00a0\u00a0\u00a0\u00a0\u00a0\u00a0\u00a0 <\/span><\/p>\n<p align=\"JUSTIFY\"><span style=\"font-size: large;\">Et puis encore\u2026 et puis encore.<\/span><\/p>\n<p align=\"JUSTIFY\">\n<p align=\"JUSTIFY\"><strong><span style=\"font-size: large;\">Et, comme si la Coupe n\u2019\u00e9tait pas largement <\/span><\/strong><em><span style=\"font-family: Arial, sans-serif;\"><span style=\"font-size: large;\">Over flowing<\/span><\/span><\/em><strong><span style=\"font-size: large;\">, nos Publicistes s\u2019interrogent\u00a0:<\/span><\/strong><\/p>\n<p align=\"JUSTIFY\">\n<p align=\"JUSTIFY\"><span style=\"font-family: Symbol;\"><span style=\"font-size: large;\">\u00b7<\/span><\/span><span style=\"font-family: Symbol;\"><span style=\"font-size: large;\">\u00a0\u00a0\u00a0\u00a0\u00a0\u00a0\u00a0 <\/span><\/span><em><span style=\"font-size: large;\">Laurent WAUQUIEZ<\/span><\/em> <span style=\"font-size: large;\">donne des Cours, en plus de ses autres Casquettes\u2026 de quoi faire r\u00eaver les Sans Emploi.<\/span><\/p>\n<p align=\"JUSTIFY\">\n<p align=\"JUSTIFY\"><span style=\"font-family: Symbol;\"><span style=\"font-size: large;\">\u00b7<\/span><\/span><span style=\"font-family: Symbol;\"><span style=\"font-size: large;\">\u00a0\u00a0\u00a0\u00a0\u00a0\u00a0\u00a0 <\/span><\/span><em><span style=\"font-size: large;\">Comment Laurent WAUQUIEZ,<\/span><\/em> <span style=\"font-size: large;\">Pr\u00e9sident de \u00ab\u00a0Les R\u00e9publicains\u00a0\u00bb premier Parti d\u2019Opposition de France, Pr\u00e9sident de la 2<\/span><sup><span style=\"font-size: large;\">i\u00e8me<\/span><\/sup><span style=\"font-size: large;\"> R\u00e9gion de France (Auvergne-Rhone-Alpes), trouve-t-il le temps de pratiquer l\u2019Enseignement\u2026 et serait-il le Seul \u00e0 Cumuler, pour le Grand Bien de tant de sortis tout droit de l\u2019Universit\u00e9, comme l\u2019a toujours vainement d\u00e9nonc\u00e9 le \u00ab\u00a0<\/span><em><span style=\"font-size: large;\">Cri d\u2019Alarme<\/span><\/em><span style=\"font-size: large;\">\u00a0\u00bb.<\/span><\/p>\n<p>&nbsp;<\/p>\n<p align=\"JUSTIFY\"><span style=\"font-family: Symbol;\"><span style=\"font-size: large;\">\u00b7<\/span><\/span><span style=\"font-family: Symbol;\"><span style=\"font-size: large;\">\u00a0\u00a0\u00a0\u00a0\u00a0\u00a0\u00a0 <\/span><\/span><em><span style=\"font-size: large;\">Comment Laurent WAUQUIEZ,<\/span><\/em> <span style=\"font-size: large;\">cet Expert en Communication, s\u2019est-il laiss\u00e9 prendre au Pi\u00e8ge\u00a0?..<\/span><\/p>\n<p>&nbsp;<\/p>\n<p align=\"JUSTIFY\"><span style=\"font-size: large;\">C\u2019est que le Diable l\u2019aura abandonn\u00e9 dans la mise en place de sa Cellule de D\u00e9molition, comme il est devenu si courant en ce Temps de D\u00e9cadence de notre Cinqui\u00e8me R\u00e9publique.<\/span><\/p>\n<p align=\"JUSTIFY\">\n<p align=\"CENTER\"><img loading=\"lazy\" decoding=\"async\" class=\"alignnone size-medium wp-image-14555\" title=\"F7   Mais \u00e7a peut arriver      meme en Cascade\" src=\"http:\/\/www.lecarrefourdesopinions.ca\/wp-content\/uploads\/2018\/02\/F7-Mais-\u00e7a-peut-arriver-meme-en-Cascade-300x168.jpg\" alt=\"\" width=\"300\" height=\"168\" \/><\/p>\n<p align=\"CENTER\"><strong><span style=\"font-size: large;\">F7\u00a0: <\/span><\/strong><em><span style=\"color: #c00000;\"><span style=\"font-size: large;\">Mais \u00e7a peut arriver\u00a0!.. m\u00eame en Cascade.<\/span><\/span><\/em><\/p>\n<p align=\"JUSTIFY\">\n<p align=\"JUSTIFY\">\n<p align=\"JUSTIFY\"><strong><span style=\"font-size: large;\">Chacun donc se demande ce qu\u2019il faut en comprendre ou y voir, du Cours de WAUQUIEZ.<\/span><\/strong><\/p>\n<p align=\"JUSTIFY\">\n<p align=\"CENTER\"><img loading=\"lazy\" decoding=\"async\" class=\"alignnone size-medium wp-image-14556\" title=\"F8   Juste un Cours Initiatique\" src=\"http:\/\/www.lecarrefourdesopinions.ca\/wp-content\/uploads\/2018\/02\/F8-Juste-un-Cours-Initiatique-300x199.jpg\" alt=\"\" width=\"300\" height=\"199\" \/><\/p>\n<p align=\"CENTER\"><strong><span style=\"font-size: large;\">F8\u00a0: <\/span><\/strong><em><span style=\"color: #c00000;\"><span style=\"font-size: large;\">Juste un Cours Initiatique.<\/span><\/span><\/em><\/p>\n<p align=\"CENTER\">\n<p align=\"JUSTIFY\">\n<p align=\"JUSTIFY\"><span style=\"font-size: large;\">En tout cas selon le \u00ab\u00a0Cri d\u2019Alarme\u00a0\u00bb et vu tout ce qu\u2019il a subi, et vu sa Connaissance des Pratiques Coutumi\u00e8res dont la France se Meurt autant qu\u2019en Souffre le Fran\u00e7ais dans son plus grand nombre.<\/span><\/p>\n<p align=\"JUSTIFY\">\n<p align=\"JUSTIFY\"><span style=\"font-size: large;\">Aucun calcul, aucune imprudence, aucune na\u00efvet\u00e9 chez WAUQUIEZ.<\/span><\/p>\n<p align=\"JUSTIFY\">\n<p align=\"JUSTIFY\">\n<p align=\"JUSTIFY\"><strong><span style=\"font-size: large;\">Nous n\u2019y voyons qu\u2019un Cours d\u2019Initiation dispens\u00e9 aux Bizuths de notre Future \u00c9lite.<\/span><\/strong><\/p>\n<p align=\"JUSTIFY\">\n<p align=\"JUSTIFY\"><span style=\"font-size: large;\">Un Cours d\u2019Initiation avec ses Codes et tout ce qu\u2019il r\u00e9clame avec ses mises en garde et son Obligation au Secret.<\/span><\/p>\n<p align=\"JUSTIFY\">\n<p align=\"JUSTIFY\"><span style=\"font-size: large;\">Un cours en Bonne et Due Forme comme tant d\u2019autres l\u2019ont fait\u2026 mais cette fois, un incident de parcours, le Diable n\u2019a pas March\u00e9, que chacun recouvre ses esprits, s\u2019interroge, se rappelle et y voit clair.<\/span><\/p>\n<p align=\"JUSTIFY\">\n<p align=\"CENTER\"><img loading=\"lazy\" decoding=\"async\" class=\"alignnone size-medium wp-image-14557\" title=\"F9   Un Cours Initiatique donc    esoterique a souhait   Des lors  a quel recours s attendre   Que du Professeur ou que de\" src=\"http:\/\/www.lecarrefourdesopinions.ca\/wp-content\/uploads\/2018\/02\/F9-Un-Cours-Initiatique-donc-esoterique-a-souhait-Des-lors-a-quel-recours-s-attendre-Que-du-Professeur-ou-que-de-266x300.png\" alt=\"\" width=\"266\" height=\"300\" srcset=\"http:\/\/www.lecarrefourdesopinions.ca\/wp-content\/uploads\/2018\/02\/F9-Un-Cours-Initiatique-donc-esoterique-a-souhait-Des-lors-a-quel-recours-s-attendre-Que-du-Professeur-ou-que-de-266x300.png 266w, http:\/\/www.lecarrefourdesopinions.ca\/wp-content\/uploads\/2018\/02\/F9-Un-Cours-Initiatique-donc-esoterique-a-souhait-Des-lors-a-quel-recours-s-attendre-Que-du-Professeur-ou-que-de-400x450.png 400w, http:\/\/www.lecarrefourdesopinions.ca\/wp-content\/uploads\/2018\/02\/F9-Un-Cours-Initiatique-donc-esoterique-a-souhait-Des-lors-a-quel-recours-s-attendre-Que-du-Professeur-ou-que-de.png 472w\" sizes=\"auto, (max-width: 266px) 100vw, 266px\" \/><\/p>\n<p align=\"CENTER\"><strong><span style=\"font-size: large;\">F9\u00a0: <\/span><\/strong><em><span style=\"color: #c00000;\"><span style=\"font-size: large;\">Un Cours Initiatique donc\u2026 \u00e9sot\u00e9rique \u00e0 souhait.<\/span><\/span><\/em><\/p>\n<p align=\"CENTER\"><em><span style=\"color: #c00000;\"><span style=\"font-size: large;\">D\u00e8s-lors, \u00e0 quel recours s\u2019attendre,<\/span><\/span><\/em><\/p>\n<p align=\"CENTER\"><em><span style=\"color: #c00000;\"><span style=\"font-size: large;\">Que du Professeur ou que de ses Cobayes.<\/span><\/span><\/em><\/p>\n<p align=\"JUSTIFY\">\n<p align=\"JUSTIFY\">\n<p align=\"JUSTIFY\"><strong><span style=\"font-size: large;\">Un Cours d\u2019Initiation, ce qui n\u2019est pas nouveau chez-nous, c\u2019est l\u2019histoire de faire conna\u00eetre aux Puceaux de l\u2019\u00c9lite tout ce que peut cacher et promettre le C\u00f4t\u00e9 Opaque et inavouable de notre Soci\u00e9t\u00e9.<\/span><\/strong><\/p>\n<p align=\"JUSTIFY\">\n<p align=\"JUSTIFY\"><span style=\"font-size: large;\">Ce qui n\u2019est pas nouveau, les Tribus Africaines les plus lointaines le pratiquent depuis la nuit des temps.<\/span><\/p>\n<p align=\"JUSTIFY\">\n<p align=\"JUSTIFY\">\n<p align=\"JUSTIFY\"><strong><span style=\"font-family: 'Comic Sans MS';\"><span style=\"font-size: large;\">L\u2019Imposture est ce qu\u2019elle est\u2026 tout un Art de Termites sous le couvert et la Protection du Diable, \u00e0 la faveur de L\u00e2chet\u00e9s qu\u2019on ne saurait imaginer.<\/span><\/span><\/strong><\/p>\n<p align=\"JUSTIFY\">\n<p align=\"JUSTIFY\"><span style=\"font-family: 'Comic Sans MS';\"><span style=\"font-size: large;\">Tout un Art de Termites comme peut l\u2019\u00eatre un Cours d\u2019Initiation dispens\u00e9 aux Bizuths de notre Future \u00c9lite.<\/span><\/span><\/p>\n<p align=\"JUSTIFY\">\n<p align=\"JUSTIFY\"><em><span style=\"font-family: 'Comic Sans MS';\"><span style=\"font-size: large;\">Fortunately, everything must be paid one day&#8230; or another !<\/span><\/span><\/em><em>\u00a0<\/em><\/p>\n<p align=\"JUSTIFY\">\n<p align=\"JUSTIFY\"><span style=\"font-size: large;\">\u00c9ric EG Nogard<\/span><\/p>\n<p align=\"JUSTIFY\"><em><span style=\"color: #c00000;\"><span style=\"font-size: large;\">Chroniqueur<\/span><\/span><\/em><span style=\"color: #c00000;\"><span style=\"font-size: large;\">.<\/span><\/span><\/p>\n<p align=\"JUSTIFY\"><span style=\"color: #c00000;\">\u00a0<\/span><\/p>\n<p align=\"CENTER\"><strong><span style=\"font-size: large;\">***\u00a0\u00a0\u00a0\u00a0 ***\u00a0\u00a0\u00a0\u00a0 ***<\/span><\/strong><\/p>\n<p align=\"CENTER\"><strong>\u00a0<\/strong><\/p>\n<p align=\"CENTER\"><strong><span style=\"color: #ff0000;\">Ne Peut \u00eatre reproduit &#8211; m\u00eame partiellement &#8211;\u00a0 sans l\u2019autorisation de l\u2019Auteur.<\/span><\/strong><\/p>\n<p align=\"CENTER\"><strong>\u00a0<\/strong><\/p>\n<p align=\"CENTER\"><strong><span style=\"font-size: large;\">***\u00a0\u00a0\u00a0\u00a0 ***\u00a0\u00a0\u00a0\u00a0 ***<\/span><\/strong><\/p>\n<p align=\"CENTER\">\n<p align=\"CENTER\"><strong><span style=\"color: #ff0000;\"><span style=\"font-size: large;\">Nota : <\/span><\/span><\/strong><span style=\"color: #000000;\"><span style=\"font-size: large;\">Nous ne traitons que de Faits et de Noms rendus Publics.<\/span><\/span><\/p>\n<p align=\"CENTER\"><span style=\"color: #000000;\">\u00a0<\/span><\/p>\n<p align=\"CENTER\"><span style=\"color: #000000;\"><span style=\"font-size: large;\">***\u00a0\u00a0\u00a0\u00a0 ***\u00a0 \u00a0\u00a0\u00a0***<\/span><\/span><\/p>\n<p align=\"JUSTIFY\"><strong><span style=\"text-decoration: underline;\">Liens Sugg\u00e9r\u00e9s\u00a0:<\/span><\/strong><\/p>\n<p align=\"JUSTIFY\">\n<ul type=\"DISC\">\n<li>\n<p align=\"JUSTIFY\"><a href=\"http:\/\/www.etatsgenerauxdeloutremer.fr\/reflexions\">http:\/\/www.etatsgenerauxdeloutremer.fr\/reflexions<\/a><\/p>\n<\/li>\n<\/ul>\n<p align=\"CENTER\"><strong><span style=\"color: #ff0000;\">\u00a0<\/span><\/strong><\/p>\n<p>&nbsp;<\/p>\n<script type=\"text\/javascript\">\n\nvar addthis_config = {\"data_track_clickback\":false,\"data_track_addressbar\":false,\"data_track_textcopy\":false};\n<\/script><script type=\"text\/javascript\" src=\"\/\/s7.addthis.com\/js\/250\/addthis_widget.js#pubid=a457a6d63fb9e6ccabdde4110343bd85\"><\/script>","protected":false},"excerpt":{"rendered":"<p align=\"CENTER\"><span style=\"color: #632423;\">\u00a0<\/span><span style=\"color: #632423;\"><span style=\"font-family: 'Comic Sans MS';\"><span style=\"font-size: large;\">Qu\u2019y a-t-il \u00e0 Comprendre\u00a0? Que c\u2019est un Cours, c\u2019est tout\u00a0!&#8230;<\/span><\/span><\/span><\/p>\n<p align=\"JUSTIFY\"><span style=\"color: #632423;\">\u00a0<\/span><\/p>\n<p align=\"JUSTIFY\"><span style=\"color: #632423;\"><span style=\"font-family: 'Comic Sans MS';\"><span style=\"font-size: large;\">\u00c9ric EG Nogard<\/span><\/span><\/span><\/p>\n<p align=\"JUSTIFY\"><span style=\"color: #c00000;\"><span style=\"font-size: large;\">Chroniqueur<\/span><\/span><span style=\"color: #c00000;\"><span style=\"font-size: large;\">.<\/span><\/span><\/p>\n<p align=\"CENTER\">\n<p align=\"CENTER\"><span style=\"color: #632423;\"><span style=\"font-size: large;\">***\u00a0\u00a0\u00a0\u00a0 ***\u00a0\u00a0\u00a0\u00a0 ***<\/span><\/span><\/p>\n<p align=\"CENTER\"><span style=\"color: #632423;\"><span style=\"font-size: large;\">***\u00a0\u00a0\u00a0\u00a0 ***\u00a0\u00a0\u00a0\u00a0 ***<\/span><\/span><\/p>\n<p>&nbsp;<\/p>\n<p>&nbsp;<\/p>\n<p><span style=\"color: #000099;\"><span style=\"font-size: large;\">Qu\u2019y a-t-il \u00e0 Comprendre\u00a0? Que c\u2019est un Cours, c\u2019est tout\u00a0!&#8230;<\/span><\/span>&hellip;<\/p>\n","protected":false},"author":1,"featured_media":0,"comment_status":"open","ping_status":"open","sticky":false,"template":"","format":"standard","meta":{"footnotes":""},"categories":[1],"tags":[],"class_list":["post-14548","post","type-post","status-publish","format-standard","hentry","category-accueil"],"_links":{"self":[{"href":"http:\/\/www.lecarrefourdesopinions.ca\/index.php?rest_route=\/wp\/v2\/posts\/14548","targetHints":{"allow":["GET"]}}],"collection":[{"href":"http:\/\/www.lecarrefourdesopinions.ca\/index.php?rest_route=\/wp\/v2\/posts"}],"about":[{"href":"http:\/\/www.lecarrefourdesopinions.ca\/index.php?rest_route=\/wp\/v2\/types\/post"}],"author":[{"embeddable":true,"href":"http:\/\/www.lecarrefourdesopinions.ca\/index.php?rest_route=\/wp\/v2\/users\/1"}],"replies":[{"embeddable":true,"href":"http:\/\/www.lecarrefourdesopinions.ca\/index.php?rest_route=%2Fwp%2Fv2%2Fcomments&post=14548"}],"version-history":[{"count":2,"href":"http:\/\/www.lecarrefourdesopinions.ca\/index.php?rest_route=\/wp\/v2\/posts\/14548\/revisions"}],"predecessor-version":[{"id":14559,"href":"http:\/\/www.lecarrefourdesopinions.ca\/index.php?rest_route=\/wp\/v2\/posts\/14548\/revisions\/14559"}],"wp:attachment":[{"href":"http:\/\/www.lecarrefourdesopinions.ca\/index.php?rest_route=%2Fwp%2Fv2%2Fmedia&parent=14548"}],"wp:term":[{"taxonomy":"category","embeddable":true,"href":"http:\/\/www.lecarrefourdesopinions.ca\/index.php?rest_route=%2Fwp%2Fv2%2Fcategories&post=14548"},{"taxonomy":"post_tag","embeddable":true,"href":"http:\/\/www.lecarrefourdesopinions.ca\/index.php?rest_route=%2Fwp%2Fv2%2Ftags&post=14548"}],"curies":[{"name":"wp","href":"https:\/\/api.w.org\/{rel}","templated":true}]}}