{"id":14546,"date":"2018-02-23T09:08:15","date_gmt":"2018-02-23T14:08:15","guid":{"rendered":"http:\/\/www.lecarrefourdesopinions.ca\/?p=14546"},"modified":"2018-02-23T09:08:15","modified_gmt":"2018-02-23T14:08:15","slug":"2-de-la-distribution-a-la-consommation-et-ses-problematiques","status":"publish","type":"post","link":"http:\/\/www.lecarrefourdesopinions.ca\/?p=14546","title":{"rendered":"2. DE LA DISTRIBUTION \u00c0 LA CONSOMMATION ET SES PROBL\u00c9MATIQUES"},"content":{"rendered":"<ol start=\"2\">\n<li>\n<p style=\"text-align: center;\"><span style=\"font-size: medium;\"><strong>2. DE LA DISTRIBUTION \u00c0 LA CONSOMMATION ET SES PROBL\u00c9MATIQUES<\/strong><\/span><\/p>\n<\/li>\n<li>\n<p style=\"text-align: left;\"><span style=\"font-size: medium;\"><strong><img loading=\"lazy\" decoding=\"async\" class=\"alignnone size-thumbnail wp-image-14536\" title=\"Christian-c\" src=\"http:\/\/www.lecarrefourdesopinions.ca\/wp-content\/uploads\/2018\/02\/Christian-c-134x107.jpg\" alt=\"\" width=\"134\" height=\"107\" \/><\/strong><\/span><\/p>\n<\/li>\n<li>\n<p style=\"text-align: left;\"><span style=\"font-size: medium;\"><strong>par Christian Martin<\/strong><\/span><\/p>\n<\/li>\n<\/ol>\n<p><span style=\"text-decoration: underline;\">Comparaison avec la situation v\u00e9cue avec le tabac :<\/span><\/p>\n<p>Compte tenu de l\u2019exp\u00e9rience v\u00e9cue avec le tabac depuis des d\u00e9cennies, il est incompr\u00e9hensible de voir nos \u00e9lus \u00eatre favorables, sans r\u00e9serve, \u00e0 la l\u00e9galisation du cannabis.<\/p>\n<p>Il a fallu des ann\u00e9es de lutte pour faire diminuer la consommation de tabac. Les gouvernements combattent constamment la consommation de tabac, avec des taxes successives et de nombreux interdits, assorties de publicit\u00e9s d\u00e9montrant les effets n\u00e9gatifs sur la sant\u00e9. La publicit\u00e9 sur les paquets de tabac est remplac\u00e9e par des avis de mise en garde. Le co\u00fbt des publicit\u00e9s n\u00e9gatives contre le tabac dans les m\u00e9dias est certainement consid\u00e9rable.<\/p>\n<p>Au cancer provoqu\u00e9 par le tabac, un fl\u00e9au difficile \u00e0 endiguer, viendra s\u2019ajouter les effets du cannabis sur le cerveau, une catastrophe pour nos jeunes. Ce ph\u00e9nom\u00e8ne a \u00e9t\u00e9 tr\u00e8s bien couvert par les m\u00e9dias:<\/p>\n<p><strong>Le tabac : Mortel sous toutes ses formes et les industriels \u00e0 l\u2019assaut de la jeunesse<\/strong><\/p>\n<p><a href=\"http:\/\/www.who.int\/tobacco\/wntd\/2006\/materials\/wntd_2006_fr.pdf\">http:\/\/www.who.int\/tobacco\/wntd\/2006\/materials\/wntd_2006_fr.pdf<\/a><\/p>\n<p><strong>Tabac : Les industriels \u00e0 l&rsquo;assaut de la jeunesse.<\/strong><\/p>\n<p><a href=\"https:\/\/meta.tv\/tabac-les-industriels-a-lassaut-de-la-jeunesse\">https:\/\/meta.tv\/tabac-les-industriels-a-lassaut-de-la-jeunesse<\/a><\/p>\n<p><span style=\"text-decoration: underline;\">Probl\u00e9matiques li\u00e9es \u00e0 la consommation du cannabis<\/span><\/p>\n<p>Compte tenu de toutes les questions qui sont soulev\u00e9es actuellement entre autres sur la consommation du cannabis dans des lieux r\u00e9sidentiels et publics et plus particuli\u00e8rement sur la gestion de la production elle-m\u00eame, il semble que le Qu\u00e9bec se dirige vers une situation chaotique. Cette consommation soul\u00e8vera de nombreuses questions l\u00e9gales \u00e9galement.<\/p>\n<ul>\n<li>\n<p><span style=\"text-decoration: underline;\">D\u00e9tection dans les lieux publics (en entreprise) ou priv\u00e9s (logement condos)<\/span><\/p>\n<\/li>\n<\/ul>\n<p><em>Faut-il un guide pour g\u00e9rer le pot dans les entreprises ? | Affaires | Le Droit &#8230;<\/em><\/p>\n<p><em>\u00ab Pas moins de 73 % des professionnels qu\u00e9b\u00e9cois en ressources humaines sont pr\u00e9occup\u00e9s par la l\u00e9galisation prochaine du cannabis au Canada. Plus de 30 % d&rsquo;entre eux avancent m\u00eame que l&rsquo;enjeu est \u00a0\u00bb tr\u00e8s \u00a0\u00bb pr\u00e9occupant \u00bb.<\/em><\/p>\n<p><a href=\"https:\/\/www.ledroit.com\/...\/un-guide-pour-gerer-le-pot-dans-les-ent...\">https:\/\/www.ledroit.com\/&#8230;\/un-guide-pour-gerer-le-pot-dans-les-ent&#8230;<\/a><\/p>\n<p><a href=\"https:\/\/www.ledroit.com\/affaires\/un-guide-pour-gerer-le-pot-dans-les-entreprises-da98729448e42a558dac9b6ebb7876c1\">https:\/\/www.ledroit.com\/affaires\/un-guide-pour-gerer-le-pot-dans-les-entreprises-da98729448e42a558dac9b6ebb7876c1<\/a><\/p>\n<ul>\n<li>\n<p><span style=\"text-decoration: underline;\">Statistiques de consommation<\/span><\/p>\n<\/li>\n<\/ul>\n<p>\u00ab <em>L&rsquo;utilisateur moyen de cannabis a d\u00e9pens\u00e9 l\u2019ann\u00e9e derni\u00e8re environ 1200 $ CAN, principalement pour de la marijuana non m\u00e9dicale. L&rsquo;usage r\u00e9cr\u00e9atif du cannabis est actuellement ill\u00e9gal \u00e0 l&rsquo;\u00e9chelle nationale.<\/em><\/p>\n<p><em>Les d\u00e9penses des Canadiens en cannabis \u00e9taient bien en de\u00e7\u00e0 des niveaux de 2016 pour l&rsquo;alcool de 22,3 milliards de dollars canadiens et de 16 milliards de dollars canadiens pour le tabac. \u00bb<\/em><\/p>\n<p><a href=\"https:\/\/a.msn.com\/r\/2\/AAvaqfL?m=en-ca\">https:\/\/a.msn.com\/r\/2\/AAvaqfL?m=en-ca<\/a><\/p>\n<p>Comment accorder du cr\u00e9dit \u00e0 ces statistiques alors que le r\u00e9cr\u00e9atif n\u2019est pas encore l\u00e9galis\u00e9.<\/p>\n<ul>\n<li>\n<p><span style=\"text-decoration: underline;\">D\u00e9tection par la police (conduite en \u00e9tat d\u2019intoxication)<\/span><\/p>\n<\/li>\n<\/ul>\n<p>Ne voil\u00e0-t-il pas maintenant, que le gouvernement f\u00e9d\u00e9ral envisage d\u2019investir 81 millions de dollars pour former des policiers \u00e0 d\u00e9tecter chez les automobilistes le taux d\u2019intoxication au cannabis<\/p>\n<p><a href=\"https:\/\/www.msn.com\/en-ca\/news\/canada\/like-flipping-a-coin-why-its-so-hard-to-test-drivers-for-pot\/ar-AAvbZ2t\">https:\/\/www.msn.com\/en-ca\/news\/canada\/like-flipping-a-coin-why-its-so-hard-to-test-drivers-for-pot\/ar-AAvbZ2t<\/a><\/p>\n<ol start=\"2\">\n<li>\n<p><span style=\"font-size: medium;\"><strong>LA L\u00c9GISLATION<\/strong><\/span><\/p>\n<\/li>\n<\/ol>\n<p>La nouvelle l\u00e9gislation pour le cannabis r\u00e9cr\u00e9atif engendre-t-elle une novation1 par rapport \u00e0 celle de soin th\u00e9rapeutique ? La l\u00e9gislation ne devrait-elle pas devenir g\u00e9n\u00e9rale?<\/p>\n<p>Quels probl\u00e8mes cela soul\u00e8ve-t-il me direz-vous?<\/p>\n<p>Dans les baux il a \u00e9t\u00e9 inclus une interdiction de fumer du tabac. Il semble que rien n\u2019ait \u00e9t\u00e9 pr\u00e9vu \u00e0 cet effet pour le cannabis th\u00e9rapeutique puisque r\u00e9cemment un locataire \u00e9tait menac\u00e9 d\u2019expulsion car il fumait du cannabis dans son logement. Qu\u2019en sera-t-il dans le futur? Les l\u00e9gislateurs vont-ils statuer sur la distinction entre cannabis th\u00e9rapeutique ou r\u00e9cr\u00e9atif? 1 La novation est l&rsquo;extinction d&rsquo;une obligation par la cr\u00e9ation d&rsquo;une obligation nouvelle qui prend la place de l&rsquo;ancienne. L&rsquo;ancienne obligation dispara\u00eet et se retrouve remplac\u00e9e par une obligation nouvelle.<\/p>\n<p>(Source : <a href=\"https:\/\/fr.wikipedia.org\/wiki\/Cannabis_au_Canada\">https:\/\/fr.wikipedia.org\/wiki\/Cannabis_au_Canada<\/a>)<\/p>\n<p>\u00ab <em>Conform\u00e9ment \u00e0 l&rsquo;engagement pris lors de la campagne \u00e9lectorale de 2015, le premier ministre Justin Trudeau pr\u00e9pare un projet de loi d\u00e9battu en 2017 en vue d&rsquo;une l\u00e9galisation du cannabis \u00e0 usage r\u00e9cr\u00e9atif au 1er juillet 2018.<\/em><\/p>\n<p><em>Le gouvernement f\u00e9d\u00e9ral fixerait les normes sanitaires et les provinces auraient la responsabilit\u00e9 de mettre en place les r\u00e9seaux de distribution pour encadrer la vente du cannabis. L&rsquo;achat et la consommation de cannabis seraient r\u00e9serv\u00e9s aux personnes majeures (18 ou 19 ans selon les provinces), et tout trafic ou vente aux plus jeunes serait passible de poursuites p\u00e9nales.<\/em><\/p>\n<p><em>Visant \u00e0 \u00ab autoriser sans promouvoir \u00bb, le projet de loi est d\u00e9pos\u00e9 le 13 avril 2017 afin de l\u00e9galiser l\u2019achat de cannabis produit sous licence, la culture de quatre plants pour usage personnel et la possession de 30 grammes pour les personnes majeures, les provinces et territoires pouvant augmenter cet \u00e2ge minimal. L\u2019enjeu de s\u00e9curit\u00e9 routi\u00e8re est d\u00e9battu, le projet initial proposant de rendre ill\u00e9gale la conduite dans les deux heures apr\u00e8s avoir consomm\u00e9 du cannabis\u2026\u2026Selon le ministre de la s\u00e9curit\u00e9 publique Ralph Goodale, \u00ab <\/em><em><strong>la loi actuelle est un \u00e9chec<\/strong><\/em><em> \u00bb, bien que la police d\u00e9pense chaque ann\u00e9e \u00ab 2 \u00e0 3 milliards de dollars pour combattre cette consommation \u00bb, les trafiquants empochent 7 \u00e0 8 milliards d&rsquo;un march\u00e9 \u00e9valu\u00e9 \u00e0 22,6 milliards de dollars canadiens (16,1 milliards d\u2019euros) par le cabinet de consultants Deloitte. Le gramme se n\u00e9gociant \u00e0 10 dollars, les taxes doivent \u00eatre fix\u00e9s \u00e0 un niveau adapt\u00e9 pour que l&rsquo;offre l\u00e9gale reste <\/em><em>comp\u00e9titive<\/em><em>. Les \u00e9valuations diverses estiment les retomb\u00e9es brutes pour l\u2019\u00c9tat entre 675 millions de dollars et 10 milliards de dollars par an.<\/em> \u00bb<\/p>\n<p>Que l\u2019offre l\u00e9gale reste comp\u00e9titive! Le gouvernement f\u00e9d\u00e9ral imposant aux entreprises priv\u00e9es un prix \u00e0 la consommation, il ne peut y avoir de comp\u00e9tition entre elles. Qui sera le comp\u00e9titeur sinon les contrebandiers? Le gouvernement est conscient qu\u2019il ne pourra \u00e9liminer la contrebande en fixant les prix.<\/p>\n<script type=\"text\/javascript\">\n\nvar addthis_config = {\"data_track_clickback\":false,\"data_track_addressbar\":false,\"data_track_textcopy\":false};\n<\/script><script type=\"text\/javascript\" src=\"\/\/s7.addthis.com\/js\/250\/addthis_widget.js#pubid=a457a6d63fb9e6ccabdde4110343bd85\"><\/script>","protected":false},"excerpt":{"rendered":"<ol start=\"2\">\n<li>\n<p style=\"text-align: center;\"><span style=\"font-size: medium;\">2. DE LA DISTRIBUTION \u00c0 LA CONSOMMATION ET SES PROBL\u00c9MATIQUES<\/span><\/p>\n<\/li>\n<li>\n<p style=\"text-align: left;\"><span style=\"font-size: medium;\"><\/span><\/p>\n<\/li>\n<li>\n<p style=\"text-align: left;\"><span style=\"font-size: medium;\">par Christian Martin<\/span><\/p>\n<\/li>\n<\/ol>\n<p><span style=\"text-decoration: underline;\">Comparaison avec la situation v\u00e9cue avec le tabac :<\/span><\/p>\n<p>Compte tenu de l\u2019exp\u00e9rience v\u00e9cue avec le tabac depuis des d\u00e9cennies, il est incompr\u00e9hensible de &hellip;<\/p>\n","protected":false},"author":1,"featured_media":0,"comment_status":"open","ping_status":"open","sticky":false,"template":"","format":"standard","meta":{"footnotes":""},"categories":[1],"tags":[],"class_list":["post-14546","post","type-post","status-publish","format-standard","hentry","category-accueil"],"_links":{"self":[{"href":"http:\/\/www.lecarrefourdesopinions.ca\/index.php?rest_route=\/wp\/v2\/posts\/14546","targetHints":{"allow":["GET"]}}],"collection":[{"href":"http:\/\/www.lecarrefourdesopinions.ca\/index.php?rest_route=\/wp\/v2\/posts"}],"about":[{"href":"http:\/\/www.lecarrefourdesopinions.ca\/index.php?rest_route=\/wp\/v2\/types\/post"}],"author":[{"embeddable":true,"href":"http:\/\/www.lecarrefourdesopinions.ca\/index.php?rest_route=\/wp\/v2\/users\/1"}],"replies":[{"embeddable":true,"href":"http:\/\/www.lecarrefourdesopinions.ca\/index.php?rest_route=%2Fwp%2Fv2%2Fcomments&post=14546"}],"version-history":[{"count":1,"href":"http:\/\/www.lecarrefourdesopinions.ca\/index.php?rest_route=\/wp\/v2\/posts\/14546\/revisions"}],"predecessor-version":[{"id":14547,"href":"http:\/\/www.lecarrefourdesopinions.ca\/index.php?rest_route=\/wp\/v2\/posts\/14546\/revisions\/14547"}],"wp:attachment":[{"href":"http:\/\/www.lecarrefourdesopinions.ca\/index.php?rest_route=%2Fwp%2Fv2%2Fmedia&parent=14546"}],"wp:term":[{"taxonomy":"category","embeddable":true,"href":"http:\/\/www.lecarrefourdesopinions.ca\/index.php?rest_route=%2Fwp%2Fv2%2Fcategories&post=14546"},{"taxonomy":"post_tag","embeddable":true,"href":"http:\/\/www.lecarrefourdesopinions.ca\/index.php?rest_route=%2Fwp%2Fv2%2Ftags&post=14546"}],"curies":[{"name":"wp","href":"https:\/\/api.w.org\/{rel}","templated":true}]}}