{"id":14538,"date":"2018-02-22T08:51:10","date_gmt":"2018-02-22T13:51:10","guid":{"rendered":"http:\/\/www.lecarrefourdesopinions.ca\/?p=14538"},"modified":"2018-02-22T08:51:10","modified_gmt":"2018-02-22T13:51:10","slug":"est-ce-ainsi-quon-protege-les-especes-en-peril","status":"publish","type":"post","link":"http:\/\/www.lecarrefourdesopinions.ca\/?p=14538","title":{"rendered":"Est-ce ainsi qu\u2019on Prot\u00e8ge, les Esp\u00e8ces en P\u00e9ril."},"content":{"rendered":"<p style=\"text-align: center;\" align=\"JUSTIFY\"><em><span style=\"color: #632423;\"><span style=\"font-family: 'Comic Sans MS';\"><span style=\"font-size: large;\">Est-ce ainsi qu\u2019on Prot\u00e8ge, les Esp\u00e8ces en P\u00e9ril.<\/span><\/span><\/span><\/em><\/p>\n<p align=\"JUSTIFY\"><span style=\"color: #632423;\">\u00a0<\/span><\/p>\n<p align=\"JUSTIFY\"><em><span style=\"color: #632423;\"><span style=\"font-family: Arial, sans-serif;\"><span style=\"font-size: large;\">Now that we are so rich and prosperous, let\u2019s keep in mind how friendly they received us as Migrant People in need of a Promised Land for a Better Living.<\/span><\/span><\/span><\/em><\/p>\n<p align=\"JUSTIFY\"><em><span style=\"color: #632423;\">\u00a0<\/span><\/em><\/p>\n<p style=\"text-align: center;\" align=\"JUSTIFY\"><em><span style=\"color: #632423;\"><img loading=\"lazy\" decoding=\"async\" class=\"alignnone size-medium wp-image-14539\" title=\"F1  Canadian Silver Dollar   Not so long ago  the time when they were brothers\" src=\"http:\/\/www.lecarrefourdesopinions.ca\/wp-content\/uploads\/2018\/02\/F1-Canadian-Silver-Dollar-Not-so-long-ago-the-time-when-they-were-brothers-300x151.jpg\" alt=\"\" width=\"300\" height=\"151\" \/>\u00a0<\/span><\/em><\/p>\n<p align=\"CENTER\"><strong><span style=\"font-size: large;\">F1: <\/span><\/strong><em><span style=\"color: #943634;\"><span style=\"font-family: Arial, sans-serif;\"><span style=\"font-size: large;\">Canadian Silver Dollar.<\/span><\/span><\/span><\/em><\/p>\n<p align=\"CENTER\"><em><span style=\"color: #c00000;\"><span style=\"font-family: Arial, sans-serif;\"><span style=\"font-size: large;\">Not so long ago, the time when they were brothers.<\/span><\/span><\/span><\/em><\/p>\n<p align=\"CENTER\"><strong>\u00a0<\/strong><\/p>\n<p align=\"JUSTIFY\"><em><span style=\"color: #632423;\">\u00a0<\/span><\/em><\/p>\n<p align=\"JUSTIFY\"><em><span style=\"color: #632423;\"><span style=\"font-family: Arial, sans-serif;\"><span style=\"font-size: large;\">Now they are nearly disappearing from the surface of the hearth let\u2019s cease to be so cruels with them.<\/span><\/span><\/span><\/em><\/p>\n<p align=\"JUSTIFY\"><em><span style=\"color: #632423;\">\u00a0<\/span><\/em><\/p>\n<p align=\"JUSTIFY\"><em><span style=\"color: #632423;\"><span style=\"font-family: Arial, sans-serif;\"><span style=\"font-size: large;\">Otherwise, we could regret bitterly our selfishness and cruelty to them, the Natives of Canada.<\/span><\/span><\/span><\/em><\/p>\n<p align=\"JUSTIFY\"><span style=\"color: #632423;\">\u00a0<img loading=\"lazy\" decoding=\"async\" class=\"alignnone size-full wp-image-14473\" title=\"Eric\" src=\"http:\/\/www.lecarrefourdesopinions.ca\/wp-content\/uploads\/2018\/01\/Eric.jpg\" alt=\"\" width=\"134\" height=\"107\" \/><\/span><\/p>\n<p align=\"JUSTIFY\"><span style=\"color: #632423;\"><span style=\"font-family: 'Comic Sans MS';\"><span style=\"font-size: large;\">\u00c9ric EG Nogard<\/span><\/span><\/span><\/p>\n<p align=\"JUSTIFY\"><em><span style=\"color: #c00000;\"><span style=\"font-size: large;\">Chroniqueur<\/span><\/span><\/em><span style=\"color: #c00000;\"><span style=\"font-size: large;\">.<\/span><\/span><\/p>\n<p align=\"CENTER\">\n<p align=\"CENTER\"><span style=\"color: #632423;\"><span style=\"font-size: large;\">***\u00a0\u00a0\u00a0\u00a0 ***\u00a0\u00a0\u00a0\u00a0 ***<\/span><\/span><\/p>\n<p align=\"CENTER\"><span style=\"color: #632423;\">\u00a0<\/span><\/p>\n<p>&nbsp;<\/p>\n<p><em><span style=\"color: #000099;\"><span>Est-ce ainsi qu\u2019on Prot\u00e8ge, les Esp\u00e8ces en P\u00e9ril.<\/span><\/span><\/em><\/p>\n<p align=\"JUSTIFY\">\n<p align=\"JUSTIFY\">\n<p align=\"JUSTIFY\"><span style=\"font-family: 'Comic Sans MS';\"><span style=\"font-size: large;\">De ces Esp\u00e8ces en P\u00e9ril, dites en Voie de Disparition, et qu\u2019il Convient de prot\u00e9ger aussi bien que l\u2019on garde les Joyaux de la Couronne Britannique.<\/span><\/span><\/p>\n<p align=\"JUSTIFY\">\n<p align=\"CENTER\"><img loading=\"lazy\" decoding=\"async\" class=\"alignnone size-full wp-image-14540\" title=\"F2   Faisons leur un Sort Meilleur\" src=\"http:\/\/www.lecarrefourdesopinions.ca\/wp-content\/uploads\/2018\/02\/F2-Faisons-leur-un-Sort-Meilleur.jpg\" alt=\"\" width=\"220\" height=\"219\" \/><\/p>\n<p align=\"CENTER\"><strong><span style=\"font-size: large;\">F2\u00a0: <\/span><\/strong><em><span style=\"color: #c00000;\"><span style=\"font-size: large;\">Faisons leur un Sort Meilleur.<\/span><\/span><\/em><\/p>\n<p align=\"JUSTIFY\">\n<p align=\"JUSTIFY\">\n<p align=\"JUSTIFY\"><span style=\"font-family: 'Comic Sans MS';\"><span style=\"font-size: large;\">Nos Grands Prot\u00e9geurs auraient-ils pris en compte les <\/span><\/span><em><span style=\"font-family: Arial, sans-serif;\"><span style=\"font-size: large;\">Indian native from North am\u00e9rica, the USA and mainly the CANADA,<\/span><\/span><\/em> <span style=\"font-family: 'Comic Sans MS';\"><span style=\"font-size: large;\">o\u00f9 les \u00ab\u00a0nouveaux venus\u00a0\u00bb les tueraient pour quel D\u00e9lit, pour quel Crime, comme cela vient de se commettre dans la <\/span><\/span><em><span style=\"font-family: Arial, sans-serif;\"><span style=\"font-size: large;\">Saskatchewan<\/span><\/span><\/em><span style=\"font-family: 'Comic Sans MS';\"><span style=\"font-size: large;\">, Province de la Prairie de Fameuse M\u00e9moire.<\/span><\/span><\/p>\n<p align=\"JUSTIFY\">\n<p align=\"CENTER\"><img loading=\"lazy\" decoding=\"async\" class=\"alignnone size-medium wp-image-14541\" title=\"F3   La Saskatchewan  Province de la Prairie  Confederation du Canada\" src=\"http:\/\/www.lecarrefourdesopinions.ca\/wp-content\/uploads\/2018\/02\/F3-La-Saskatchewan-Province-de-la-Prairie-Confederation-du-Canada-300x198.jpg\" alt=\"\" width=\"300\" height=\"198\" \/><\/p>\n<p align=\"CENTER\"><strong><span style=\"font-size: large;\">F3\u00a0: <\/span><\/strong><em><span style=\"color: #c00000;\"><span style=\"font-size: large;\">La <\/span><\/span><\/em><em><span style=\"color: #c00000;\"><span style=\"font-family: Arial, sans-serif;\"><span style=\"font-size: large;\">Saskatchewan,<\/span><\/span><\/span><\/em><em><span style=\"color: #c00000;\"><span style=\"font-size: large;\">Province de la Prairie, Conf\u00e9d\u00e9ration du Canada.<\/span><\/span><\/em><\/p>\n<p align=\"JUSTIFY\">\n<p align=\"JUSTIFY\">\n<p align=\"JUSTIFY\"><strong><span style=\"font-size: large;\">La Prairie du Canada, si belle sous son blanc manteau d\u2019hiver et tellement f\u00e9\u00e9rique par ses \u00e9t\u00e9s indiens. <\/span><\/strong><\/p>\n<p align=\"JUSTIFY\">\n<p align=\"JUSTIFY\"><span style=\"font-size: large;\">La Prairie Canadienne dont la L\u00e9gende vaut bien celle de Troie et des H\u00e9ros qui s\u2019y illustr\u00e8rent selon l\u2019incomparable, l\u2019in\u00e9galable Hom\u00e8re.<\/span><\/p>\n<p align=\"JUSTIFY\">\n<p align=\"JUSTIFY\">\n<p align=\"JUSTIFY\"><strong><span style=\"font-size: large;\">Se peut-il que les Nouveaux Canadiens Maltraitent les Autochtones qui les ont accueillis dans leur grande migration \u00e0 la recherche de \u00ab\u00a0Terres vierges\u00a0\u00bb, dans leur fuite devant la Mis\u00e8re grandissante en Europe.<\/span><\/strong><\/p>\n<p align=\"JUSTIFY\">\n<p align=\"JUSTIFY\"><span style=\"font-size: large;\">Combien resterait-il d\u2019Am\u00e9rindiens dans la Saskatchewan, \u00e0 peine les 3% d\u2019une Population globale d\u2019Un Million d\u2019Habitants sur un Territoire de 651.000 Km2.<\/span><\/p>\n<p align=\"JUSTIFY\">\n<p align=\"JUSTIFY\"><span style=\"font-size: large;\">Donc 30.000 Autochtones soit 0,046\/Km2, de quoi donner \u00e0 m\u00e9diter.<\/span><\/p>\n<p align=\"JUSTIFY\">\n<p align=\"JUSTIFY\">\n<p align=\"JUSTIFY\"><strong><span style=\"font-size: large;\">On ne peut pas dire que l\u2019Esp\u00e8ce soit invasive \u00e0 donner des inqui\u00e9tudes.<\/span><\/strong><\/p>\n<p align=\"JUSTIFY\">\n<p align=\"JUSTIFY\"><span style=\"font-size: large;\">Or, il se trouve qu\u2019ils forment 26% de la Population Carc\u00e9rale de cette Province, si belle, immense, prosp\u00e8re et somme toute dont ils sont les seuls Aborig\u00e8nes.<\/span><\/p>\n<p align=\"JUSTIFY\">\n<p align=\"JUSTIFY\">\n<p align=\"JUSTIFY\"><strong><span style=\"font-size: large;\">Les Indiens d\u2019Am\u00e9rique du Nord \u2013 peut-\u00eatre plus que les autres \u2013 ne sont-ils pas de ces Esp\u00e8ces qui m\u00e9ritent d\u2019\u00eatre prot\u00e9g\u00e9es, tout autant que le Pangolin, cet animal des Temps Premiers, que le Quatre-\u00c9picier ce V\u00e9g\u00e9tal des Antilles au fruit porteur de Quatre Saveurs d\u2019\u00c9pices, et m\u00eame que l\u2019Eau, cette esp\u00e8ce Min\u00e9rale qui nous est si pr\u00e9cieuse et qui devient si rare.<\/span><\/strong><\/p>\n<p align=\"JUSTIFY\">\n<p align=\"JUSTIFY\"><span style=\"font-size: large;\">Ces Indiens, ne sont-ils pas partie int\u00e9grante de l\u2019Humanit\u00e9, le CANADA n\u2019est-il pas leur <\/span><em><span style=\"font-family: Arial, sans-serif;\"><span style=\"font-size: large;\">Mother Land Air and Waters<\/span><\/span><\/em><span style=\"font-size: large;\">, le seul Espace dont ils puissent se r\u00e9clamer.<\/span><\/p>\n<p align=\"JUSTIFY\">\n<p align=\"JUSTIFY\">\n<p align=\"JUSTIFY\"><strong><span style=\"font-size: large;\">L\u2019inqui\u00e9tant, l\u2019intriguant, n\u2019est-il pas, qu\u2019on veuille les voir dispara\u00eetre de ce Pays empreint de tant de Noms, de Traces et de L\u00e9gendes t\u00e9moins qu\u2019il fut le leur exclusivement.<\/span><\/strong><\/p>\n<p align=\"JUSTIFY\">\n<p align=\"JUSTIFY\"><span style=\"font-size: large;\">De m\u00eame, n\u2019est-ce pas un Comble qu\u2019un Autochtone se fasse \u00ab\u00a0Descendre\u00a0\u00bb dans l\u2019immense Saskatchewan, rien que pour s\u2019\u00eatre fait surprendre dans le Champ d\u2019un Propri\u00e9taire Terrien Saskatchewannais et sans que nul ne s\u2019en \u00e9meuve.<\/span><\/p>\n<p align=\"JUSTIFY\">\n<p align=\"JUSTIFY\">\n<p align=\"JUSTIFY\"><strong><span style=\"font-size: large;\">Quel Crime aurait-il commis, qui ait pu si inconsid\u00e9r\u00e9ment lui co\u00fbter la Vie.<\/span><\/strong><\/p>\n<p align=\"JUSTIFY\">\n<p align=\"JUSTIFY\"><span style=\"font-size: large;\">Le Fait n\u2019est pas \u00e0 la Gloire du Canada, ni de son Nom au bel \u00c9clat, ni de la F\u00e9\u00e9rie de sa Nature, ni de son \u00c9pop\u00e9e, ni de sa R\u00e9putation, ni de ses Gens.<\/span><\/p>\n<p align=\"JUSTIFY\">\n<p align=\"JUSTIFY\">\n<p align=\"JUSTIFY\"><strong><span style=\"font-size: large;\">Monsieur Justin TRUDEAU, <\/span><\/strong><em><span style=\"font-family: Arial, sans-serif;\"><span style=\"font-size: large;\">Prime Minister<\/span><\/span><\/em><strong> <\/strong><strong><span style=\"font-size: large;\">de la Conf\u00e9d\u00e9ration, devrait s\u2019en pr\u00e9occuper tout comme les Gouverneurs Provinciaux.<\/span><\/strong><\/p>\n<p align=\"JUSTIFY\">\n<p align=\"CENTER\"><img loading=\"lazy\" decoding=\"async\" class=\"alignnone size-medium wp-image-14542\" title=\"F4   Monsieur Justin TRUDEAU  de Grace  intervenez pour eux\" src=\"http:\/\/www.lecarrefourdesopinions.ca\/wp-content\/uploads\/2018\/02\/F4-Monsieur-Justin-TRUDEAU-de-Grace-intervenez-pour-eux-300x227.jpg\" alt=\"\" width=\"300\" height=\"227\" \/><\/p>\n<p align=\"CENTER\"><strong><span style=\"font-size: large;\">F4\u00a0: <\/span><\/strong><em><span style=\"color: #c00000;\"><span style=\"font-size: large;\">Monsieur Justin TRUDEAU, de Gr\u00e2ce, intervenez pour eux.<\/span><\/span><\/em><\/p>\n<p align=\"JUSTIFY\">\n<p align=\"JUSTIFY\">\n<p align=\"JUSTIFY\"><span style=\"font-size: large;\">Que serait le CANADA sans ses Am\u00e9rindiens. Une v\u00e9nus de Milo sans ses bras, un Saint Denis d\u00e9capit\u00e9, ou une Terre B\u00e9nie en deuil de ses Enfants peut-\u00eatre les plus Chers.<\/span><\/p>\n<p align=\"JUSTIFY\">\n<p align=\"JUSTIFY\"><span style=\"font-size: large;\">Quelle fiert\u00e9 le CANADA en tirerait-il aux yeux du Monde comme au regard de l\u2019\u00c9cologie et de ses Principes d\u2019Hospitalit\u00e9, d\u2019Humanit\u00e9, si ses Indiens venaient \u00e0 dispara\u00eetre au terme de tant de Souffrances pour discrimination et Maltraitance, de ce Paradis qui fut le leur et rien qu\u2019\u00e0 eux.<\/span><\/p>\n<p align=\"JUSTIFY\">\n<p align=\"CENTER\"><img loading=\"lazy\" decoding=\"async\" class=\"alignnone size-medium wp-image-14543\" title=\"F5     La Feuille d Erable sur fond de neige  le Canada   A Flo\" src=\"http:\/\/www.lecarrefourdesopinions.ca\/wp-content\/uploads\/2018\/02\/F5-La-Feuille-d-Erable-sur-fond-de-neige-le-Canada-A-Flo-300x84.jpg\" alt=\"\" width=\"300\" height=\"84\" \/><\/p>\n<p align=\"CENTER\"><strong><span style=\"font-size: large;\">F5\u00a0: <\/span><\/strong><em><span style=\"color: #c00000;\"><span style=\"font-size: large;\">&#8211; La Feuille d\u2019\u00c9rable sur fond de neige, le Canada.<\/span><\/span><\/em><\/p>\n<p align=\"CENTER\"><span style=\"color: #c00000;\"><span style=\"font-size: large;\">&#8211;<\/span><\/span><span style=\"color: #c00000;\"><span style=\"font-size: large;\">\u00a0\u00a0\u00a0\u00a0\u00a0\u00a0\u00a0\u00a0 <\/span><\/span><em><span style=\"color: #c00000;\"><span style=\"font-family: Arial, sans-serif;\"><span style=\"font-size: large;\">A Flower in full bloom in the Prairie, the Saskatchewan.<\/span><\/span><\/span><\/em><\/p>\n<p align=\"CENTER\"><em><span style=\"color: #c00000;\"><span style=\"font-size: large;\">Deux Pavillons de R\u00eave.<\/span><\/span><\/em><\/p>\n<p align=\"JUSTIFY\">\n<p align=\"JUSTIFY\">\n<p align=\"JUSTIFY\"><span style=\"font-size: large;\">Combien incommensurable serait sa honte du Canada de laisser dispara\u00eetre et m\u00eame de ne pas s\u2019\u00e9mouvoir de la disparition d\u2019un tel Patrimoine Humain.<\/span><\/p>\n<p align=\"JUSTIFY\">\n<p align=\"JUSTIFY\">\n<p align=\"JUSTIFY\"><strong><span style=\"font-size: large;\">La<\/span><\/strong> <strong><span style=\"font-size: large;\">Saskatchewan ne ferait-elle pas mentir sa devise\u00a0:<\/span><\/strong><\/p>\n<p align=\"JUSTIFY\">\n<p align=\"CENTER\"><img loading=\"lazy\" decoding=\"async\" class=\"alignnone size-medium wp-image-14544\" title=\"F6   Armes et Devise de la Saskatchewan\" src=\"http:\/\/www.lecarrefourdesopinions.ca\/wp-content\/uploads\/2018\/02\/F6-Armes-et-Devise-de-la-Saskatchewan-291x300.png\" alt=\"\" width=\"291\" height=\"300\" \/><\/p>\n<p align=\"CENTER\"><strong><span style=\"font-size: large;\">F6\u00a0: <\/span><\/strong><em><span style=\"color: #c00000;\"><span style=\"font-size: large;\">Armes et Devise de la Saskatchewan.<\/span><\/span><\/em><\/p>\n<p align=\"JUSTIFY\">\n<p align=\"JUSTIFY\">\n<p align=\"CENTER\"><em><span style=\"font-family: Arial, sans-serif;\"><span style=\"font-size: large;\">\u00ab\u00a0Multis e gentibus vires\u00a0\u00bb<\/span><\/span><\/em><\/p>\n<p align=\"CENTER\"><span style=\"font-size: large;\">\u00ab\u00a0D&rsquo;une diversit\u00e9 de peuples, la force\u00a0\u00bb<\/span><\/p>\n<p align=\"JUSTIFY\">\n<p align=\"JUSTIFY\">\n<p align=\"JUSTIFY\"><strong><span style=\"font-size: large;\">Comme si l\u2019Am\u00e9rindien \u00e9tait \u00e0 en exclure, comme si l\u2019Autochtone Canadien \u00e9tait \u00e0 \u00e9liminer Sournoisement, Perfidement, voire Sataniquement.<\/span><\/strong><\/p>\n<p align=\"JUSTIFY\">\n<p align=\"JUSTIFY\"><span style=\"font-size: large;\">Trop peu nombreux pour \u00eatre trait\u00e9s comme ils le sont.<\/span><\/p>\n<p align=\"JUSTIFY\">\n<p align=\"JUSTIFY\"><span style=\"font-size: large;\">Gare \u00e0 la Mal\u00e9diction qui tomberait sur un si Beau Pays\u00a0si ses Autochtones venaient \u00e0 dispara\u00eetre par la Cruaut\u00e9 et l\u2019inconscience voire l\u2019ingratitude de ses Enfants du Second Lit.<\/span><\/p>\n<p align=\"JUSTIFY\">\n<p align=\"JUSTIFY\">\n<p align=\"JUSTIFY\"><strong><span style=\"font-family: 'Comic Sans MS';\"><span style=\"font-size: large;\">Nous formons en tout cas, au \u00ab\u00a0<\/span><\/span><\/strong><em><span style=\"font-family: 'Comic Sans MS';\"><span style=\"font-size: large;\">Cri d\u2019Alarme<\/span><\/span><\/em><strong><span style=\"font-family: 'Comic Sans MS';\"><span style=\"font-size: large;\">\u00a0\u00bb, des V\u0153ux pressants pour qu\u2019un sort Meilleur, plus Humain et plus Fraternel soit fait au peu qu\u2019il nous reste, des Am\u00e9rindiens du CANADA.<\/span><\/span><\/strong><\/p>\n<p align=\"JUSTIFY\">\n<p align=\"JUSTIFY\"><em><span style=\"font-family: Arial, sans-serif;\"><span style=\"font-size: large;\">Would the Lord hear us all along this Way\u2026 It\u2019s our Prayer to him.<\/span><\/span><\/em><\/p>\n<p align=\"JUSTIFY\">\n<p align=\"JUSTIFY\"><span style=\"font-size: large;\">\u00c9ric EG Nogard<\/span><\/p>\n<p align=\"JUSTIFY\"><em><span style=\"color: #c00000;\"><span style=\"font-size: large;\">Chroniqueur<\/span><\/span><\/em><span style=\"color: #c00000;\"><span style=\"font-size: large;\">.<\/span><\/span><\/p>\n<p align=\"JUSTIFY\"><span style=\"color: #c00000;\">\u00a0<\/span><\/p>\n<p align=\"CENTER\"><strong><span style=\"font-size: large;\">***\u00a0\u00a0\u00a0\u00a0 ***\u00a0\u00a0\u00a0\u00a0 ***<\/span><\/strong><\/p>\n<p align=\"CENTER\"><strong><span style=\"color: #ff0000;\">Ne Peut \u00eatre reproduit &#8211; m\u00eame partiellement &#8211;\u00a0 sans l\u2019autorisation de l\u2019Auteur.<\/span><\/strong><\/p>\n<p align=\"CENTER\"><strong><span style=\"font-size: large;\">***\u00a0\u00a0\u00a0\u00a0 ***\u00a0\u00a0\u00a0\u00a0 ***<\/span><\/strong><\/p>\n<p align=\"CENTER\"><strong><span style=\"color: #ff0000;\"><span style=\"font-size: large;\">Nota : <\/span><\/span><\/strong><span style=\"color: #000000;\"><span style=\"font-size: large;\">Nous ne traitons que de Faits et de Noms rendus Publics.<\/span><\/span><\/p>\n<p align=\"CENTER\"><span style=\"color: #000000;\">\u00a0<\/span><\/p>\n<p align=\"CENTER\"><span style=\"color: #000000;\"><span style=\"font-size: large;\">***\u00a0\u00a0\u00a0\u00a0 ***\u00a0\u00a0\u00a0\u00a0 ***<\/span><\/span><\/p>\n<p align=\"JUSTIFY\"><strong><span style=\"text-decoration: underline;\">Liens Sugg\u00e9r\u00e9s\u00a0:<\/span><\/strong><\/p>\n<p align=\"JUSTIFY\">\n<p align=\"JUSTIFY\">\n<ul type=\"DISC\">\n<li>\n<p align=\"JUSTIFY\"><a href=\"http:\/\/www.etatsgenerauxdeloutremer.fr\/reflexions\">http:\/\/www.etatsgenerauxdeloutremer.fr\/reflexions<\/a><\/p>\n<\/li>\n<\/ul>\n<p align=\"CENTER\"><strong><span style=\"color: #ff0000;\">\u00a0<\/span><\/strong><\/p>\n<p align=\"CENTER\"><strong>==================================================================<\/strong><\/p>\n<p>&nbsp;<\/p>\n<script type=\"text\/javascript\">\n\nvar addthis_config = {\"data_track_clickback\":false,\"data_track_addressbar\":false,\"data_track_textcopy\":false};\n<\/script><script type=\"text\/javascript\" src=\"\/\/s7.addthis.com\/js\/250\/addthis_widget.js#pubid=a457a6d63fb9e6ccabdde4110343bd85\"><\/script>","protected":false},"excerpt":{"rendered":"<p style=\"text-align: center;\" align=\"JUSTIFY\"><span style=\"color: #632423;\"><span style=\"font-family: 'Comic Sans MS';\"><span style=\"font-size: large;\">Est-ce ainsi qu\u2019on Prot\u00e8ge, les Esp\u00e8ces en P\u00e9ril.<\/span><\/span><\/span><\/p>\n<p align=\"JUSTIFY\"><span style=\"color: #632423;\">\u00a0<\/span><\/p>\n<p align=\"JUSTIFY\"><span style=\"color: #632423;\"><span style=\"font-family: Arial, sans-serif;\"><span style=\"font-size: large;\">Now that we are so rich and prosperous, let\u2019s keep in mind how friendly they received us as Migrant People in need of a Promised Land for a Better <\/span><\/span><\/span>&hellip;<\/p>\n","protected":false},"author":1,"featured_media":0,"comment_status":"open","ping_status":"open","sticky":false,"template":"","format":"standard","meta":{"footnotes":""},"categories":[1],"tags":[],"class_list":["post-14538","post","type-post","status-publish","format-standard","hentry","category-accueil"],"_links":{"self":[{"href":"http:\/\/www.lecarrefourdesopinions.ca\/index.php?rest_route=\/wp\/v2\/posts\/14538","targetHints":{"allow":["GET"]}}],"collection":[{"href":"http:\/\/www.lecarrefourdesopinions.ca\/index.php?rest_route=\/wp\/v2\/posts"}],"about":[{"href":"http:\/\/www.lecarrefourdesopinions.ca\/index.php?rest_route=\/wp\/v2\/types\/post"}],"author":[{"embeddable":true,"href":"http:\/\/www.lecarrefourdesopinions.ca\/index.php?rest_route=\/wp\/v2\/users\/1"}],"replies":[{"embeddable":true,"href":"http:\/\/www.lecarrefourdesopinions.ca\/index.php?rest_route=%2Fwp%2Fv2%2Fcomments&post=14538"}],"version-history":[{"count":1,"href":"http:\/\/www.lecarrefourdesopinions.ca\/index.php?rest_route=\/wp\/v2\/posts\/14538\/revisions"}],"predecessor-version":[{"id":14545,"href":"http:\/\/www.lecarrefourdesopinions.ca\/index.php?rest_route=\/wp\/v2\/posts\/14538\/revisions\/14545"}],"wp:attachment":[{"href":"http:\/\/www.lecarrefourdesopinions.ca\/index.php?rest_route=%2Fwp%2Fv2%2Fmedia&parent=14538"}],"wp:term":[{"taxonomy":"category","embeddable":true,"href":"http:\/\/www.lecarrefourdesopinions.ca\/index.php?rest_route=%2Fwp%2Fv2%2Fcategories&post=14538"},{"taxonomy":"post_tag","embeddable":true,"href":"http:\/\/www.lecarrefourdesopinions.ca\/index.php?rest_route=%2Fwp%2Fv2%2Ftags&post=14538"}],"curies":[{"name":"wp","href":"https:\/\/api.w.org\/{rel}","templated":true}]}}