{"id":14532,"date":"2018-02-21T10:08:02","date_gmt":"2018-02-21T15:08:02","guid":{"rendered":"http:\/\/www.lecarrefourdesopinions.ca\/?p=14532"},"modified":"2018-02-22T07:59:36","modified_gmt":"2018-02-22T12:59:36","slug":"etatiser-la-production-du-cannabis-un-enjeux-politico-social","status":"publish","type":"post","link":"http:\/\/www.lecarrefourdesopinions.ca\/?p=14532","title":{"rendered":"Etatiser la production du cannabis : Un enjeux Politico-social ?"},"content":{"rendered":"<p><span style=\"font-size: large;\"><span style=\"text-decoration: underline;\"><strong>Etatiser la production du cannabis ( 1): Un enjeux Politico-social ?<\/strong><\/span><\/span><\/p>\n<p>\u00ab <span style=\"font-size: medium;\"><em>Une faille consid\u00e9rable dans le projet cannabis, la privatisation int\u00e9grale de la production, un danger majeur \u00e0 l\u2019\u00e9chelon national<\/em><\/span>\u00bb<\/p>\n<p>\u00a0<img loading=\"lazy\" decoding=\"async\" class=\"alignnone size-thumbnail wp-image-14536\" title=\"Christian-c\" src=\"http:\/\/www.lecarrefourdesopinions.ca\/wp-content\/uploads\/2018\/02\/Christian-c-134x107.jpg\" alt=\"\" width=\"134\" height=\"107\" \/><\/p>\n<p><span style=\"color: #800000;\"><strong>Christian Martin<\/strong><\/span><\/p>\n<p><span style=\"font-size: large;\"><span style=\"text-decoration: underline;\"><strong>Le contexte<\/strong><\/span><\/span><\/p>\n<p>Les propositions de lois du gouvernement f\u00e9d\u00e9ral pour l\u00e9galiser le cannabis au pays soul\u00e8vent des questions qui concernent:<\/p>\n<ol>\n<li>\n<p>La production<\/p>\n<\/li>\n<li>\n<p>La distribution<\/p>\n<\/li>\n<li>\n<p>La l\u00e9gislation<\/p>\n<\/li>\n<li>\n<p>La privatisation ou l\u2019\u00e9tatisation de la production?<\/p>\n<\/li>\n<\/ol>\n<p>Le gouvernement semble agir avec une pr\u00e9cipitation injustifi\u00e9e sans consultation pr\u00e9alable.<\/p>\n<p><em>\u00ab Il sera l\u00e9galis\u00e9 \u00bb<\/em> trois mots p\u00e9remptoires, qui sous-entendent que le citoyen n\u2019a pas \u00e0 s\u2019inqui\u00e9ter et que le gouvernement et la justice seront en plein contr\u00f4le.<\/p>\n<p><strong>Pourquoi cette pr\u00e9cipitation \u00e0 vouloir faire adopter ces lois?<\/strong> O\u00f9 est l\u2019urgence? Qu\u2019ont d\u00e9montr\u00e9 les \u00e9tudes de faisabilit\u00e9 tant sur le plan de la production que du contr\u00f4le g\u00e9n\u00e9ral et des co\u00fbts sous-jacents qui seront g\u00e9n\u00e9r\u00e9s?<\/p>\n<p><strong>Y-a-t-il eu des analyses<\/strong> effectu\u00e9es sur les cons\u00e9quences l\u00e9gales de l\u2019application des lois et aux impacts in\u00e9vitables sur la sant\u00e9 et l\u2019\u00e9ducation.<\/p>\n<p><strong>La question de l\u2019importation a-t-elle \u00e9t\u00e9 soulev\u00e9e?<\/strong><\/p>\n<p>La motivation premi\u00e8re du gouvernement semble \u00eatre la profitabilit\u00e9. Agissant dans l\u2019urgence, il rejette, sur les provinces, toute la responsabilit\u00e9 de la mise en place de la r\u00e9glementation, de la gestion de la production et de la distribution.<\/p>\n<p>Consid\u00e9rons point par point les pierres d\u2019achoppement de ce projet.<\/p>\n<ol>\n<li>\n<p><span style=\"font-size: medium;\"><strong>LA PRODUCTION<\/strong><\/span><\/p>\n<\/li>\n<\/ol>\n<p>D\u2019ores et d\u00e9j\u00e0, l\u2019attribution de licences d\u2019exploitation par le F\u00e9d\u00e9ral est une aberration monumentale, la porte ouverte \u00e0 la politique de favoritisme, aux soci\u00e9t\u00e9s anonymes qui en fait utilisent des pr\u00eate- noms.<\/p>\n<p>Confier la production \u00e0 des entreprises priv\u00e9es r\u00e9duit consid\u00e9rablement le contr\u00f4le de la gestion et de la qualit\u00e9 du produit. Ceci bien entendu, sans parvenir \u00e0 \u00e9liminer la question de la contrebande et de la criminalit\u00e9 qui elles s\u2019organisent d\u00e9j\u00e0 vraisemblablement pour augmenter le taux de THC de mani\u00e8re \u00e0 accro\u00eetre la d\u00e9pendance et surpasser les effets du produit autoris\u00e9 l\u00e9galement. Le gouvernement a-t-il pu endiguer la contrebande du tabac? Non. Alors?<\/p>\n<p>Le gouvernement doit faire face aux responsabilit\u00e9s de ses d\u00e9cisions. Des exploitations sous une entit\u00e9 gouvernementale avec employ\u00e9s salari\u00e9s et pay\u00e9s par le gouvernement permettraient le contr\u00f4le de la production.<\/p>\n<p>Il s\u2019agit ici d\u2019\u00e9viter la mainmise de ce march\u00e9 par des entreprises ind\u00e9pendantes difficilement contr\u00f4lables. Les licences d\u2019exploitation ne pourraient \u00eatre alors vendues \u00e0 des tiers. De m\u00eame les prises de participations ou le financement par des tiers ne seraient pas possibles.<\/p>\n<p>Alors que le Qu\u00e9bec vise un objectif sans tabac pour sa province, le F\u00e9d\u00e9ral semble viser pour tout le Canada, un objectif de substitution du tabac par le cannabis, une autorisation d\u2019exploitation plus lucrative. O\u00f9 sont les mises en gardes contre cette drogue et les r\u00e9glementations officielles? Quel en sera le co\u00fbt?<\/p>\n<p>Dans nombre d\u2019exploitations agricoles dans le monde, afin de r\u00e9guler les march\u00e9s, il y a des quotas impos\u00e9s. Pour le moment en ce qui concerne le cannabis, il semble que le gouvernement f\u00e9d\u00e9ral, sauf erreur de ma part, ne parle pas de contingenter la production.<\/p>\n<p>Actuellement, dans le domaine de l\u2019exploitation du lait par des agriculteurs, les quotas font l\u2019objet de ventes ou de locations \u00e0 des tiers. Les producteurs de lait s\u2019occupent davantage de la rentabilit\u00e9 de leur quota que de la production du lait. La production du cannabis par une entit\u00e9 gouvernementale permettrait de r\u00e9soudre les probl\u00e8mes de quota et de la vente des entreprises priv\u00e9es \u00e0 des tiers.<\/p>\n<p>Une privatisation avec ou sans quota de production contr\u00f4l\u00e9e pourrait inciter les entreprises \u00e0 :<\/p>\n<ul>\n<li>\n<p>limiter leur production.<\/p>\n<\/li>\n<li>\n<p>importer le Cannabis de pays qui cultive sans serre<\/p>\n<\/li>\n<li>\n<p>\u00e0 pratiquer alors des prix moyens \u00e0 la baisse des co\u00fbts de production locale<\/p>\n<\/li>\n<\/ul>\n<p>Une \u00e9tatisation de la production pourrait de toute \u00e9vidence r\u00e9gler la question de l\u2019importation au profit de l\u2019\u00e9tat seulement.<\/p>\n<p>Quatre-vingt-huit (88) exploitations de cannabis \u00e0 des fins th\u00e9rapeutiques sont d\u00e9j\u00e0 approuv\u00e9es dont six (6) Qu\u00e9bec:<\/p>\n<p><a href=\"https:\/\/www.canada.ca\/fr\/sante-canada\/services\/medicaments-produits-sante\/usage-marijuana-fins-medicales\/producteurs-autorises\/producteurs-autorises-approves-medicales.html\">https:\/\/www.canada.ca\/fr\/sante-canada\/services\/medicaments-produits-sante\/usage-marijuana-fins-medicales\/producteurs-autorises\/producteurs-autorises-approves-medicales.html<\/a><\/p>\n<p>Force est de constater que des entreprises de tout acabit veulent leur part du g\u00e2teau.<\/p>\n<p><a href=\"http:\/\/ici.radio-canada.ca\/nouvelle\/1029602\/cannabis-des-entreprises-en-tout-genre-veulent-leur-part-du-gateau\">http:\/\/ici.radio-canada.ca\/nouvelle\/1029602\/cannabis-des-entreprises-en-tout-genre-veulent-leur-part-du-gateau<\/a><\/p>\n<p>Qui b\u00e9n\u00e9ficiera des retomb\u00e9es financi\u00e8res et \u00e0 quel prix pour les citoyens?<\/p>\n<p>A cinq mois de la mise en application de loi sur le cannabis, il semble que nous sommes dans un \u00ab free for all \u00bb.<\/p>\n<p>Le Canada est d\u00e9j\u00e0 pi\u00e9g\u00e9 par ses autorisations (approuv\u00e9es) donn\u00e9es \u00e0 des entreprises priv\u00e9es pour le cannabis th\u00e9rapeutique. Le F\u00e9d\u00e9ral ayant privatis\u00e9 le cannabis th\u00e9rapeutique, pensait peut- \u00eatre qu\u2019il serait plus facile d\u2019appliquer les m\u00eames r\u00e8gles \u00e0 l\u2019usage r\u00e9cr\u00e9atif d\u2019o\u00f9 sa promesse \u00e9lectorale.<\/p>\n<p>&nbsp;<\/p>\n<script type=\"text\/javascript\">\n\nvar addthis_config = {\"data_track_clickback\":false,\"data_track_addressbar\":false,\"data_track_textcopy\":false};\n<\/script><script type=\"text\/javascript\" src=\"\/\/s7.addthis.com\/js\/250\/addthis_widget.js#pubid=a457a6d63fb9e6ccabdde4110343bd85\"><\/script>","protected":false},"excerpt":{"rendered":"<p><span style=\"font-size: large;\"><span style=\"text-decoration: underline;\">Etatiser la production du cannabis ( 1): Un enjeux Politico-social ?<\/span><\/span><\/p>\n<p>\u00ab <span style=\"font-size: medium;\">Une faille consid\u00e9rable dans le projet cannabis, la privatisation int\u00e9grale de la production, un danger majeur \u00e0 l\u2019\u00e9chelon national<\/span>\u00bb<\/p>\n<p>\u00a0<\/p>\n<p><span style=\"color: #800000;\">Christian Martin<\/span><\/p>\n<p><span style=\"font-size: large;\"><span style=\"text-decoration: underline;\">Le contexte<\/span><\/span><\/p>\n<p>Les &hellip;<\/p>\n","protected":false},"author":1,"featured_media":0,"comment_status":"open","ping_status":"open","sticky":false,"template":"","format":"standard","meta":{"footnotes":""},"categories":[1],"tags":[],"class_list":["post-14532","post","type-post","status-publish","format-standard","hentry","category-accueil"],"_links":{"self":[{"href":"http:\/\/www.lecarrefourdesopinions.ca\/index.php?rest_route=\/wp\/v2\/posts\/14532","targetHints":{"allow":["GET"]}}],"collection":[{"href":"http:\/\/www.lecarrefourdesopinions.ca\/index.php?rest_route=\/wp\/v2\/posts"}],"about":[{"href":"http:\/\/www.lecarrefourdesopinions.ca\/index.php?rest_route=\/wp\/v2\/types\/post"}],"author":[{"embeddable":true,"href":"http:\/\/www.lecarrefourdesopinions.ca\/index.php?rest_route=\/wp\/v2\/users\/1"}],"replies":[{"embeddable":true,"href":"http:\/\/www.lecarrefourdesopinions.ca\/index.php?rest_route=%2Fwp%2Fv2%2Fcomments&post=14532"}],"version-history":[{"count":3,"href":"http:\/\/www.lecarrefourdesopinions.ca\/index.php?rest_route=\/wp\/v2\/posts\/14532\/revisions"}],"predecessor-version":[{"id":14537,"href":"http:\/\/www.lecarrefourdesopinions.ca\/index.php?rest_route=\/wp\/v2\/posts\/14532\/revisions\/14537"}],"wp:attachment":[{"href":"http:\/\/www.lecarrefourdesopinions.ca\/index.php?rest_route=%2Fwp%2Fv2%2Fmedia&parent=14532"}],"wp:term":[{"taxonomy":"category","embeddable":true,"href":"http:\/\/www.lecarrefourdesopinions.ca\/index.php?rest_route=%2Fwp%2Fv2%2Fcategories&post=14532"},{"taxonomy":"post_tag","embeddable":true,"href":"http:\/\/www.lecarrefourdesopinions.ca\/index.php?rest_route=%2Fwp%2Fv2%2Ftags&post=14532"}],"curies":[{"name":"wp","href":"https:\/\/api.w.org\/{rel}","templated":true}]}}