{"id":14513,"date":"2018-02-16T10:44:30","date_gmt":"2018-02-16T15:44:30","guid":{"rendered":"http:\/\/www.lecarrefourdesopinions.ca\/?p=14513"},"modified":"2018-02-16T10:44:30","modified_gmt":"2018-02-16T15:44:30","slug":"voyons-laccusation-puis-la-diffamation","status":"publish","type":"post","link":"http:\/\/www.lecarrefourdesopinions.ca\/?p=14513","title":{"rendered":"Voyons l\u2019Accusation, puis la Diffamation."},"content":{"rendered":"<p align=\"CENTER\"><em><span style=\"color: #632423;\"><span style=\"font-family: 'Comic Sans MS';\"><span style=\"font-size: large;\">Voyons l\u2019Accusation, puis la Diffamation.<\/span><\/span><\/span><\/em><\/p>\n<p align=\"JUSTIFY\"><em><span style=\"color: #632423;\">\u00a0<img loading=\"lazy\" decoding=\"async\" class=\"alignnone size-full wp-image-14473\" title=\"Eric\" src=\"http:\/\/www.lecarrefourdesopinions.ca\/wp-content\/uploads\/2018\/01\/Eric.jpg\" alt=\"\" width=\"134\" height=\"107\" \/><\/span><\/em><\/p>\n<p align=\"JUSTIFY\"><span style=\"color: #632423;\"><span style=\"font-family: 'Comic Sans MS';\"><span style=\"font-size: large;\">\u00c9ric EG Nogard<\/span><\/span><\/span><\/p>\n<p align=\"JUSTIFY\"><em><span style=\"color: #c00000;\"><span style=\"font-size: large;\">Chroniqueur<\/span><\/span><\/em><span style=\"color: #c00000;\"><span style=\"font-size: large;\">.<\/span><\/span><\/p>\n<p align=\"CENTER\">\n<p align=\"CENTER\"><span style=\"color: #632423;\"><span style=\"font-size: large;\">***\u00a0\u00a0\u00a0\u00a0 ***\u00a0\u00a0\u00a0\u00a0 ***<\/span><\/span><\/p>\n<p align=\"CENTER\"><span style=\"color: #632423;\"><span style=\"font-size: large;\">***\u00a0\u00a0\u00a0\u00a0 *** \u00a0\u00a0\u00a0\u00a0***<\/span><\/span><\/p>\n<p align=\"CENTER\"><span style=\"color: #632423;\">\u00a0<\/span><\/p>\n<p>&nbsp;<\/p>\n<p><em><span style=\"color: #000099;\"><span>Voyons l\u2019Accusation, puis la Diffamation.<\/span><\/span><\/em><\/p>\n<p align=\"JUSTIFY\">\n<p align=\"JUSTIFY\">\n<p align=\"JUSTIFY\"><strong><span style=\"font-family: 'Comic Sans MS';\"><span style=\"font-size: large;\">Chez-nous, ne met-on pas en garde contre la mise de la charrue avant les b\u0153ufs.<\/span><\/span><\/strong><\/p>\n<p align=\"JUSTIFY\">\n<p align=\"CENTER\"><img loading=\"lazy\" decoding=\"async\" class=\"alignnone size-medium wp-image-14514\" title=\"F1   C est pas comme \u00e7a chez nous\" src=\"http:\/\/www.lecarrefourdesopinions.ca\/wp-content\/uploads\/2018\/02\/F1-C-est-pas-comme-\u00e7a-chez-nous-300x102.png\" alt=\"\" width=\"300\" height=\"102\" \/><\/p>\n<p align=\"CENTER\"><strong><span style=\"font-size: large;\">F1\u00a0: <\/span><\/strong><em><span style=\"color: #c00000;\"><span style=\"font-size: large;\">C\u2019est pas comme \u00e7a chez-nous\u00a0!..<\/span><\/span><\/em><\/p>\n<p align=\"JUSTIFY\">\n<p align=\"JUSTIFY\">\n<p align=\"JUSTIFY\"><span style=\"font-family: 'Comic Sans MS';\"><span style=\"font-size: large;\">Dans cet ordre de concept, certaines Personnalit\u00e9s joueraient-elles les ignorants ou seraient-elles bien de chez-nous.<\/span><\/span><\/p>\n<p align=\"JUSTIFY\">\n<p align=\"JUSTIFY\"><span style=\"font-family: 'Comic Sans MS';\"><span style=\"font-size: large;\">Cette question nous oblige \u00e0 revenir \u00e0 une de nos toutes pr\u00e9c\u00e9dentes Chronique n\u00b0 2018\/<\/span><\/span><span style=\"font-family: 'Comic Sans MS';\"><span style=\"font-size: large;\"><span style=\"text-decoration: underline;\">407<\/span><\/span><\/span><span style=\"font-family: 'Comic Sans MS';\"><span style=\"font-size: large;\"> intitul\u00e9e \u00ab\u00a0<\/span><\/span><em><span style=\"font-family: 'Comic Sans MS';\"><span style=\"font-size: large;\">Faute d\u2019avoir Cautionn\u00e9, aurait-elle R\u00e9fut\u00e9.\u00a0\u00bb <\/span><\/span><\/em><span style=\"font-family: 'Comic Sans MS';\"><span style=\"font-size: large;\">publi\u00e9e le 12 F\u00e9vrier 2018 par le \u00ab\u00a0Carrefour des Opinions\u00a0\u00bb QUE, Canada,<\/span><\/span><\/p>\n<p align=\"JUSTIFY\">\n<p align=\"CENTER\"><strong><span style=\"font-family: 'Comic Sans MS';\"><span style=\"font-size: large;\">Lien\u00a0<\/span><\/span><\/strong><span style=\"font-family: 'Comic Sans MS';\"><span style=\"font-size: large;\">: <a href=\"http:\/\/www.lecarrefourdesopinions.ca\/?p=14498\">http:\/\/www.lecarrefourdesopinions.ca\/?p=14498<\/a><\/span><\/span><\/p>\n<p align=\"JUSTIFY\">\n<p align=\"JUSTIFY\">\n<p align=\"JUSTIFY\"><strong><span style=\"font-size: large;\">Une Plainte pour Viol est d\u00e9pos\u00e9e en Justice et le Juge le Confirme, tout en reconnaissant l\u2019avoir Class\u00e9e \u00ab\u00a0sans Suite\u00a0\u00bb, ce dont les Parties ont \u00e9t\u00e9 avis\u00e9es.<\/span><\/strong><\/p>\n<p align=\"JUSTIFY\">\n<p align=\"CENTER\">\u00a0<img loading=\"lazy\" decoding=\"async\" class=\"alignnone size-medium wp-image-14515\" title=\"F2   Affaire Classee sans Suite\" src=\"http:\/\/www.lecarrefourdesopinions.ca\/wp-content\/uploads\/2018\/02\/F2-Affaire-Classee-sans-Suite-300x288.jpg\" alt=\"\" width=\"300\" height=\"288\" \/><\/p>\n<p align=\"CENTER\"><strong><span style=\"font-size: large;\">F2\u00a0: <\/span><\/strong><em><span style=\"color: #c00000;\"><span style=\"font-size: large;\">Affaire Class\u00e9e sans Suite.<\/span><\/span><\/em><\/p>\n<p align=\"JUSTIFY\">\n<p align=\"JUSTIFY\">\n<p align=\"JUSTIFY\"><em><span style=\"font-size: large;\">Dix ans apr\u00e8s, cette affaire ressurgit,<\/span><\/em> <span style=\"font-size: large;\">se m\u00e9diatise, fait pol\u00e9mique, la Presse \u00e9tant vou\u00e9e aux Fourches patibulaires pour avoir fouin\u00e9 et r\u00e9v\u00e9l\u00e9 comme il convient \u00e0 sa nature et comme il sied \u00e0 ses devoir et obligation d\u2019informer sur les probl\u00e8mes de Soci\u00e9t\u00e9.<\/span><\/p>\n<p align=\"JUSTIFY\">\n<p align=\"JUSTIFY\"><em><span style=\"font-size: large;\">Jouant les brandons,<\/span><\/em> <span style=\"font-size: large;\">l\u2019accus\u00e9 aura cru bon de \u00ab\u00a0prendre les devants\u00a0\u00bb en d\u00e9non\u00e7ant \u00ab\u00a0des Rumeurs Ignominieuses\u00a0\u00bb propag\u00e9es au pr\u00e9judice de sa r\u00e9putation par le Journal \u00ab\u00a0Ebdo\u00a0\u00bb.<\/span><\/p>\n<p align=\"JUSTIFY\">\n<p align=\"JUSTIFY\"><em><span style=\"font-size: large;\">\u00ab\u00a0Le Parisien\u00a0\u00bb entre dans le D\u00e9bat<\/span><\/em> <span style=\"font-size: large;\">et r\u00e9v\u00e8le le nom des protagonistes sur son site internet.<\/span><\/p>\n<p align=\"JUSTIFY\">\n<p align=\"JUSTIFY\"><em><span style=\"font-size: large;\">Et voil\u00e0 que le brasier s\u2019\u00e9chappe du brasero,<\/span><\/em> <span style=\"font-size: large;\">outrepasse le feu de Camp, vire au Feu Nourri entre le Ministre accus\u00e9 de Viol et la Presse qui se tient dans son r\u00f4le d\u2019Enqu\u00eateur d\u2019Information, pour le plus grand bien de la Soci\u00e9t\u00e9, du Public.<\/span><\/p>\n<p align=\"JUSTIFY\">\n<p align=\"JUSTIFY\">\n<p align=\"JUSTIFY\"><strong><span style=\"font-size: large;\">Au Stade ou nous sommes, de cette Temp\u00eate M\u00e9diatique\u00a0:<\/span><\/strong><\/p>\n<p align=\"JUSTIFY\">\n<p align=\"CENTER\"><img loading=\"lazy\" decoding=\"async\" class=\"alignnone size-medium wp-image-14516\" title=\"F3   Madame Pascale MITTERRAND  petite fille de   Tonton\" src=\"http:\/\/www.lecarrefourdesopinions.ca\/wp-content\/uploads\/2018\/02\/F3-Madame-Pascale-MITTERRAND-petite-fille-de-Tonton-300x200.jpg\" alt=\"\" width=\"300\" height=\"200\" srcset=\"http:\/\/www.lecarrefourdesopinions.ca\/wp-content\/uploads\/2018\/02\/F3-Madame-Pascale-MITTERRAND-petite-fille-de-Tonton-300x200.jpg 300w, http:\/\/www.lecarrefourdesopinions.ca\/wp-content\/uploads\/2018\/02\/F3-Madame-Pascale-MITTERRAND-petite-fille-de-Tonton-1024x682.jpg 1024w, http:\/\/www.lecarrefourdesopinions.ca\/wp-content\/uploads\/2018\/02\/F3-Madame-Pascale-MITTERRAND-petite-fille-de-Tonton-400x266.jpg 400w, http:\/\/www.lecarrefourdesopinions.ca\/wp-content\/uploads\/2018\/02\/F3-Madame-Pascale-MITTERRAND-petite-fille-de-Tonton.jpg 1240w\" sizes=\"auto, (max-width: 300px) 100vw, 300px\" \/><\/p>\n<p align=\"CENTER\"><strong><span style=\"font-size: large;\">F3\u00a0: <\/span><\/strong><em><span style=\"color: #c00000;\"><span style=\"font-size: large;\">Madame Pascale MITTERRAND, petite fille de \u00ab\u00a0Tonton\u00a0\u00bb.<\/span><\/span><\/em><\/p>\n<p align=\"CENTER\">\n<p align=\"JUSTIFY\">\n<p align=\"JUSTIFY\"><span style=\"font-size: large;\">&#8211;<\/span><span style=\"font-size: large;\">\u00a0\u00a0\u00a0\u00a0\u00a0\u00a0\u00a0\u00a0 <\/span><em><span style=\"font-size: large;\">Madame Pascale MITTERRAND, Auteure de la Plainte d\u00e9pos\u00e9e en 2008 pour Fait de Viol contre Nicolas HULOT, a d\u00e9clar\u00e9\u00a0:<\/span><\/em><\/p>\n<p align=\"JUSTIFY\">\n<p align=\"JUSTIFY\"><span style=\"font-family: Symbol;\"><span style=\"font-size: large;\">\u00b7<\/span><\/span><span style=\"font-family: Symbol;\"><span style=\"font-size: large;\">\u00a0\u00a0\u00a0\u00a0\u00a0\u00a0\u00a0 <\/span><\/span><span style=\"font-size: large;\">N\u2019avoir sous aucune forme r\u00e9activ\u00e9 cette affaire, ni aupr\u00e8s de son protagoniste actuellement Ministre, ni aupr\u00e8s de quiconque.<\/span><\/p>\n<p align=\"JUSTIFY\">\n<p align=\"JUSTIFY\"><span style=\"font-family: Symbol;\"><span style=\"font-size: large;\">\u00b7<\/span><\/span><span style=\"font-family: Symbol;\"><span style=\"font-size: large;\">\u00a0\u00a0\u00a0\u00a0\u00a0\u00a0\u00a0 <\/span><\/span><span style=\"font-size: large;\">N\u2019avoir pas souhait\u00e9 cette M\u00e9diatisation, mais qu\u2019elle n\u2019avait aucun pouvoir de s\u2019y opposer.<\/span><\/p>\n<p>&nbsp;<\/p>\n<p align=\"JUSTIFY\"><span style=\"font-family: Symbol;\"><span style=\"font-size: large;\">\u00b7<\/span><\/span><span style=\"font-family: Symbol;\"><span style=\"font-size: large;\">\u00a0\u00a0\u00a0\u00a0\u00a0\u00a0\u00a0 <\/span><\/span><span style=\"font-size: large;\">N\u2019\u00eatre en aucune mani\u00e8re \u00e0 l\u2019initiative des R\u00e9v\u00e9lations qui ressortent de la M\u00e9diatisation Actuelle.<\/span><\/p>\n<p>&nbsp;<\/p>\n<p align=\"JUSTIFY\"><em><span style=\"font-size: large;\">En revanche,<\/span><\/em> <span style=\"font-size: large;\">la Mise en Cause pour fait de Viol n\u2019est pas Lev\u00e9e alors qu\u2019elle est d\u2019actualit\u00e9 dans la mesure de la Pol\u00e9mique virulente dont elle est l\u2019Objet et qu\u2019elle suscite \u00e0 juste titre.<\/span><\/p>\n<p align=\"JUSTIFY\">\n<p align=\"JUSTIFY\"><em><span style=\"font-size: large;\">Que la Justice en tienne Compte.<\/span><\/em> <span style=\"font-size: large;\">Le Cas n\u2019est pas Banal. <\/span><\/p>\n<p align=\"JUSTIFY\">\n<p align=\"JUSTIFY\">\n<p align=\"JUSTIFY\"><strong><span style=\"font-size: large;\">Et au Stade o\u00f9 nous sommes de cette temp\u00eate M\u00e9diatique\u00a0:<\/span><\/strong><\/p>\n<p align=\"JUSTIFY\">\n<p align=\"CENTER\"><img loading=\"lazy\" decoding=\"async\" class=\"alignnone size-medium wp-image-14517\" title=\"F4   Monsieur Nicolas HULOT  mis en Cause presume Innocent\" src=\"http:\/\/www.lecarrefourdesopinions.ca\/wp-content\/uploads\/2018\/02\/F4-Monsieur-Nicolas-HULOT-mis-en-Cause-presume-Innocent-300x150.jpg\" alt=\"\" width=\"300\" height=\"150\" srcset=\"http:\/\/www.lecarrefourdesopinions.ca\/wp-content\/uploads\/2018\/02\/F4-Monsieur-Nicolas-HULOT-mis-en-Cause-presume-Innocent-300x150.jpg 300w, http:\/\/www.lecarrefourdesopinions.ca\/wp-content\/uploads\/2018\/02\/F4-Monsieur-Nicolas-HULOT-mis-en-Cause-presume-Innocent-400x200.jpg 400w, http:\/\/www.lecarrefourdesopinions.ca\/wp-content\/uploads\/2018\/02\/F4-Monsieur-Nicolas-HULOT-mis-en-Cause-presume-Innocent.jpg 630w\" sizes=\"auto, (max-width: 300px) 100vw, 300px\" \/><\/p>\n<p align=\"CENTER\"><strong><span style=\"font-size: large;\">F4\u00a0: <\/span><\/strong><em><span style=\"color: #c00000;\"><span style=\"font-size: large;\">Monsieur Nicolas HULOT, mis en Cause pr\u00e9sum\u00e9 Innocent.<\/span><\/span><\/em><\/p>\n<p align=\"JUSTIFY\">\n<p align=\"JUSTIFY\">\n<p align=\"JUSTIFY\"><span style=\"font-size: large;\">&#8211;<\/span><span style=\"font-size: large;\">\u00a0\u00a0\u00a0\u00a0\u00a0\u00a0\u00a0\u00a0 <\/span><em><span style=\"font-size: large;\">Nicolas HULOT, l\u2019Accus\u00e9 pour fait de Viol sur Pascale MITTERRAND\u00a0:<\/span><\/em><\/p>\n<p align=\"JUSTIFY\">\n<p align=\"JUSTIFY\"><span style=\"font-family: Symbol;\"><span style=\"font-size: large;\">\u00b7<\/span><\/span><span style=\"font-family: Symbol;\"><span style=\"font-size: large;\">\u00a0\u00a0\u00a0\u00a0\u00a0\u00a0\u00a0 <\/span><\/span><span style=\"font-size: large;\">A reconnu avoir voulu \u00ab\u00a0prendre les devants\u00a0\u00bb en d\u00e9non\u00e7ant les \u00ab\u00a0rumeurs ignominieuses\u00a0\u00bb et la publication le mettant en Cause par le \u00ab\u00a0Journal Ebdo\u00a0\u00bb.<\/span><\/p>\n<p align=\"JUSTIFY\">\n<p align=\"JUSTIFY\"><span style=\"font-size: large;\">Rien ne l\u2019en emp\u00eachait et rien ne l\u2019obligeait.<\/span><\/p>\n<p align=\"JUSTIFY\">\n<p align=\"JUSTIFY\"><span style=\"font-family: Symbol;\"><span style=\"font-size: large;\">\u00b7<\/span><\/span><span style=\"font-family: Symbol;\"><span style=\"font-size: large;\">\u00a0\u00a0\u00a0\u00a0\u00a0\u00a0\u00a0 <\/span><\/span><span style=\"font-size: large;\">A d\u00e9pos\u00e9 \u00e0 l\u2019encontre du \u00ab\u00a0Parisien\u00a0\u00bb une Plainte pour diffamation.<\/span><\/p>\n<p align=\"JUSTIFY\">\n<p align=\"JUSTIFY\"><em><span style=\"font-size: large;\">Esp\u00e9rons qu\u2019il aura obtenu de Pascale MITTERAND,<\/span><\/em> <span style=\"font-size: large;\">un T\u00e9moignage \u00e0 d\u00e9charge et qu\u2019il se sera d\u00e9p\u00each\u00e9 de le verser au dossier de cette D\u00e9plorable Affaire certes Class\u00e9e, n\u00e9anmoins, aucunement r\u00e9gl\u00e9e.<\/span><\/p>\n<p align=\"JUSTIFY\">\n<p align=\"JUSTIFY\"><span style=\"font-size: large;\">Ne dit-on pas \u00ab\u00a0<\/span><em><span style=\"font-size: large;\">Pas de Plainte, pas de Crime<\/span><\/em><span style=\"font-size: large;\">\u00a0\u00bb.<\/span><\/p>\n<p align=\"JUSTIFY\">\n<p align=\"JUSTIFY\"><em><span style=\"font-size: large;\">Or,<\/span><\/em> <span style=\"font-size: large;\">il y a bien un tison sous les Cendres\u2026 quel Tison.<\/span><\/p>\n<p align=\"JUSTIFY\"><em><span style=\"font-size: large;\">Au Tribunal de Trancher ce Cas de Diffamation<\/span><\/em> <span style=\"font-size: large;\">pour R\u00e9v\u00e9lation d\u2019une Plainte non \u00c9lucid\u00e9e par la Justice et non R\u00e9voqu\u00e9e par la Plaignante.<\/span><\/p>\n<p align=\"JUSTIFY\">\n<p align=\"JUSTIFY\">\n<p align=\"JUSTIFY\"><strong><span style=\"font-family: 'Comic Sans MS';\"><span style=\"font-size: large;\">Enfin, au Stade o\u00f9 nous sommes en cette Temp\u00eate M\u00e9diatique,<\/span><\/span><\/strong><\/p>\n<p align=\"JUSTIFY\">\n<p align=\"JUSTIFY\"><span style=\"font-family: 'Comic Sans MS';\"><span style=\"font-size: large;\">Au lieu de leur Soutien \u00e0 l\u2019Accus\u00e9, le Chef de l\u2019\u00c9tat et le Chef du Gouvernement ne seraient-ils pas mieux inspir\u00e9s de s\u2019en remettre aux Tribunaux pour la R\u00e9solution de ce Cas qui Interpelle la Nation.<\/span><\/span><\/p>\n<p align=\"JUSTIFY\">\n<p align=\"JUSTIFY\"><em><span style=\"font-family: 'Comic Sans MS';\"><span style=\"font-size: large;\">Bien que Class\u00e9e l\u2019Accusation demeure, infirmant la Plainte pour Diffamation.<\/span><\/span><\/em><\/p>\n<p align=\"JUSTIFY\">\n<p align=\"JUSTIFY\"><span style=\"font-size: large;\">\u00c9ric EG Nogard<\/span><\/p>\n<p align=\"JUSTIFY\"><em><span style=\"color: #c00000;\"><span style=\"font-size: large;\">Chroniqueur<\/span><\/span><\/em><span style=\"color: #c00000;\"><span style=\"font-size: large;\">.<\/span><\/span><\/p>\n<p align=\"JUSTIFY\"><span style=\"color: #c00000;\">\u00a0<\/span><\/p>\n<p align=\"CENTER\"><strong><span style=\"font-size: large;\">***\u00a0\u00a0\u00a0\u00a0 ***\u00a0\u00a0\u00a0\u00a0 ***<\/span><\/strong><\/p>\n<p align=\"CENTER\"><strong><span style=\"color: #ff0000;\">Ne Peut \u00eatre reproduit &#8211; m\u00eame partiellement &#8211;\u00a0 sans l\u2019autorisation de l\u2019Auteur.<\/span><\/strong><strong>\u00a0<\/strong><\/p>\n<p align=\"CENTER\"><strong><span style=\"font-size: large;\">***\u00a0\u00a0\u00a0\u00a0 ***\u00a0\u00a0\u00a0\u00a0 ***<\/span><\/strong><\/p>\n<p align=\"CENTER\"><strong><span style=\"color: #ff0000;\"><span style=\"font-size: large;\">Nota : <\/span><\/span><\/strong><span style=\"color: #000000;\"><span style=\"font-size: large;\">Nous ne traitons que de Faits et de Noms rendus Publics.<\/span><\/span><span style=\"color: #000000;\">\u00a0<\/span><\/p>\n<p align=\"CENTER\"><span style=\"color: #000000;\"><span style=\"font-size: large;\">***\u00a0\u00a0\u00a0\u00a0 ***\u00a0\u00a0\u00a0\u00a0 ***<\/span><\/span><\/p>\n<p align=\"JUSTIFY\"><strong><span style=\"text-decoration: underline;\">Liens Sugg\u00e9r\u00e9s\u00a0:<\/span><\/strong><\/p>\n<ul type=\"DISC\">\n<li>\n<p align=\"JUSTIFY\"><a href=\"http:\/\/www.etatsgenerauxdeloutremer.fr\/reflexions\">http:\/\/www.etatsgenerauxdeloutremer.fr\/reflexions<\/a><\/p>\n<\/li>\n<\/ul>\n<p align=\"CENTER\"><strong><span style=\"color: #ff0000;\">\u00a0<\/span><\/strong><\/p>\n<p align=\"CENTER\">\n<script type=\"text\/javascript\">\n\nvar addthis_config = {\"data_track_clickback\":false,\"data_track_addressbar\":false,\"data_track_textcopy\":false};\n<\/script><script type=\"text\/javascript\" src=\"\/\/s7.addthis.com\/js\/250\/addthis_widget.js#pubid=a457a6d63fb9e6ccabdde4110343bd85\"><\/script>","protected":false},"excerpt":{"rendered":"<p align=\"CENTER\"><span style=\"color: #632423;\"><span style=\"font-family: 'Comic Sans MS';\"><span style=\"font-size: large;\">Voyons l\u2019Accusation, puis la Diffamation.<\/span><\/span><\/span><\/p>\n<p align=\"JUSTIFY\"><span style=\"color: #632423;\">\u00a0<\/span><\/p>\n<p align=\"JUSTIFY\"><span style=\"color: #632423;\"><span style=\"font-family: 'Comic Sans MS';\"><span style=\"font-size: large;\">\u00c9ric EG Nogard<\/span><\/span><\/span><\/p>\n<p align=\"JUSTIFY\"><span style=\"color: #c00000;\"><span style=\"font-size: large;\">Chroniqueur<\/span><\/span><span style=\"color: #c00000;\"><span style=\"font-size: large;\">.<\/span><\/span><\/p>\n<p align=\"CENTER\">\n<p align=\"CENTER\"><span style=\"color: #632423;\"><span style=\"font-size: large;\">***\u00a0\u00a0\u00a0\u00a0 ***\u00a0\u00a0\u00a0\u00a0 ***<\/span><\/span><\/p>\n<p align=\"CENTER\"><span style=\"color: #632423;\"><span style=\"font-size: large;\">***\u00a0\u00a0\u00a0\u00a0 *** \u00a0\u00a0\u00a0\u00a0***<\/span><\/span><\/p>\n<p align=\"CENTER\"><span style=\"color: #632423;\">\u00a0<\/span><\/p>\n<p>&nbsp;<\/p>\n<p><span style=\"color: #000099;\"><span>Voyons l\u2019Accusation, puis la Diffamation.<\/span><\/span><\/p>\n<p align=\"JUSTIFY\">\n<p align=\"JUSTIFY\">\n<p align=\"JUSTIFY\"><span style=\"font-family: 'Comic Sans MS';\"><span style=\"font-size: large;\">Chez-nous, ne met-on pas en garde contre la mise de la charrue avant les b\u0153ufs.<\/span><\/span>&hellip;<\/p>\n","protected":false},"author":1,"featured_media":0,"comment_status":"open","ping_status":"open","sticky":false,"template":"","format":"standard","meta":{"footnotes":""},"categories":[1],"tags":[],"class_list":["post-14513","post","type-post","status-publish","format-standard","hentry","category-accueil"],"_links":{"self":[{"href":"http:\/\/www.lecarrefourdesopinions.ca\/index.php?rest_route=\/wp\/v2\/posts\/14513","targetHints":{"allow":["GET"]}}],"collection":[{"href":"http:\/\/www.lecarrefourdesopinions.ca\/index.php?rest_route=\/wp\/v2\/posts"}],"about":[{"href":"http:\/\/www.lecarrefourdesopinions.ca\/index.php?rest_route=\/wp\/v2\/types\/post"}],"author":[{"embeddable":true,"href":"http:\/\/www.lecarrefourdesopinions.ca\/index.php?rest_route=\/wp\/v2\/users\/1"}],"replies":[{"embeddable":true,"href":"http:\/\/www.lecarrefourdesopinions.ca\/index.php?rest_route=%2Fwp%2Fv2%2Fcomments&post=14513"}],"version-history":[{"count":1,"href":"http:\/\/www.lecarrefourdesopinions.ca\/index.php?rest_route=\/wp\/v2\/posts\/14513\/revisions"}],"predecessor-version":[{"id":14518,"href":"http:\/\/www.lecarrefourdesopinions.ca\/index.php?rest_route=\/wp\/v2\/posts\/14513\/revisions\/14518"}],"wp:attachment":[{"href":"http:\/\/www.lecarrefourdesopinions.ca\/index.php?rest_route=%2Fwp%2Fv2%2Fmedia&parent=14513"}],"wp:term":[{"taxonomy":"category","embeddable":true,"href":"http:\/\/www.lecarrefourdesopinions.ca\/index.php?rest_route=%2Fwp%2Fv2%2Fcategories&post=14513"},{"taxonomy":"post_tag","embeddable":true,"href":"http:\/\/www.lecarrefourdesopinions.ca\/index.php?rest_route=%2Fwp%2Fv2%2Ftags&post=14513"}],"curies":[{"name":"wp","href":"https:\/\/api.w.org\/{rel}","templated":true}]}}