{"id":14505,"date":"2018-02-14T08:56:19","date_gmt":"2018-02-14T13:56:19","guid":{"rendered":"http:\/\/www.lecarrefourdesopinions.ca\/?p=14505"},"modified":"2018-02-14T08:56:19","modified_gmt":"2018-02-14T13:56:19","slug":"sauf-peut-etre-sur-un-point-la-corse-peut-sen-rejouir","status":"publish","type":"post","link":"http:\/\/www.lecarrefourdesopinions.ca\/?p=14505","title":{"rendered":"Sauf peut-\u00eatre sur un point, la Corse peut s\u2019en r\u00e9jouir."},"content":{"rendered":"<p style=\"text-align: center;\"><em><span style=\"color: #632423;\"><span style=\"font-family: 'Comic Sans MS';\"><span style=\"font-size: large;\">Sauf peut-\u00eatre sur un point, la Corse peut s\u2019en r\u00e9jouir.<\/span><\/span><\/span><\/em><\/p>\n<p align=\"JUSTIFY\"><span style=\"color: #632423;\">\u00a0<img loading=\"lazy\" decoding=\"async\" class=\"alignnone size-full wp-image-14473\" title=\"Eric\" src=\"http:\/\/www.lecarrefourdesopinions.ca\/wp-content\/uploads\/2018\/01\/Eric.jpg\" alt=\"\" width=\"134\" height=\"107\" \/><\/span><\/p>\n<p align=\"JUSTIFY\"><span style=\"color: #632423;\"><span style=\"font-family: 'Comic Sans MS';\"><span style=\"font-size: large;\">\u00c9ric EG Nogard<\/span><\/span><\/span><\/p>\n<p align=\"JUSTIFY\"><em><span style=\"color: #c00000;\"><span style=\"font-size: large;\">Chroniqueur<\/span><\/span><\/em><span style=\"color: #c00000;\"><span style=\"font-size: large;\">.<\/span><\/span><\/p>\n<p align=\"CENTER\">\n<p align=\"CENTER\"><span style=\"color: #632423;\"><span style=\"font-size: large;\">***\u00a0\u00a0\u00a0\u00a0 ***\u00a0\u00a0\u00a0\u00a0 ***<\/span><\/span><\/p>\n<p align=\"CENTER\"><span style=\"color: #632423;\"><span style=\"font-size: large;\">***\u00a0\u00a0\u00a0\u00a0 ***\u00a0\u00a0\u00a0\u00a0 ***<\/span><\/span><\/p>\n<p><span style=\"color: #632423;\">\u00a0<\/span><\/p>\n<p><em><span style=\"color: #000099;\"><span>Sauf peut-\u00eatre sur un point, la Corse peut s\u2019en r\u00e9jouir.<\/span><\/span><\/em><\/p>\n<p><span style=\"color: #632423;\">\u00a0<\/span><\/p>\n<p><span style=\"color: #632423;\">\u00a0<\/span><\/p>\n<p align=\"CENTER\"><img loading=\"lazy\" decoding=\"async\" class=\"alignnone size-medium wp-image-14506\" title=\"F1   Voulez vous vraiment vous Marier    Oublier le passe et envisager l Avenir   Unis dans le meilleurs comme dans le pire\" src=\"http:\/\/www.lecarrefourdesopinions.ca\/wp-content\/uploads\/2018\/02\/F1-Voulez-vous-vraiment-vous-Marier-Oublier-le-passe-et-envisager-l-Avenir-Unis-dans-le-meilleurs-comme-dans-le-pire-300x147.jpg\" alt=\"\" width=\"300\" height=\"147\" \/><\/p>\n<p align=\"CENTER\"><strong><span style=\"font-size: large;\">F1\u00a0: <\/span><\/strong><em><span style=\"color: #c00000;\"><span style=\"font-size: large;\">Voulez-vous vraiment vous Marier\u00a0?<\/span><\/span><\/em><\/p>\n<p align=\"CENTER\"><em><span style=\"color: #c00000;\"><span style=\"font-size: large;\">Oublier le pass\u00e9 et envisager l\u2019Avenir,<\/span><\/span><\/em><\/p>\n<p align=\"CENTER\"><em><span style=\"color: #c00000;\"><span style=\"font-size: large;\">Unis dans le meilleurs comme dans le pire\u00a0?<\/span><\/span><\/em><\/p>\n<p align=\"CENTER\"><em><span style=\"color: #c00000;\"><span style=\"font-size: large;\">Alors au diable ce qui doit l\u2019\u00eatre.<\/span><\/span><\/em><\/p>\n<p><span style=\"color: #632423;\">\u00a0<\/span><\/p>\n<p align=\"JUSTIFY\">\n<p align=\"JUSTIFY\"><strong><span style=\"font-family: 'Comic Sans MS';\"><span style=\"font-size: large;\">Eu \u00e9gard \u00e0 la premi\u00e8re pi\u00e8ce du menu de cette rencontre O combien historique.<\/span><\/span><\/strong><\/p>\n<p align=\"JUSTIFY\">\n<p align=\"JUSTIFY\"><span style=\"font-family: 'Comic Sans MS';\"><span style=\"font-size: large;\">La rencontre sur le Sol de la Corse du drapeau tricolore en la Personne du Pr\u00e9sident MACRON aux avis si tranch\u00e9s d\u2019une part, et d\u2019autre part, du Pavillon \u00e0 la T\u00eate de Maure, \u00e0 travers les Chefs D\u00e9mocratiquement \u00c9lus de l\u2019\u00cele de Beaut\u00e9, Messieurs Gilles SIM\u00c9ONI, Autonomiste, et Jean-Guy TALAMONI, Ind\u00e9pendantiste.<\/span><\/span><\/p>\n<p align=\"JUSTIFY\">\n<p style=\"text-align: center;\" align=\"JUSTIFY\">\u00a0<img loading=\"lazy\" decoding=\"async\" class=\"alignnone size-medium wp-image-14507\" title=\"French President Emmanuel Macron, Gilles Simeoni, leader of Corsica's regional council, and Jean-Guy Talamoni, Corsica's regional parliament speaker, pose during the president's visit to the Corsican Territorial Collectivity in Ajaccio\" src=\"http:\/\/www.lecarrefourdesopinions.ca\/wp-content\/uploads\/2018\/02\/F2-Voulez-vous-Vraiment-vous-Marier-300x150.jpeg\" alt=\"\" width=\"300\" height=\"150\" srcset=\"http:\/\/www.lecarrefourdesopinions.ca\/wp-content\/uploads\/2018\/02\/F2-Voulez-vous-Vraiment-vous-Marier-300x150.jpeg 300w, http:\/\/www.lecarrefourdesopinions.ca\/wp-content\/uploads\/2018\/02\/F2-Voulez-vous-Vraiment-vous-Marier-400x200.jpeg 400w, http:\/\/www.lecarrefourdesopinions.ca\/wp-content\/uploads\/2018\/02\/F2-Voulez-vous-Vraiment-vous-Marier.jpeg 630w\" sizes=\"auto, (max-width: 300px) 100vw, 300px\" \/><\/p>\n<p align=\"CENTER\"><strong><span style=\"font-size: large;\">F2\u00a0: <\/span><\/strong><em><span style=\"color: #c00000;\"><span style=\"font-size: large;\">Voulez-vous Vraiment vous Marier\u00a0?<\/span><\/span><\/em><\/p>\n<p align=\"JUSTIFY\">\n<p align=\"JUSTIFY\">\n<p align=\"JUSTIFY\"><strong><span style=\"font-size: large;\">Du point de vue Historique, est-il besoin d\u2019en rajouter.<\/span><\/strong><\/p>\n<p align=\"JUSTIFY\">\n<p align=\"JUSTIFY\"><span style=\"font-size: large;\">Eu \u00e9gard \u00e0 la premi\u00e8re pi\u00e8ce du menu, donc, eu \u00e9gard \u00e0 la Comm\u00e9moration de l\u2019Assassinat d\u2019un Pr\u00e9fet de France sur le sol Corse, cette Terre Fran\u00e7aise aux Enfants si fiers, peut-\u00eatre si chatouilleux, si peu oublieux en tout cas.<\/span><\/p>\n<p align=\"JUSTIFY\">\n<p align=\"JUSTIFY\"><span style=\"font-size: large;\">Rappelons-nous \u00ab\u00a0<\/span><em><span style=\"font-family: Arial, sans-serif;\"><span style=\"font-size: large;\">Colomba<\/span><\/span><\/em>\u00a0<span style=\"font-size: large;\">\u00bb par Prosper M\u00c9RIM\u00c9E.<\/span><\/p>\n<p align=\"JUSTIFY\">\n<p align=\"CENTER\"><img loading=\"lazy\" decoding=\"async\" class=\"alignnone size-full wp-image-14508\" title=\"F3   Peut etre un Ingredient   Ou de manque  ou de Trop\" src=\"http:\/\/www.lecarrefourdesopinions.ca\/wp-content\/uploads\/2018\/02\/F3-Peut-etre-un-Ingredient-Ou-de-manque-ou-de-Trop.jpg\" alt=\"\" width=\"300\" height=\"175\" \/><\/p>\n<p align=\"CENTER\"><strong><span style=\"font-size: large;\">F3\u00a0: <\/span><\/strong><em><span style=\"color: #c00000;\"><span style=\"font-size: large;\">Peut-\u00eatre un Ingr\u00e9dient,<\/span><\/span><\/em><\/p>\n<p align=\"CENTER\"><em><span style=\"color: #c00000;\"><span style=\"font-size: large;\">Ou de manque, ou de Trop.<\/span><\/span><\/em><\/p>\n<p align=\"JUSTIFY\">\n<p align=\"JUSTIFY\">\n<p align=\"JUSTIFY\"><strong><span style=\"font-size: large;\">Un frisson de crainte nous a parcouru \u00e0 l\u2019id\u00e9e de ce qui pourrait en r\u00e9sulter pour cette rencontre au Sommet.<\/span><\/strong><\/p>\n<p align=\"JUSTIFY\">\n<p align=\"JUSTIFY\"><span style=\"font-size: large;\">Elle a quand m\u00eame eu lieu, cette rencontre des Chefs, dans la plus grande dignit\u00e9 quoi qu\u2019on dise, et malgr\u00e9 les \u00e9tats d\u2019\u00e2me que l\u2019on comprend \u00e0 moins de mauvais vouloir, d\u00e8s-lors que se d\u00e9gage une impression, ou de manque, ou de trop.<\/span><\/p>\n<p align=\"JUSTIFY\">\n<p align=\"JUSTIFY\">\n<p align=\"JUSTIFY\"><strong><span style=\"font-size: large;\">Et le Pr\u00e9sident Emmanuel MACRON s\u2019y est r\u00e9v\u00e9l\u00e9 le Chef des chefs, car le plus sage et le plus impr\u00e9gn\u00e9 du Sens de l\u2019\u00c9tat, en plus d\u2019\u00eatre assez lucide pour mieux envisager un avenir qui soit plus favorable aux Int\u00e9r\u00eats de la Corse, qui doive transcender l\u2019Int\u00e9r\u00eat des Partis.<\/span><\/strong><\/p>\n<p align=\"JUSTIFY\">\n<p align=\"JUSTIFY\"><span style=\"font-size: large;\">Car, \u00e0 quoi pourrait bien servir l\u2019\u00a0\u00ab\u00a0Officialisation\u00a0\u00bb de la Langue Corse, si belle et si attachante soit-elle quand, <\/span><em><span style=\"font-family: Arial, sans-serif;\"><span style=\"font-size: large;\">downing the streets of Paris<\/span><\/span><\/em><span style=\"font-size: large;\">, \u00e0 entendre les Langues et dialectes qu\u2019on y parle, on se croirait en pleine Tour de Babel.<\/span><\/p>\n<p align=\"JUSTIFY\">\n<p align=\"CENTER\"><img loading=\"lazy\" decoding=\"async\" class=\"alignnone size-full wp-image-14509\" title=\"F4   Cependant  la Corse consentirait elle sur son Territoire a la transplantation de la Tour de Babel\" src=\"http:\/\/www.lecarrefourdesopinions.ca\/wp-content\/uploads\/2018\/02\/F4-Cependant-la-Corse-consentirait-elle-sur-son-Territoire-a-la-transplantation-de-la-Tour-de-Babel.jpg\" alt=\"\" width=\"259\" height=\"194\" \/><\/p>\n<p align=\"JUSTIFY\"><strong><span style=\"font-size: large;\">F4\u00a0: <\/span><\/strong><em><span style=\"color: #c00000;\"><span style=\"font-size: large;\">Cependant, la Corse consentirait-elle sur son Territoire \u00e0 la transplantation de la Tour de Babel.<\/span><\/span><\/em><\/p>\n<p align=\"CENTER\">\n<p align=\"JUSTIFY\">\n<p align=\"JUSTIFY\"><strong><span style=\"font-size: large;\">Et si chaque \u00ab\u00a0D\u00e9partement-R\u00e9gion\u00a0\u00bb de France devait acc\u00e9der \u00e0 cette revendication, qu\u2019en serait-il de la Communication entre Fran\u00e7ais.<\/span><\/strong><\/p>\n<p align=\"JUSTIFY\">\n<p align=\"JUSTIFY\"><span style=\"font-size: large;\">La Coupe n\u2019en serait-elle pas <\/span><em><span style=\"font-family: Arial, sans-serif;\"><span style=\"font-size: large;\">Over flowing too much<\/span><\/span><\/em><span style=\"font-size: large;\">.<\/span><\/p>\n<p align=\"JUSTIFY\">\n<p align=\"JUSTIFY\"><span style=\"font-size: large;\">La France serait-elle encore la <\/span><em><span style=\"font-family: Arial, sans-serif;\"><span style=\"font-size: large;\">Mother land and Sea<\/span><\/span><\/em> <span style=\"font-size: large;\">du Fran\u00e7ais.<\/span><\/p>\n<p align=\"JUSTIFY\">\n<p align=\"JUSTIFY\">\n<p align=\"JUSTIFY\"><strong><span style=\"font-size: large;\">Qu\u2019est-ce que cela serait et qu\u2019est-ce qui s\u2019ensuivrait si, en Corse, chaque Immigr\u00e9 Re\u00e7u venait \u00e0 r\u00e9clamer l\u2019Officialisation de sa Langue, ses Patois, ses Idiomes, au risque de la changer en vrai Tour de Babel.<\/span><\/strong><\/p>\n<p align=\"JUSTIFY\">\n<p align=\"JUSTIFY\"><span style=\"font-size: large;\">Quel Profit Majeur en tirerait-elle, d\u2019ailleurs, mis \u00e0 part une mani\u00e8re de <\/span><em><span style=\"font-family: Arial, sans-serif;\"><span style=\"font-size: large;\">Country Satisfaction and Consolation, <\/span><\/span><\/em><span style=\"font-size: large;\">dans la Mar\u00e9e de la Mondialisation.<\/span><\/p>\n<p align=\"JUSTIFY\">\n<p align=\"JUSTIFY\">\n<p align=\"JUSTIFY\"><span style=\"font-family: Cambria, serif;\"><span style=\"font-size: large;\">Sur ce point donc, comme sur tant d\u2019autres, <\/span><\/span><em><span style=\"font-family: Arial, sans-serif;\"><span style=\"font-size: large;\">set<\/span><\/span><\/em> <span style=\"font-family: Cambria, serif;\"><span style=\"font-size: large;\">acquis au Pr\u00e9sident MACRON, attendu surtout que l\u2019autonomie n\u2019est pas l\u2019Ind\u00e9pendance qui seule d\u00e9gage l\u2019\u00c9tat de ses Responsabilit\u00e9s envers ses Prot\u00e9g\u00e9s.<\/span><\/span><\/p>\n<p align=\"JUSTIFY\">\n<p align=\"CENTER\"><img loading=\"lazy\" decoding=\"async\" class=\"alignnone size-medium wp-image-14510\" title=\"F5   Rassurez vous  Madame COLONNAT pour spontanee qu elle soit elle met parfois du temps a agir\" src=\"http:\/\/www.lecarrefourdesopinions.ca\/wp-content\/uploads\/2018\/02\/F5-Rassurez-vous-Madame-COLONNAT-pour-spontanee-qu-elle-soit-elle-met-parfois-du-temps-a-agir-300x168.jpg\" alt=\"\" width=\"300\" height=\"168\" srcset=\"http:\/\/www.lecarrefourdesopinions.ca\/wp-content\/uploads\/2018\/02\/F5-Rassurez-vous-Madame-COLONNAT-pour-spontanee-qu-elle-soit-elle-met-parfois-du-temps-a-agir-300x168.jpg 300w, http:\/\/www.lecarrefourdesopinions.ca\/wp-content\/uploads\/2018\/02\/F5-Rassurez-vous-Madame-COLONNAT-pour-spontanee-qu-elle-soit-elle-met-parfois-du-temps-a-agir-400x225.jpg 400w, http:\/\/www.lecarrefourdesopinions.ca\/wp-content\/uploads\/2018\/02\/F5-Rassurez-vous-Madame-COLONNAT-pour-spontanee-qu-elle-soit-elle-met-parfois-du-temps-a-agir.jpg 640w\" sizes=\"auto, (max-width: 300px) 100vw, 300px\" \/><\/p>\n<p align=\"JUSTIFY\"><strong><span style=\"font-size: large;\">F5\u00a0: <\/span><\/strong><em><span style=\"color: #c00000;\"><span style=\"font-size: large;\">Rassurez-vous, Madame COLONNAT pour spontan\u00e9e qu\u2019elle soit, elle met parfois du temps \u00e0 agir.<\/span><\/span><\/em><\/p>\n<p align=\"JUSTIFY\">\n<p align=\"JUSTIFY\">\n<p align=\"JUSTIFY\"><strong><span style=\"font-size: large;\">Pour ce qui est de l\u2019incarc\u00e9ration dans l\u2019Hexagone de Monsieur COLONNAT\u2026<\/span><\/strong> <span style=\"font-size: large;\">la partie reste ouverte et Madame COLONNAT n\u2019a aucun lieu de d\u00e9sesp\u00e9rer car chacun la comprend comme chacun aurait pu \u00eatre \u00e0 sa place voire \u00e0 la place de son Fils.<\/span><\/p>\n<p align=\"JUSTIFY\">\n<p align=\"JUSTIFY\"><span style=\"font-size: large;\">Sa peine m\u00e9rite Compassion de m\u00eame que la S\u00e9paration \u00ab\u00a0Absolue\u00a0\u00bb du Fils de son P\u00e8re doit relever de Situations Extr\u00eames, est-ce le cas dans la situation qui nous occupe.<\/span><\/p>\n<p align=\"JUSTIFY\">\n<p align=\"JUSTIFY\">\n<p align=\"JUSTIFY\"><strong><span style=\"font-size: large;\">Reste l\u2019Assassinat du Pr\u00e9fet \u00c9RIGNAC et l\u2019Arr\u00eat Pr\u00e9sidentiel qui en est r\u00e9sult\u00e9.<\/span><\/strong><\/p>\n<p align=\"JUSTIFY\">\n<p align=\"CENTER\"><img loading=\"lazy\" decoding=\"async\" class=\"alignnone size-medium wp-image-14511\" title=\"F6   Le Prefet Claude ERIGNAC ou la Pomme de Discorde   He d better stay elsewhere for that Moment\" src=\"http:\/\/www.lecarrefourdesopinions.ca\/wp-content\/uploads\/2018\/02\/F6-Le-Prefet-Claude-ERIGNAC-ou-la-Pomme-de-Discorde-He-d-better-stay-elsewhere-for-that-Moment-300x168.jpg\" alt=\"\" width=\"300\" height=\"168\" srcset=\"http:\/\/www.lecarrefourdesopinions.ca\/wp-content\/uploads\/2018\/02\/F6-Le-Prefet-Claude-ERIGNAC-ou-la-Pomme-de-Discorde-He-d-better-stay-elsewhere-for-that-Moment-300x168.jpg 300w, http:\/\/www.lecarrefourdesopinions.ca\/wp-content\/uploads\/2018\/02\/F6-Le-Prefet-Claude-ERIGNAC-ou-la-Pomme-de-Discorde-He-d-better-stay-elsewhere-for-that-Moment-400x224.jpg 400w, http:\/\/www.lecarrefourdesopinions.ca\/wp-content\/uploads\/2018\/02\/F6-Le-Prefet-Claude-ERIGNAC-ou-la-Pomme-de-Discorde-He-d-better-stay-elsewhere-for-that-Moment.jpg 680w\" sizes=\"auto, (max-width: 300px) 100vw, 300px\" \/><\/p>\n<p align=\"CENTER\"><strong><span style=\"font-size: large;\">F6\u00a0: <\/span><\/strong><em><span style=\"color: #943634;\"><span style=\"font-size: large;\">Le Pr\u00e9fet Claude \u00c9RIGNAC ou la Pomme de Discorde.<\/span><\/span><\/em><\/p>\n<p align=\"CENTER\"><em><span style=\"color: #c00000;\"><span style=\"font-family: Arial, sans-serif;\"><span style=\"font-size: large;\">He\u2019d better stay elsewhere for that Moment. <\/span><\/span><\/span><\/em><\/p>\n<p align=\"CENTER\">\n<p align=\"JUSTIFY\">\n<p align=\"JUSTIFY\"><span style=\"font-size: large;\">Le fait est douloureux et m\u00eame son auteur doit le ressentir, faisant la part des choses.<\/span><\/p>\n<p align=\"JUSTIFY\">\n<p align=\"JUSTIFY\"><span style=\"font-size: large;\">Cependant, ce crime, m\u00e9rite-t-il d\u2019\u00eatre port\u00e9 au Compte du Peuple Corse qui n\u2019en est pas coupable et qui, par cons\u00e9quent, ne doit pas en \u00eatre Comptable.<\/span><\/p>\n<p align=\"JUSTIFY\">\n<p align=\"JUSTIFY\"><span style=\"font-size: large;\">Quel Pays \u2013 <\/span><em><span style=\"font-size: large;\">Y compris la France<\/span><\/em><span style=\"font-size: large;\"> \u2013 Consentirait \u00e0 \u00eatre Comptable de toutes les Avanies perp\u00e9tr\u00e9es sur son Sol.<\/span><\/p>\n<p align=\"JUSTIFY\">\n<p align=\"JUSTIFY\">\n<p align=\"JUSTIFY\"><strong><span style=\"font-family: 'Comic Sans MS';\"><span style=\"font-size: large;\">La question m\u00e9rite d\u2019\u00eatre pos\u00e9e, d\u2019\u00eatre reconsid\u00e9r\u00e9e et notre joie serait grande qu\u2019on en d\u00e9batte au \u00ab\u00a0<\/span><\/span><\/strong><em><span style=\"font-family: 'Comic Sans MS';\"><span style=\"font-size: large;\">Carrefour des Opinions<\/span><\/span><\/em><strong><span style=\"font-family: 'Comic Sans MS';\"><span style=\"font-size: large;\">\u00a0\u00bb.<\/span><\/span><\/strong><\/p>\n<p align=\"JUSTIFY\">\n<p align=\"JUSTIFY\"><span style=\"font-family: 'Comic Sans MS';\"><span style=\"font-size: large;\">La Corse ne saurait se R\u00e9jouir d\u2019un tel Arr\u00eat qui d\u2019ailleurs n\u2019est nullement bien per\u00e7u au \u00ab\u00a0<\/span><\/span><em><span style=\"font-family: 'Comic Sans MS';\"><span style=\"font-size: large;\">Cri d\u2019Alarme<\/span><\/span><\/em><span style=\"font-family: 'Comic Sans MS';\"><span style=\"font-size: large;\">\u00a0\u00bb.<\/span><\/span><\/p>\n<p align=\"JUSTIFY\">\n<p align=\"JUSTIFY\">\n<p align=\"JUSTIFY\"><strong><span style=\"font-family: Cambria, serif;\"><span style=\"font-size: large;\">Se marier c\u2019est savoir effacer, Monsieur MACRON.<\/span><\/span><\/strong><\/p>\n<p align=\"JUSTIFY\"><strong>\u00a0<\/strong><\/p>\n<p align=\"JUSTIFY\"><strong><span style=\"font-family: Cambria, serif;\"><span style=\"font-size: large;\">Effacer quoi qu\u2019il en Co\u00fbte, ou Renoncer aux \u00c9pousailles.<\/span><\/span><\/strong><\/p>\n<p align=\"JUSTIFY\"><strong>\u00a0<\/strong><\/p>\n<p align=\"JUSTIFY\"><strong><span style=\"font-family: Cambria, serif;\"><span style=\"font-size: large;\">Un Renoncement, un Sacrifice, c\u2019est aussi cela le Mariage.<\/span><\/span><\/strong><\/p>\n<p align=\"JUSTIFY\">\n<p align=\"JUSTIFY\"><span style=\"font-size: large;\">\u00c9ric EG Nogard<\/span><\/p>\n<p align=\"JUSTIFY\"><em><span style=\"color: #c00000;\"><span style=\"font-size: large;\">Chroniqueur<\/span><\/span><\/em><span style=\"color: #c00000;\"><span style=\"font-size: large;\">.<\/span><\/span><\/p>\n<p align=\"JUSTIFY\"><span style=\"color: #c00000;\">\u00a0<\/span><\/p>\n<p align=\"JUSTIFY\"><span style=\"color: #c00000;\">\u00a0<\/span><\/p>\n<p align=\"CENTER\"><strong><span style=\"font-size: large;\">***\u00a0\u00a0\u00a0\u00a0 ***\u00a0\u00a0\u00a0\u00a0 ***<\/span><\/strong><\/p>\n<p align=\"CENTER\"><strong><span style=\"color: #ff0000;\">Ne Peut \u00eatre reproduit &#8211; m\u00eame partiellement &#8211;\u00a0 sans l\u2019autorisation de l\u2019Auteur.<\/span><\/strong><\/p>\n<p align=\"CENTER\"><strong>\u00a0<\/strong><\/p>\n<p align=\"CENTER\"><strong><span style=\"font-size: large;\">***\u00a0\u00a0\u00a0\u00a0 ***\u00a0\u00a0\u00a0\u00a0 ***<\/span><\/strong><\/p>\n<p align=\"CENTER\"><strong><span style=\"color: #ff0000;\"><span style=\"font-size: large;\">Nota : <\/span><\/span><\/strong><span style=\"color: #000000;\"><span style=\"font-size: large;\">Nous ne traitons que de Faits et de Noms rendus Publics.<\/span><\/span><\/p>\n<p align=\"CENTER\"><span style=\"color: #000000;\">\u00a0<\/span><\/p>\n<p align=\"CENTER\"><span style=\"color: #000000;\"><span style=\"font-size: large;\">***\u00a0\u00a0\u00a0\u00a0 ***\u00a0\u00a0\u00a0\u00a0 ***<\/span><\/span><\/p>\n<p align=\"JUSTIFY\">\n<p align=\"JUSTIFY\"><strong><span style=\"text-decoration: underline;\">Liens Sugg\u00e9r\u00e9s\u00a0:<\/span><\/strong><\/p>\n<p align=\"JUSTIFY\">\n<ul type=\"DISC\">\n<li>\n<p align=\"JUSTIFY\"><a href=\"http:\/\/www.etatsgenerauxdeloutremer.fr\/reflexions\">http:\/\/www.etatsgenerauxdeloutremer.fr\/reflexions<\/a><\/p>\n<\/li>\n<\/ul>\n<p align=\"CENTER\"><strong><span style=\"color: #ff0000;\">\u00a0<\/span><\/strong><\/p>\n<p align=\"CENTER\"><strong>==================================================================<\/strong><\/p>\n<p>&nbsp;<\/p>\n<script type=\"text\/javascript\">\n\nvar addthis_config = {\"data_track_clickback\":false,\"data_track_addressbar\":false,\"data_track_textcopy\":false};\n<\/script><script type=\"text\/javascript\" src=\"\/\/s7.addthis.com\/js\/250\/addthis_widget.js#pubid=a457a6d63fb9e6ccabdde4110343bd85\"><\/script>","protected":false},"excerpt":{"rendered":"<p style=\"text-align: center;\"><span style=\"color: #632423;\"><span style=\"font-family: 'Comic Sans MS';\"><span style=\"font-size: large;\">Sauf peut-\u00eatre sur un point, la Corse peut s\u2019en r\u00e9jouir.<\/span><\/span><\/span><\/p>\n<p align=\"JUSTIFY\"><span style=\"color: #632423;\">\u00a0<\/span><\/p>\n<p align=\"JUSTIFY\"><span style=\"color: #632423;\"><span style=\"font-family: 'Comic Sans MS';\"><span style=\"font-size: large;\">\u00c9ric EG Nogard<\/span><\/span><\/span><\/p>\n<p align=\"JUSTIFY\"><span style=\"color: #c00000;\"><span style=\"font-size: large;\">Chroniqueur<\/span><\/span><span style=\"color: #c00000;\"><span style=\"font-size: large;\">.<\/span><\/span><\/p>\n<p align=\"CENTER\">\n<p align=\"CENTER\"><span style=\"color: #632423;\"><span style=\"font-size: large;\">***\u00a0\u00a0\u00a0\u00a0 ***\u00a0\u00a0\u00a0\u00a0 ***<\/span><\/span><\/p>\n<p align=\"CENTER\"><span style=\"color: #632423;\"><span style=\"font-size: large;\">***\u00a0\u00a0\u00a0\u00a0 ***\u00a0\u00a0\u00a0\u00a0 ***<\/span><\/span><\/p>\n<p><span style=\"color: #632423;\">\u00a0<\/span><\/p>\n<p><span style=\"color: #000099;\"><span>Sauf peut-\u00eatre sur un point, la Corse peut s\u2019en r\u00e9jouir.<\/span><\/span><\/p>\n<p><span style=\"color: #632423;\">\u00a0<\/span><\/p>\n<p><span style=\"color: #632423;\">\u00a0<\/span><\/p>\n<p align=\"CENTER\">\n<p align=\"CENTER\"><span style=\"font-size: large;\">F1\u00a0: <\/span><span style=\"color: #c00000;\"><span style=\"font-size: large;\">Voulez-vous vraiment vous Marier\u00a0<\/span><\/span>&hellip;<\/p>\n","protected":false},"author":1,"featured_media":0,"comment_status":"open","ping_status":"open","sticky":false,"template":"","format":"standard","meta":{"footnotes":""},"categories":[1],"tags":[],"class_list":["post-14505","post","type-post","status-publish","format-standard","hentry","category-accueil"],"_links":{"self":[{"href":"http:\/\/www.lecarrefourdesopinions.ca\/index.php?rest_route=\/wp\/v2\/posts\/14505","targetHints":{"allow":["GET"]}}],"collection":[{"href":"http:\/\/www.lecarrefourdesopinions.ca\/index.php?rest_route=\/wp\/v2\/posts"}],"about":[{"href":"http:\/\/www.lecarrefourdesopinions.ca\/index.php?rest_route=\/wp\/v2\/types\/post"}],"author":[{"embeddable":true,"href":"http:\/\/www.lecarrefourdesopinions.ca\/index.php?rest_route=\/wp\/v2\/users\/1"}],"replies":[{"embeddable":true,"href":"http:\/\/www.lecarrefourdesopinions.ca\/index.php?rest_route=%2Fwp%2Fv2%2Fcomments&post=14505"}],"version-history":[{"count":1,"href":"http:\/\/www.lecarrefourdesopinions.ca\/index.php?rest_route=\/wp\/v2\/posts\/14505\/revisions"}],"predecessor-version":[{"id":14512,"href":"http:\/\/www.lecarrefourdesopinions.ca\/index.php?rest_route=\/wp\/v2\/posts\/14505\/revisions\/14512"}],"wp:attachment":[{"href":"http:\/\/www.lecarrefourdesopinions.ca\/index.php?rest_route=%2Fwp%2Fv2%2Fmedia&parent=14505"}],"wp:term":[{"taxonomy":"category","embeddable":true,"href":"http:\/\/www.lecarrefourdesopinions.ca\/index.php?rest_route=%2Fwp%2Fv2%2Fcategories&post=14505"},{"taxonomy":"post_tag","embeddable":true,"href":"http:\/\/www.lecarrefourdesopinions.ca\/index.php?rest_route=%2Fwp%2Fv2%2Ftags&post=14505"}],"curies":[{"name":"wp","href":"https:\/\/api.w.org\/{rel}","templated":true}]}}