{"id":14498,"date":"2018-02-12T13:18:32","date_gmt":"2018-02-12T18:18:32","guid":{"rendered":"http:\/\/www.lecarrefourdesopinions.ca\/?p=14498"},"modified":"2018-02-12T13:18:32","modified_gmt":"2018-02-12T18:18:32","slug":"faute-davoir-cautionne-aurait-elle-refute","status":"publish","type":"post","link":"http:\/\/www.lecarrefourdesopinions.ca\/?p=14498","title":{"rendered":"Faute d\u2019avoir Cautionn\u00e9, aurait-elle R\u00e9fut\u00e9."},"content":{"rendered":"<p style=\"text-align: center;\"><em><span style=\"color: #632423;\"><span style=\"font-family: 'Comic Sans MS';\"><span style=\"font-size: large;\">Faute d\u2019avoir Cautionn\u00e9, aurait-elle R\u00e9fut\u00e9.<\/span><\/span><\/span><\/em><\/p>\n<p align=\"JUSTIFY\"><span style=\"color: #632423;\">\u00a0<img loading=\"lazy\" decoding=\"async\" class=\"alignnone size-full wp-image-14473\" title=\"Eric\" src=\"http:\/\/www.lecarrefourdesopinions.ca\/wp-content\/uploads\/2018\/01\/Eric.jpg\" alt=\"\" width=\"134\" height=\"107\" \/><\/span><\/p>\n<p align=\"JUSTIFY\"><span style=\"color: #632423;\"><span style=\"font-family: 'Comic Sans MS';\"><span style=\"font-size: large;\">\u00c9ric EG Nogard<\/span><\/span><\/span><\/p>\n<p align=\"JUSTIFY\"><em><span style=\"color: #c00000;\"><span style=\"font-size: large;\">Chroniqueur<\/span><\/span><\/em><span style=\"color: #c00000;\"><span style=\"font-size: large;\">.<\/span><\/span><\/p>\n<p align=\"CENTER\">\n<p align=\"CENTER\"><span style=\"color: #632423;\"><span style=\"font-size: large;\">***\u00a0\u00a0\u00a0\u00a0 ***\u00a0\u00a0\u00a0\u00a0 ***<\/span><\/span><\/p>\n<p align=\"CENTER\"><span style=\"color: #632423;\"><span style=\"font-size: large;\">***\u00a0 \u00a0\u00a0\u00a0***\u00a0\u00a0\u00a0\u00a0 ***<\/span><\/span><\/p>\n<p>&nbsp;<\/p>\n<p><em><span style=\"color: #000099;\"><span>Faute d\u2019avoir Cautionn\u00e9, aurait-elle R\u00e9fut\u00e9.<\/span><\/span><\/em><\/p>\n<p align=\"JUSTIFY\">\n<p align=\"JUSTIFY\">\n<p align=\"JUSTIFY\"><strong><span style=\"font-family: 'Comic Sans MS';\"><span style=\"font-size: large;\">Voil\u00e0 que la France du Mythe (la France figure de Proue de l\u2019Humanit\u00e9) rentre d\u2019un long voyage \u00e0 travers les \u00e2ges, l\u2019Ancien, le Moyen, la Renaissance, le Moderne et enfin la voil\u00e0, dans le Contemporain.<\/span><\/span><\/strong><\/p>\n<p align=\"JUSTIFY\">\n<p align=\"JUSTIFY\"><span style=\"font-family: 'Comic Sans MS';\"><span style=\"font-size: large;\">Elle sera aussi pass\u00e9e par toutes les Formes de Pouvoir, du plus <\/span><\/span><em><span style=\"font-family: Arial, sans-serif;\"><span style=\"font-size: large;\">Smooth<\/span><\/span><\/em> <span style=\"font-family: 'Comic Sans MS';\"><span style=\"font-size: large;\">\u00e0 l\u2019Absolutisme Imp\u00e9rial, Monarchique ou R\u00e9publicain des plus Drastiques.<\/span><\/span><\/p>\n<p align=\"JUSTIFY\">\n<p align=\"CENTER\">\u00a0<img loading=\"lazy\" decoding=\"async\" class=\"alignnone size-medium wp-image-14499\" title=\"F1   So said President MACRON\" src=\"http:\/\/www.lecarrefourdesopinions.ca\/wp-content\/uploads\/2018\/02\/F1-So-said-President-MACRON-300x193.jpeg\" alt=\"\" width=\"300\" height=\"193\" \/><\/p>\n<p align=\"CENTER\"><strong><span style=\"font-size: large;\">F1\u00a0: <\/span><\/strong><em><span style=\"color: #c00000;\"><span style=\"font-family: Arial, sans-serif;\"><span style=\"font-size: large;\">So said President MACRON\u00a0!..<\/span><\/span><\/span><\/em><\/p>\n<p>&nbsp;<\/p>\n<p>&nbsp;<\/p>\n<p align=\"JUSTIFY\"><strong><span style=\"font-size: large;\">Et voila que la France est rentr\u00e9e \u00e0 la maison apr\u00e8s avoir \u00e9t\u00e9 partout ailleurs, n\u2019est-ce pas la v\u00e9rit\u00e9.<\/span><\/strong><\/p>\n<p align=\"JUSTIFY\">\n<p align=\"JUSTIFY\"><em><span style=\"font-family: Arial, sans-serif;\"><span style=\"font-size: large;\">Anyway,<\/span><\/span><\/em> <span style=\"font-family: 'Comic Sans MS';\"><span style=\"font-size: large;\">\u00ab\u00a0<\/span><\/span><em><span style=\"font-family: Arial, sans-serif;\"><span style=\"font-size: large;\">France is back home<\/span><\/span><\/em>\u00a0<span style=\"font-family: 'Comic Sans MS';\"><span style=\"font-size: large;\">\u00bb.<\/span><\/span><\/p>\n<p align=\"JUSTIFY\">\n<p align=\"JUSTIFY\"><span style=\"font-size: large;\">Et comme tout Voyageur au Long Cours, aura-t-elle bien appris pour avoir beaucoup vu ou cru voir\u2026 aura-t-elle tant soit peu chang\u00e9 pour qu\u2019elle soit crue, Elle, si Experte \u00e0 exprimer les pens\u00e9es qui lui sont opportunes, rien qu\u2019\u00e0 disposer \u00e0 peine quelques mots de mille et une fa\u00e7on.<\/span><\/p>\n<p align=\"JUSTIFY\">\n<p align=\"JUSTIFY\"><span style=\"font-size: large;\">Enfin qu\u2019importe, \u00ab\u00a0<\/span><em><span style=\"font-family: Arial, sans-serif;\"><span style=\"font-size: large;\">France is back<\/span><\/span><\/em>\u00a0<span style=\"font-size: large;\">\u00bb, et elle pr\u00e9tend vouloir r\u00e9curer ses \u00c9curies de certaines m\u0153urs qui y prosp\u00e8rent comme en Terre Promise\u2026 elles le m\u00e9ritent en effet puisqu\u2019Elle en convient.<\/span><\/p>\n<p align=\"JUSTIFY\">\n<p align=\"JUSTIFY\">\n<p align=\"JUSTIFY\"><strong><span style=\"font-size: large;\">Ainsi, l\u2019Agression des Femmes pouvant aller jusqu\u2019au Viol par des Satyres \u00e0 qui on donnerait la Communion sans la moindre Confession.<\/span><\/strong><\/p>\n<p align=\"JUSTIFY\">\n<p align=\"CENTER\"><img loading=\"lazy\" decoding=\"async\" class=\"alignnone size-medium wp-image-14500\" title=\"F2   Stop Violences against Women\" src=\"http:\/\/www.lecarrefourdesopinions.ca\/wp-content\/uploads\/2018\/02\/F2-Stop-Violences-against-Women-300x150.jpg\" alt=\"\" width=\"300\" height=\"150\" \/><\/p>\n<p align=\"CENTER\"><strong><span style=\"font-size: large;\">F2\u00a0: <\/span><\/strong><em><span style=\"color: #c00000;\"><span style=\"font-family: Arial, sans-serif;\"><span style=\"font-size: large;\">Stop Violences against Women\u00a0!..<\/span><\/span><\/span><\/em><\/p>\n<p align=\"JUSTIFY\">\n<p align=\"JUSTIFY\">\n<p align=\"JUSTIFY\"><span style=\"font-size: large;\">La France veut que cela cesse et les Coupables punis\u2026 <\/span><em><span style=\"font-family: Arial, sans-serif;\"><span style=\"font-size: large;\">Ozanna<\/span><\/span><\/em>\u00a0<span style=\"font-size: large;\">!<\/span><\/p>\n<p align=\"JUSTIFY\">\n<p align=\"JUSTIFY\"><span style=\"font-size: large;\">Vouloir que cela cesse et punir les Coupables quand les fran\u00e7ais sont donn\u00e9s pour \u00eatre de \u00ab\u00a0Chauds Lapins\u00a0\u00bb\u2026 Oh la la\u00a0!<\/span><\/p>\n<p align=\"JUSTIFY\">\n<p align=\"JUSTIFY\"><span style=\"font-size: large;\">Surtout que l\u2019app\u00e9tit pour la chose semble surexcit\u00e9 par le Pouvoir\u2026 Bon dieu de bon sang.<\/span><\/p>\n<p align=\"JUSTIFY\">\n<p align=\"JUSTIFY\">\n<p align=\"JUSTIFY\"><strong><span style=\"font-size: large;\">Et voil\u00e0 que la Chasse aux Satyres est d\u00e9clar\u00e9e d\u2019Utilit\u00e9 Publique, le Harc\u00e8lement Sexuel \u00e9tant Prohib\u00e9 par la Loi et le Viol d\u00e9cr\u00e9t\u00e9 Criminel et Condamnable quel qu\u2019en soit l\u2019Auteur.<\/span><\/strong><\/p>\n<p align=\"JUSTIFY\">\n<p align=\"JUSTIFY\"><span style=\"font-size: large;\">Et voici qu\u2019un Cas \u2013 peut-\u00eatre coutumier dans les faits laiss\u00e9s dans l\u2019ombre \u2013 vient illustrer le sujet.<\/span><\/p>\n<p align=\"JUSTIFY\">\n<p align=\"JUSTIFY\"><span style=\"font-size: large;\">Une Dame de haute qualit\u00e9, elle serait n\u00e9e de Gilbert lui-m\u00eame fils de Tonton, ce qui n\u2019est pas peu dire\u2026 <\/span><em><span style=\"font-size: large;\">Tonton, l\u2019aurions-nous d\u00e9j\u00e0 oubli\u00e9<\/span><\/em><span style=\"font-size: large;\">.<\/span><\/p>\n<p align=\"JUSTIFY\">\n<p align=\"CENTER\"><img loading=\"lazy\" decoding=\"async\" class=\"alignnone size-medium wp-image-14501\" title=\"F3   Plainte Deposee Re\u00e7ue et jamais Retiree\" src=\"http:\/\/www.lecarrefourdesopinions.ca\/wp-content\/uploads\/2018\/02\/F3-Plainte-Deposee-Re\u00e7ue-et-jamais-Retiree-300x161.jpg\" alt=\"\" width=\"300\" height=\"161\" srcset=\"http:\/\/www.lecarrefourdesopinions.ca\/wp-content\/uploads\/2018\/02\/F3-Plainte-Deposee-Re\u00e7ue-et-jamais-Retiree-300x161.jpg 300w, http:\/\/www.lecarrefourdesopinions.ca\/wp-content\/uploads\/2018\/02\/F3-Plainte-Deposee-Re\u00e7ue-et-jamais-Retiree-400x215.jpg 400w, http:\/\/www.lecarrefourdesopinions.ca\/wp-content\/uploads\/2018\/02\/F3-Plainte-Deposee-Re\u00e7ue-et-jamais-Retiree.jpg 650w\" sizes=\"auto, (max-width: 300px) 100vw, 300px\" \/><\/p>\n<p align=\"CENTER\"><strong><span style=\"font-size: large;\">F3\u00a0: <\/span><\/strong><em><span style=\"color: #c00000;\"><span style=\"font-size: large;\">Plainte D\u00e9pos\u00e9e-Re\u00e7ue et jamais Retir\u00e9e\u00a0!<\/span><\/span><\/em><\/p>\n<p align=\"JUSTIFY\">\n<p align=\"JUSTIFY\">\n<p align=\"JUSTIFY\"><span style=\"font-size: large;\">Elle d\u00e9pose Plainte pour Viol en 2008 contre un actuel Ministre, ce que ne d\u00e9ment pas le Tribunal du Ressort qui, n\u00e9anmoins a Class\u00e9 l\u2019affaire sans Suite.<\/span><\/p>\n<p align=\"JUSTIFY\">\n<p align=\"JUSTIFY\">\n<p align=\"JUSTIFY\"><strong><span style=\"font-size: large;\">Un Ministre Violeur dans une France rentr\u00e9e \u00e0 la Maison, est-ce croyable. <\/span><\/strong><\/p>\n<p align=\"JUSTIFY\">\n<p align=\"JUSTIFY\"><span style=\"font-size: large;\">L\u2019Affaire est r\u00e9v\u00e9l\u00e9e, M\u00e9diatis\u00e9e aussit\u00f4t, et voil\u00e0 qu\u2019elle fait grand bruit, non pas sur le Viol comme on pourrait s\u2019y attendre, mais sur le Consentement ou pas \u00e0 M\u00e9diatisation.<\/span><\/p>\n<p align=\"JUSTIFY\">\n<p align=\"JUSTIFY\">\n<p align=\"JUSTIFY\"><strong><span style=\"font-size: large;\">Il convient de Noter que le Non consentement \u00e0 \u00ab\u00a0Publicit\u00e9\u00a0\u00bb n\u2019a pas valeur de Contestation des Faits pas plus qu\u2019il ne r\u00e9fute ni ne r\u00e9cuse en rien, ni les Pourvoyeurs de la Place Publique, ni leurs r\u00e9v\u00e9lations.<\/span><\/strong><\/p>\n<p align=\"JUSTIFY\">\n<p align=\"JUSTIFY\"><span style=\"font-size: large;\">Peut-\u00eatre Convient-il aussi de Noter que c\u2019est se faire une dr\u00f4le d\u2019id\u00e9e de l\u2019Esprit de Corps comme du sentiment d\u2019amiti\u00e9, que de mettre \u00ab\u00a0la main au feu\u00a0\u00bb et \u00ab\u00a0la t\u00eate sur le Billot\u00a0\u00bb pour un coll\u00e8gue et ami aussi aim\u00e9 et appr\u00e9ci\u00e9 soit-il, dans une affaire de ce niveau d\u2019Intimit\u00e9 comme de Gravit\u00e9.<\/span><\/p>\n<p align=\"JUSTIFY\">\n<p align=\"JUSTIFY\">\n<p align=\"JUSTIFY\"><strong><span style=\"font-family: 'Comic Sans MS';\"><span style=\"font-size: large;\">Le Ministre vis\u00e9 par cette Accusation de Viol est Pr\u00e9sum\u00e9 Innocent, donc libre \u00e0 lui de Rendre son Portefeuille ou pas, l\u2019\u00c9thique et la Morale \u00e9tant devenues ce qu\u2019elles sont et chacun \u00e9tant Libre de Voir les Choses \u00e0 sa Fa\u00e7on\u2026 <\/span><\/span><\/strong><\/p>\n<p align=\"JUSTIFY\"><strong>\u00a0<\/strong><\/p>\n<p align=\"JUSTIFY\"><em><span style=\"font-family: 'Comic Sans MS';\"><span style=\"font-size: large;\">Quand il conviendrait peut-\u00eatre mieux de les Voir \u00e0 Travers nos US et nos Lois.<\/span><\/span><\/em><\/p>\n<p align=\"JUSTIFY\">\n<p align=\"CENTER\">\u00a0<img loading=\"lazy\" decoding=\"async\" class=\"alignnone size-medium wp-image-14502\" title=\"F4   Qu en dites Vous  Monsieur le Ministre\" src=\"http:\/\/www.lecarrefourdesopinions.ca\/wp-content\/uploads\/2018\/02\/F4-Qu-en-dites-Vous-Monsieur-le-Ministre-300x168.jpg\" alt=\"\" width=\"300\" height=\"168\" \/><\/p>\n<p align=\"CENTER\"><strong><span style=\"font-size: large;\">F4\u00a0: <\/span><\/strong><em><span style=\"color: #c00000;\"><span style=\"font-size: large;\">Qu\u2019en dites-Vous, Monsieur le Ministre\u00a0!<\/span><\/span><\/em><\/p>\n<p align=\"JUSTIFY\">\n<p align=\"JUSTIFY\">\n<p align=\"JUSTIFY\"><strong><span style=\"font-family: 'Comic Sans MS';\"><span style=\"font-size: large;\">En Revanche, au \u00ab\u00a0Cri d\u2019alarme\u00a0\u00bb, il est clair que la Justice devant \u00eatre la m\u00eame pour Tous, le Ministre incrimin\u00e9 doit \u00eatre Jug\u00e9.<\/span><\/span><\/strong><\/p>\n<p align=\"JUSTIFY\">\n<p align=\"JUSTIFY\"><span style=\"font-family: 'Comic Sans MS';\"><span style=\"font-size: large;\">Autrement, que la France de Retour ait Chang\u00e9 peu ou prou, peut \u00eatre pris pour Douteux.<\/span><\/span><\/p>\n<p align=\"JUSTIFY\">\n<p align=\"JUSTIFY\">\n<p align=\"JUSTIFY\"><em><span style=\"font-family: Cambria, serif;\"><span style=\"font-size: large;\">Pascale MITTERRAND n\u2019a pas retir\u00e9 sa Plainte concernant Nicolas HULOT.<\/span><\/span><\/em><\/p>\n<p align=\"JUSTIFY\">\n<p align=\"JUSTIFY\"><span style=\"font-family: Cambria, serif;\"><span style=\"font-size: large;\">Elle demande, non pas de Noyer le Poisson sous les Flots Tumultueux de la Pol\u00e9mique \u00e0 la Fran\u00e7aise.<\/span><\/span><\/p>\n<p align=\"JUSTIFY\">\n<p align=\"JUSTIFY\"><span style=\"font-family: Cambria, serif;\"><span style=\"font-size: large;\">Elle demande et r\u00e9clame que Justice soit Rendue.<\/span><\/span><\/p>\n<p align=\"JUSTIFY\">\n<p align=\"JUSTIFY\"><em><span style=\"font-family: Arial, sans-serif;\"><span style=\"font-size: large;\">Let\u2019s stop Violate our own engagements.<\/span><\/span><\/em><\/p>\n<p align=\"JUSTIFY\">\n<p align=\"JUSTIFY\"><span style=\"font-size: large;\">\u00c9ric EG Nogard<\/span><\/p>\n<p align=\"JUSTIFY\"><em><span style=\"color: #c00000;\"><span style=\"font-size: large;\">Chroniqueur<\/span><\/span><\/em><span style=\"color: #c00000;\"><span style=\"font-size: large;\">.<\/span><\/span><\/p>\n<p align=\"JUSTIFY\"><span style=\"color: #c00000;\">\u00a0<\/span><\/p>\n<p align=\"JUSTIFY\"><span style=\"color: #c00000;\">\u00a0<\/span><\/p>\n<p align=\"CENTER\"><strong><span style=\"font-size: large;\">***\u00a0\u00a0\u00a0\u00a0 ***\u00a0\u00a0\u00a0\u00a0 ***<\/span><\/strong><\/p>\n<p align=\"CENTER\"><strong><span style=\"color: #ff0000;\">Ne Peut \u00eatre reproduit &#8211; m\u00eame partiellement &#8211;\u00a0 sans l\u2019autorisation de l\u2019Auteur.<\/span><\/strong><\/p>\n<p align=\"CENTER\"><strong>\u00a0<\/strong><\/p>\n<p align=\"CENTER\"><strong><span style=\"font-size: large;\">***\u00a0\u00a0\u00a0\u00a0 ***\u00a0\u00a0\u00a0\u00a0 ***<\/span><\/strong><\/p>\n<p align=\"CENTER\"><strong><span style=\"color: #ff0000;\"><span style=\"font-size: large;\">Nota : <\/span><\/span><\/strong><span style=\"color: #000000;\"><span style=\"font-size: large;\">Nous ne traitons que de Faits et de Noms rendus Publics.<\/span><\/span><\/p>\n<p align=\"CENTER\"><span style=\"color: #000000;\">\u00a0<\/span><\/p>\n<p align=\"CENTER\"><span style=\"color: #000000;\"><span style=\"font-size: large;\">***\u00a0\u00a0\u00a0\u00a0 ***\u00a0\u00a0\u00a0\u00a0 ***<\/span><\/span><\/p>\n<p align=\"JUSTIFY\">\n<p align=\"JUSTIFY\"><strong><span style=\"text-decoration: underline;\">Liens Sugg\u00e9r\u00e9s\u00a0:<\/span><\/strong><\/p>\n<ul type=\"DISC\">\n<li>\n<p align=\"JUSTIFY\"><a href=\"http:\/\/www.etatsgenerauxdeloutremer.fr\/reflexions\">http:\/\/www.etatsgenerauxdeloutremer.fr\/reflexions<\/a><\/p>\n<\/li>\n<\/ul>\n<p align=\"CENTER\"><strong><span style=\"color: #ff0000;\">\u00a0<\/span><\/strong><\/p>\n<p align=\"CENTER\"><strong>==================================================================<\/strong><\/p>\n<p>&nbsp;<\/p>\n<script type=\"text\/javascript\">\n\nvar addthis_config = {\"data_track_clickback\":false,\"data_track_addressbar\":false,\"data_track_textcopy\":false};\n<\/script><script type=\"text\/javascript\" src=\"\/\/s7.addthis.com\/js\/250\/addthis_widget.js#pubid=a457a6d63fb9e6ccabdde4110343bd85\"><\/script>","protected":false},"excerpt":{"rendered":"<p style=\"text-align: center;\"><span style=\"color: #632423;\"><span style=\"font-family: 'Comic Sans MS';\"><span style=\"font-size: large;\">Faute d\u2019avoir Cautionn\u00e9, aurait-elle R\u00e9fut\u00e9.<\/span><\/span><\/span><\/p>\n<p align=\"JUSTIFY\"><span style=\"color: #632423;\">\u00a0<\/span><\/p>\n<p align=\"JUSTIFY\"><span style=\"color: #632423;\"><span style=\"font-family: 'Comic Sans MS';\"><span style=\"font-size: large;\">\u00c9ric EG Nogard<\/span><\/span><\/span><\/p>\n<p align=\"JUSTIFY\"><span style=\"color: #c00000;\"><span style=\"font-size: large;\">Chroniqueur<\/span><\/span><span style=\"color: #c00000;\"><span style=\"font-size: large;\">.<\/span><\/span><\/p>\n<p align=\"CENTER\">\n<p align=\"CENTER\"><span style=\"color: #632423;\"><span style=\"font-size: large;\">***\u00a0\u00a0\u00a0\u00a0 ***\u00a0\u00a0\u00a0\u00a0 ***<\/span><\/span><\/p>\n<p align=\"CENTER\"><span style=\"color: #632423;\"><span style=\"font-size: large;\">***\u00a0 \u00a0\u00a0\u00a0***\u00a0\u00a0\u00a0\u00a0 ***<\/span><\/span><\/p>\n<p>&nbsp;<\/p>\n<p><span style=\"color: #000099;\"><span>Faute d\u2019avoir Cautionn\u00e9, aurait-elle R\u00e9fut\u00e9.<\/span><\/span><\/p>\n<p align=\"JUSTIFY\">\n<p align=\"JUSTIFY\">\n<p align=\"JUSTIFY\"><span style=\"font-family: 'Comic Sans MS';\"><span style=\"font-size: large;\">Voil\u00e0 que la France du Mythe (la France figure de Proue de l\u2019Humanit\u00e9) rentre d\u2019un <\/span><\/span>&hellip;<\/p>\n","protected":false},"author":1,"featured_media":0,"comment_status":"open","ping_status":"open","sticky":false,"template":"","format":"standard","meta":{"footnotes":""},"categories":[1],"tags":[],"class_list":["post-14498","post","type-post","status-publish","format-standard","hentry","category-accueil"],"_links":{"self":[{"href":"http:\/\/www.lecarrefourdesopinions.ca\/index.php?rest_route=\/wp\/v2\/posts\/14498","targetHints":{"allow":["GET"]}}],"collection":[{"href":"http:\/\/www.lecarrefourdesopinions.ca\/index.php?rest_route=\/wp\/v2\/posts"}],"about":[{"href":"http:\/\/www.lecarrefourdesopinions.ca\/index.php?rest_route=\/wp\/v2\/types\/post"}],"author":[{"embeddable":true,"href":"http:\/\/www.lecarrefourdesopinions.ca\/index.php?rest_route=\/wp\/v2\/users\/1"}],"replies":[{"embeddable":true,"href":"http:\/\/www.lecarrefourdesopinions.ca\/index.php?rest_route=%2Fwp%2Fv2%2Fcomments&post=14498"}],"version-history":[{"count":1,"href":"http:\/\/www.lecarrefourdesopinions.ca\/index.php?rest_route=\/wp\/v2\/posts\/14498\/revisions"}],"predecessor-version":[{"id":14503,"href":"http:\/\/www.lecarrefourdesopinions.ca\/index.php?rest_route=\/wp\/v2\/posts\/14498\/revisions\/14503"}],"wp:attachment":[{"href":"http:\/\/www.lecarrefourdesopinions.ca\/index.php?rest_route=%2Fwp%2Fv2%2Fmedia&parent=14498"}],"wp:term":[{"taxonomy":"category","embeddable":true,"href":"http:\/\/www.lecarrefourdesopinions.ca\/index.php?rest_route=%2Fwp%2Fv2%2Fcategories&post=14498"},{"taxonomy":"post_tag","embeddable":true,"href":"http:\/\/www.lecarrefourdesopinions.ca\/index.php?rest_route=%2Fwp%2Fv2%2Ftags&post=14498"}],"curies":[{"name":"wp","href":"https:\/\/api.w.org\/{rel}","templated":true}]}}